{"id":26017,"date":"2025-03-17T14:20:00","date_gmt":"2025-03-17T17:20:00","guid":{"rendered":"https:\/\/www.em.com.br\/emfoco\/?p=26017"},"modified":"2025-03-06T20:42:50","modified_gmt":"2025-03-06T23:42:50","slug":"essa-cidade-impressiona-todos-os-visitantes-e-inspira-toda-uma-mitologia","status":"publish","type":"post","link":"https:\/\/www.em.com.br\/emfoco\/2025\/03\/17\/essa-cidade-impressiona-todos-os-visitantes-e-inspira-toda-uma-mitologia\/","title":{"rendered":"Essa cidade impressiona todos os visitantes e inspira toda uma mitologia"},"content":{"rendered":"\n<p><strong>Atenas<\/strong>, a capital da <strong>Gr\u00e9cia<\/strong>, \u00e9 uma <strong><a href=\"https:\/\/www.em.com.br\/emfoco\/2025\/02\/05\/cidades-incriveis-sabores-irresistiveis-e-cultura-sem-igual-explore-a-europa\/\" target=\"_blank\" rel=\"noreferrer noopener\">cidade<\/a><\/strong> que fascina por sua rica tape\u00e7aria de hist\u00f3ria e cultura. Conhecida como o ber\u00e7o da civiliza\u00e7\u00e3o ocidental, Atenas \u00e9 um destino que oferece uma combina\u00e7\u00e3o \u00fanica de ru\u00ednas antigas e uma vida urbana vibrante. Esta cidade \u00e9 um testemunho vivo de eras passadas, enquanto simultaneamente abra\u00e7a o presente com inova\u00e7\u00e3o e dinamismo.<\/p>\n\n\n\n<p>Com suas ruas repletas de hist\u00f3ria e uma cena cultural pulsante, <strong><a href=\"https:\/\/brasilescola.uol.com.br\/historiag\/atenas.htm\" target=\"_blank\" rel=\"noreferrer noopener\">Atenas<\/a><\/strong> \u00e9 um lugar onde o antigo e o moderno coexistem harmoniosamente. A cidade \u00e9 um convite aberto para aqueles que desejam explorar a ess\u00eancia da cultura mediterr\u00e2nea, com suas tradi\u00e7\u00f5es, culin\u00e1ria e hospitalidade.<\/p>\n\n\n\n<h2 class=\"wp-block-heading\">O que torna Atenas um destino tur\u00edstico inigual\u00e1vel?<\/h2>\n\n\n\n<p>Atenas \u00e9 um dos destinos mais visitados no mundo, atraindo milh\u00f5es de turistas anualmente. A cidade oferece uma variedade de atra\u00e7\u00f5es que atendem a todos os interesses, desde s\u00edtios arqueol\u00f3gicos at\u00e9 experi\u00eancias contempor\u00e2neas. Entre os destaques est\u00e3o:<\/p>\n\n\n\n<ul class=\"wp-block-list\">\n<li><strong>Acr\u00f3pole:<\/strong> Um s\u00edmbolo ic\u00f4nico da Gr\u00e9cia antiga, com o impressionante <strong>Parthenon<\/strong>.<\/li>\n\n\n\n<li><strong>Museu da Acr\u00f3pole:<\/strong> Abriga uma vasta cole\u00e7\u00e3o de artefatos que narram a hist\u00f3ria da cidade.<\/li>\n\n\n\n<li><strong>Bairro de Plaka:<\/strong> Conhecido por suas ruas estreitas e charmosas, repletas de lojas e restaurantes.<\/li>\n\n\n\n<li><strong>Monte Licabeto:<\/strong> Oferece vistas panor\u00e2micas espetaculares de Atenas.<\/li>\n\n\n\n<li><strong>Riviera Ateniense:<\/strong> Um ref\u00fagio para aqueles que buscam praias e relaxamento.<\/li>\n<\/ul>\n\n\n\n<p>Al\u00e9m das atra\u00e7\u00f5es, a cidade \u00e9 famosa por sua vida noturna animada e pela calorosa hospitalidade de seu povo.<\/p>\n\n\n\n<figure class=\"wp-block-image size-large\"><img loading=\"lazy\" decoding=\"async\" width=\"1024\" height=\"576\" src=\"https:\/\/www.em.com.br\/emfoco\/wp-content\/uploads\/2025\/03\/Atenas_1741302147420-1024x576.jpg\" alt=\"Essa cidade impressiona todos os visitantes e inspira toda uma mitologia\" class=\"wp-image-26023\" srcset=\"https:\/\/www.em.com.br\/emfoco\/wp-content\/uploads\/2025\/03\/Atenas_1741302147420-1024x576.jpg 1024w, https:\/\/www.em.com.br\/emfoco\/wp-content\/uploads\/2025\/03\/Atenas_1741302147420-300x169.jpg 300w, https:\/\/www.em.com.br\/emfoco\/wp-content\/uploads\/2025\/03\/Atenas_1741302147420-768x432.jpg 768w, https:\/\/www.em.com.br\/emfoco\/wp-content\/uploads\/2025\/03\/Atenas_1741302147420-750x422.jpg 750w, https:\/\/www.em.com.br\/emfoco\/wp-content\/uploads\/2025\/03\/Atenas_1741302147420-1140x641.jpg 1140w, https:\/\/www.em.com.br\/emfoco\/wp-content\/uploads\/2025\/03\/Atenas_1741302147420.jpg 1280w\" sizes=\"auto, (max-width: 1024px) 100vw, 1024px\" \/><figcaption class=\"wp-element-caption\">Atenas &#8211; Cr\u00e9ditos: depositphotos.com \/ kristofbellens<\/figcaption><\/figure>\n\n\n\n<h2 class=\"wp-block-heading\">Quais s\u00e3o as curiosidades hist\u00f3ricas de Atenas?<\/h2>\n\n\n\n<p>Atenas \u00e9 uma cidade com uma hist\u00f3ria que se estende por mil\u00eanios. Foi o centro da cultura grega antiga e um local de grande import\u00e2ncia hist\u00f3rica. Algumas curiosidades sobre Atenas incluem:<\/p>\n\n\n\n<ul class=\"wp-block-list\">\n<li>A cidade leva o nome da deusa Atena, que simboliza sabedoria e estrat\u00e9gia militar.<\/li>\n\n\n\n<li>Foi o local dos primeiros Jogos Ol\u00edmpicos modernos, realizados em 1896.<\/li>\n\n\n\n<li>O Parthenon, ao longo dos s\u00e9culos, teve usos variados, incluindo como igreja e mesquita.<\/li>\n<\/ul>\n\n\n\n<h2 class=\"wp-block-heading\">Como \u00e9 viver em Atenas hoje?<\/h2>\n\n\n\n<p>Atenas \u00e9 o cora\u00e7\u00e3o econ\u00f4mico e pol\u00edtico da Gr\u00e9cia, desempenhando um papel vital na economia do pa\u00eds. Apesar das dificuldades econ\u00f4micas enfrentadas no passado, a cidade tem se reinventado, especialmente nos setores de turismo e tecnologia. A qualidade de vida em Atenas \u00e9 marcada por:<\/p>\n\n\n\n<ul class=\"wp-block-list\">\n<li>Um custo de vida relativamente baixo em compara\u00e7\u00e3o com outras capitais europeias.<\/li>\n\n\n\n<li>Um sistema de transporte p\u00fablico abrangente e eficiente.<\/li>\n\n\n\n<li>Clima mediterr\u00e2neo que proporciona dias ensolarados na maior parte do ano.<\/li>\n\n\n\n<li>Uma cena cultural rica, com muitos eventos e festivais ao longo do ano.<\/li>\n<\/ul>\n\n\n\n<h2 class=\"wp-block-heading\">Quais experi\u00eancias n\u00e3o se deve perder em Atenas?<\/h2>\n\n\n\n<p>Visitar Atenas \u00e9 mergulhar em uma jornada de descobertas e experi\u00eancias inesquec\u00edveis. Algumas atividades imperd\u00edveis incluem:<\/p>\n\n\n\n<ol class=\"wp-block-list\">\n<li>Explorar a <strong>Acr\u00f3pole<\/strong> e apreciar a vista do <strong>Parthenon<\/strong>.<\/li>\n\n\n\n<li>Visitar o vibrante mercado de pulgas em <strong>Monastiraki<\/strong>.<\/li>\n\n\n\n<li>Desfrutar de um passeio relaxante pelo <strong>Jardim Nacional<\/strong>.<\/li>\n\n\n\n<li>Fazer uma viagem ao <strong>Templo de Poseidon<\/strong> em <strong>Cabo Suni\u00e3o<\/strong>.<\/li>\n\n\n\n<li>Saborear a culin\u00e1ria local em tavernas tradicionais, experimentando pratos como <strong>moussaka e souvlaki<\/strong>.<\/li>\n<\/ol>\n\n\n\n<p>Atenas \u00e9 uma cidade que continua a encantar com sua capacidade de unir o passado e o presente, oferecendo uma experi\u00eancia rica e diversificada a todos os seus visitantes.<\/p>\n","protected":false},"excerpt":{"rendered":"<p>Atenas, a capital da Gr\u00e9cia, \u00e9 uma cidade que fascina por sua rica tape\u00e7aria de hist\u00f3ria e cultura. Conhecida como o ber\u00e7o da civiliza\u00e7\u00e3o ocidental, Atenas \u00e9 um destino que oferece uma combina\u00e7\u00e3o \u00fanica de ru\u00ednas antigas e uma vida urbana vibrante. Esta cidade \u00e9 um testemunho vivo de eras passadas, enquanto simultaneamente abra\u00e7a o [&hellip;]<\/p>\n","protected":false},"author":5,"featured_media":20371,"comment_status":"open","ping_status":"open","sticky":false,"template":"","format":"standard","meta":{"jnews-multi-image_gallery":[],"jnews_single_post":{"format":"standard"},"jnews_primary_category":[],"jnews_social_meta":[],"jnews_override_counter":[],"footnotes":""},"categories":[26,1],"tags":[5958,159,237,157],"class_list":["post-26017","post","type-post","status-publish","format-standard","has-post-thumbnail","hentry","category-cidades","category-noticias","tag-acropole","tag-cultura","tag-historia","tag-turismo"],"yoast_head":"<!-- This site is optimized with the Yoast SEO plugin v23.8 - https:\/\/yoast.com\/wordpress\/plugins\/seo\/ -->\n<title>Essa cidade impressiona todos os visitantes e inspira toda uma mitologia - Estado de Minas - Em foco<\/title>\n<meta name=\"description\" content=\"A cidade de Atenas oferece um mix perfeito de hist\u00f3ria, cultura e modernidade, com atra\u00e7\u00f5es que agradam a todos os estilos de viajantes.\" \/>\n<meta name=\"robots\" content=\"index, follow, max-snippet:-1, max-image-preview:large, max-video-preview:-1\" \/>\n<link rel=\"canonical\" href=\"https:\/\/www.em.com.br\/emfoco\/2025\/03\/17\/essa-cidade-impressiona-todos-os-visitantes-e-inspira-toda-uma-mitologia\/\" \/>\n<meta property=\"og:locale\" content=\"pt_BR\" \/>\n<meta property=\"og:type\" content=\"article\" \/>\n<meta property=\"og:title\" content=\"Essa cidade impressiona todos os visitantes e inspira toda uma mitologia - Estado de Minas - Em foco\" \/>\n<meta property=\"og:description\" content=\"A cidade de Atenas oferece um mix perfeito de hist\u00f3ria, cultura e modernidade, com atra\u00e7\u00f5es que agradam a todos os estilos de viajantes.\" \/>\n<meta property=\"og:url\" content=\"https:\/\/www.em.com.br\/emfoco\/2025\/03\/17\/essa-cidade-impressiona-todos-os-visitantes-e-inspira-toda-uma-mitologia\/\" \/>\n<meta property=\"og:site_name\" content=\"Estado de Minas - Em foco\" \/>\n<meta property=\"article:published_time\" content=\"2025-03-17T17:20:00+00:00\" \/>\n<meta property=\"article:modified_time\" content=\"2025-03-06T23:42:50+00:00\" \/>\n<meta property=\"og:image\" content=\"https:\/\/www.em.com.br\/emfoco\/wp-content\/uploads\/2025\/02\/Athens_1739801784181.jpg\" \/>\n\t<meta property=\"og:image:width\" content=\"1280\" \/>\n\t<meta property=\"og:image:height\" content=\"720\" \/>\n\t<meta property=\"og:image:type\" content=\"image\/jpeg\" \/>\n<meta name=\"author\" content=\"N\u00fabia Rangel\" \/>\n<meta name=\"twitter:card\" content=\"summary_large_image\" \/>\n<meta name=\"twitter:label1\" content=\"Escrito por\" \/>\n\t<meta name=\"twitter:data1\" content=\"N\u00fabia Rangel\" \/>\n\t<meta name=\"twitter:label2\" content=\"Est. tempo de leitura\" \/>\n\t<meta name=\"twitter:data2\" content=\"4 minutos\" \/>\n<!-- \/ Yoast SEO plugin. -->","yoast_head_json":{"title":"Essa cidade impressiona todos os visitantes e inspira toda uma mitologia - Estado de Minas - Em foco","description":"A cidade de Atenas oferece um mix perfeito de hist\u00f3ria, cultura e modernidade, com atra\u00e7\u00f5es que agradam a todos os estilos de viajantes.","robots":{"index":"index","follow":"follow","max-snippet":"max-snippet:-1","max-image-preview":"max-image-preview:large","max-video-preview":"max-video-preview:-1"},"canonical":"https:\/\/www.em.com.br\/emfoco\/2025\/03\/17\/essa-cidade-impressiona-todos-os-visitantes-e-inspira-toda-uma-mitologia\/","og_locale":"pt_BR","og_type":"article","og_title":"Essa cidade impressiona todos os visitantes e inspira toda uma mitologia - Estado de Minas - Em foco","og_description":"A cidade de Atenas oferece um mix perfeito de hist\u00f3ria, cultura e modernidade, com atra\u00e7\u00f5es que agradam a todos os estilos de viajantes.","og_url":"https:\/\/www.em.com.br\/emfoco\/2025\/03\/17\/essa-cidade-impressiona-todos-os-visitantes-e-inspira-toda-uma-mitologia\/","og_site_name":"Estado de Minas - Em foco","article_published_time":"2025-03-17T17:20:00+00:00","article_modified_time":"2025-03-06T23:42:50+00:00","og_image":[{"width":1280,"height":720,"url":"https:\/\/www.em.com.br\/emfoco\/wp-content\/uploads\/2025\/02\/Athens_1739801784181.jpg","type":"image\/jpeg"}],"author":"N\u00fabia Rangel","twitter_card":"summary_large_image","twitter_misc":{"Escrito por":"N\u00fabia Rangel","Est. tempo de leitura":"4 minutos"},"schema":{"@context":"https:\/\/schema.org","@graph":[{"@type":"WebPage","@id":"https:\/\/www.em.com.br\/emfoco\/2025\/03\/17\/essa-cidade-impressiona-todos-os-visitantes-e-inspira-toda-uma-mitologia\/","url":"https:\/\/www.em.com.br\/emfoco\/2025\/03\/17\/essa-cidade-impressiona-todos-os-visitantes-e-inspira-toda-uma-mitologia\/","name":"Essa cidade impressiona todos os visitantes e inspira toda uma mitologia - Estado de Minas - Em foco","isPartOf":{"@id":"https:\/\/www.em.com.br\/emfoco\/#website"},"primaryImageOfPage":{"@id":"https:\/\/www.em.com.br\/emfoco\/2025\/03\/17\/essa-cidade-impressiona-todos-os-visitantes-e-inspira-toda-uma-mitologia\/#primaryimage"},"image":{"@id":"https:\/\/www.em.com.br\/emfoco\/2025\/03\/17\/essa-cidade-impressiona-todos-os-visitantes-e-inspira-toda-uma-mitologia\/#primaryimage"},"thumbnailUrl":"https:\/\/www.em.com.br\/emfoco\/wp-content\/uploads\/2025\/02\/Athens_1739801784181.jpg","datePublished":"2025-03-17T17:20:00+00:00","dateModified":"2025-03-06T23:42:50+00:00","author":{"@id":"https:\/\/www.em.com.br\/emfoco\/#\/schema\/person\/524437ef54f8a5d32591b143307f2e20"},"description":"A cidade de Atenas oferece um mix perfeito de hist\u00f3ria, cultura e modernidade, com atra\u00e7\u00f5es que agradam a todos os estilos de viajantes.","breadcrumb":{"@id":"https:\/\/www.em.com.br\/emfoco\/2025\/03\/17\/essa-cidade-impressiona-todos-os-visitantes-e-inspira-toda-uma-mitologia\/#breadcrumb"},"inLanguage":"pt-BR","potentialAction":[{"@type":"ReadAction","target":["https:\/\/www.em.com.br\/emfoco\/2025\/03\/17\/essa-cidade-impressiona-todos-os-visitantes-e-inspira-toda-uma-mitologia\/"]}]},{"@type":"ImageObject","inLanguage":"pt-BR","@id":"https:\/\/www.em.com.br\/emfoco\/2025\/03\/17\/essa-cidade-impressiona-todos-os-visitantes-e-inspira-toda-uma-mitologia\/#primaryimage","url":"https:\/\/www.em.com.br\/emfoco\/wp-content\/uploads\/2025\/02\/Athens_1739801784181.jpg","contentUrl":"https:\/\/www.em.com.br\/emfoco\/wp-content\/uploads\/2025\/02\/Athens_1739801784181.jpg","width":1280,"height":720,"caption":"Atenas, Gr\u00e9cia - Cr\u00e9ditos: depositphotos.com \/ milosk50"},{"@type":"BreadcrumbList","@id":"https:\/\/www.em.com.br\/emfoco\/2025\/03\/17\/essa-cidade-impressiona-todos-os-visitantes-e-inspira-toda-uma-mitologia\/#breadcrumb","itemListElement":[{"@type":"ListItem","position":1,"name":"In\u00edcio","item":"https:\/\/www.em.com.br\/emfoco\/"},{"@type":"ListItem","position":2,"name":"Essa cidade impressiona todos os visitantes e inspira toda uma mitologia"}]},{"@type":"WebSite","@id":"https:\/\/www.em.com.br\/emfoco\/#website","url":"https:\/\/www.em.com.br\/emfoco\/","name":"Estado de Minas - Em foco","description":"Acompanhe as \u00faltimas not\u00edcias e fique bem informado sobre tudo o que acontece em Minas Gerais, Brasil e no mundo.","potentialAction":[{"@type":"SearchAction","target":{"@type":"EntryPoint","urlTemplate":"https:\/\/www.em.com.br\/emfoco\/?s={search_term_string}"},"query-input":{"@type":"PropertyValueSpecification","valueRequired":true,"valueName":"search_term_string"}}],"inLanguage":"pt-BR"},{"@type":"Person","@id":"https:\/\/www.em.com.br\/emfoco\/#\/schema\/person\/524437ef54f8a5d32591b143307f2e20","name":"N\u00fabia Rangel","image":{"@type":"ImageObject","inLanguage":"pt-BR","@id":"https:\/\/www.em.com.br\/emfoco\/#\/schema\/person\/image\/","url":"https:\/\/secure.gravatar.com\/avatar\/47cff2827a5ba23c37e8068c86817ea4?s=96&d=mm&r=g","contentUrl":"https:\/\/secure.gravatar.com\/avatar\/47cff2827a5ba23c37e8068c86817ea4?s=96&d=mm&r=g","caption":"N\u00fabia Rangel"},"sameAs":["https:\/\/www.em.com.br\/emfoco\/"],"url":"https:\/\/www.em.com.br\/emfoco\/author\/nubiamyth\/"}]}},"_links":{"self":[{"href":"https:\/\/www.em.com.br\/emfoco\/wp-json\/wp\/v2\/posts\/26017","targetHints":{"allow":["GET"]}}],"collection":[{"href":"https:\/\/www.em.com.br\/emfoco\/wp-json\/wp\/v2\/posts"}],"about":[{"href":"https:\/\/www.em.com.br\/emfoco\/wp-json\/wp\/v2\/types\/post"}],"author":[{"embeddable":true,"href":"https:\/\/www.em.com.br\/emfoco\/wp-json\/wp\/v2\/users\/5"}],"replies":[{"embeddable":true,"href":"https:\/\/www.em.com.br\/emfoco\/wp-json\/wp\/v2\/comments?post=26017"}],"version-history":[{"count":3,"href":"https:\/\/www.em.com.br\/emfoco\/wp-json\/wp\/v2\/posts\/26017\/revisions"}],"predecessor-version":[{"id":26028,"href":"https:\/\/www.em.com.br\/emfoco\/wp-json\/wp\/v2\/posts\/26017\/revisions\/26028"}],"wp:featuredmedia":[{"embeddable":true,"href":"https:\/\/www.em.com.br\/emfoco\/wp-json\/wp\/v2\/media\/20371"}],"wp:attachment":[{"href":"https:\/\/www.em.com.br\/emfoco\/wp-json\/wp\/v2\/media?parent=26017"}],"wp:term":[{"taxonomy":"category","embeddable":true,"href":"https:\/\/www.em.com.br\/emfoco\/wp-json\/wp\/v2\/categories?post=26017"},{"taxonomy":"post_tag","embeddable":true,"href":"https:\/\/www.em.com.br\/emfoco\/wp-json\/wp\/v2\/tags?post=26017"}],"curies":[{"name":"wp","href":"https:\/\/api.w.org\/{rel}","templated":true}]}}