{"id":25945,"date":"2025-03-17T10:00:00","date_gmt":"2025-03-17T13:00:00","guid":{"rendered":"https:\/\/www.em.com.br\/emfoco\/?p=25945"},"modified":"2025-03-06T16:34:09","modified_gmt":"2025-03-06T19:34:09","slug":"bradesco-anuncia-campanha-de-isencao-de-anuidade-para-novos-cartoes-de-credito","status":"publish","type":"post","link":"https:\/\/www.em.com.br\/emfoco\/2025\/03\/17\/bradesco-anuncia-campanha-de-isencao-de-anuidade-para-novos-cartoes-de-credito\/","title":{"rendered":"Bradesco anuncia campanha de isen\u00e7\u00e3o de anuidade para novos cart\u00f5es de cr\u00e9dito"},"content":{"rendered":"\n<p>O <strong>Banco Bradesco<\/strong> est\u00e1 oferecendo uma campanha de isen\u00e7\u00e3o de anuidade para novos clientes de cart\u00f5es de cr\u00e9dito. Esta promo\u00e7\u00e3o \u00e9 v\u00e1lida at\u00e9 31 de mar\u00e7o de 2025 e abrange cart\u00f5es de cr\u00e9dito selecionados emitidos pelo banco. Para ser eleg\u00edvel, o cliente n\u00e3o deve possuir um cart\u00e3o de cr\u00e9dito ativo no <strong>Bradesco<\/strong> ou deve ter cancelado o cart\u00e3o h\u00e1 mais de seis meses.<\/p>\n\n\n\n<p>Os interessados podem solicitar os cart\u00f5es participantes da campanha atrav\u00e9s de diversas plataformas, incluindo o aplicativo <strong><a href=\"https:\/\/banco.bradesco\/\" target=\"_blank\" rel=\"noreferrer noopener\">Bradesco<\/a><\/strong> Cart\u00f5es, internet banking, call center, gerentes de ag\u00eancias, terminais de autoatendimento e o site oficial do Bradesco. A <strong><a href=\"https:\/\/www.em.com.br\/emfoco\/2025\/02\/13\/signos-em-alerta-o-que-esperar-no-amor-trabalho-e-vida-pessoal-hoje\/\" target=\"_blank\" rel=\"noreferrer noopener\">aprova\u00e7\u00e3o<\/a><\/strong> do cart\u00e3o est\u00e1 sujeita a uma an\u00e1lise de cr\u00e9dito.<\/p>\n\n\n\n<h2 class=\"wp-block-heading\">Quais cart\u00f5es participam da campanha?<\/h2>\n\n\n\n<p>A campanha de isen\u00e7\u00e3o de anuidade do Bradesco inclui uma sele\u00e7\u00e3o espec\u00edfica de cart\u00f5es de cr\u00e9dito. Os cart\u00f5es participantes s\u00e3o:<\/p>\n\n\n\n<ul class=\"wp-block-list\">\n<li><strong>Bradesco Visa Signature<\/strong><\/li>\n\n\n\n<li><strong>Bradesco Prime Visa Signature<\/strong><\/li>\n\n\n\n<li><strong>Bradesco Amex Gold Card<\/strong><\/li>\n\n\n\n<li><strong>Bradesco Prime Amex Gold Card<\/strong><\/li>\n\n\n\n<li><strong>Bradesco Visa Infinite<\/strong><\/li>\n\n\n\n<li><strong>Bradesco Prime Visa Infinite<\/strong><\/li>\n\n\n\n<li><strong>Bradesco Elo Nanquim<\/strong><\/li>\n\n\n\n<li><strong>Bradesco Prime Elo Nanquim<\/strong><\/li>\n<\/ul>\n\n\n\n<figure class=\"wp-block-image size-large\"><img loading=\"lazy\" decoding=\"async\" width=\"1024\" height=\"576\" src=\"https:\/\/www.em.com.br\/emfoco\/wp-content\/uploads\/2025\/01\/cartao-de-credito_1735910195082-1024x576.jpg\" alt=\"MEI, abra as portas do sucesso! Seu cart\u00e3o com benef\u00edcios incr\u00edveis chegou!\" class=\"wp-image-8329\" srcset=\"https:\/\/www.em.com.br\/emfoco\/wp-content\/uploads\/2025\/01\/cartao-de-credito_1735910195082-1024x576.jpg 1024w, https:\/\/www.em.com.br\/emfoco\/wp-content\/uploads\/2025\/01\/cartao-de-credito_1735910195082-300x169.jpg 300w, https:\/\/www.em.com.br\/emfoco\/wp-content\/uploads\/2025\/01\/cartao-de-credito_1735910195082-768x432.jpg 768w, https:\/\/www.em.com.br\/emfoco\/wp-content\/uploads\/2025\/01\/cartao-de-credito_1735910195082-750x422.jpg 750w, https:\/\/www.em.com.br\/emfoco\/wp-content\/uploads\/2025\/01\/cartao-de-credito_1735910195082-1140x641.jpg 1140w, https:\/\/www.em.com.br\/emfoco\/wp-content\/uploads\/2025\/01\/cartao-de-credito_1735910195082.jpg 1280w\" sizes=\"auto, (max-width: 1024px) 100vw, 1024px\" \/><figcaption class=\"wp-element-caption\">Imagem Ilustrativa de Cart\u00e3o de Cr\u00e9dito &#8211; Cr\u00e9ditos: depositphotos.com \/ ArturVerkhovetskiy<\/figcaption><\/figure>\n\n\n\n<h2 class=\"wp-block-heading\">Como garantir a isen\u00e7\u00e3o de anuidade?<\/h2>\n\n\n\n<p>Para obter a isen\u00e7\u00e3o da anuidade no primeiro ano, \u00e9 necess\u00e1rio cumprir uma meta de gastos em compras dentro de 90 dias ap\u00f3s a emiss\u00e3o do cart\u00e3o. Os valores s\u00e3o:<\/p>\n\n\n\n<ol class=\"wp-block-list\">\n<li>R$ 2.000 em gastos para os cart\u00f5es<strong> Visa Signature e AMEX Gold Card<\/strong>.<\/li>\n\n\n\n<li>R$ 3.000 em gastos para os cart\u00f5es <strong>Visa Infinite e Elo Nanquim<\/strong>.<\/li>\n<\/ol>\n\n\n\n<p>Al\u00e9m disso, \u00e9 preciso manter um relacionamento com o banco, investindo R$ 50.000 conforme as normas do regulamento. Para manter a isen\u00e7\u00e3o a partir do segundo ano, o cliente deve atingir um gasto m\u00e9dio mensal de R$ 2.000 para os cart\u00f5es Visa Signature e AMEX Gold Card, e R$ 3.000 para os cart\u00f5es Visa Infinite e Elo Nanquim.<\/p>\n\n\n\n<h2 class=\"wp-block-heading\">Quais s\u00e3o as condi\u00e7\u00f5es da pferta?<\/h2>\n\n\n\n<p><strong>A campanha \u00e9 v\u00e1lida at\u00e9 31 de mar\u00e7o de 2025<\/strong> e est\u00e1 sujeita a uma an\u00e1lise de cr\u00e9dito. Apenas pessoas f\u00edsicas titulares podem participar. Se o cliente n\u00e3o atingir o gasto m\u00e9dio mensal necess\u00e1rio para a isen\u00e7\u00e3o da anuidade nos anos subsequentes, o benef\u00edcio ser\u00e1 retirado. \u00c9 importante ler o regulamento completo para entender todas as condi\u00e7\u00f5es.<\/p>\n\n\n\n<h2 class=\"wp-block-heading\">Como solicitar o cart\u00e3o de cr\u00e9dito Bradesco?<\/h2>\n\n\n\n<p>Para solicitar um cart\u00e3o de cr\u00e9dito Bradesco dentro da campanha, siga os passos abaixo:<\/p>\n\n\n\n<ol class=\"wp-block-list\">\n<li>Acesse o site do Bradesco.<\/li>\n\n\n\n<li>Escolha o cart\u00e3o que melhor atende ao seu perfil e clique em &#8220;Solicitar cart\u00e3o&#8221;.<\/li>\n\n\n\n<li>Preencha o formul\u00e1rio com seus dados pessoais.<\/li>\n\n\n\n<li>Finalize a solicita\u00e7\u00e3o at\u00e9 31 de mar\u00e7o de 2025.<\/li>\n<\/ol>\n\n\n\n<p>Essa \u00e9 uma oportunidade para obter um cart\u00e3o de cr\u00e9dito com anuidade gratuita, desde que os requisitos de gastos sejam atendidos. \u00c9 uma oferta atrativa para quem busca economizar nas tarifas de anuidade e aproveitar os benef\u00edcios dos cart\u00f5es Bradesco.<\/p>\n","protected":false},"excerpt":{"rendered":"<p>O Banco Bradesco est\u00e1 oferecendo uma campanha de isen\u00e7\u00e3o de anuidade para novos clientes de cart\u00f5es de cr\u00e9dito. Esta promo\u00e7\u00e3o \u00e9 v\u00e1lida at\u00e9 31 de mar\u00e7o de 2025 e abrange cart\u00f5es de cr\u00e9dito selecionados emitidos pelo banco. Para ser eleg\u00edvel, o cliente n\u00e3o deve possuir um cart\u00e3o de cr\u00e9dito ativo no Bradesco ou deve ter [&hellip;]<\/p>\n","protected":false},"author":5,"featured_media":19588,"comment_status":"open","ping_status":"open","sticky":false,"template":"","format":"standard","meta":{"jnews-multi-image_gallery":[],"jnews_single_post":{"format":"standard"},"jnews_primary_category":[],"jnews_social_meta":[],"jnews_override_counter":[],"footnotes":""},"categories":[28,1],"tags":[5496,5946,160],"class_list":["post-25945","post","type-post","status-publish","format-standard","has-post-thumbnail","hentry","category-economia","category-noticias","tag-bradesco","tag-cantao","tag-economia"],"yoast_head":"<!-- This site is optimized with the Yoast SEO plugin v23.8 - https:\/\/yoast.com\/wordpress\/plugins\/seo\/ -->\n<title>Bradesco anuncia campanha de isen\u00e7\u00e3o de anuidade para novos cart\u00f5es de cr\u00e9dito - Estado de Minas - Em foco<\/title>\n<meta name=\"description\" content=\"Quer isen\u00e7\u00e3o de anuidade em seu cart\u00e3o Bradesco? Descubra os requisitos de gastos e como obter o benef\u00edcio at\u00e9 31 de mar\u00e7o de 2025.\" \/>\n<meta name=\"robots\" content=\"index, follow, max-snippet:-1, max-image-preview:large, max-video-preview:-1\" \/>\n<link rel=\"canonical\" href=\"https:\/\/www.em.com.br\/emfoco\/2025\/03\/17\/bradesco-anuncia-campanha-de-isencao-de-anuidade-para-novos-cartoes-de-credito\/\" \/>\n<meta property=\"og:locale\" content=\"pt_BR\" \/>\n<meta property=\"og:type\" content=\"article\" \/>\n<meta property=\"og:title\" content=\"Bradesco anuncia campanha de isen\u00e7\u00e3o de anuidade para novos cart\u00f5es de cr\u00e9dito - Estado de Minas - Em foco\" \/>\n<meta property=\"og:description\" content=\"Quer isen\u00e7\u00e3o de anuidade em seu cart\u00e3o Bradesco? Descubra os requisitos de gastos e como obter o benef\u00edcio at\u00e9 31 de mar\u00e7o de 2025.\" \/>\n<meta property=\"og:url\" content=\"https:\/\/www.em.com.br\/emfoco\/2025\/03\/17\/bradesco-anuncia-campanha-de-isencao-de-anuidade-para-novos-cartoes-de-credito\/\" \/>\n<meta property=\"og:site_name\" content=\"Estado de Minas - Em foco\" \/>\n<meta property=\"article:published_time\" content=\"2025-03-17T13:00:00+00:00\" \/>\n<meta property=\"article:modified_time\" content=\"2025-03-06T19:34:09+00:00\" \/>\n<meta property=\"og:image\" content=\"https:\/\/www.em.com.br\/emfoco\/wp-content\/uploads\/2025\/02\/bradesco_1739532170154.jpg\" \/>\n\t<meta property=\"og:image:width\" content=\"1279\" \/>\n\t<meta property=\"og:image:height\" content=\"720\" \/>\n\t<meta property=\"og:image:type\" content=\"image\/jpeg\" \/>\n<meta name=\"author\" content=\"N\u00fabia Rangel\" \/>\n<meta name=\"twitter:card\" content=\"summary_large_image\" \/>\n<meta name=\"twitter:label1\" content=\"Escrito por\" \/>\n\t<meta name=\"twitter:data1\" content=\"N\u00fabia Rangel\" \/>\n\t<meta name=\"twitter:label2\" content=\"Est. tempo de leitura\" \/>\n\t<meta name=\"twitter:data2\" content=\"3 minutos\" \/>\n<!-- \/ Yoast SEO plugin. -->","yoast_head_json":{"title":"Bradesco anuncia campanha de isen\u00e7\u00e3o de anuidade para novos cart\u00f5es de cr\u00e9dito - Estado de Minas - Em foco","description":"Quer isen\u00e7\u00e3o de anuidade em seu cart\u00e3o Bradesco? Descubra os requisitos de gastos e como obter o benef\u00edcio at\u00e9 31 de mar\u00e7o de 2025.","robots":{"index":"index","follow":"follow","max-snippet":"max-snippet:-1","max-image-preview":"max-image-preview:large","max-video-preview":"max-video-preview:-1"},"canonical":"https:\/\/www.em.com.br\/emfoco\/2025\/03\/17\/bradesco-anuncia-campanha-de-isencao-de-anuidade-para-novos-cartoes-de-credito\/","og_locale":"pt_BR","og_type":"article","og_title":"Bradesco anuncia campanha de isen\u00e7\u00e3o de anuidade para novos cart\u00f5es de cr\u00e9dito - Estado de Minas - Em foco","og_description":"Quer isen\u00e7\u00e3o de anuidade em seu cart\u00e3o Bradesco? Descubra os requisitos de gastos e como obter o benef\u00edcio at\u00e9 31 de mar\u00e7o de 2025.","og_url":"https:\/\/www.em.com.br\/emfoco\/2025\/03\/17\/bradesco-anuncia-campanha-de-isencao-de-anuidade-para-novos-cartoes-de-credito\/","og_site_name":"Estado de Minas - Em foco","article_published_time":"2025-03-17T13:00:00+00:00","article_modified_time":"2025-03-06T19:34:09+00:00","og_image":[{"width":1279,"height":720,"url":"https:\/\/www.em.com.br\/emfoco\/wp-content\/uploads\/2025\/02\/bradesco_1739532170154.jpg","type":"image\/jpeg"}],"author":"N\u00fabia Rangel","twitter_card":"summary_large_image","twitter_misc":{"Escrito por":"N\u00fabia Rangel","Est. tempo de leitura":"3 minutos"},"schema":{"@context":"https:\/\/schema.org","@graph":[{"@type":"WebPage","@id":"https:\/\/www.em.com.br\/emfoco\/2025\/03\/17\/bradesco-anuncia-campanha-de-isencao-de-anuidade-para-novos-cartoes-de-credito\/","url":"https:\/\/www.em.com.br\/emfoco\/2025\/03\/17\/bradesco-anuncia-campanha-de-isencao-de-anuidade-para-novos-cartoes-de-credito\/","name":"Bradesco anuncia campanha de isen\u00e7\u00e3o de anuidade para novos cart\u00f5es de cr\u00e9dito - Estado de Minas - Em foco","isPartOf":{"@id":"https:\/\/www.em.com.br\/emfoco\/#website"},"primaryImageOfPage":{"@id":"https:\/\/www.em.com.br\/emfoco\/2025\/03\/17\/bradesco-anuncia-campanha-de-isencao-de-anuidade-para-novos-cartoes-de-credito\/#primaryimage"},"image":{"@id":"https:\/\/www.em.com.br\/emfoco\/2025\/03\/17\/bradesco-anuncia-campanha-de-isencao-de-anuidade-para-novos-cartoes-de-credito\/#primaryimage"},"thumbnailUrl":"https:\/\/www.em.com.br\/emfoco\/wp-content\/uploads\/2025\/02\/bradesco_1739532170154.jpg","datePublished":"2025-03-17T13:00:00+00:00","dateModified":"2025-03-06T19:34:09+00:00","author":{"@id":"https:\/\/www.em.com.br\/emfoco\/#\/schema\/person\/524437ef54f8a5d32591b143307f2e20"},"description":"Quer isen\u00e7\u00e3o de anuidade em seu cart\u00e3o Bradesco? Descubra os requisitos de gastos e como obter o benef\u00edcio at\u00e9 31 de mar\u00e7o de 2025.","breadcrumb":{"@id":"https:\/\/www.em.com.br\/emfoco\/2025\/03\/17\/bradesco-anuncia-campanha-de-isencao-de-anuidade-para-novos-cartoes-de-credito\/#breadcrumb"},"inLanguage":"pt-BR","potentialAction":[{"@type":"ReadAction","target":["https:\/\/www.em.com.br\/emfoco\/2025\/03\/17\/bradesco-anuncia-campanha-de-isencao-de-anuidade-para-novos-cartoes-de-credito\/"]}]},{"@type":"ImageObject","inLanguage":"pt-BR","@id":"https:\/\/www.em.com.br\/emfoco\/2025\/03\/17\/bradesco-anuncia-campanha-de-isencao-de-anuidade-para-novos-cartoes-de-credito\/#primaryimage","url":"https:\/\/www.em.com.br\/emfoco\/wp-content\/uploads\/2025\/02\/bradesco_1739532170154.jpg","contentUrl":"https:\/\/www.em.com.br\/emfoco\/wp-content\/uploads\/2025\/02\/bradesco_1739532170154.jpg","width":1279,"height":720,"caption":"Bradesco - Cr\u00e9ditos: depositphotos.com \/ Alisonnunes"},{"@type":"BreadcrumbList","@id":"https:\/\/www.em.com.br\/emfoco\/2025\/03\/17\/bradesco-anuncia-campanha-de-isencao-de-anuidade-para-novos-cartoes-de-credito\/#breadcrumb","itemListElement":[{"@type":"ListItem","position":1,"name":"In\u00edcio","item":"https:\/\/www.em.com.br\/emfoco\/"},{"@type":"ListItem","position":2,"name":"Bradesco anuncia campanha de isen\u00e7\u00e3o de anuidade para novos cart\u00f5es de cr\u00e9dito"}]},{"@type":"WebSite","@id":"https:\/\/www.em.com.br\/emfoco\/#website","url":"https:\/\/www.em.com.br\/emfoco\/","name":"Estado de Minas - Em foco","description":"Acompanhe as \u00faltimas not\u00edcias e fique bem informado sobre tudo o que acontece em Minas Gerais, Brasil e no mundo.","potentialAction":[{"@type":"SearchAction","target":{"@type":"EntryPoint","urlTemplate":"https:\/\/www.em.com.br\/emfoco\/?s={search_term_string}"},"query-input":{"@type":"PropertyValueSpecification","valueRequired":true,"valueName":"search_term_string"}}],"inLanguage":"pt-BR"},{"@type":"Person","@id":"https:\/\/www.em.com.br\/emfoco\/#\/schema\/person\/524437ef54f8a5d32591b143307f2e20","name":"N\u00fabia Rangel","image":{"@type":"ImageObject","inLanguage":"pt-BR","@id":"https:\/\/www.em.com.br\/emfoco\/#\/schema\/person\/image\/","url":"https:\/\/secure.gravatar.com\/avatar\/47cff2827a5ba23c37e8068c86817ea4?s=96&d=mm&r=g","contentUrl":"https:\/\/secure.gravatar.com\/avatar\/47cff2827a5ba23c37e8068c86817ea4?s=96&d=mm&r=g","caption":"N\u00fabia Rangel"},"sameAs":["https:\/\/www.em.com.br\/emfoco\/"],"url":"https:\/\/www.em.com.br\/emfoco\/author\/nubiamyth\/"}]}},"_links":{"self":[{"href":"https:\/\/www.em.com.br\/emfoco\/wp-json\/wp\/v2\/posts\/25945","targetHints":{"allow":["GET"]}}],"collection":[{"href":"https:\/\/www.em.com.br\/emfoco\/wp-json\/wp\/v2\/posts"}],"about":[{"href":"https:\/\/www.em.com.br\/emfoco\/wp-json\/wp\/v2\/types\/post"}],"author":[{"embeddable":true,"href":"https:\/\/www.em.com.br\/emfoco\/wp-json\/wp\/v2\/users\/5"}],"replies":[{"embeddable":true,"href":"https:\/\/www.em.com.br\/emfoco\/wp-json\/wp\/v2\/comments?post=25945"}],"version-history":[{"count":3,"href":"https:\/\/www.em.com.br\/emfoco\/wp-json\/wp\/v2\/posts\/25945\/revisions"}],"predecessor-version":[{"id":25953,"href":"https:\/\/www.em.com.br\/emfoco\/wp-json\/wp\/v2\/posts\/25945\/revisions\/25953"}],"wp:featuredmedia":[{"embeddable":true,"href":"https:\/\/www.em.com.br\/emfoco\/wp-json\/wp\/v2\/media\/19588"}],"wp:attachment":[{"href":"https:\/\/www.em.com.br\/emfoco\/wp-json\/wp\/v2\/media?parent=25945"}],"wp:term":[{"taxonomy":"category","embeddable":true,"href":"https:\/\/www.em.com.br\/emfoco\/wp-json\/wp\/v2\/categories?post=25945"},{"taxonomy":"post_tag","embeddable":true,"href":"https:\/\/www.em.com.br\/emfoco\/wp-json\/wp\/v2\/tags?post=25945"}],"curies":[{"name":"wp","href":"https:\/\/api.w.org\/{rel}","templated":true}]}}