{"id":258,"date":"2024-11-10T09:20:00","date_gmt":"2024-11-10T12:20:00","guid":{"rendered":"https:\/\/www.em.com.br\/emfoco\/?p=258"},"modified":"2024-11-11T07:35:53","modified_gmt":"2024-11-11T10:35:53","slug":"saiba-como-aumentar-a-aposentadoria-de-meis","status":"publish","type":"post","link":"https:\/\/www.em.com.br\/emfoco\/2024\/11\/10\/saiba-como-aumentar-a-aposentadoria-de-meis\/","title":{"rendered":"Saiba como aumentar a aposentadoria de MEIs"},"content":{"rendered":"\n<hr class=\"wp-block-separator has-alpha-channel-opacity\"\/>\n\n\n\n<p><a href=\"https:\/\/www.gov.br\/empresas-e-negocios\/pt-br\/empreendedor\/servicos-para-mei\" target=\"_blank\" rel=\"noreferrer noopener\">Microempreendedores Individuais<\/a> (MEIs) t\u00eam a oportunidade de incrementar o valor de sua aposentadoria atrav\u00e9s de algumas pr\u00e1ticas espec\u00edficas. A princ\u00edpio, o valor pago mensalmente corresponde a 5% do sal\u00e1rio m\u00ednimo, garantindo apenas o valor m\u00ednimo na aposentadoria. No entanto, existem maneiras de aumentar essa contribui\u00e7\u00e3o e, consequentemente, o benef\u00edcio futuro.<\/p>\n\n\n\n<p>Ao explorar diferentes op\u00e7\u00f5es de contribui\u00e7\u00e3o, MEIs podem assegurar uma <a href=\"https:\/\/www.em.com.br\/emfoco\/categoria\/economia\/\" target=\"_blank\" rel=\"noreferrer noopener\">aposentadoria <\/a>mais confort\u00e1vel e financeira est\u00e1vel. Com planejamento e informa\u00e7\u00e3o, \u00e9 poss\u00edvel transformar a aposentadoria em um per\u00edodo de seguran\u00e7a econ\u00f4mica.<\/p>\n\n\n\n<h2 class=\"wp-block-heading\">Quais Op\u00e7\u00f5es de Contribui\u00e7\u00e3o Est\u00e3o Dispon\u00edveis para MEIs?<\/h2>\n\n\n\n<p>O Instituto Nacional do Seguro Social (<strong><a href=\"https:\/\/www.em.com.br\/emfoco\/2024\/11\/09\/stf-pressiona-lula-presidente-deve-se-pronunciar-sobre-revisao-da-vida-toda-do-inss\/\">INSS<\/a><\/strong>) oferece aos MEIs a possibilidade de ampliar suas contribui\u00e7\u00f5es mensais. Para al\u00e9m do percentual inicial de 5%, os empreendedores individuais podem optar por pagar mais 15%, totalizando uma contribui\u00e7\u00e3o de 20%. Essa medida transforma o MEI em um contribuinte individual, abrindo caminho para uma base de c\u00e1lculo mais flex\u00edvel, situada entre o sal\u00e1rio m\u00ednimo e o valor m\u00e1ximo permitido pelo INSS, que atualmente \u00e9 de R$ 7.786,02.<\/p>\n\n\n\n<h2 class=\"wp-block-heading\">Como Proceder com o Pagamento Complementar?<\/h2>\n\n\n\n<figure class=\"wp-block-image size-large\"><img loading=\"lazy\" decoding=\"async\" width=\"1024\" height=\"576\" src=\"https:\/\/www.em.com.br\/emfoco\/wp-content\/uploads\/2024\/11\/MEIs-Creditos-depositphotos.com-ZaraMuzafarova-1024x576.jpg\" alt=\"MEIs -Cr\u00e9ditos depositphotos.com ZaraMuzafarova\" class=\"wp-image-261\" srcset=\"https:\/\/www.em.com.br\/emfoco\/wp-content\/uploads\/2024\/11\/MEIs-Creditos-depositphotos.com-ZaraMuzafarova-1024x576.jpg 1024w, https:\/\/www.em.com.br\/emfoco\/wp-content\/uploads\/2024\/11\/MEIs-Creditos-depositphotos.com-ZaraMuzafarova-300x169.jpg 300w, https:\/\/www.em.com.br\/emfoco\/wp-content\/uploads\/2024\/11\/MEIs-Creditos-depositphotos.com-ZaraMuzafarova-768x432.jpg 768w, https:\/\/www.em.com.br\/emfoco\/wp-content\/uploads\/2024\/11\/MEIs-Creditos-depositphotos.com-ZaraMuzafarova-750x422.jpg 750w, https:\/\/www.em.com.br\/emfoco\/wp-content\/uploads\/2024\/11\/MEIs-Creditos-depositphotos.com-ZaraMuzafarova-1140x642.jpg 1140w, https:\/\/www.em.com.br\/emfoco\/wp-content\/uploads\/2024\/11\/MEIs-Creditos-depositphotos.com-ZaraMuzafarova.jpg 1279w\" sizes=\"auto, (max-width: 1024px) 100vw, 1024px\" \/><figcaption class=\"wp-element-caption\">MEIs -Cr\u00e9ditos depositphotos.com ZaraMuzafarova<\/figcaption><\/figure>\n\n\n\n<p>Para realizar essa contribui\u00e7\u00e3o adicional, o processo deve ser feito cuidadosamente. O pagamento complementar precisa ser efetivado at\u00e9 o dia 15 do m\u00eas seguinte ao de refer\u00eancia. O contribuinte deve utilizar o c\u00f3digo 1910 ao preencher a guia de recolhimento, que inclui o nome do contribuinte, n\u00famero de identifica\u00e7\u00e3o e o valor calculado com 15% aplicado sobre a base escolhida. Garantir a precis\u00e3o das informa\u00e7\u00f5es \u00e9 essencial para evitar problemas futuros.<\/p>\n\n\n\n<h2 class=\"wp-block-heading\">Benef\u00edcios de Aumentar as Contribui\u00e7\u00f5es<\/h2>\n\n\n\n<p>Realizar contribui\u00e7\u00f5es mais robustas traz v\u00e1rios benef\u00edcios. O montante calculado como aposentadoria ser\u00e1 baseado n\u00e3o apenas no per\u00edodo trabalhado como MEI, mas tamb\u00e9m em qualquer outro tempo de contribui\u00e7\u00e3o, se houver. Isso pode resultar em um valor mais alto, refletindo a m\u00e9dia das contribui\u00e7\u00f5es ao longo da vida profissional. Portanto, um planejamento previdenci\u00e1rio bem feito hoje pode significar uma maior seguran\u00e7a financeira amanh\u00e3.<\/p>\n\n\n\n<h2 class=\"wp-block-heading\">Import\u00e2ncia do Planejamento Previdenci\u00e1rio<\/h2>\n\n\n\n<p>Para os MEIs, fazer uma contribui\u00e7\u00e3o complementar pode ser uma estrat\u00e9gia chave em busca de uma aposentadoria mais digna. Importante destacar que, com planejamento, os microempreendedores asseguram uma base financeira melhor na aposentadoria. Ao seguir essas orienta\u00e7\u00f5es, o futuro pode ser encarado com mais confian\u00e7a e estabilidade, transformando potenciais incertezas em uma certeza de suporte financeiro sustentado.<\/p>\n","protected":false},"excerpt":{"rendered":"<p>Microempreendedores individuais podem aumentar suas contribui\u00e7\u00f5es para garantir uma aposentadoria confort\u00e1vel. Explore estrat\u00e9gias e garanta sua estabilidade financeira no futuro.<\/p>\n","protected":false},"author":3,"featured_media":259,"comment_status":"open","ping_status":"open","sticky":false,"template":"","format":"standard","meta":{"jnews-multi-image_gallery":[],"jnews_single_post":{"format":"standard"},"jnews_primary_category":[],"jnews_social_meta":[],"jnews_override_counter":[],"footnotes":""},"categories":[28],"tags":[172,219,218,220],"class_list":["post-258","post","type-post","status-publish","format-standard","has-post-thumbnail","hentry","category-economia","tag-aposentadoria","tag-contribuicao","tag-mei","tag-planejamento-previdenciario"],"yoast_head":"<!-- This site is optimized with the Yoast SEO plugin v23.8 - https:\/\/yoast.com\/wordpress\/plugins\/seo\/ -->\n<title>Saiba como aumentar a aposentadoria de MEIs - Estado de Minas - Em foco<\/title>\n<meta name=\"description\" content=\"MEIs: Microempreendedores individuais podem aumentar suas contribui\u00e7\u00f5es para garantir uma aposentadoria confort\u00e1vel, saiba como\" \/>\n<meta name=\"robots\" content=\"index, follow, max-snippet:-1, max-image-preview:large, max-video-preview:-1\" \/>\n<link rel=\"canonical\" href=\"https:\/\/www.em.com.br\/emfoco\/2024\/11\/10\/saiba-como-aumentar-a-aposentadoria-de-meis\/\" \/>\n<meta property=\"og:locale\" content=\"pt_BR\" \/>\n<meta property=\"og:type\" content=\"article\" \/>\n<meta property=\"og:title\" content=\"Saiba como aumentar a aposentadoria de MEIs - Estado de Minas - Em foco\" \/>\n<meta property=\"og:description\" content=\"MEIs: Microempreendedores individuais podem aumentar suas contribui\u00e7\u00f5es para garantir uma aposentadoria confort\u00e1vel, saiba como\" \/>\n<meta property=\"og:url\" content=\"https:\/\/www.em.com.br\/emfoco\/2024\/11\/10\/saiba-como-aumentar-a-aposentadoria-de-meis\/\" \/>\n<meta property=\"og:site_name\" content=\"Estado de Minas - Em foco\" \/>\n<meta property=\"article:published_time\" content=\"2024-11-10T12:20:00+00:00\" \/>\n<meta property=\"article:modified_time\" content=\"2024-11-11T10:35:53+00:00\" \/>\n<meta property=\"og:image\" content=\"https:\/\/www.em.com.br\/emfoco\/wp-content\/uploads\/2024\/11\/MEIs-Creditos-depositphotos.com-ridofranz.jpg\" \/>\n\t<meta property=\"og:image:width\" content=\"1280\" \/>\n\t<meta property=\"og:image:height\" content=\"720\" \/>\n\t<meta property=\"og:image:type\" content=\"image\/jpeg\" \/>\n<meta name=\"author\" content=\"Helen Palma\" \/>\n<meta name=\"twitter:card\" content=\"summary_large_image\" \/>\n<meta name=\"twitter:label1\" content=\"Escrito por\" \/>\n\t<meta name=\"twitter:data1\" content=\"Helen Palma\" \/>\n\t<meta name=\"twitter:label2\" content=\"Est. tempo de leitura\" \/>\n\t<meta name=\"twitter:data2\" content=\"1 minuto\" \/>\n<!-- \/ Yoast SEO plugin. -->","yoast_head_json":{"title":"Saiba como aumentar a aposentadoria de MEIs - Estado de Minas - Em foco","description":"MEIs: Microempreendedores individuais podem aumentar suas contribui\u00e7\u00f5es para garantir uma aposentadoria confort\u00e1vel, saiba como","robots":{"index":"index","follow":"follow","max-snippet":"max-snippet:-1","max-image-preview":"max-image-preview:large","max-video-preview":"max-video-preview:-1"},"canonical":"https:\/\/www.em.com.br\/emfoco\/2024\/11\/10\/saiba-como-aumentar-a-aposentadoria-de-meis\/","og_locale":"pt_BR","og_type":"article","og_title":"Saiba como aumentar a aposentadoria de MEIs - Estado de Minas - Em foco","og_description":"MEIs: Microempreendedores individuais podem aumentar suas contribui\u00e7\u00f5es para garantir uma aposentadoria confort\u00e1vel, saiba como","og_url":"https:\/\/www.em.com.br\/emfoco\/2024\/11\/10\/saiba-como-aumentar-a-aposentadoria-de-meis\/","og_site_name":"Estado de Minas - Em foco","article_published_time":"2024-11-10T12:20:00+00:00","article_modified_time":"2024-11-11T10:35:53+00:00","og_image":[{"width":1280,"height":720,"url":"https:\/\/www.em.com.br\/emfoco\/wp-content\/uploads\/2024\/11\/MEIs-Creditos-depositphotos.com-ridofranz.jpg","type":"image\/jpeg"}],"author":"Helen Palma","twitter_card":"summary_large_image","twitter_misc":{"Escrito por":"Helen Palma","Est. tempo de leitura":"1 minuto"},"schema":{"@context":"https:\/\/schema.org","@graph":[{"@type":"WebPage","@id":"https:\/\/www.em.com.br\/emfoco\/2024\/11\/10\/saiba-como-aumentar-a-aposentadoria-de-meis\/","url":"https:\/\/www.em.com.br\/emfoco\/2024\/11\/10\/saiba-como-aumentar-a-aposentadoria-de-meis\/","name":"Saiba como aumentar a aposentadoria de MEIs - Estado de Minas - Em foco","isPartOf":{"@id":"https:\/\/www.em.com.br\/emfoco\/#website"},"primaryImageOfPage":{"@id":"https:\/\/www.em.com.br\/emfoco\/2024\/11\/10\/saiba-como-aumentar-a-aposentadoria-de-meis\/#primaryimage"},"image":{"@id":"https:\/\/www.em.com.br\/emfoco\/2024\/11\/10\/saiba-como-aumentar-a-aposentadoria-de-meis\/#primaryimage"},"thumbnailUrl":"https:\/\/www.em.com.br\/emfoco\/wp-content\/uploads\/2024\/11\/MEIs-Creditos-depositphotos.com-ridofranz.jpg","datePublished":"2024-11-10T12:20:00+00:00","dateModified":"2024-11-11T10:35:53+00:00","author":{"@id":"https:\/\/www.em.com.br\/emfoco\/#\/schema\/person\/d79d5c83ee37ab7ca6781d92bd406eac"},"description":"MEIs: Microempreendedores individuais podem aumentar suas contribui\u00e7\u00f5es para garantir uma aposentadoria confort\u00e1vel, saiba como","breadcrumb":{"@id":"https:\/\/www.em.com.br\/emfoco\/2024\/11\/10\/saiba-como-aumentar-a-aposentadoria-de-meis\/#breadcrumb"},"inLanguage":"pt-BR","potentialAction":[{"@type":"ReadAction","target":["https:\/\/www.em.com.br\/emfoco\/2024\/11\/10\/saiba-como-aumentar-a-aposentadoria-de-meis\/"]}]},{"@type":"ImageObject","inLanguage":"pt-BR","@id":"https:\/\/www.em.com.br\/emfoco\/2024\/11\/10\/saiba-como-aumentar-a-aposentadoria-de-meis\/#primaryimage","url":"https:\/\/www.em.com.br\/emfoco\/wp-content\/uploads\/2024\/11\/MEIs-Creditos-depositphotos.com-ridofranz.jpg","contentUrl":"https:\/\/www.em.com.br\/emfoco\/wp-content\/uploads\/2024\/11\/MEIs-Creditos-depositphotos.com-ridofranz.jpg","width":1280,"height":720,"caption":"MEIs - Cr\u00e9ditos depositphotos.com ridofranz"},{"@type":"BreadcrumbList","@id":"https:\/\/www.em.com.br\/emfoco\/2024\/11\/10\/saiba-como-aumentar-a-aposentadoria-de-meis\/#breadcrumb","itemListElement":[{"@type":"ListItem","position":1,"name":"In\u00edcio","item":"https:\/\/www.em.com.br\/emfoco\/"},{"@type":"ListItem","position":2,"name":"Saiba como aumentar a aposentadoria de MEIs"}]},{"@type":"WebSite","@id":"https:\/\/www.em.com.br\/emfoco\/#website","url":"https:\/\/www.em.com.br\/emfoco\/","name":"Estado de Minas - Em foco","description":"Acompanhe as \u00faltimas not\u00edcias e fique bem informado sobre tudo o que acontece em Minas Gerais, Brasil e no mundo.","potentialAction":[{"@type":"SearchAction","target":{"@type":"EntryPoint","urlTemplate":"https:\/\/www.em.com.br\/emfoco\/?s={search_term_string}"},"query-input":{"@type":"PropertyValueSpecification","valueRequired":true,"valueName":"search_term_string"}}],"inLanguage":"pt-BR"},{"@type":"Person","@id":"https:\/\/www.em.com.br\/emfoco\/#\/schema\/person\/d79d5c83ee37ab7ca6781d92bd406eac","name":"Helen Palma","image":{"@type":"ImageObject","inLanguage":"pt-BR","@id":"https:\/\/www.em.com.br\/emfoco\/#\/schema\/person\/image\/","url":"https:\/\/secure.gravatar.com\/avatar\/c657d9266c25fd5b35a8a6274fb730cd?s=96&d=mm&r=g","contentUrl":"https:\/\/secure.gravatar.com\/avatar\/c657d9266c25fd5b35a8a6274fb730cd?s=96&d=mm&r=g","caption":"Helen Palma"},"url":"https:\/\/www.em.com.br\/emfoco\/author\/helenmyth\/"}]}},"_links":{"self":[{"href":"https:\/\/www.em.com.br\/emfoco\/wp-json\/wp\/v2\/posts\/258","targetHints":{"allow":["GET"]}}],"collection":[{"href":"https:\/\/www.em.com.br\/emfoco\/wp-json\/wp\/v2\/posts"}],"about":[{"href":"https:\/\/www.em.com.br\/emfoco\/wp-json\/wp\/v2\/types\/post"}],"author":[{"embeddable":true,"href":"https:\/\/www.em.com.br\/emfoco\/wp-json\/wp\/v2\/users\/3"}],"replies":[{"embeddable":true,"href":"https:\/\/www.em.com.br\/emfoco\/wp-json\/wp\/v2\/comments?post=258"}],"version-history":[{"count":1,"href":"https:\/\/www.em.com.br\/emfoco\/wp-json\/wp\/v2\/posts\/258\/revisions"}],"predecessor-version":[{"id":262,"href":"https:\/\/www.em.com.br\/emfoco\/wp-json\/wp\/v2\/posts\/258\/revisions\/262"}],"wp:featuredmedia":[{"embeddable":true,"href":"https:\/\/www.em.com.br\/emfoco\/wp-json\/wp\/v2\/media\/259"}],"wp:attachment":[{"href":"https:\/\/www.em.com.br\/emfoco\/wp-json\/wp\/v2\/media?parent=258"}],"wp:term":[{"taxonomy":"category","embeddable":true,"href":"https:\/\/www.em.com.br\/emfoco\/wp-json\/wp\/v2\/categories?post=258"},{"taxonomy":"post_tag","embeddable":true,"href":"https:\/\/www.em.com.br\/emfoco\/wp-json\/wp\/v2\/tags?post=258"}],"curies":[{"name":"wp","href":"https:\/\/api.w.org\/{rel}","templated":true}]}}