{"id":25677,"date":"2025-03-07T09:20:00","date_gmt":"2025-03-07T12:20:00","guid":{"rendered":"https:\/\/www.em.com.br\/emfoco\/?p=25677"},"modified":"2025-03-06T15:11:26","modified_gmt":"2025-03-06T18:11:26","slug":"governo-promete-que-novo-cadunico-tera-mais-agilidade-e-seguranca-para-brasileiros","status":"publish","type":"post","link":"https:\/\/www.em.com.br\/emfoco\/2025\/03\/07\/governo-promete-que-novo-cadunico-tera-mais-agilidade-e-seguranca-para-brasileiros\/","title":{"rendered":"Governo promete que novo Cad\u00danico ter\u00e1 mais agilidade e seguran\u00e7a para brasileiros"},"content":{"rendered":"\n<p>O <strong>Cadastro \u00danico<\/strong>, conhecido como <strong><a href=\"https:\/\/www.em.com.br\/emfoco\/2025\/03\/04\/governo-emite-comunicado-para-quem-usa-o-cadunico-o-sistema-vai-mudar\/\" target=\"_blank\" rel=\"noreferrer noopener\">Cad\u00danico<\/a><\/strong>, \u00e9 a porta de entrada para diversos benef\u00edcios sociais no <strong>Brasil<\/strong>, como o <strong><a href=\"https:\/\/g1.globo.com\/politica\/noticia\/2025\/03\/06\/com-inflacao-da-comida-familias-do-bolsa-familia-correm-risco-de-inseguranca-alimentar-aponta-governo.ghtml\" target=\"_blank\" rel=\"noreferrer noopener\">Bolsa Fam\u00edlia<\/a><\/strong> e o <strong>Benef\u00edcio de Presta\u00e7\u00e3o Continuada (BPC)<\/strong>. Com mais de 40 milh\u00f5es de fam\u00edlias cadastradas, ele \u00e9 um dos principais pilares da assist\u00eancia social do pa\u00eds.<\/p>\n\n\n\n<p>Recentemente, o governo anunciou mudan\u00e7as significativas para modernizar e tornar o processo mais eficiente. A nova vers\u00e3o do sistema busca integrar dados, reduzir burocracias e garantir que os benef\u00edcios cheguem a quem realmente precisa.<\/p>\n\n\n\n<h2 class=\"wp-block-heading\">Novas tecnologias tornam o Cad\u00danico mais seguro e eficiente<\/h2>\n\n\n\n<p>Uma das principais mudan\u00e7as no Cad\u00danico \u00e9 a integra\u00e7\u00e3o com bases de dados nacionais, permitindo uma checagem din\u00e2mica das informa\u00e7\u00f5es. Essa atualiza\u00e7\u00e3o tornar\u00e1 o sistema mais r\u00e1pido e seguro, reduzindo erros no cadastro e evitando fraudes.<\/p>\n\n\n\n<p>Outra novidade \u00e9 a automatiza\u00e7\u00e3o do preenchimento de informa\u00e7\u00f5es, eliminando a necessidade de inserir manualmente dados j\u00e1 dispon\u00edveis em outros bancos governamentais. O <strong>CPF <\/strong>passar\u00e1 a ser a chave principal de identifica\u00e7\u00e3o, substituindo o <strong>N\u00famero de Identifica\u00e7\u00e3o Social (NIS)<\/strong>.<\/p>\n\n\n\n<p>Al\u00e9m disso, uma nova plataforma de monitoramento ser\u00e1 implementada para analisar e prever inconsist\u00eancias, garantindo maior transpar\u00eancia na concess\u00e3o dos benef\u00edcios.<\/p>\n\n\n\n<h2 class=\"wp-block-heading\">Como essas mudan\u00e7as impactam os benefici\u00e1rios?<\/h2>\n\n\n\n<p>As novas diretrizes do Cad\u00danico trar\u00e3o benef\u00edcios tanto para os operadores do sistema quanto para os cidad\u00e3os. O atendimento ser\u00e1 mais \u00e1gil e os processos de cadastramento e atualiza\u00e7\u00e3o ficar\u00e3o mais simples.<\/p>\n\n\n\n<p>Para os benefici\u00e1rios, a integra\u00e7\u00e3o de dados significa menos necessidade de visitas frequentes aos postos de atendimento e uma resposta mais r\u00e1pida \u00e0s solicita\u00e7\u00f5es. Al\u00e9m disso, a moderniza\u00e7\u00e3o do sistema ajudar\u00e1 a reduzir filas e tornar os programas sociais mais eficientes.<\/p>\n\n\n\n<p>O governo tamb\u00e9m espera economizar recursos p\u00fablicos ao evitar pagamentos indevidos e garantir que os aux\u00edlios sejam direcionados corretamente.<\/p>\n\n\n\n<figure class=\"wp-block-image size-large\"><img loading=\"lazy\" decoding=\"async\" width=\"1024\" height=\"576\" src=\"https:\/\/www.em.com.br\/emfoco\/wp-content\/uploads\/2025\/03\/cadunico-app_1740626412701-1024x576.jpg\" alt=\"\" class=\"wp-image-24473\" srcset=\"https:\/\/www.em.com.br\/emfoco\/wp-content\/uploads\/2025\/03\/cadunico-app_1740626412701-1024x576.jpg 1024w, https:\/\/www.em.com.br\/emfoco\/wp-content\/uploads\/2025\/03\/cadunico-app_1740626412701-300x169.jpg 300w, https:\/\/www.em.com.br\/emfoco\/wp-content\/uploads\/2025\/03\/cadunico-app_1740626412701-768x432.jpg 768w, https:\/\/www.em.com.br\/emfoco\/wp-content\/uploads\/2025\/03\/cadunico-app_1740626412701-750x422.jpg 750w, https:\/\/www.em.com.br\/emfoco\/wp-content\/uploads\/2025\/03\/cadunico-app_1740626412701-1140x641.jpg 1140w, https:\/\/www.em.com.br\/emfoco\/wp-content\/uploads\/2025\/03\/cadunico-app_1740626412701.jpg 1280w\" sizes=\"auto, (max-width: 1024px) 100vw, 1024px\" \/><figcaption class=\"wp-element-caption\">Imagem Cad\u00danico &#8211; Cr\u00e9ditos: depositphotos.com \/ Aleutie<\/figcaption><\/figure>\n\n\n\n<h2 class=\"wp-block-heading\">Passo a passo para se inscrever no novo Cad\u00danico<\/h2>\n\n\n\n<p>Para se cadastrar no Cad\u00danico, as fam\u00edlias devem procurar um <strong>Centro de Refer\u00eancia de Assist\u00eancia Social (CRAS)<\/strong> ou um posto de atendimento municipal. O processo \u00e9 gratuito e requer a apresenta\u00e7\u00e3o de documentos como CPF, RG e comprovante de resid\u00eancia.<\/p>\n\n\n\n<p>Durante a inscri\u00e7\u00e3o, um entrevistador social coletar\u00e1 informa\u00e7\u00f5es sobre a composi\u00e7\u00e3o e as condi\u00e7\u00f5es de vida da fam\u00edlia. Ap\u00f3s o cadastro, o sistema verificar\u00e1 se os membros j\u00e1 possuem um NIS ou se ser\u00e1 necess\u00e1rio gerar um novo n\u00famero, o que pode levar at\u00e9 48 horas.<\/p>\n\n\n\n<h2 class=\"wp-block-heading\">Benef\u00edcios dispon\u00edveis para quem est\u00e1 no Cad\u00danico<\/h2>\n\n\n\n<p>O Cadastro \u00danico d\u00e1 acesso a mais de 40 programas sociais essenciais para fam\u00edlias de baixa renda. Entre os principais benef\u00edcios est\u00e3o:<\/p>\n\n\n\n<ul class=\"wp-block-list\">\n<li><strong>Bolsa Fam\u00edlia<\/strong><\/li>\n\n\n\n<li><strong>Benef\u00edcio de Presta\u00e7\u00e3o Continuada (BPC)<\/strong><\/li>\n\n\n\n<li><strong>Aux\u00edlio G\u00e1s<\/strong><\/li>\n\n\n\n<li><strong>Programa P\u00e9-de-Meia<\/strong><\/li>\n\n\n\n<li><strong>Tarifa Social de Energia El\u00e9trica e \u00c1gua<\/strong><\/li>\n\n\n\n<li><strong>Isen\u00e7\u00e3o em taxas de concursos p\u00fablicos<\/strong><\/li>\n\n\n\n<li><strong>Programas habitacionais e educacionais<\/strong><\/li>\n<\/ul>\n\n\n\n<p>Com essa ampla rede de benef\u00edcios, o Cad\u00danico se estabelece como uma ferramenta essencial para promover inclus\u00e3o social e garantir melhores condi\u00e7\u00f5es de vida para milh\u00f5es de brasileiros.<\/p>\n\n\n\n<h2 class=\"wp-block-heading\">O que esperar do futuro do Cad\u00danico?<\/h2>\n\n\n\n<p>A moderniza\u00e7\u00e3o do Cad\u00danico representa um avan\u00e7o na assist\u00eancia social no Brasil. Com a tecnologia a favor da efici\u00eancia, o sistema tende a se tornar mais acess\u00edvel, transparente e seguro para os benefici\u00e1rios.<\/p>\n\n\n\n<p>As novas mudan\u00e7as prometem mais agilidade no atendimento, maior controle na distribui\u00e7\u00e3o dos aux\u00edlios e uma gest\u00e3o p\u00fablica mais eficiente. Para aqueles que dependem desses programas, a atualiza\u00e7\u00e3o significa mais facilidade no acesso aos benef\u00edcios e menos burocracia no dia a dia.<\/p>\n","protected":false},"excerpt":{"rendered":"<p>O Cadastro \u00danico, conhecido como Cad\u00danico, \u00e9 a porta de entrada para diversos benef\u00edcios sociais no Brasil, como o Bolsa Fam\u00edlia e o Benef\u00edcio de Presta\u00e7\u00e3o Continuada (BPC). Com mais de 40 milh\u00f5es de fam\u00edlias cadastradas, ele \u00e9 um dos principais pilares da assist\u00eancia social do pa\u00eds. Recentemente, o governo anunciou mudan\u00e7as significativas para modernizar [&hellip;]<\/p>\n","protected":false},"author":11,"featured_media":25662,"comment_status":"open","ping_status":"open","sticky":false,"template":"","format":"standard","meta":{"jnews-multi-image_gallery":[],"jnews_single_post":{"format":"standard"},"jnews_primary_category":[],"jnews_social_meta":[],"jnews_override_counter":[],"footnotes":""},"categories":[28,1],"tags":[259,656,465],"class_list":["post-25677","post","type-post","status-publish","format-standard","has-post-thumbnail","hentry","category-economia","category-noticias","tag-beneficio","tag-cadastro-unico","tag-governo"],"yoast_head":"<!-- This site is optimized with the Yoast SEO plugin v23.8 - https:\/\/yoast.com\/wordpress\/plugins\/seo\/ -->\n<title>Governo promete que novo Cad\u00danico ter\u00e1 mais agilidade e seguran\u00e7a para brasileiros - Estado de Minas - Em foco<\/title>\n<meta name=\"description\" content=\"As mudan\u00e7as no Cad\u00danico v\u00e3o impactar sua vida e seus benef\u00edcios. Saiba como o novo sistema vai funcionar e quais os impactos para voc\u00ea.\" \/>\n<meta name=\"robots\" content=\"index, follow, max-snippet:-1, max-image-preview:large, max-video-preview:-1\" \/>\n<link rel=\"canonical\" href=\"https:\/\/www.em.com.br\/emfoco\/2025\/03\/07\/governo-promete-que-novo-cadunico-tera-mais-agilidade-e-seguranca-para-brasileiros\/\" \/>\n<meta property=\"og:locale\" content=\"pt_BR\" \/>\n<meta property=\"og:type\" content=\"article\" \/>\n<meta property=\"og:title\" content=\"Governo promete que novo Cad\u00danico ter\u00e1 mais agilidade e seguran\u00e7a para brasileiros - Estado de Minas - Em foco\" \/>\n<meta property=\"og:description\" content=\"As mudan\u00e7as no Cad\u00danico v\u00e3o impactar sua vida e seus benef\u00edcios. Saiba como o novo sistema vai funcionar e quais os impactos para voc\u00ea.\" \/>\n<meta property=\"og:url\" content=\"https:\/\/www.em.com.br\/emfoco\/2025\/03\/07\/governo-promete-que-novo-cadunico-tera-mais-agilidade-e-seguranca-para-brasileiros\/\" \/>\n<meta property=\"og:site_name\" content=\"Estado de Minas - Em foco\" \/>\n<meta property=\"article:published_time\" content=\"2025-03-07T12:20:00+00:00\" \/>\n<meta property=\"article:modified_time\" content=\"2025-03-06T18:11:26+00:00\" \/>\n<meta property=\"og:image\" content=\"https:\/\/www.em.com.br\/emfoco\/wp-content\/uploads\/2025\/03\/governo-lula_1741272524202.jpg\" \/>\n\t<meta property=\"og:image:width\" content=\"1280\" \/>\n\t<meta property=\"og:image:height\" content=\"720\" \/>\n\t<meta property=\"og:image:type\" content=\"image\/jpeg\" \/>\n<meta name=\"author\" content=\"Andre\u0301 Rangel\u00a0\" \/>\n<meta name=\"twitter:card\" content=\"summary_large_image\" \/>\n<meta name=\"twitter:label1\" content=\"Escrito por\" \/>\n\t<meta name=\"twitter:data1\" content=\"Andre\u0301 Rangel\u00a0\" \/>\n\t<meta name=\"twitter:label2\" content=\"Est. tempo de leitura\" \/>\n\t<meta name=\"twitter:data2\" content=\"4 minutos\" \/>\n<!-- \/ Yoast SEO plugin. -->","yoast_head_json":{"title":"Governo promete que novo Cad\u00danico ter\u00e1 mais agilidade e seguran\u00e7a para brasileiros - Estado de Minas - Em foco","description":"As mudan\u00e7as no Cad\u00danico v\u00e3o impactar sua vida e seus benef\u00edcios. Saiba como o novo sistema vai funcionar e quais os impactos para voc\u00ea.","robots":{"index":"index","follow":"follow","max-snippet":"max-snippet:-1","max-image-preview":"max-image-preview:large","max-video-preview":"max-video-preview:-1"},"canonical":"https:\/\/www.em.com.br\/emfoco\/2025\/03\/07\/governo-promete-que-novo-cadunico-tera-mais-agilidade-e-seguranca-para-brasileiros\/","og_locale":"pt_BR","og_type":"article","og_title":"Governo promete que novo Cad\u00danico ter\u00e1 mais agilidade e seguran\u00e7a para brasileiros - Estado de Minas - Em foco","og_description":"As mudan\u00e7as no Cad\u00danico v\u00e3o impactar sua vida e seus benef\u00edcios. Saiba como o novo sistema vai funcionar e quais os impactos para voc\u00ea.","og_url":"https:\/\/www.em.com.br\/emfoco\/2025\/03\/07\/governo-promete-que-novo-cadunico-tera-mais-agilidade-e-seguranca-para-brasileiros\/","og_site_name":"Estado de Minas - Em foco","article_published_time":"2025-03-07T12:20:00+00:00","article_modified_time":"2025-03-06T18:11:26+00:00","og_image":[{"width":1280,"height":720,"url":"https:\/\/www.em.com.br\/emfoco\/wp-content\/uploads\/2025\/03\/governo-lula_1741272524202.jpg","type":"image\/jpeg"}],"author":"Andre\u0301 Rangel\u00a0","twitter_card":"summary_large_image","twitter_misc":{"Escrito por":"Andre\u0301 Rangel\u00a0","Est. tempo de leitura":"4 minutos"},"schema":{"@context":"https:\/\/schema.org","@graph":[{"@type":"WebPage","@id":"https:\/\/www.em.com.br\/emfoco\/2025\/03\/07\/governo-promete-que-novo-cadunico-tera-mais-agilidade-e-seguranca-para-brasileiros\/","url":"https:\/\/www.em.com.br\/emfoco\/2025\/03\/07\/governo-promete-que-novo-cadunico-tera-mais-agilidade-e-seguranca-para-brasileiros\/","name":"Governo promete que novo Cad\u00danico ter\u00e1 mais agilidade e seguran\u00e7a para brasileiros - Estado de Minas - Em foco","isPartOf":{"@id":"https:\/\/www.em.com.br\/emfoco\/#website"},"primaryImageOfPage":{"@id":"https:\/\/www.em.com.br\/emfoco\/2025\/03\/07\/governo-promete-que-novo-cadunico-tera-mais-agilidade-e-seguranca-para-brasileiros\/#primaryimage"},"image":{"@id":"https:\/\/www.em.com.br\/emfoco\/2025\/03\/07\/governo-promete-que-novo-cadunico-tera-mais-agilidade-e-seguranca-para-brasileiros\/#primaryimage"},"thumbnailUrl":"https:\/\/www.em.com.br\/emfoco\/wp-content\/uploads\/2025\/03\/governo-lula_1741272524202.jpg","datePublished":"2025-03-07T12:20:00+00:00","dateModified":"2025-03-06T18:11:26+00:00","author":{"@id":"https:\/\/www.em.com.br\/emfoco\/#\/schema\/person\/60eda09c1fedf0d6891f4cef4b60b8b8"},"description":"As mudan\u00e7as no Cad\u00danico v\u00e3o impactar sua vida e seus benef\u00edcios. Saiba como o novo sistema vai funcionar e quais os impactos para voc\u00ea.","breadcrumb":{"@id":"https:\/\/www.em.com.br\/emfoco\/2025\/03\/07\/governo-promete-que-novo-cadunico-tera-mais-agilidade-e-seguranca-para-brasileiros\/#breadcrumb"},"inLanguage":"pt-BR","potentialAction":[{"@type":"ReadAction","target":["https:\/\/www.em.com.br\/emfoco\/2025\/03\/07\/governo-promete-que-novo-cadunico-tera-mais-agilidade-e-seguranca-para-brasileiros\/"]}]},{"@type":"ImageObject","inLanguage":"pt-BR","@id":"https:\/\/www.em.com.br\/emfoco\/2025\/03\/07\/governo-promete-que-novo-cadunico-tera-mais-agilidade-e-seguranca-para-brasileiros\/#primaryimage","url":"https:\/\/www.em.com.br\/emfoco\/wp-content\/uploads\/2025\/03\/governo-lula_1741272524202.jpg","contentUrl":"https:\/\/www.em.com.br\/emfoco\/wp-content\/uploads\/2025\/03\/governo-lula_1741272524202.jpg","width":1280,"height":720,"caption":"Lula e Geraldo Alckmin - Cr\u00e9ditos: depositphotos.com \/ thenews2.com"},{"@type":"BreadcrumbList","@id":"https:\/\/www.em.com.br\/emfoco\/2025\/03\/07\/governo-promete-que-novo-cadunico-tera-mais-agilidade-e-seguranca-para-brasileiros\/#breadcrumb","itemListElement":[{"@type":"ListItem","position":1,"name":"In\u00edcio","item":"https:\/\/www.em.com.br\/emfoco\/"},{"@type":"ListItem","position":2,"name":"Governo promete que novo Cad\u00danico ter\u00e1 mais agilidade e seguran\u00e7a para brasileiros"}]},{"@type":"WebSite","@id":"https:\/\/www.em.com.br\/emfoco\/#website","url":"https:\/\/www.em.com.br\/emfoco\/","name":"Estado de Minas - Em foco","description":"Acompanhe as \u00faltimas not\u00edcias e fique bem informado sobre tudo o que acontece em Minas Gerais, Brasil e no mundo.","potentialAction":[{"@type":"SearchAction","target":{"@type":"EntryPoint","urlTemplate":"https:\/\/www.em.com.br\/emfoco\/?s={search_term_string}"},"query-input":{"@type":"PropertyValueSpecification","valueRequired":true,"valueName":"search_term_string"}}],"inLanguage":"pt-BR"},{"@type":"Person","@id":"https:\/\/www.em.com.br\/emfoco\/#\/schema\/person\/60eda09c1fedf0d6891f4cef4b60b8b8","name":"Andre\u0301 Rangel\u00a0","image":{"@type":"ImageObject","inLanguage":"pt-BR","@id":"https:\/\/www.em.com.br\/emfoco\/#\/schema\/person\/image\/","url":"https:\/\/secure.gravatar.com\/avatar\/6234dc814c77c8ef6d8bba622c787efc?s=96&d=mm&r=g","contentUrl":"https:\/\/secure.gravatar.com\/avatar\/6234dc814c77c8ef6d8bba622c787efc?s=96&d=mm&r=g","caption":"Andre\u0301 Rangel\u00a0"},"url":"https:\/\/www.em.com.br\/emfoco\/author\/luizmyth\/"}]}},"_links":{"self":[{"href":"https:\/\/www.em.com.br\/emfoco\/wp-json\/wp\/v2\/posts\/25677","targetHints":{"allow":["GET"]}}],"collection":[{"href":"https:\/\/www.em.com.br\/emfoco\/wp-json\/wp\/v2\/posts"}],"about":[{"href":"https:\/\/www.em.com.br\/emfoco\/wp-json\/wp\/v2\/types\/post"}],"author":[{"embeddable":true,"href":"https:\/\/www.em.com.br\/emfoco\/wp-json\/wp\/v2\/users\/11"}],"replies":[{"embeddable":true,"href":"https:\/\/www.em.com.br\/emfoco\/wp-json\/wp\/v2\/comments?post=25677"}],"version-history":[{"count":7,"href":"https:\/\/www.em.com.br\/emfoco\/wp-json\/wp\/v2\/posts\/25677\/revisions"}],"predecessor-version":[{"id":25917,"href":"https:\/\/www.em.com.br\/emfoco\/wp-json\/wp\/v2\/posts\/25677\/revisions\/25917"}],"wp:featuredmedia":[{"embeddable":true,"href":"https:\/\/www.em.com.br\/emfoco\/wp-json\/wp\/v2\/media\/25662"}],"wp:attachment":[{"href":"https:\/\/www.em.com.br\/emfoco\/wp-json\/wp\/v2\/media?parent=25677"}],"wp:term":[{"taxonomy":"category","embeddable":true,"href":"https:\/\/www.em.com.br\/emfoco\/wp-json\/wp\/v2\/categories?post=25677"},{"taxonomy":"post_tag","embeddable":true,"href":"https:\/\/www.em.com.br\/emfoco\/wp-json\/wp\/v2\/tags?post=25677"}],"curies":[{"name":"wp","href":"https:\/\/api.w.org\/{rel}","templated":true}]}}