{"id":25629,"date":"2025-03-07T12:00:49","date_gmt":"2025-03-07T15:00:49","guid":{"rendered":"https:\/\/www.em.com.br\/emfoco\/?p=25629"},"modified":"2025-03-06T10:55:34","modified_gmt":"2025-03-06T13:55:34","slug":"apple-introduz-novas-ferramentas-para-seguranca-infantil-na-internet","status":"publish","type":"post","link":"https:\/\/www.em.com.br\/emfoco\/2025\/03\/07\/apple-introduz-novas-ferramentas-para-seguranca-infantil-na-internet\/","title":{"rendered":"Apple introduz novas ferramentas para seguran\u00e7a infantil na internet"},"content":{"rendered":"\n<p>Em um esfor\u00e7o cont\u00ednuo para proteger as crian\u00e7as no ambiente digital, a <strong>Apple<\/strong> <a href=\"https:\/\/developer.apple.com\/support\/downloads\/Helping-Protect-Kids-Online-2025.pdf\" target=\"_blank\" rel=\"noreferrer noopener\">anunciou <\/a>uma s\u00e9rie de novas ferramentas que visam melhorar a s<strong>eguran\u00e7a e a privacidade dos jovens usu\u00e1rios de seus produtos<\/strong>. Essas inova\u00e7\u00f5es est\u00e3o programadas para serem implementadas ao longo de <strong>2025<\/strong>, oferecendo aos pais e respons\u00e1veis mais controle e tranquilidade.<\/p>\n\n\n\n<p>Uma das principais novidades \u00e9 a simplifica\u00e7\u00e3o do processo de <strong>cria\u00e7\u00e3o de contas infantis<\/strong>. Com a introdu\u00e7\u00e3o da funcionalidade <strong>&#8220;Faixa et\u00e1ria&#8221;<\/strong>, que j\u00e1 est\u00e1 dispon\u00edvel na <strong>vers\u00e3o beta do iOS 18.4<\/strong>, os ajustes de controle parental e seguran\u00e7a ser\u00e3o automaticamente configurados durante a instala\u00e7\u00e3o de um<strong> iPhone ou iPad<\/strong>. Isso permitir\u00e1 que as crian\u00e7as utilizem seus dispositivos de forma segura desde o primeiro uso.<\/p>\n\n\n\n<h2 class=\"wp-block-heading\">Como funciona a nova configura\u00e7\u00e3o de faixa et\u00e1ria?<\/h2>\n\n\n\n<p>O sistema operacional da <a href=\"https:\/\/www.em.com.br\/emfoco\/2025\/03\/05\/tim-cook-provoca-com-anuncio-misterioso-sobre-novos-produtos-da-apple\/\" target=\"_blank\" rel=\"noreferrer noopener\">Apple <\/a>agora oferece tr\u00eas op\u00e7\u00f5es de faixa et\u00e1ria: <strong>12 anos ou menos, 13 a 17 anos e 18 anos ou mais.<\/strong> Ao selecionar a primeira op\u00e7\u00e3o, os pais s\u00e3o incentivados a conectar o perfil da crian\u00e7a ao grupo familiar, transformando-o em uma conta infantil com configura\u00e7\u00f5es adequadas para a idade. Essa mudan\u00e7a <strong>visa garantir que os recursos de seguran\u00e7a infantil estejam sempre ativos<\/strong>.<\/p>\n\n\n\n<p>Al\u00e9m disso, a Apple planeja facilitar a corre\u00e7\u00e3o da faixa et\u00e1ria caso os pais fa\u00e7am uma escolha incorreta. Essa flexibilidade adicional deve estar dispon\u00edvel at\u00e9 o final do ano, permitindo ajustes r\u00e1pidos e precisos conforme necess\u00e1rio.<\/p>\n\n\n\n<h2 class=\"wp-block-heading\">Quais s\u00e3o as novas classifica\u00e7\u00f5es et\u00e1rias para apps?<\/h2>\n\n\n\n<p>Outra atualiza\u00e7\u00e3o significativa \u00e9 a revis\u00e3o do sistema de classifica\u00e7\u00e3o et\u00e1ria para aplicativos e jogos na<strong> App Store<\/strong>. As novas categorias ser\u00e3o &#8220;4+&#8221;, &#8220;9+&#8221;, &#8220;13+&#8221;, &#8220;16+&#8221; e &#8220;18+&#8221;, substituindo as antigas faixas de &#8220;4+&#8221;, &#8220;9+&#8221;, &#8220;12+&#8221; e &#8220;17+&#8221;. Essa mudan\u00e7a visa oferecer uma categoriza\u00e7\u00e3o mais precisa e relevante, alinhada com as necessidades de seguran\u00e7a e privacidade dos jovens usu\u00e1rios.<\/p>\n\n\n\n<p>\u00c9 importante destacar que alguns mercados podem manter classifica\u00e7\u00f5es et\u00e1rias espec\u00edficas, adaptadas \u00e0s suas regulamenta\u00e7\u00f5es locais. Essa atualiza\u00e7\u00e3o est\u00e1 prevista para ser conclu\u00edda at\u00e9 o final de 2025.<\/p>\n\n\n<div class=\"wp-block-image\">\n<figure class=\"aligncenter size-large\"><img loading=\"lazy\" decoding=\"async\" width=\"1024\" height=\"576\" src=\"https:\/\/www.em.com.br\/emfoco\/wp-content\/uploads\/2025\/03\/infantil-internet-_1741268774977-1024x576.jpg\" alt=\"Apple introduz novas ferramentas para seguran\u00e7a infantil na internet\" class=\"wp-image-25661\" srcset=\"https:\/\/www.em.com.br\/emfoco\/wp-content\/uploads\/2025\/03\/infantil-internet-_1741268774977-1024x576.jpg 1024w, https:\/\/www.em.com.br\/emfoco\/wp-content\/uploads\/2025\/03\/infantil-internet-_1741268774977-300x169.jpg 300w, https:\/\/www.em.com.br\/emfoco\/wp-content\/uploads\/2025\/03\/infantil-internet-_1741268774977-768x432.jpg 768w, https:\/\/www.em.com.br\/emfoco\/wp-content\/uploads\/2025\/03\/infantil-internet-_1741268774977-750x422.jpg 750w, https:\/\/www.em.com.br\/emfoco\/wp-content\/uploads\/2025\/03\/infantil-internet-_1741268774977-1140x641.jpg 1140w, https:\/\/www.em.com.br\/emfoco\/wp-content\/uploads\/2025\/03\/infantil-internet-_1741268774977.jpg 1280w\" sizes=\"auto, (max-width: 1024px) 100vw, 1024px\" \/><figcaption class=\"wp-element-caption\">Crian\u00e7a &#8211; Cr\u00e9ditos: depositphotos.com \/ mnata<\/figcaption><\/figure><\/div>\n\n\n<h2 class=\"wp-block-heading\">Como a API de faixa et\u00e1ria declarada beneficia os desenvolvedores?<\/h2>\n\n\n\n<p>A introdu\u00e7\u00e3o da <strong>API <\/strong>de<strong> Faixa Et\u00e1ria Declarada<\/strong> \u00e9 outra inova\u00e7\u00e3o que promete melhorar a experi\u00eancia dos jovens usu\u00e1rios. Com essa ferramenta, os pais poder\u00e3o informar a idade da crian\u00e7a aos desenvolvedores, sem revelar a data de nascimento. Isso permitir\u00e1 que os criadores de aplicativos ofere\u00e7am conte\u00fados e funcionalidades mais adequados \u00e0s faixas et\u00e1rias espec\u00edficas.<\/p>\n\n\n\n<p>Essas mudan\u00e7as refletem o compromisso da Apple em criar um ambiente digital mais seguro e adaptado \u00e0s necessidades das crian\u00e7as, garantindo que a tecnologia possa ser uma aliada no desenvolvimento e aprendizado dos pequenos.<\/p>\n\n\n\n<h2 class=\"wp-block-heading\">Impacto das novas medidas na seguran\u00e7a infantil<\/h2>\n\n\n\n<p>Com essas atualiza\u00e7\u00f5es, a Apple busca fortalecer a seguran\u00e7a online das crian\u00e7as, <strong>oferecendo aos pais ferramentas mais eficazes<\/strong> para gerenciar o uso de dispositivos. As melhorias prometem n\u00e3o apenas proteger a privacidade dos jovens usu\u00e1rios, mas tamb\u00e9m educar sobre o uso respons\u00e1vel da tecnologia.<\/p>\n\n\n\n<p>Essas iniciativas s\u00e3o parte de um esfor\u00e7o mais amplo para tornar o ambiente digital um espa\u00e7o seguro e enriquecedor para as crian\u00e7as, alinhando-se \u00e0s expectativas de pais e respons\u00e1veis que buscam proteger seus filhos no mundo digital.<\/p>\n","protected":false},"excerpt":{"rendered":"<p>Em um esfor\u00e7o cont\u00ednuo para proteger as crian\u00e7as no ambiente digital, a Apple anunciou uma s\u00e9rie de novas ferramentas que visam melhorar a seguran\u00e7a e a privacidade dos jovens usu\u00e1rios de seus produtos. Essas inova\u00e7\u00f5es est\u00e3o programadas para serem implementadas ao longo de 2025, oferecendo aos pais e respons\u00e1veis mais controle e tranquilidade. Uma das [&hellip;]<\/p>\n","protected":false},"author":9,"featured_media":25659,"comment_status":"open","ping_status":"open","sticky":false,"template":"","format":"standard","meta":{"jnews-multi-image_gallery":[],"jnews_single_post":{"format":"standard"},"jnews_primary_category":[],"jnews_social_meta":[],"jnews_override_counter":[],"footnotes":""},"categories":[1,4204],"tags":[5926,1738,4970],"class_list":["post-25629","post","type-post","status-publish","format-standard","has-post-thumbnail","hentry","category-noticias","category-tecnologia","tag-controle-parental","tag-protecao-de-dados","tag-seguranca-infantil"],"yoast_head":"<!-- This site is optimized with the Yoast SEO plugin v23.8 - https:\/\/yoast.com\/wordpress\/plugins\/seo\/ -->\n<title>Apple introduz novas ferramentas para seguran\u00e7a infantil na internet<\/title>\n<meta name=\"description\" content=\"A Apple implementa novas configura\u00e7\u00f5es de faixa et\u00e1ria e ferramentas para proteger as crian\u00e7as, oferecendo mais controle e seguran\u00e7a aos pais.\" \/>\n<meta name=\"robots\" content=\"index, follow, max-snippet:-1, max-image-preview:large, max-video-preview:-1\" \/>\n<link rel=\"canonical\" href=\"https:\/\/www.em.com.br\/emfoco\/2025\/03\/07\/apple-introduz-novas-ferramentas-para-seguranca-infantil-na-internet\/\" \/>\n<meta property=\"og:locale\" content=\"pt_BR\" \/>\n<meta property=\"og:type\" content=\"article\" \/>\n<meta property=\"og:title\" content=\"Apple introduz novas ferramentas para seguran\u00e7a infantil na internet\" \/>\n<meta property=\"og:description\" content=\"A Apple implementa novas configura\u00e7\u00f5es de faixa et\u00e1ria e ferramentas para proteger as crian\u00e7as, oferecendo mais controle e seguran\u00e7a aos pais.\" \/>\n<meta property=\"og:url\" content=\"https:\/\/www.em.com.br\/emfoco\/2025\/03\/07\/apple-introduz-novas-ferramentas-para-seguranca-infantil-na-internet\/\" \/>\n<meta property=\"og:site_name\" content=\"Estado de Minas - Em foco\" \/>\n<meta property=\"article:published_time\" content=\"2025-03-07T15:00:49+00:00\" \/>\n<meta property=\"article:modified_time\" content=\"2025-03-06T13:55:34+00:00\" \/>\n<meta property=\"og:image\" content=\"https:\/\/www.em.com.br\/emfoco\/wp-content\/uploads\/2025\/03\/infantil-internet-_1741268673782.jpg\" \/>\n\t<meta property=\"og:image:width\" content=\"1280\" \/>\n\t<meta property=\"og:image:height\" content=\"720\" \/>\n\t<meta property=\"og:image:type\" content=\"image\/jpeg\" \/>\n<meta name=\"author\" content=\"Daniely Cardoso\" \/>\n<meta name=\"twitter:card\" content=\"summary_large_image\" \/>\n<meta name=\"twitter:label1\" content=\"Escrito por\" \/>\n\t<meta name=\"twitter:data1\" content=\"Daniely Cardoso\" \/>\n\t<meta name=\"twitter:label2\" content=\"Est. tempo de leitura\" \/>\n\t<meta name=\"twitter:data2\" content=\"4 minutos\" \/>\n<!-- \/ Yoast SEO plugin. -->","yoast_head_json":{"title":"Apple introduz novas ferramentas para seguran\u00e7a infantil na internet","description":"A Apple implementa novas configura\u00e7\u00f5es de faixa et\u00e1ria e ferramentas para proteger as crian\u00e7as, oferecendo mais controle e seguran\u00e7a aos pais.","robots":{"index":"index","follow":"follow","max-snippet":"max-snippet:-1","max-image-preview":"max-image-preview:large","max-video-preview":"max-video-preview:-1"},"canonical":"https:\/\/www.em.com.br\/emfoco\/2025\/03\/07\/apple-introduz-novas-ferramentas-para-seguranca-infantil-na-internet\/","og_locale":"pt_BR","og_type":"article","og_title":"Apple introduz novas ferramentas para seguran\u00e7a infantil na internet","og_description":"A Apple implementa novas configura\u00e7\u00f5es de faixa et\u00e1ria e ferramentas para proteger as crian\u00e7as, oferecendo mais controle e seguran\u00e7a aos pais.","og_url":"https:\/\/www.em.com.br\/emfoco\/2025\/03\/07\/apple-introduz-novas-ferramentas-para-seguranca-infantil-na-internet\/","og_site_name":"Estado de Minas - Em foco","article_published_time":"2025-03-07T15:00:49+00:00","article_modified_time":"2025-03-06T13:55:34+00:00","og_image":[{"width":1280,"height":720,"url":"https:\/\/www.em.com.br\/emfoco\/wp-content\/uploads\/2025\/03\/infantil-internet-_1741268673782.jpg","type":"image\/jpeg"}],"author":"Daniely Cardoso","twitter_card":"summary_large_image","twitter_misc":{"Escrito por":"Daniely Cardoso","Est. tempo de leitura":"4 minutos"},"schema":{"@context":"https:\/\/schema.org","@graph":[{"@type":"WebPage","@id":"https:\/\/www.em.com.br\/emfoco\/2025\/03\/07\/apple-introduz-novas-ferramentas-para-seguranca-infantil-na-internet\/","url":"https:\/\/www.em.com.br\/emfoco\/2025\/03\/07\/apple-introduz-novas-ferramentas-para-seguranca-infantil-na-internet\/","name":"Apple introduz novas ferramentas para seguran\u00e7a infantil na internet","isPartOf":{"@id":"https:\/\/www.em.com.br\/emfoco\/#website"},"primaryImageOfPage":{"@id":"https:\/\/www.em.com.br\/emfoco\/2025\/03\/07\/apple-introduz-novas-ferramentas-para-seguranca-infantil-na-internet\/#primaryimage"},"image":{"@id":"https:\/\/www.em.com.br\/emfoco\/2025\/03\/07\/apple-introduz-novas-ferramentas-para-seguranca-infantil-na-internet\/#primaryimage"},"thumbnailUrl":"https:\/\/www.em.com.br\/emfoco\/wp-content\/uploads\/2025\/03\/infantil-internet-_1741268673782.jpg","datePublished":"2025-03-07T15:00:49+00:00","dateModified":"2025-03-06T13:55:34+00:00","author":{"@id":"https:\/\/www.em.com.br\/emfoco\/#\/schema\/person\/0a8186d72f2c3a5c6276d90b41f271a0"},"description":"A Apple implementa novas configura\u00e7\u00f5es de faixa et\u00e1ria e ferramentas para proteger as crian\u00e7as, oferecendo mais controle e seguran\u00e7a aos pais.","breadcrumb":{"@id":"https:\/\/www.em.com.br\/emfoco\/2025\/03\/07\/apple-introduz-novas-ferramentas-para-seguranca-infantil-na-internet\/#breadcrumb"},"inLanguage":"pt-BR","potentialAction":[{"@type":"ReadAction","target":["https:\/\/www.em.com.br\/emfoco\/2025\/03\/07\/apple-introduz-novas-ferramentas-para-seguranca-infantil-na-internet\/"]}]},{"@type":"ImageObject","inLanguage":"pt-BR","@id":"https:\/\/www.em.com.br\/emfoco\/2025\/03\/07\/apple-introduz-novas-ferramentas-para-seguranca-infantil-na-internet\/#primaryimage","url":"https:\/\/www.em.com.br\/emfoco\/wp-content\/uploads\/2025\/03\/infantil-internet-_1741268673782.jpg","contentUrl":"https:\/\/www.em.com.br\/emfoco\/wp-content\/uploads\/2025\/03\/infantil-internet-_1741268673782.jpg","width":1280,"height":720,"caption":"Crian\u00e7a na internet - Cr\u00e9ditos: depositphotos.com \/ mnata"},{"@type":"BreadcrumbList","@id":"https:\/\/www.em.com.br\/emfoco\/2025\/03\/07\/apple-introduz-novas-ferramentas-para-seguranca-infantil-na-internet\/#breadcrumb","itemListElement":[{"@type":"ListItem","position":1,"name":"In\u00edcio","item":"https:\/\/www.em.com.br\/emfoco\/"},{"@type":"ListItem","position":2,"name":"Apple introduz novas ferramentas para seguran\u00e7a infantil na internet"}]},{"@type":"WebSite","@id":"https:\/\/www.em.com.br\/emfoco\/#website","url":"https:\/\/www.em.com.br\/emfoco\/","name":"Estado de Minas - Em foco","description":"Acompanhe as \u00faltimas not\u00edcias e fique bem informado sobre tudo o que acontece em Minas Gerais, Brasil e no mundo.","potentialAction":[{"@type":"SearchAction","target":{"@type":"EntryPoint","urlTemplate":"https:\/\/www.em.com.br\/emfoco\/?s={search_term_string}"},"query-input":{"@type":"PropertyValueSpecification","valueRequired":true,"valueName":"search_term_string"}}],"inLanguage":"pt-BR"},{"@type":"Person","@id":"https:\/\/www.em.com.br\/emfoco\/#\/schema\/person\/0a8186d72f2c3a5c6276d90b41f271a0","name":"Daniely Cardoso","image":{"@type":"ImageObject","inLanguage":"pt-BR","@id":"https:\/\/www.em.com.br\/emfoco\/#\/schema\/person\/image\/","url":"https:\/\/secure.gravatar.com\/avatar\/4b80ddbd124d1f071b626d52d62e5dff?s=96&d=mm&r=g","contentUrl":"https:\/\/secure.gravatar.com\/avatar\/4b80ddbd124d1f071b626d52d62e5dff?s=96&d=mm&r=g","caption":"Daniely Cardoso"},"url":"https:\/\/www.em.com.br\/emfoco\/author\/danielymyth\/"}]}},"_links":{"self":[{"href":"https:\/\/www.em.com.br\/emfoco\/wp-json\/wp\/v2\/posts\/25629","targetHints":{"allow":["GET"]}}],"collection":[{"href":"https:\/\/www.em.com.br\/emfoco\/wp-json\/wp\/v2\/posts"}],"about":[{"href":"https:\/\/www.em.com.br\/emfoco\/wp-json\/wp\/v2\/types\/post"}],"author":[{"embeddable":true,"href":"https:\/\/www.em.com.br\/emfoco\/wp-json\/wp\/v2\/users\/9"}],"replies":[{"embeddable":true,"href":"https:\/\/www.em.com.br\/emfoco\/wp-json\/wp\/v2\/comments?post=25629"}],"version-history":[{"count":4,"href":"https:\/\/www.em.com.br\/emfoco\/wp-json\/wp\/v2\/posts\/25629\/revisions"}],"predecessor-version":[{"id":25667,"href":"https:\/\/www.em.com.br\/emfoco\/wp-json\/wp\/v2\/posts\/25629\/revisions\/25667"}],"wp:featuredmedia":[{"embeddable":true,"href":"https:\/\/www.em.com.br\/emfoco\/wp-json\/wp\/v2\/media\/25659"}],"wp:attachment":[{"href":"https:\/\/www.em.com.br\/emfoco\/wp-json\/wp\/v2\/media?parent=25629"}],"wp:term":[{"taxonomy":"category","embeddable":true,"href":"https:\/\/www.em.com.br\/emfoco\/wp-json\/wp\/v2\/categories?post=25629"},{"taxonomy":"post_tag","embeddable":true,"href":"https:\/\/www.em.com.br\/emfoco\/wp-json\/wp\/v2\/tags?post=25629"}],"curies":[{"name":"wp","href":"https:\/\/api.w.org\/{rel}","templated":true}]}}