{"id":25615,"date":"2025-03-08T14:00:07","date_gmt":"2025-03-08T17:00:07","guid":{"rendered":"https:\/\/www.em.com.br\/emfoco\/?p=25615"},"modified":"2025-03-08T14:00:08","modified_gmt":"2025-03-08T17:00:08","slug":"saiu-a-lista-carros-populares-saem-do-brasil-e-revoltam-motoristas","status":"publish","type":"post","link":"https:\/\/www.em.com.br\/emfoco\/2025\/03\/08\/saiu-a-lista-carros-populares-saem-do-brasil-e-revoltam-motoristas\/","title":{"rendered":"Saiu a lista! Carros populares saem do Brasil e revoltam motoristas"},"content":{"rendered":"\n<p>O mercado automobil\u00edstico brasileiro est\u00e1 sempre em constante evolu\u00e7\u00e3o, com novos modelos sendo lan\u00e7ados e outros se despedindo. Em 2025, alguns ve\u00edculos que conquistaram o p\u00fablico ao longo dos anos deixar\u00e3o de ser comercializados no pa\u00eds. Este artigo explora os carros que se despedem do <strong>Brasil<\/strong>, destacando suas trajet\u00f3rias e os motivos por tr\u00e1s de suas sa\u00eddas.<\/p>\n\n\n\n<p>Entre os modelos que dar\u00e3o adeus, est\u00e3o marcas renomadas como <strong>Renault, Suzuki, Toyota, Kia e Fiat<\/strong>. Esses ve\u00edculos, apesar de terem tido seu momento de gl\u00f3ria, agora enfrentam desafios que os levam a encerrar suas jornadas no mercado brasileiro. Vamos explorar cada um desses modelos e entender o que levou a essa decis\u00e3o.<\/p>\n\n\n\n<h2 class=\"wp-block-heading\">Quais s\u00e3o os carros que deixar\u00e3o de ser vendidos?<\/h2>\n\n\n\n<p>O primeiro modelo a ser mencionado \u00e9 o <strong>Renault Stepway<\/strong>. Este carro, que era uma vers\u00e3o aventureira do Sandero, viu suas vendas ca\u00edrem significativamente. Em 2024, o melhor m\u00eas de vendas foi outubro, com 516 unidades vendidas, mas os n\u00fameros ca\u00edram nos meses seguintes. A vers\u00e3o <strong>Zen<\/strong>, com motor 1.0 de tr\u00eas cilindros, \u00e9 a \u00fanica dispon\u00edvel atualmente, mas ser\u00e1 descontinuada em 2025.<\/p>\n\n\n\n<p>Outro modelo que se despede \u00e9 o <strong>Suzuki Jimny Sierra<\/strong>. Este ve\u00edculo enfrenta dificuldades para se manter nas lojas europeias devido \u00e0 necessidade de ajustes no motor. No Brasil, o <strong>Jimny Sierra<\/strong> \u00e9 vendido a partir de R$ 149.990, mas sua continuidade est\u00e1 amea\u00e7ada.<\/p>\n\n\n\n<figure class=\"wp-block-image size-large\"><img loading=\"lazy\" decoding=\"async\" width=\"1024\" height=\"576\" src=\"https:\/\/www.em.com.br\/emfoco\/wp-content\/uploads\/2025\/01\/carros_1736619439471-1024x576.jpg\" alt=\"Saiu a lista! 5 carros populares saem do Brasil e revoltam motoristas\" class=\"wp-image-10016\" srcset=\"https:\/\/www.em.com.br\/emfoco\/wp-content\/uploads\/2025\/01\/carros_1736619439471-1024x576.jpg 1024w, https:\/\/www.em.com.br\/emfoco\/wp-content\/uploads\/2025\/01\/carros_1736619439471-300x169.jpg 300w, https:\/\/www.em.com.br\/emfoco\/wp-content\/uploads\/2025\/01\/carros_1736619439471-768x432.jpg 768w, https:\/\/www.em.com.br\/emfoco\/wp-content\/uploads\/2025\/01\/carros_1736619439471-750x422.jpg 750w, https:\/\/www.em.com.br\/emfoco\/wp-content\/uploads\/2025\/01\/carros_1736619439471-1140x641.jpg 1140w, https:\/\/www.em.com.br\/emfoco\/wp-content\/uploads\/2025\/01\/carros_1736619439471.jpg 1280w\" sizes=\"auto, (max-width: 1024px) 100vw, 1024px\" \/><figcaption class=\"wp-element-caption\">Imagem de Carros &#8211; Cr\u00e9ditos: depositphotos.com \/ welcomia<\/figcaption><\/figure>\n\n\n\n<h2 class=\"wp-block-heading\">Por que o Toyota Yaris Sedan est\u00e1 saindo de linha?<\/h2>\n\n\n\n<p>O <strong>Toyota Yaris Sedan<\/strong> j\u00e1 n\u00e3o est\u00e1 mais em produ\u00e7\u00e3o, apesar de ainda aparecer no site da montadora. A chegada do <strong>SUV<\/strong> compacto Yaris Cross em julho de 2025 \u00e9 um dos fatores que influenciaram essa decis\u00e3o. Al\u00e9m disso, o Yaris n\u00e3o foi atualizado para atender ao <strong>Proconve L8<\/strong>, a fase mais recente do <strong>Programa de Controle da Polui\u00e7\u00e3o do Ar por Ve\u00edculos Automotores<\/strong>, que entrou em vigor em janeiro de 2025.<\/p>\n\n\n\n<h2 class=\"wp-block-heading\">O que levou o Kia Stonic a sair do mercado?<\/h2>\n\n\n\n<p>O <strong>Kia Stonic<\/strong>, um SUV compacto, tamb\u00e9m est\u00e1 se despedindo do mercado brasileiro. Em 2024, o modelo teve um desempenho de vendas abaixo do esperado, com apenas duas unidades vendidas em outubro e dez em novembro. A concorr\u00eancia com outros h\u00edbridos leves, como o <strong>Fiat Pulse e Fastback<\/strong>, contribuiu para a decis\u00e3o de descontinuar o modelo.<\/p>\n\n\n\n<h2 class=\"wp-block-heading\">Qual \u00e9 o futuro do Fiat 500e no Brasil?<\/h2>\n\n\n\n<p>Por fim, o <strong>Fiat 500e<\/strong>, um carro el\u00e9trico, teve um desempenho de vendas insatisfat\u00f3rio, com apenas oito unidades vendidas nos primeiros 11 meses de 2024. A montadora prometeu uma nova remessa de carros em novembro, mas o futuro do modelo no Brasil \u00e9 incerto. O Fiat 500e \u00e9 oferecido na vers\u00e3o <strong>Icon<\/strong> da linha 2022 por R$ 214.990.<\/p>\n\n\n\n<p>Em resumo, o mercado automobil\u00edstico brasileiro em 2025 ver\u00e1 a sa\u00edda de alguns modelos ic\u00f4nicos, enquanto outros continuam a ganhar espa\u00e7o. O <strong>Fiat Mobi Like 1.0<\/strong> se destaca como o carro mais acess\u00edvel do pa\u00eds, com um pre\u00e7o de R$ 74.990. A evolu\u00e7\u00e3o constante do mercado exige que as montadoras se adaptem \u00e0s novas demandas e regulamenta\u00e7\u00f5es, garantindo que os consumidores tenham acesso a ve\u00edculos modernos e eficientes.<\/p>\n","protected":false},"excerpt":{"rendered":"<p>O mercado automobil\u00edstico brasileiro est\u00e1 sempre em constante evolu\u00e7\u00e3o, com novos modelos sendo lan\u00e7ados e outros se despedindo. Em 2025, alguns ve\u00edculos que conquistaram o p\u00fablico ao longo dos anos deixar\u00e3o de ser comercializados no pa\u00eds. Este artigo explora os carros que se despedem do Brasil, destacando suas trajet\u00f3rias e os motivos por tr\u00e1s de [&hellip;]<\/p>\n","protected":false},"author":5,"featured_media":25617,"comment_status":"open","ping_status":"open","sticky":false,"template":"","format":"standard","meta":{"jnews-multi-image_gallery":[],"jnews_single_post":{"format":"standard"},"jnews_primary_category":[],"jnews_social_meta":[],"jnews_override_counter":[],"footnotes":""},"categories":[27,1],"tags":[782,158,1116,1529],"class_list":["post-25615","post","type-post","status-publish","format-standard","has-post-thumbnail","hentry","category-carros","category-noticias","tag-782","tag-brasil","tag-carros","tag-mercado-automotivo"],"yoast_head":"<!-- This site is optimized with the Yoast SEO plugin v23.8 - https:\/\/yoast.com\/wordpress\/plugins\/seo\/ -->\n<title>Saiu a lista! Carros populares saem do Brasil e revoltam motoristas - Estado de Minas - Em foco<\/title>\n<meta name=\"description\" content=\"Mudan\u00e7as no mercado automotivo fazem com que alguns carros saiam do Brasil em 2025. Veja quais e os motivos!\" \/>\n<meta name=\"robots\" content=\"index, follow, max-snippet:-1, max-image-preview:large, max-video-preview:-1\" \/>\n<link rel=\"canonical\" href=\"https:\/\/www.em.com.br\/emfoco\/2025\/03\/08\/saiu-a-lista-carros-populares-saem-do-brasil-e-revoltam-motoristas\/\" \/>\n<meta property=\"og:locale\" content=\"pt_BR\" \/>\n<meta property=\"og:type\" content=\"article\" \/>\n<meta property=\"og:title\" content=\"Saiu a lista! Carros populares saem do Brasil e revoltam motoristas - Estado de Minas - Em foco\" \/>\n<meta property=\"og:description\" content=\"Mudan\u00e7as no mercado automotivo fazem com que alguns carros saiam do Brasil em 2025. Veja quais e os motivos!\" \/>\n<meta property=\"og:url\" content=\"https:\/\/www.em.com.br\/emfoco\/2025\/03\/08\/saiu-a-lista-carros-populares-saem-do-brasil-e-revoltam-motoristas\/\" \/>\n<meta property=\"og:site_name\" content=\"Estado de Minas - Em foco\" \/>\n<meta property=\"article:published_time\" content=\"2025-03-08T17:00:07+00:00\" \/>\n<meta property=\"article:modified_time\" content=\"2025-03-08T17:00:08+00:00\" \/>\n<meta property=\"og:image\" content=\"https:\/\/www.em.com.br\/emfoco\/wp-content\/uploads\/2025\/03\/Renault-Toyota-Fiat_1741263886998.jpg\" \/>\n\t<meta property=\"og:image:width\" content=\"1280\" \/>\n\t<meta property=\"og:image:height\" content=\"720\" \/>\n\t<meta property=\"og:image:type\" content=\"image\/jpeg\" \/>\n<meta name=\"author\" content=\"N\u00fabia Rangel\" \/>\n<meta name=\"twitter:card\" content=\"summary_large_image\" \/>\n<meta name=\"twitter:label1\" content=\"Escrito por\" \/>\n\t<meta name=\"twitter:data1\" content=\"N\u00fabia Rangel\" \/>\n\t<meta name=\"twitter:label2\" content=\"Est. tempo de leitura\" \/>\n\t<meta name=\"twitter:data2\" content=\"4 minutos\" \/>\n<!-- \/ Yoast SEO plugin. -->","yoast_head_json":{"title":"Saiu a lista! Carros populares saem do Brasil e revoltam motoristas - Estado de Minas - Em foco","description":"Mudan\u00e7as no mercado automotivo fazem com que alguns carros saiam do Brasil em 2025. Veja quais e os motivos!","robots":{"index":"index","follow":"follow","max-snippet":"max-snippet:-1","max-image-preview":"max-image-preview:large","max-video-preview":"max-video-preview:-1"},"canonical":"https:\/\/www.em.com.br\/emfoco\/2025\/03\/08\/saiu-a-lista-carros-populares-saem-do-brasil-e-revoltam-motoristas\/","og_locale":"pt_BR","og_type":"article","og_title":"Saiu a lista! Carros populares saem do Brasil e revoltam motoristas - Estado de Minas - Em foco","og_description":"Mudan\u00e7as no mercado automotivo fazem com que alguns carros saiam do Brasil em 2025. Veja quais e os motivos!","og_url":"https:\/\/www.em.com.br\/emfoco\/2025\/03\/08\/saiu-a-lista-carros-populares-saem-do-brasil-e-revoltam-motoristas\/","og_site_name":"Estado de Minas - Em foco","article_published_time":"2025-03-08T17:00:07+00:00","article_modified_time":"2025-03-08T17:00:08+00:00","og_image":[{"width":1280,"height":720,"url":"https:\/\/www.em.com.br\/emfoco\/wp-content\/uploads\/2025\/03\/Renault-Toyota-Fiat_1741263886998.jpg","type":"image\/jpeg"}],"author":"N\u00fabia Rangel","twitter_card":"summary_large_image","twitter_misc":{"Escrito por":"N\u00fabia Rangel","Est. tempo de leitura":"4 minutos"},"schema":{"@context":"https:\/\/schema.org","@graph":[{"@type":"WebPage","@id":"https:\/\/www.em.com.br\/emfoco\/2025\/03\/08\/saiu-a-lista-carros-populares-saem-do-brasil-e-revoltam-motoristas\/","url":"https:\/\/www.em.com.br\/emfoco\/2025\/03\/08\/saiu-a-lista-carros-populares-saem-do-brasil-e-revoltam-motoristas\/","name":"Saiu a lista! Carros populares saem do Brasil e revoltam motoristas - Estado de Minas - Em foco","isPartOf":{"@id":"https:\/\/www.em.com.br\/emfoco\/#website"},"primaryImageOfPage":{"@id":"https:\/\/www.em.com.br\/emfoco\/2025\/03\/08\/saiu-a-lista-carros-populares-saem-do-brasil-e-revoltam-motoristas\/#primaryimage"},"image":{"@id":"https:\/\/www.em.com.br\/emfoco\/2025\/03\/08\/saiu-a-lista-carros-populares-saem-do-brasil-e-revoltam-motoristas\/#primaryimage"},"thumbnailUrl":"https:\/\/www.em.com.br\/emfoco\/wp-content\/uploads\/2025\/03\/Renault-Toyota-Fiat_1741263886998.jpg","datePublished":"2025-03-08T17:00:07+00:00","dateModified":"2025-03-08T17:00:08+00:00","author":{"@id":"https:\/\/www.em.com.br\/emfoco\/#\/schema\/person\/524437ef54f8a5d32591b143307f2e20"},"description":"Mudan\u00e7as no mercado automotivo fazem com que alguns carros saiam do Brasil em 2025. Veja quais e os motivos!","breadcrumb":{"@id":"https:\/\/www.em.com.br\/emfoco\/2025\/03\/08\/saiu-a-lista-carros-populares-saem-do-brasil-e-revoltam-motoristas\/#breadcrumb"},"inLanguage":"pt-BR","potentialAction":[{"@type":"ReadAction","target":["https:\/\/www.em.com.br\/emfoco\/2025\/03\/08\/saiu-a-lista-carros-populares-saem-do-brasil-e-revoltam-motoristas\/"]}]},{"@type":"ImageObject","inLanguage":"pt-BR","@id":"https:\/\/www.em.com.br\/emfoco\/2025\/03\/08\/saiu-a-lista-carros-populares-saem-do-brasil-e-revoltam-motoristas\/#primaryimage","url":"https:\/\/www.em.com.br\/emfoco\/wp-content\/uploads\/2025\/03\/Renault-Toyota-Fiat_1741263886998.jpg","contentUrl":"https:\/\/www.em.com.br\/emfoco\/wp-content\/uploads\/2025\/03\/Renault-Toyota-Fiat_1741263886998.jpg","width":1280,"height":720,"caption":"Marcas de carros - Cr\u00e9ditos: depositphotos.com \/ sserdarbasak"},{"@type":"BreadcrumbList","@id":"https:\/\/www.em.com.br\/emfoco\/2025\/03\/08\/saiu-a-lista-carros-populares-saem-do-brasil-e-revoltam-motoristas\/#breadcrumb","itemListElement":[{"@type":"ListItem","position":1,"name":"In\u00edcio","item":"https:\/\/www.em.com.br\/emfoco\/"},{"@type":"ListItem","position":2,"name":"Saiu a lista! Carros populares saem do Brasil e revoltam motoristas"}]},{"@type":"WebSite","@id":"https:\/\/www.em.com.br\/emfoco\/#website","url":"https:\/\/www.em.com.br\/emfoco\/","name":"Estado de Minas - Em foco","description":"Acompanhe as \u00faltimas not\u00edcias e fique bem informado sobre tudo o que acontece em Minas Gerais, Brasil e no mundo.","potentialAction":[{"@type":"SearchAction","target":{"@type":"EntryPoint","urlTemplate":"https:\/\/www.em.com.br\/emfoco\/?s={search_term_string}"},"query-input":{"@type":"PropertyValueSpecification","valueRequired":true,"valueName":"search_term_string"}}],"inLanguage":"pt-BR"},{"@type":"Person","@id":"https:\/\/www.em.com.br\/emfoco\/#\/schema\/person\/524437ef54f8a5d32591b143307f2e20","name":"N\u00fabia Rangel","image":{"@type":"ImageObject","inLanguage":"pt-BR","@id":"https:\/\/www.em.com.br\/emfoco\/#\/schema\/person\/image\/","url":"https:\/\/secure.gravatar.com\/avatar\/47cff2827a5ba23c37e8068c86817ea4?s=96&d=mm&r=g","contentUrl":"https:\/\/secure.gravatar.com\/avatar\/47cff2827a5ba23c37e8068c86817ea4?s=96&d=mm&r=g","caption":"N\u00fabia Rangel"},"sameAs":["https:\/\/www.em.com.br\/emfoco\/"],"url":"https:\/\/www.em.com.br\/emfoco\/author\/nubiamyth\/"}]}},"_links":{"self":[{"href":"https:\/\/www.em.com.br\/emfoco\/wp-json\/wp\/v2\/posts\/25615","targetHints":{"allow":["GET"]}}],"collection":[{"href":"https:\/\/www.em.com.br\/emfoco\/wp-json\/wp\/v2\/posts"}],"about":[{"href":"https:\/\/www.em.com.br\/emfoco\/wp-json\/wp\/v2\/types\/post"}],"author":[{"embeddable":true,"href":"https:\/\/www.em.com.br\/emfoco\/wp-json\/wp\/v2\/users\/5"}],"replies":[{"embeddable":true,"href":"https:\/\/www.em.com.br\/emfoco\/wp-json\/wp\/v2\/comments?post=25615"}],"version-history":[{"count":2,"href":"https:\/\/www.em.com.br\/emfoco\/wp-json\/wp\/v2\/posts\/25615\/revisions"}],"predecessor-version":[{"id":25618,"href":"https:\/\/www.em.com.br\/emfoco\/wp-json\/wp\/v2\/posts\/25615\/revisions\/25618"}],"wp:featuredmedia":[{"embeddable":true,"href":"https:\/\/www.em.com.br\/emfoco\/wp-json\/wp\/v2\/media\/25617"}],"wp:attachment":[{"href":"https:\/\/www.em.com.br\/emfoco\/wp-json\/wp\/v2\/media?parent=25615"}],"wp:term":[{"taxonomy":"category","embeddable":true,"href":"https:\/\/www.em.com.br\/emfoco\/wp-json\/wp\/v2\/categories?post=25615"},{"taxonomy":"post_tag","embeddable":true,"href":"https:\/\/www.em.com.br\/emfoco\/wp-json\/wp\/v2\/tags?post=25615"}],"curies":[{"name":"wp","href":"https:\/\/api.w.org\/{rel}","templated":true}]}}