{"id":2558,"date":"2024-12-05T13:40:00","date_gmt":"2024-12-05T16:40:00","guid":{"rendered":"https:\/\/www.em.com.br\/emfoco\/?p=2558"},"modified":"2024-12-04T16:40:26","modified_gmt":"2024-12-04T19:40:26","slug":"cidades-costeiras-sob-ameaca-o-perigo-do-mar-subindo","status":"publish","type":"post","link":"https:\/\/www.em.com.br\/emfoco\/2024\/12\/05\/cidades-costeiras-sob-ameaca-o-perigo-do-mar-subindo\/","title":{"rendered":"Cidades Costeiras Sob Amea\u00e7a: O Perigo do Mar Subindo."},"content":{"rendered":"\n<p>Recentemente, a <strong><a href=\"https:\/\/brasil.un.org\/pt-br\" target=\"_blank\" rel=\"noreferrer noopener\">Organiza\u00e7\u00e3o das Na\u00e7\u00f5es Unidas<\/a><\/strong> (ONU) apresentou uma an\u00e1lise preocupante sobre o futuro das cidades costeiras em todo o mundo. Segundo o estudo, \u00e1reas urbanas como <em>Santos<\/em> e <em>Rio de Janeiro<\/em> correm o risco de submers\u00e3o at\u00e9 2050 devido ao aumento do n\u00edvel do mar. Esta avalia\u00e7\u00e3o baseia-se em informa\u00e7\u00f5es do <strong><a href=\"https:\/\/www.undp.org\/pt\/brazil\" target=\"_blank\" rel=\"noreferrer noopener\">Programa das Na\u00e7\u00f5es Unidas para o Desenvolvimento<\/a><\/strong> (PNUD) e do <a href=\"https:\/\/impactlab.org\/\" target=\"_blank\" rel=\"noreferrer noopener\"><strong>Climate Impact Lab<\/strong> <\/a>(CIL).<\/p>\n\n\n\n<p>A amea\u00e7a, centrada nas regi\u00f5es da Am\u00e9rica Latina, Caribe e Estados Insulares, deriva das mudan\u00e7as clim\u00e1ticas e das inunda\u00e7\u00f5es resultantes. O avan\u00e7o do mar n\u00e3o s\u00f3 desafia as infraestruturas locais, mas tamb\u00e9m representa um impacto significativo no desenvolvimento humano, exigindo medidas globais de enfrentamento.<\/p>\n\n\n\n<h2 class=\"wp-block-heading\">Quais Cidades Est\u00e3o Sob Maior Risco de Inunda\u00e7\u00e3o?<\/h2>\n\n\n\n<p>O relat\u00f3rio da ONU aponta para a vulnerabilidade de diversas cidades costeiras densamente povoadas. Locais como <strong>Santos<\/strong>, no <strong><a href=\"https:\/\/www.em.com.br\/emfoco\/2024\/12\/03\/veja-o-ranking-de-qualidade-de-vida-nas-capitais-brasileiras\/\" target=\"_blank\" rel=\"noreferrer noopener\">Brasil<\/a><\/strong>, <strong>Cotonou<\/strong>, no Benim, e <strong>Calcut\u00e1<\/strong>, na \u00cdndia, est\u00e3o no epicentro do risco. A estimativa \u00e9 de que at\u00e9 5% da popula\u00e7\u00e3o em zonas costeiras poder\u00e1 ser afetada diretamente pelas mudan\u00e7as no n\u00edvel do mar, aumentando a urg\u00eancia por a\u00e7\u00f5es estrat\u00e9gicas para mitigar este impacto.<\/p>\n\n\n\n<figure class=\"wp-block-image size-large\"><img loading=\"lazy\" decoding=\"async\" width=\"1024\" height=\"576\" src=\"https:\/\/www.em.com.br\/emfoco\/wp-content\/uploads\/2024\/11\/praia-inundada_1733011385984-1024x576.jpg\" alt=\"Cidades Costeiras Sob Amea\u00e7a: O Perigo do Mar Subindo.\" class=\"wp-image-2561\" srcset=\"https:\/\/www.em.com.br\/emfoco\/wp-content\/uploads\/2024\/11\/praia-inundada_1733011385984-1024x576.jpg 1024w, https:\/\/www.em.com.br\/emfoco\/wp-content\/uploads\/2024\/11\/praia-inundada_1733011385984-300x169.jpg 300w, https:\/\/www.em.com.br\/emfoco\/wp-content\/uploads\/2024\/11\/praia-inundada_1733011385984-768x432.jpg 768w, https:\/\/www.em.com.br\/emfoco\/wp-content\/uploads\/2024\/11\/praia-inundada_1733011385984-750x422.jpg 750w, https:\/\/www.em.com.br\/emfoco\/wp-content\/uploads\/2024\/11\/praia-inundada_1733011385984-1140x641.jpg 1140w, https:\/\/www.em.com.br\/emfoco\/wp-content\/uploads\/2024\/11\/praia-inundada_1733011385984.jpg 1280w\" sizes=\"auto, (max-width: 1024px) 100vw, 1024px\" \/><figcaption class=\"wp-element-caption\">Cidade inundada &#8211; Cr\u00e9ditos: depositphotos.com \/ ferdel99<\/figcaption><\/figure>\n\n\n\n<h2 class=\"wp-block-heading\">Quais Iniciativas Santos Est\u00e1 Empregando Contra a Eros\u00e3o?<\/h2>\n\n\n\n<p>Para combater a eros\u00e3o e proteger seus cidad\u00e3os, a cidade de Santos tem adotado medidas proativas. Um exemplo \u00e9 a instala\u00e7\u00e3o de uma barreira submersa na <strong>Ponta da Praia<\/strong> para conter a eros\u00e3o. Esta estrutura, composta por sacos de geot\u00eaxtil repletos de areia, tem ajudado a estabilizar a costa, promovendo a deposi\u00e7\u00e3o de sedimentos. Estas iniciativas n\u00e3o s\u00e3o apenas inovadoras, mas tamb\u00e9m sustent\u00e1veis e de f\u00e1cil manuten\u00e7\u00e3o, refletindo um compromisso com a preserva\u00e7\u00e3o do meio ambiente.<\/p>\n\n\n\n<h2 class=\"wp-block-heading\">O Que Est\u00e1 em Jogo Caso as Emiss\u00f5es N\u00e3o Sejam Reduzidas?<\/h2>\n\n\n\n<p>Se as atuais pr\u00e1ticas de emiss\u00e3o de gases de efeito estufa continuarem inalteradas, o impacto nas \u00e1reas costeiras ser\u00e1 ainda mais dram\u00e1tico. Proje\u00e7\u00f5es indicam que at\u00e9 10% das \u00e1reas podem ser submersas at\u00e9 2100, afetando gravemente cidades como <strong>Santos<\/strong> e <strong><a href=\"https:\/\/www.em.com.br\/emfoco\/2024\/12\/03\/rio-de-janeiro-x-sao-paulo-a-batalha-dos-destinos-turisticos\/\" target=\"_blank\" rel=\"noreferrer noopener\">Rio de Janeiro<\/a><\/strong>. A necessidade de pol\u00edticas agressivas de redu\u00e7\u00e3o de emiss\u00f5es \u00e9 imperativa para reverter essa tend\u00eancia.<\/p>\n\n\n\n<ol class=\"wp-block-list\">\n<li>Implementar infraestruturas resistentes a desastres naturais.<\/li>\n\n\n\n<li>Desenvolver pol\u00edticas p\u00fablicas de efici\u00eancia energ\u00e9tica e redu\u00e7\u00e3o de carbono.<\/li>\n\n\n\n<li>Fortalecer esfor\u00e7os de conserva\u00e7\u00e3o e recupera\u00e7\u00e3o ambiental.<\/li>\n<\/ol>\n\n\n\n<h2 class=\"wp-block-heading\">Qual \u00e9 a Import\u00e2ncia da Participa\u00e7\u00e3o da Sociedade?<\/h2>\n\n\n\n<p>A responsabilidade de lidar com esta amea\u00e7a clim\u00e1tica n\u00e3o \u00e9 exclusiva dos governos. A sociedade desempenha um papel crucial na conscientiza\u00e7\u00e3o e implementa\u00e7\u00e3o de pr\u00e1ticas sustent\u00e1veis. Mudan\u00e7as no comportamento coletivo e individual podem contribuir significativamente na mitiga\u00e7\u00e3o dos impactos ambientais.<\/p>\n\n\n\n<ul class=\"wp-block-list\">\n<li>Reduzir o uso de materiais descart\u00e1veis e promover reciclagem.<\/li>\n\n\n\n<li>Optar por transportes ecologicamente sustent\u00e1veis.<\/li>\n\n\n\n<li>Participar de projetos de plantio e prote\u00e7\u00e3o de \u00e1reas naturais.<\/li>\n<\/ul>\n\n\n\n<p>Portanto, a a\u00e7\u00e3o conjunta entre autoridades e cidad\u00e3os \u00e9 essencial para assegurar que as gera\u00e7\u00f5es futuras tenham um ambiente seguro e sustent\u00e1vel.<\/p>\n","protected":false},"excerpt":{"rendered":"<p>Recentemente, a Organiza\u00e7\u00e3o das Na\u00e7\u00f5es Unidas (ONU) apresentou uma an\u00e1lise preocupante sobre o futuro das cidades costeiras em todo o mundo. Segundo o estudo, \u00e1reas urbanas como Santos e Rio de Janeiro correm o risco de submers\u00e3o at\u00e9 2050 devido ao aumento do n\u00edvel do mar. Esta avalia\u00e7\u00e3o baseia-se em informa\u00e7\u00f5es do Programa das Na\u00e7\u00f5es [&hellip;]<\/p>\n","protected":false},"author":5,"featured_media":2560,"comment_status":"open","ping_status":"open","sticky":false,"template":"","format":"standard","meta":{"jnews-multi-image_gallery":[],"jnews_single_post":{"format":"standard"},"jnews_primary_category":[],"jnews_social_meta":[],"jnews_override_counter":[],"footnotes":""},"categories":[26,1],"tags":[1317,158,588,391,151,845,1192],"class_list":["post-2558","post","type-post","status-publish","format-standard","has-post-thumbnail","hentry","category-cidades","category-noticias","tag-ameacas-climaticas","tag-brasil","tag-mar","tag-praia","tag-rio-de-janeiro","tag-santos","tag-sudeste"],"yoast_head":"<!-- This site is optimized with the Yoast SEO plugin v23.8 - https:\/\/yoast.com\/wordpress\/plugins\/seo\/ -->\n<title>Cidades Costeiras Sob Amea\u00e7a: O Perigo do Mar Subindo. - Estado de Minas - Em foco<\/title>\n<meta name=\"description\" content=\"O aumento do n\u00edvel do mar coloca cidades em risco de inunda\u00e7\u00e3o. Descubra como as mudan\u00e7as clim\u00e1ticas est\u00e3o afetando nossas costas.\" \/>\n<meta name=\"robots\" content=\"index, follow, max-snippet:-1, max-image-preview:large, max-video-preview:-1\" \/>\n<link rel=\"canonical\" href=\"https:\/\/www.em.com.br\/emfoco\/2024\/12\/05\/cidades-costeiras-sob-ameaca-o-perigo-do-mar-subindo\/\" \/>\n<meta property=\"og:locale\" content=\"pt_BR\" \/>\n<meta property=\"og:type\" content=\"article\" \/>\n<meta property=\"og:title\" content=\"Cidades Costeiras Sob Amea\u00e7a: O Perigo do Mar Subindo. - Estado de Minas - Em foco\" \/>\n<meta property=\"og:description\" content=\"O aumento do n\u00edvel do mar coloca cidades em risco de inunda\u00e7\u00e3o. Descubra como as mudan\u00e7as clim\u00e1ticas est\u00e3o afetando nossas costas.\" \/>\n<meta property=\"og:url\" content=\"https:\/\/www.em.com.br\/emfoco\/2024\/12\/05\/cidades-costeiras-sob-ameaca-o-perigo-do-mar-subindo\/\" \/>\n<meta property=\"og:site_name\" content=\"Estado de Minas - Em foco\" \/>\n<meta property=\"article:published_time\" content=\"2024-12-05T16:40:00+00:00\" \/>\n<meta property=\"article:modified_time\" content=\"2024-12-04T19:40:26+00:00\" \/>\n<meta property=\"og:image\" content=\"https:\/\/www.em.com.br\/emfoco\/wp-content\/uploads\/2024\/11\/praia-inundada_1733010855444.jpg\" \/>\n\t<meta property=\"og:image:width\" content=\"1280\" \/>\n\t<meta property=\"og:image:height\" content=\"720\" \/>\n\t<meta property=\"og:image:type\" content=\"image\/jpeg\" \/>\n<meta name=\"author\" content=\"N\u00fabia Rangel\" \/>\n<meta name=\"twitter:card\" content=\"summary_large_image\" \/>\n<meta name=\"twitter:label1\" content=\"Escrito por\" \/>\n\t<meta name=\"twitter:data1\" content=\"N\u00fabia Rangel\" \/>\n\t<meta name=\"twitter:label2\" content=\"Est. tempo de leitura\" \/>\n\t<meta name=\"twitter:data2\" content=\"3 minutos\" \/>\n<!-- \/ Yoast SEO plugin. -->","yoast_head_json":{"title":"Cidades Costeiras Sob Amea\u00e7a: O Perigo do Mar Subindo. - Estado de Minas - Em foco","description":"O aumento do n\u00edvel do mar coloca cidades em risco de inunda\u00e7\u00e3o. Descubra como as mudan\u00e7as clim\u00e1ticas est\u00e3o afetando nossas costas.","robots":{"index":"index","follow":"follow","max-snippet":"max-snippet:-1","max-image-preview":"max-image-preview:large","max-video-preview":"max-video-preview:-1"},"canonical":"https:\/\/www.em.com.br\/emfoco\/2024\/12\/05\/cidades-costeiras-sob-ameaca-o-perigo-do-mar-subindo\/","og_locale":"pt_BR","og_type":"article","og_title":"Cidades Costeiras Sob Amea\u00e7a: O Perigo do Mar Subindo. - Estado de Minas - Em foco","og_description":"O aumento do n\u00edvel do mar coloca cidades em risco de inunda\u00e7\u00e3o. Descubra como as mudan\u00e7as clim\u00e1ticas est\u00e3o afetando nossas costas.","og_url":"https:\/\/www.em.com.br\/emfoco\/2024\/12\/05\/cidades-costeiras-sob-ameaca-o-perigo-do-mar-subindo\/","og_site_name":"Estado de Minas - Em foco","article_published_time":"2024-12-05T16:40:00+00:00","article_modified_time":"2024-12-04T19:40:26+00:00","og_image":[{"width":1280,"height":720,"url":"https:\/\/www.em.com.br\/emfoco\/wp-content\/uploads\/2024\/11\/praia-inundada_1733010855444.jpg","type":"image\/jpeg"}],"author":"N\u00fabia Rangel","twitter_card":"summary_large_image","twitter_misc":{"Escrito por":"N\u00fabia Rangel","Est. tempo de leitura":"3 minutos"},"schema":{"@context":"https:\/\/schema.org","@graph":[{"@type":"WebPage","@id":"https:\/\/www.em.com.br\/emfoco\/2024\/12\/05\/cidades-costeiras-sob-ameaca-o-perigo-do-mar-subindo\/","url":"https:\/\/www.em.com.br\/emfoco\/2024\/12\/05\/cidades-costeiras-sob-ameaca-o-perigo-do-mar-subindo\/","name":"Cidades Costeiras Sob Amea\u00e7a: O Perigo do Mar Subindo. - Estado de Minas - Em foco","isPartOf":{"@id":"https:\/\/www.em.com.br\/emfoco\/#website"},"primaryImageOfPage":{"@id":"https:\/\/www.em.com.br\/emfoco\/2024\/12\/05\/cidades-costeiras-sob-ameaca-o-perigo-do-mar-subindo\/#primaryimage"},"image":{"@id":"https:\/\/www.em.com.br\/emfoco\/2024\/12\/05\/cidades-costeiras-sob-ameaca-o-perigo-do-mar-subindo\/#primaryimage"},"thumbnailUrl":"https:\/\/www.em.com.br\/emfoco\/wp-content\/uploads\/2024\/11\/praia-inundada_1733010855444.jpg","datePublished":"2024-12-05T16:40:00+00:00","dateModified":"2024-12-04T19:40:26+00:00","author":{"@id":"https:\/\/www.em.com.br\/emfoco\/#\/schema\/person\/524437ef54f8a5d32591b143307f2e20"},"description":"O aumento do n\u00edvel do mar coloca cidades em risco de inunda\u00e7\u00e3o. Descubra como as mudan\u00e7as clim\u00e1ticas est\u00e3o afetando nossas costas.","breadcrumb":{"@id":"https:\/\/www.em.com.br\/emfoco\/2024\/12\/05\/cidades-costeiras-sob-ameaca-o-perigo-do-mar-subindo\/#breadcrumb"},"inLanguage":"pt-BR","potentialAction":[{"@type":"ReadAction","target":["https:\/\/www.em.com.br\/emfoco\/2024\/12\/05\/cidades-costeiras-sob-ameaca-o-perigo-do-mar-subindo\/"]}]},{"@type":"ImageObject","inLanguage":"pt-BR","@id":"https:\/\/www.em.com.br\/emfoco\/2024\/12\/05\/cidades-costeiras-sob-ameaca-o-perigo-do-mar-subindo\/#primaryimage","url":"https:\/\/www.em.com.br\/emfoco\/wp-content\/uploads\/2024\/11\/praia-inundada_1733010855444.jpg","contentUrl":"https:\/\/www.em.com.br\/emfoco\/wp-content\/uploads\/2024\/11\/praia-inundada_1733010855444.jpg","width":1280,"height":720,"caption":"Praia Inundada - Cr\u00e9ditos: depositphotos.com \/ ferdel99"},{"@type":"BreadcrumbList","@id":"https:\/\/www.em.com.br\/emfoco\/2024\/12\/05\/cidades-costeiras-sob-ameaca-o-perigo-do-mar-subindo\/#breadcrumb","itemListElement":[{"@type":"ListItem","position":1,"name":"In\u00edcio","item":"https:\/\/www.em.com.br\/emfoco\/"},{"@type":"ListItem","position":2,"name":"Cidades Costeiras Sob Amea\u00e7a: O Perigo do Mar Subindo."}]},{"@type":"WebSite","@id":"https:\/\/www.em.com.br\/emfoco\/#website","url":"https:\/\/www.em.com.br\/emfoco\/","name":"Estado de Minas - Em foco","description":"Acompanhe as \u00faltimas not\u00edcias e fique bem informado sobre tudo o que acontece em Minas Gerais, Brasil e no mundo.","potentialAction":[{"@type":"SearchAction","target":{"@type":"EntryPoint","urlTemplate":"https:\/\/www.em.com.br\/emfoco\/?s={search_term_string}"},"query-input":{"@type":"PropertyValueSpecification","valueRequired":true,"valueName":"search_term_string"}}],"inLanguage":"pt-BR"},{"@type":"Person","@id":"https:\/\/www.em.com.br\/emfoco\/#\/schema\/person\/524437ef54f8a5d32591b143307f2e20","name":"N\u00fabia Rangel","image":{"@type":"ImageObject","inLanguage":"pt-BR","@id":"https:\/\/www.em.com.br\/emfoco\/#\/schema\/person\/image\/","url":"https:\/\/secure.gravatar.com\/avatar\/47cff2827a5ba23c37e8068c86817ea4?s=96&d=mm&r=g","contentUrl":"https:\/\/secure.gravatar.com\/avatar\/47cff2827a5ba23c37e8068c86817ea4?s=96&d=mm&r=g","caption":"N\u00fabia Rangel"},"sameAs":["https:\/\/www.em.com.br\/emfoco\/"],"url":"https:\/\/www.em.com.br\/emfoco\/author\/nubiamyth\/"}]}},"_links":{"self":[{"href":"https:\/\/www.em.com.br\/emfoco\/wp-json\/wp\/v2\/posts\/2558","targetHints":{"allow":["GET"]}}],"collection":[{"href":"https:\/\/www.em.com.br\/emfoco\/wp-json\/wp\/v2\/posts"}],"about":[{"href":"https:\/\/www.em.com.br\/emfoco\/wp-json\/wp\/v2\/types\/post"}],"author":[{"embeddable":true,"href":"https:\/\/www.em.com.br\/emfoco\/wp-json\/wp\/v2\/users\/5"}],"replies":[{"embeddable":true,"href":"https:\/\/www.em.com.br\/emfoco\/wp-json\/wp\/v2\/comments?post=2558"}],"version-history":[{"count":3,"href":"https:\/\/www.em.com.br\/emfoco\/wp-json\/wp\/v2\/posts\/2558\/revisions"}],"predecessor-version":[{"id":3278,"href":"https:\/\/www.em.com.br\/emfoco\/wp-json\/wp\/v2\/posts\/2558\/revisions\/3278"}],"wp:featuredmedia":[{"embeddable":true,"href":"https:\/\/www.em.com.br\/emfoco\/wp-json\/wp\/v2\/media\/2560"}],"wp:attachment":[{"href":"https:\/\/www.em.com.br\/emfoco\/wp-json\/wp\/v2\/media?parent=2558"}],"wp:term":[{"taxonomy":"category","embeddable":true,"href":"https:\/\/www.em.com.br\/emfoco\/wp-json\/wp\/v2\/categories?post=2558"},{"taxonomy":"post_tag","embeddable":true,"href":"https:\/\/www.em.com.br\/emfoco\/wp-json\/wp\/v2\/tags?post=2558"}],"curies":[{"name":"wp","href":"https:\/\/api.w.org\/{rel}","templated":true}]}}