{"id":25561,"date":"2025-03-16T08:40:00","date_gmt":"2025-03-16T11:40:00","guid":{"rendered":"https:\/\/www.em.com.br\/emfoco\/?p=25561"},"modified":"2025-03-05T15:09:20","modified_gmt":"2025-03-05T18:09:20","slug":"bpc-exige-atualizacao-no-cadastro-unico-e-novo-criterio-para-concessao","status":"publish","type":"post","link":"https:\/\/www.em.com.br\/emfoco\/2025\/03\/16\/bpc-exige-atualizacao-no-cadastro-unico-e-novo-criterio-para-concessao\/","title":{"rendered":"BPC exige atualiza\u00e7\u00e3o no cadastro \u00fanico e novo crit\u00e9rio para concess\u00e3o"},"content":{"rendered":"\n<p>O <strong>Benef\u00edcio de Presta\u00e7\u00e3o Continuada (BPC)<\/strong> \u00e9 uma iniciativa do governo brasileiro destinada a fornecer suporte financeiro a pessoas em situa\u00e7\u00e3o de vulnerabilidade. <strong>Institu\u00eddo pela Lei Org\u00e2nica de Assist\u00eancia Social (LOAS)<\/strong>, o BPC assegura um sal\u00e1rio m\u00ednimo mensal a <strong><a href=\"https:\/\/carteiraidoso.cidadania.gov.br\/\" target=\"_blank\" rel=\"noreferrer noopener\">idosos<\/a><\/strong> a partir de 65 anos e a pessoas com defici\u00eancia que n\u00e3o t\u00eam meios de se sustentar. Este <strong><a href=\"https:\/\/www.em.com.br\/emfoco\/2025\/02\/02\/ipva-2025-quais-estados-oferecem-os-melhores-beneficios-para-carros-eletricos-e-hibridos\/\" target=\"_blank\" rel=\"noreferrer noopener\">benef\u00edcio<\/a><\/strong> \u00e9 essencial para garantir uma vida digna a quem n\u00e3o possui recursos suficientes.<\/p>\n\n\n\n<p>O BPC se diferencia de outros benef\u00edcios previdenci\u00e1rios por n\u00e3o exigir contribui\u00e7\u00f5es pr\u00e9vias ao sistema de seguridade social. Seu foco \u00e9 atender a popula\u00e7\u00e3o mais carente, garantindo que todos tenham acesso a um m\u00ednimo de recursos para suas necessidades b\u00e1sicas.<\/p>\n\n\n\n<h2 class=\"wp-block-heading\">Quais s\u00e3o as novas regras do BPC em 2025?<\/h2>\n\n\n\n<p>Em 2025, o BPC passou por altera\u00e7\u00f5es significativas para aprimorar sua gest\u00e3o e assegurar que o aux\u00edlio chegue a quem realmente precisa. Uma das mudan\u00e7as mais not\u00e1veis \u00e9 a <strong>exig\u00eancia de registro na Classifica\u00e7\u00e3o Internacional de Doen\u00e7as (CID)<\/strong> para pessoas com defici\u00eancia. Esta medida visa confirmar que o benef\u00edcio \u00e9 destinado a quem possui impedimentos que impactam sua vida cotidiana.<\/p>\n\n\n\n<p>Outra altera\u00e7\u00e3o importante \u00e9 a <strong>necessidade de atualiza\u00e7\u00e3o do Cadastro \u00danico<\/strong> a cada dois anos. Essa atualiza\u00e7\u00e3o \u00e9 crucial para manter a integridade dos dados e evitar fraudes. O n\u00e3o cumprimento dessa exig\u00eancia pode resultar na suspens\u00e3o do benef\u00edcio, afetando aqueles que n\u00e3o mant\u00eam suas informa\u00e7\u00f5es atualizadas.<\/p>\n\n\n\n<figure class=\"wp-block-image size-large\"><img loading=\"lazy\" decoding=\"async\" width=\"1024\" height=\"576\" src=\"https:\/\/www.em.com.br\/emfoco\/wp-content\/uploads\/2025\/01\/dinheiro-brasil_1738187229576-1024x576.jpg\" alt=\"Governo divulga data de pagamentos do Bolsa Fam\u00edlia para Mar\u00e7o\/2025\" class=\"wp-image-14751\" srcset=\"https:\/\/www.em.com.br\/emfoco\/wp-content\/uploads\/2025\/01\/dinheiro-brasil_1738187229576-1024x576.jpg 1024w, https:\/\/www.em.com.br\/emfoco\/wp-content\/uploads\/2025\/01\/dinheiro-brasil_1738187229576-300x169.jpg 300w, https:\/\/www.em.com.br\/emfoco\/wp-content\/uploads\/2025\/01\/dinheiro-brasil_1738187229576-768x432.jpg 768w, https:\/\/www.em.com.br\/emfoco\/wp-content\/uploads\/2025\/01\/dinheiro-brasil_1738187229576-750x422.jpg 750w, https:\/\/www.em.com.br\/emfoco\/wp-content\/uploads\/2025\/01\/dinheiro-brasil_1738187229576-1140x641.jpg 1140w, https:\/\/www.em.com.br\/emfoco\/wp-content\/uploads\/2025\/01\/dinheiro-brasil_1738187229576.jpg 1280w\" sizes=\"auto, (max-width: 1024px) 100vw, 1024px\" \/><figcaption class=\"wp-element-caption\">Imagem Ilustrativa de Dinheiro &#8211; Cr\u00e9ditos: depositphotos.com \/ verganifotografia<\/figcaption><\/figure>\n\n\n\n<h2 class=\"wp-block-heading\">Como funciona o c\u00e1lculo da renda familiar per capita?<\/h2>\n\n\n\n<p>O c\u00e1lculo da renda familiar per capita \u00e9 um dos crit\u00e9rios principais para a concess\u00e3o do BPC. Ele \u00e9 feito somando-se a renda de todos os membros da fam\u00edlia e dividindo-se pelo n\u00famero total de pessoas. No entanto, algumas rendas s\u00e3o exclu\u00eddas desse c\u00e1lculo para garantir que o benef\u00edcio atenda quem realmente necessita.<\/p>\n\n\n\n<ul class=\"wp-block-list\">\n<li>Rendimentos de programas de est\u00e1gio ou aprendizagem supervisionada.<\/li>\n\n\n\n<li>Benef\u00edcios assistenciais ou previdenci\u00e1rios de at\u00e9 um sal\u00e1rio m\u00ednimo recebidos por outros membros da fam\u00edlia.<\/li>\n\n\n\n<li>Aux\u00edlios tempor\u00e1rios ou indeniza\u00e7\u00f5es por desastres naturais.<\/li>\n<\/ul>\n\n\n\n<p>Essas exclus\u00f5es ajudam a direcionar o benef\u00edcio para aqueles que est\u00e3o em situa\u00e7\u00e3o de maior vulnerabilidade.<\/p>\n\n\n\n<h2 class=\"wp-block-heading\">Impactos das mudan\u00e7as para os benefici\u00e1rios<\/h2>\n\n\n\n<p>As altera\u00e7\u00f5es nas regras do BPC visam tornar o benef\u00edcio mais eficaz, mas tamb\u00e9m podem ter efeitos adversos para alguns benefici\u00e1rios. A exig\u00eancia de atualiza\u00e7\u00e3o do <strong>Cadastro \u00danico<\/strong> e a necessidade de registro no <strong>CID<\/strong> para pessoas com defici\u00eancia podem resultar na perda do benef\u00edcio para aqueles que n\u00e3o cumprirem essas condi\u00e7\u00f5es.<\/p>\n\n\n\n<p>Para os idosos, as mudan\u00e7as s\u00e3o menos impactantes, mas a fiscaliza\u00e7\u00e3o das condi\u00e7\u00f5es de vulnerabilidade foi intensificada. J\u00e1 para pessoas com defici\u00eancia, a exig\u00eancia de uma avalia\u00e7\u00e3o m\u00e9dica formal pode ser um desafio, especialmente para aqueles sem f\u00e1cil acesso a servi\u00e7os de sa\u00fade.<\/p>\n\n\n\n<h2 class=\"wp-block-heading\">Onde obter informa\u00e7\u00f5es e suporte sobre o BPC?<\/h2>\n\n\n\n<p>Para garantir a continuidade do benef\u00edcio, \u00e9 essencial que os benefici\u00e1rios se mantenham informados sobre as novas regras. Os canais oficiais, como o <strong>INSS<\/strong> e os <strong>Centros de Refer\u00eancia de Assist\u00eancia Social (CRAS)<\/strong>, s\u00e3o os melhores locais para obter informa\u00e7\u00f5es e realizar atualiza\u00e7\u00f5es de dados.<\/p>\n\n\n\n<p>Manter-se atualizado e cumprir as novas exig\u00eancias s\u00e3o passos fundamentais para assegurar que o BPC continue a ser uma fonte de apoio para aqueles que mais precisam. A conscientiza\u00e7\u00e3o sobre as mudan\u00e7as \u00e9 crucial para evitar a interrup\u00e7\u00e3o do benef\u00edcio.<\/p>\n","protected":false},"excerpt":{"rendered":"<p>O Benef\u00edcio de Presta\u00e7\u00e3o Continuada (BPC) \u00e9 uma iniciativa do governo brasileiro destinada a fornecer suporte financeiro a pessoas em situa\u00e7\u00e3o de vulnerabilidade. Institu\u00eddo pela Lei Org\u00e2nica de Assist\u00eancia Social (LOAS), o BPC assegura um sal\u00e1rio m\u00ednimo mensal a idosos a partir de 65 anos e a pessoas com defici\u00eancia que n\u00e3o t\u00eam meios de [&hellip;]<\/p>\n","protected":false},"author":5,"featured_media":20605,"comment_status":"open","ping_status":"open","sticky":false,"template":"","format":"standard","meta":{"jnews-multi-image_gallery":[],"jnews_single_post":{"format":"standard"},"jnews_primary_category":[],"jnews_social_meta":[],"jnews_override_counter":[],"footnotes":""},"categories":[28,1],"tags":[498,490,2257,5914],"class_list":["post-25561","post","type-post","status-publish","format-standard","has-post-thumbnail","hentry","category-economia","category-noticias","tag-assistencia-social","tag-idoso","tag-pessoa-com-deficiencia","tag-vulnerabilidade-socioeconomica"],"yoast_head":"<!-- This site is optimized with the Yoast SEO plugin v23.8 - https:\/\/yoast.com\/wordpress\/plugins\/seo\/ -->\n<title>BPC exige atualiza\u00e7\u00e3o no cadastro \u00fanico e novo crit\u00e9rio para concess\u00e3o - Estado de Minas - Em foco<\/title>\n<meta name=\"description\" content=\"O BPC agora exige registro no CID para pessoas com defici\u00eancia. Veja como solicitar e evitar cortes. Saiba mais!\" \/>\n<meta name=\"robots\" content=\"index, follow, max-snippet:-1, max-image-preview:large, max-video-preview:-1\" \/>\n<link rel=\"canonical\" href=\"https:\/\/www.em.com.br\/emfoco\/2025\/03\/16\/bpc-exige-atualizacao-no-cadastro-unico-e-novo-criterio-para-concessao\/\" \/>\n<meta property=\"og:locale\" content=\"pt_BR\" \/>\n<meta property=\"og:type\" content=\"article\" \/>\n<meta property=\"og:title\" content=\"BPC exige atualiza\u00e7\u00e3o no cadastro \u00fanico e novo crit\u00e9rio para concess\u00e3o - Estado de Minas - Em foco\" \/>\n<meta property=\"og:description\" content=\"O BPC agora exige registro no CID para pessoas com defici\u00eancia. Veja como solicitar e evitar cortes. Saiba mais!\" \/>\n<meta property=\"og:url\" content=\"https:\/\/www.em.com.br\/emfoco\/2025\/03\/16\/bpc-exige-atualizacao-no-cadastro-unico-e-novo-criterio-para-concessao\/\" \/>\n<meta property=\"og:site_name\" content=\"Estado de Minas - Em foco\" \/>\n<meta property=\"article:published_time\" content=\"2025-03-16T11:40:00+00:00\" \/>\n<meta property=\"article:modified_time\" content=\"2025-03-05T18:09:20+00:00\" \/>\n<meta property=\"og:image\" content=\"https:\/\/www.em.com.br\/emfoco\/wp-content\/uploads\/2025\/02\/esse-105.jpg\" \/>\n\t<meta property=\"og:image:width\" content=\"1280\" \/>\n\t<meta property=\"og:image:height\" content=\"720\" \/>\n\t<meta property=\"og:image:type\" content=\"image\/jpeg\" \/>\n<meta name=\"author\" content=\"N\u00fabia Rangel\" \/>\n<meta name=\"twitter:card\" content=\"summary_large_image\" \/>\n<meta name=\"twitter:label1\" content=\"Escrito por\" \/>\n\t<meta name=\"twitter:data1\" content=\"N\u00fabia Rangel\" \/>\n\t<meta name=\"twitter:label2\" content=\"Est. tempo de leitura\" \/>\n\t<meta name=\"twitter:data2\" content=\"4 minutos\" \/>\n<!-- \/ Yoast SEO plugin. -->","yoast_head_json":{"title":"BPC exige atualiza\u00e7\u00e3o no cadastro \u00fanico e novo crit\u00e9rio para concess\u00e3o - Estado de Minas - Em foco","description":"O BPC agora exige registro no CID para pessoas com defici\u00eancia. Veja como solicitar e evitar cortes. Saiba mais!","robots":{"index":"index","follow":"follow","max-snippet":"max-snippet:-1","max-image-preview":"max-image-preview:large","max-video-preview":"max-video-preview:-1"},"canonical":"https:\/\/www.em.com.br\/emfoco\/2025\/03\/16\/bpc-exige-atualizacao-no-cadastro-unico-e-novo-criterio-para-concessao\/","og_locale":"pt_BR","og_type":"article","og_title":"BPC exige atualiza\u00e7\u00e3o no cadastro \u00fanico e novo crit\u00e9rio para concess\u00e3o - Estado de Minas - Em foco","og_description":"O BPC agora exige registro no CID para pessoas com defici\u00eancia. Veja como solicitar e evitar cortes. Saiba mais!","og_url":"https:\/\/www.em.com.br\/emfoco\/2025\/03\/16\/bpc-exige-atualizacao-no-cadastro-unico-e-novo-criterio-para-concessao\/","og_site_name":"Estado de Minas - Em foco","article_published_time":"2025-03-16T11:40:00+00:00","article_modified_time":"2025-03-05T18:09:20+00:00","og_image":[{"width":1280,"height":720,"url":"https:\/\/www.em.com.br\/emfoco\/wp-content\/uploads\/2025\/02\/esse-105.jpg","type":"image\/jpeg"}],"author":"N\u00fabia Rangel","twitter_card":"summary_large_image","twitter_misc":{"Escrito por":"N\u00fabia Rangel","Est. tempo de leitura":"4 minutos"},"schema":{"@context":"https:\/\/schema.org","@graph":[{"@type":"WebPage","@id":"https:\/\/www.em.com.br\/emfoco\/2025\/03\/16\/bpc-exige-atualizacao-no-cadastro-unico-e-novo-criterio-para-concessao\/","url":"https:\/\/www.em.com.br\/emfoco\/2025\/03\/16\/bpc-exige-atualizacao-no-cadastro-unico-e-novo-criterio-para-concessao\/","name":"BPC exige atualiza\u00e7\u00e3o no cadastro \u00fanico e novo crit\u00e9rio para concess\u00e3o - Estado de Minas - Em foco","isPartOf":{"@id":"https:\/\/www.em.com.br\/emfoco\/#website"},"primaryImageOfPage":{"@id":"https:\/\/www.em.com.br\/emfoco\/2025\/03\/16\/bpc-exige-atualizacao-no-cadastro-unico-e-novo-criterio-para-concessao\/#primaryimage"},"image":{"@id":"https:\/\/www.em.com.br\/emfoco\/2025\/03\/16\/bpc-exige-atualizacao-no-cadastro-unico-e-novo-criterio-para-concessao\/#primaryimage"},"thumbnailUrl":"https:\/\/www.em.com.br\/emfoco\/wp-content\/uploads\/2025\/02\/esse-105.jpg","datePublished":"2025-03-16T11:40:00+00:00","dateModified":"2025-03-05T18:09:20+00:00","author":{"@id":"https:\/\/www.em.com.br\/emfoco\/#\/schema\/person\/524437ef54f8a5d32591b143307f2e20"},"description":"O BPC agora exige registro no CID para pessoas com defici\u00eancia. Veja como solicitar e evitar cortes. Saiba mais!","breadcrumb":{"@id":"https:\/\/www.em.com.br\/emfoco\/2025\/03\/16\/bpc-exige-atualizacao-no-cadastro-unico-e-novo-criterio-para-concessao\/#breadcrumb"},"inLanguage":"pt-BR","potentialAction":[{"@type":"ReadAction","target":["https:\/\/www.em.com.br\/emfoco\/2025\/03\/16\/bpc-exige-atualizacao-no-cadastro-unico-e-novo-criterio-para-concessao\/"]}]},{"@type":"ImageObject","inLanguage":"pt-BR","@id":"https:\/\/www.em.com.br\/emfoco\/2025\/03\/16\/bpc-exige-atualizacao-no-cadastro-unico-e-novo-criterio-para-concessao\/#primaryimage","url":"https:\/\/www.em.com.br\/emfoco\/wp-content\/uploads\/2025\/02\/esse-105.jpg","contentUrl":"https:\/\/www.em.com.br\/emfoco\/wp-content\/uploads\/2025\/02\/esse-105.jpg","width":1280,"height":720,"caption":"Presidente Lula - Cr\u00e9ditos: depositphotos.com \/ thenews2.com"},{"@type":"BreadcrumbList","@id":"https:\/\/www.em.com.br\/emfoco\/2025\/03\/16\/bpc-exige-atualizacao-no-cadastro-unico-e-novo-criterio-para-concessao\/#breadcrumb","itemListElement":[{"@type":"ListItem","position":1,"name":"In\u00edcio","item":"https:\/\/www.em.com.br\/emfoco\/"},{"@type":"ListItem","position":2,"name":"BPC exige atualiza\u00e7\u00e3o no cadastro \u00fanico e novo crit\u00e9rio para concess\u00e3o"}]},{"@type":"WebSite","@id":"https:\/\/www.em.com.br\/emfoco\/#website","url":"https:\/\/www.em.com.br\/emfoco\/","name":"Estado de Minas - Em foco","description":"Acompanhe as \u00faltimas not\u00edcias e fique bem informado sobre tudo o que acontece em Minas Gerais, Brasil e no mundo.","potentialAction":[{"@type":"SearchAction","target":{"@type":"EntryPoint","urlTemplate":"https:\/\/www.em.com.br\/emfoco\/?s={search_term_string}"},"query-input":{"@type":"PropertyValueSpecification","valueRequired":true,"valueName":"search_term_string"}}],"inLanguage":"pt-BR"},{"@type":"Person","@id":"https:\/\/www.em.com.br\/emfoco\/#\/schema\/person\/524437ef54f8a5d32591b143307f2e20","name":"N\u00fabia Rangel","image":{"@type":"ImageObject","inLanguage":"pt-BR","@id":"https:\/\/www.em.com.br\/emfoco\/#\/schema\/person\/image\/","url":"https:\/\/secure.gravatar.com\/avatar\/47cff2827a5ba23c37e8068c86817ea4?s=96&d=mm&r=g","contentUrl":"https:\/\/secure.gravatar.com\/avatar\/47cff2827a5ba23c37e8068c86817ea4?s=96&d=mm&r=g","caption":"N\u00fabia Rangel"},"sameAs":["https:\/\/www.em.com.br\/emfoco\/"],"url":"https:\/\/www.em.com.br\/emfoco\/author\/nubiamyth\/"}]}},"_links":{"self":[{"href":"https:\/\/www.em.com.br\/emfoco\/wp-json\/wp\/v2\/posts\/25561","targetHints":{"allow":["GET"]}}],"collection":[{"href":"https:\/\/www.em.com.br\/emfoco\/wp-json\/wp\/v2\/posts"}],"about":[{"href":"https:\/\/www.em.com.br\/emfoco\/wp-json\/wp\/v2\/types\/post"}],"author":[{"embeddable":true,"href":"https:\/\/www.em.com.br\/emfoco\/wp-json\/wp\/v2\/users\/5"}],"replies":[{"embeddable":true,"href":"https:\/\/www.em.com.br\/emfoco\/wp-json\/wp\/v2\/comments?post=25561"}],"version-history":[{"count":2,"href":"https:\/\/www.em.com.br\/emfoco\/wp-json\/wp\/v2\/posts\/25561\/revisions"}],"predecessor-version":[{"id":25569,"href":"https:\/\/www.em.com.br\/emfoco\/wp-json\/wp\/v2\/posts\/25561\/revisions\/25569"}],"wp:featuredmedia":[{"embeddable":true,"href":"https:\/\/www.em.com.br\/emfoco\/wp-json\/wp\/v2\/media\/20605"}],"wp:attachment":[{"href":"https:\/\/www.em.com.br\/emfoco\/wp-json\/wp\/v2\/media?parent=25561"}],"wp:term":[{"taxonomy":"category","embeddable":true,"href":"https:\/\/www.em.com.br\/emfoco\/wp-json\/wp\/v2\/categories?post=25561"},{"taxonomy":"post_tag","embeddable":true,"href":"https:\/\/www.em.com.br\/emfoco\/wp-json\/wp\/v2\/tags?post=25561"}],"curies":[{"name":"wp","href":"https:\/\/api.w.org\/{rel}","templated":true}]}}