{"id":25501,"date":"2025-03-28T22:00:00","date_gmt":"2025-03-29T01:00:00","guid":{"rendered":"https:\/\/www.em.com.br\/emfoco\/?p=25501"},"modified":"2025-03-28T22:00:01","modified_gmt":"2025-03-29T01:00:01","slug":"demi-moore-revela-segredos-de-sua-carreira-e-vida-pessoal","status":"publish","type":"post","link":"https:\/\/www.em.com.br\/emfoco\/2025\/03\/28\/demi-moore-revela-segredos-de-sua-carreira-e-vida-pessoal\/","title":{"rendered":"Demi Moore revela segredos de sua carreira e vida pessoal"},"content":{"rendered":"\n<p><strong>Demi Moore<\/strong>, nascida em 11 de novembro de 1962, em <strong>Roswell, Novo M\u00e9xico<\/strong>, come\u00e7ou sua <strong><a href=\"https:\/\/www.em.com.br\/emfoco\/2025\/02\/11\/atriz-de-x-men-revela-detalhes-sobre-sua-trajetoria-e-desafios-na-carreira\/\" target=\"_blank\" rel=\"noreferrer noopener\">carreira<\/a><\/strong> no mundo do entretenimento ainda jovem. Antes de se tornar uma atriz renomada, Moore trabalhou como modelo e participou de pequenas produ\u00e7\u00f5es televisivas. Sua estreia no cinema ocorreu no in\u00edcio dos anos 1980, quando ela conseguiu um papel no filme &#8220;<strong>Choices<\/strong>&#8220;. Este foi o ponto de partida para uma carreira que viria a ser marcada por sucessos significativos.<\/p>\n\n\n\n<p>Moore rapidamente ganhou aten\u00e7\u00e3o por sua presen\u00e7a em cena e talento, o que a levou a pap\u00e9is mais substanciais. Durante essa fase inicial, ela participou de filmes como &#8220;<strong>Blame It on Rio<\/strong>&#8221; e &#8220;<strong>St. Elmo&#8217;s Fire<\/strong>&#8220;, que ajudaram a consolidar sua posi\u00e7\u00e3o em <strong><a href=\"https:\/\/www.netflix.com\/br\/title\/81088617\" target=\"_blank\" rel=\"noreferrer noopener\">Hollywood<\/a><\/strong>. Sua habilidade de se adaptar a diferentes pap\u00e9is foi crucial para o desenvolvimento de sua carreira.<\/p>\n\n\n\n<h2 class=\"wp-block-heading\">Sucessos da carreira de Demi Moore<\/h2>\n\n\n\n<p>O auge da carreira de Demi Moore veio com sua atua\u00e7\u00e3o em &#8220;<strong>Ghost<\/strong>&#8220;, de 1990, um filme que se tornou um fen\u00f4meno mundial. Sua interpreta\u00e7\u00e3o ao lado de <strong>Patrick Swayze e Whoopi Goldberg<\/strong> n\u00e3o s\u00f3 a catapultou para o estrelato, mas tamb\u00e9m a estabeleceu como uma das atrizes mais procuradas de sua gera\u00e7\u00e3o. Outro marco em sua carreira foi o filme &#8220;<strong>A Few Good Men<\/strong>&#8220;, onde contracenou com <strong>Tom Cruise e Jack Nicholson<\/strong>.<\/p>\n\n\n\n<p>Moore continuou a acumular sucessos com filmes como <strong>&#8220;Indecent Proposal&#8221; e &#8220;Disclosure&#8221;<\/strong>, que n\u00e3o apenas foram bem recebidos pelo p\u00fablico, mas tamb\u00e9m demonstraram sua versatilidade como atriz. Al\u00e9m disso, sua participa\u00e7\u00e3o em <strong>&#8220;G.I. Jane&#8221;<\/strong> destacou sua dedica\u00e7\u00e3o ao papel, ao raspar a cabe\u00e7a para interpretar uma soldado determinada.<\/p>\n\n\n\n<figure class=\"wp-block-image size-large\"><img loading=\"lazy\" decoding=\"async\" width=\"1024\" height=\"576\" src=\"https:\/\/www.em.com.br\/emfoco\/wp-content\/uploads\/2025\/01\/Demi_Moore_arrives_at_the_Fashion_Trust_US_Awards_2023_held_at_Goya_Studios_on_March_21_2023_in_H-1024x576.jpg\" alt=\"\" class=\"wp-image-15553\" srcset=\"https:\/\/www.em.com.br\/emfoco\/wp-content\/uploads\/2025\/01\/Demi_Moore_arrives_at_the_Fashion_Trust_US_Awards_2023_held_at_Goya_Studios_on_March_21_2023_in_H-1024x576.jpg 1024w, https:\/\/www.em.com.br\/emfoco\/wp-content\/uploads\/2025\/01\/Demi_Moore_arrives_at_the_Fashion_Trust_US_Awards_2023_held_at_Goya_Studios_on_March_21_2023_in_H-300x169.jpg 300w, https:\/\/www.em.com.br\/emfoco\/wp-content\/uploads\/2025\/01\/Demi_Moore_arrives_at_the_Fashion_Trust_US_Awards_2023_held_at_Goya_Studios_on_March_21_2023_in_H-768x432.jpg 768w, https:\/\/www.em.com.br\/emfoco\/wp-content\/uploads\/2025\/01\/Demi_Moore_arrives_at_the_Fashion_Trust_US_Awards_2023_held_at_Goya_Studios_on_March_21_2023_in_H-750x422.jpg 750w, https:\/\/www.em.com.br\/emfoco\/wp-content\/uploads\/2025\/01\/Demi_Moore_arrives_at_the_Fashion_Trust_US_Awards_2023_held_at_Goya_Studios_on_March_21_2023_in_H-1140x641.jpg 1140w, https:\/\/www.em.com.br\/emfoco\/wp-content\/uploads\/2025\/01\/Demi_Moore_arrives_at_the_Fashion_Trust_US_Awards_2023_held_at_Goya_Studios_on_March_21_2023_in_H.jpg 1280w\" sizes=\"auto, (max-width: 1024px) 100vw, 1024px\" \/><figcaption class=\"wp-element-caption\">Demi Moore -Cr\u00e9ditos: depositphotos.com \/ imagepressagency<\/figcaption><\/figure>\n\n\n\n<h2 class=\"wp-block-heading\">Qual \u00e9 o valor estimado da fortuna de Demi Moore?<\/h2>\n\n\n\n<p>Em 2025, o valor estimado da fortuna de Demi Moore \u00e9 de aproximadamente <strong>200 milh\u00f5es de d\u00f3lares<\/strong>. Esta cifra impressionante \u00e9 resultado de sua longa e bem-sucedida carreira no cinema, al\u00e9m de investimentos inteligentes e outras fontes de renda. Moore sempre foi conhecida por negociar contratos lucrativos, especialmente durante os anos 1990, quando se tornou uma das atrizes mais bem pagas de <strong>Hollywood<\/strong>.<\/p>\n\n\n\n<h2 class=\"wp-block-heading\">Fontes de renda de Demi Moore<\/h2>\n\n\n\n<p>Al\u00e9m de sua carreira cinematogr\u00e1fica, Demi Moore diversificou suas fontes de renda ao longo dos anos. Ela investiu em im\u00f3veis, adquirindo propriedades em locais valorizados. Moore tamb\u00e9m se aventurou no mundo dos neg\u00f3cios, incluindo a co-funda\u00e7\u00e3o de uma empresa de bebidas saud\u00e1veis. Al\u00e9m disso, ela recebe rendimentos de direitos autorais e participa\u00e7\u00f5es em filmes e s\u00e9ries de televis\u00e3o.<\/p>\n\n\n\n<h2 class=\"wp-block-heading\">Conquistas e projetos atuais de Demi Moore<\/h2>\n\n\n\n<p>Ao longo de sua carreira, Demi Moore acumulou diversas conquistas, incluindo indica\u00e7\u00f5es a pr\u00eamios importantes como o <strong>Globo de Ouro<\/strong>. Ela tamb\u00e9m \u00e9 reconhecida por seu trabalho filantr\u00f3pico, apoiando causas como a luta contra o tr\u00e1fico humano e a defesa dos direitos das mulheres.<\/p>\n\n\n\n<p>Atualmente, Moore continua ativa na ind\u00fastria do entretenimento, participando de projetos de cinema e televis\u00e3o. Em 2025, ela est\u00e1 envolvida em uma s\u00e9rie de televis\u00e3o de suspense, que tem gerado expectativa entre os f\u00e3s. Al\u00e9m disso, seu papel em &#8220;<strong>A Subst\u00e2ncia<\/strong>&#8221; a colocou novamente no centro das aten\u00e7\u00f5es, explorando temas profundos sobre a press\u00e3o est\u00e9tica e o envelhecimento na ind\u00fastria cinematogr\u00e1fica, o que lhe rendeu uma indica\u00e7\u00e3o ao <strong>Oscar 2025 de Melhor Atriz<\/strong>. Moore mant\u00e9m uma forte presen\u00e7a no mundo da moda e beleza, frequentando eventos e participando ativamente de campanhas publicit\u00e1rias. Essas atividades recentes destacam sua capacidade de se reinventar e continuar influenciando a cultura popular.<\/p>\n","protected":false},"excerpt":{"rendered":"<p>Demi Moore, nascida em 11 de novembro de 1962, em Roswell, Novo M\u00e9xico, come\u00e7ou sua carreira no mundo do entretenimento ainda jovem. Antes de se tornar uma atriz renomada, Moore trabalhou como modelo e participou de pequenas produ\u00e7\u00f5es televisivas. Sua estreia no cinema ocorreu no in\u00edcio dos anos 1980, quando ela conseguiu um papel no [&hellip;]<\/p>\n","protected":false},"author":5,"featured_media":12273,"comment_status":"open","ping_status":"open","sticky":false,"template":"","format":"standard","meta":{"jnews-multi-image_gallery":[],"jnews_single_post":{"format":"standard"},"jnews_primary_category":[],"jnews_social_meta":[],"jnews_override_counter":[],"footnotes":""},"categories":[190,1],"tags":[280,3884,188],"class_list":["post-25501","post","type-post","status-publish","format-standard","has-post-thumbnail","hentry","category-fortuna","category-noticias","tag-carreira","tag-demi-moore","tag-fortuna"],"yoast_head":"<!-- This site is optimized with the Yoast SEO plugin v23.8 - https:\/\/yoast.com\/wordpress\/plugins\/seo\/ -->\n<title>Demi Moore revela segredos de sua carreira e vida pessoal - Estado de Minas - Em foco<\/title>\n<meta name=\"description\" content=\"Demi Moore, \u00edcone do cinema e empres\u00e1ria, continua a brilhar. Saiba sua trajet\u00f3ria, fontes de renda e os projetos que est\u00e3o por vir em 2025.\" \/>\n<meta name=\"robots\" content=\"index, follow, max-snippet:-1, max-image-preview:large, max-video-preview:-1\" \/>\n<link rel=\"canonical\" href=\"https:\/\/www.em.com.br\/emfoco\/2025\/03\/28\/demi-moore-revela-segredos-de-sua-carreira-e-vida-pessoal\/\" \/>\n<meta property=\"og:locale\" content=\"pt_BR\" \/>\n<meta property=\"og:type\" content=\"article\" \/>\n<meta property=\"og:title\" content=\"Demi Moore revela segredos de sua carreira e vida pessoal - Estado de Minas - Em foco\" \/>\n<meta property=\"og:description\" content=\"Demi Moore, \u00edcone do cinema e empres\u00e1ria, continua a brilhar. Saiba sua trajet\u00f3ria, fontes de renda e os projetos que est\u00e3o por vir em 2025.\" \/>\n<meta property=\"og:url\" content=\"https:\/\/www.em.com.br\/emfoco\/2025\/03\/28\/demi-moore-revela-segredos-de-sua-carreira-e-vida-pessoal\/\" \/>\n<meta property=\"og:site_name\" content=\"Estado de Minas - Em foco\" \/>\n<meta property=\"article:published_time\" content=\"2025-03-29T01:00:00+00:00\" \/>\n<meta property=\"article:modified_time\" content=\"2025-03-29T01:00:01+00:00\" \/>\n<meta property=\"og:image\" content=\"https:\/\/www.em.com.br\/emfoco\/wp-content\/uploads\/2025\/01\/Demi-Moore_1737466352222.jpg\" \/>\n\t<meta property=\"og:image:width\" content=\"1280\" \/>\n\t<meta property=\"og:image:height\" content=\"720\" \/>\n\t<meta property=\"og:image:type\" content=\"image\/jpeg\" \/>\n<meta name=\"author\" content=\"N\u00fabia Rangel\" \/>\n<meta name=\"twitter:card\" content=\"summary_large_image\" \/>\n<meta name=\"twitter:label1\" content=\"Escrito por\" \/>\n\t<meta name=\"twitter:data1\" content=\"N\u00fabia Rangel\" \/>\n\t<meta name=\"twitter:label2\" content=\"Est. tempo de leitura\" \/>\n\t<meta name=\"twitter:data2\" content=\"4 minutos\" \/>\n<!-- \/ Yoast SEO plugin. -->","yoast_head_json":{"title":"Demi Moore revela segredos de sua carreira e vida pessoal - Estado de Minas - Em foco","description":"Demi Moore, \u00edcone do cinema e empres\u00e1ria, continua a brilhar. Saiba sua trajet\u00f3ria, fontes de renda e os projetos que est\u00e3o por vir em 2025.","robots":{"index":"index","follow":"follow","max-snippet":"max-snippet:-1","max-image-preview":"max-image-preview:large","max-video-preview":"max-video-preview:-1"},"canonical":"https:\/\/www.em.com.br\/emfoco\/2025\/03\/28\/demi-moore-revela-segredos-de-sua-carreira-e-vida-pessoal\/","og_locale":"pt_BR","og_type":"article","og_title":"Demi Moore revela segredos de sua carreira e vida pessoal - Estado de Minas - Em foco","og_description":"Demi Moore, \u00edcone do cinema e empres\u00e1ria, continua a brilhar. Saiba sua trajet\u00f3ria, fontes de renda e os projetos que est\u00e3o por vir em 2025.","og_url":"https:\/\/www.em.com.br\/emfoco\/2025\/03\/28\/demi-moore-revela-segredos-de-sua-carreira-e-vida-pessoal\/","og_site_name":"Estado de Minas - Em foco","article_published_time":"2025-03-29T01:00:00+00:00","article_modified_time":"2025-03-29T01:00:01+00:00","og_image":[{"width":1280,"height":720,"url":"https:\/\/www.em.com.br\/emfoco\/wp-content\/uploads\/2025\/01\/Demi-Moore_1737466352222.jpg","type":"image\/jpeg"}],"author":"N\u00fabia Rangel","twitter_card":"summary_large_image","twitter_misc":{"Escrito por":"N\u00fabia Rangel","Est. tempo de leitura":"4 minutos"},"schema":{"@context":"https:\/\/schema.org","@graph":[{"@type":"WebPage","@id":"https:\/\/www.em.com.br\/emfoco\/2025\/03\/28\/demi-moore-revela-segredos-de-sua-carreira-e-vida-pessoal\/","url":"https:\/\/www.em.com.br\/emfoco\/2025\/03\/28\/demi-moore-revela-segredos-de-sua-carreira-e-vida-pessoal\/","name":"Demi Moore revela segredos de sua carreira e vida pessoal - Estado de Minas - Em foco","isPartOf":{"@id":"https:\/\/www.em.com.br\/emfoco\/#website"},"primaryImageOfPage":{"@id":"https:\/\/www.em.com.br\/emfoco\/2025\/03\/28\/demi-moore-revela-segredos-de-sua-carreira-e-vida-pessoal\/#primaryimage"},"image":{"@id":"https:\/\/www.em.com.br\/emfoco\/2025\/03\/28\/demi-moore-revela-segredos-de-sua-carreira-e-vida-pessoal\/#primaryimage"},"thumbnailUrl":"https:\/\/www.em.com.br\/emfoco\/wp-content\/uploads\/2025\/01\/Demi-Moore_1737466352222.jpg","datePublished":"2025-03-29T01:00:00+00:00","dateModified":"2025-03-29T01:00:01+00:00","author":{"@id":"https:\/\/www.em.com.br\/emfoco\/#\/schema\/person\/524437ef54f8a5d32591b143307f2e20"},"description":"Demi Moore, \u00edcone do cinema e empres\u00e1ria, continua a brilhar. Saiba sua trajet\u00f3ria, fontes de renda e os projetos que est\u00e3o por vir em 2025.","breadcrumb":{"@id":"https:\/\/www.em.com.br\/emfoco\/2025\/03\/28\/demi-moore-revela-segredos-de-sua-carreira-e-vida-pessoal\/#breadcrumb"},"inLanguage":"pt-BR","potentialAction":[{"@type":"ReadAction","target":["https:\/\/www.em.com.br\/emfoco\/2025\/03\/28\/demi-moore-revela-segredos-de-sua-carreira-e-vida-pessoal\/"]}]},{"@type":"ImageObject","inLanguage":"pt-BR","@id":"https:\/\/www.em.com.br\/emfoco\/2025\/03\/28\/demi-moore-revela-segredos-de-sua-carreira-e-vida-pessoal\/#primaryimage","url":"https:\/\/www.em.com.br\/emfoco\/wp-content\/uploads\/2025\/01\/Demi-Moore_1737466352222.jpg","contentUrl":"https:\/\/www.em.com.br\/emfoco\/wp-content\/uploads\/2025\/01\/Demi-Moore_1737466352222.jpg","width":1280,"height":720,"caption":"Demi Moore - Cr\u00e9ditos: depositphotos.com \/ imagepressagency"},{"@type":"BreadcrumbList","@id":"https:\/\/www.em.com.br\/emfoco\/2025\/03\/28\/demi-moore-revela-segredos-de-sua-carreira-e-vida-pessoal\/#breadcrumb","itemListElement":[{"@type":"ListItem","position":1,"name":"In\u00edcio","item":"https:\/\/www.em.com.br\/emfoco\/"},{"@type":"ListItem","position":2,"name":"Demi Moore revela segredos de sua carreira e vida pessoal"}]},{"@type":"WebSite","@id":"https:\/\/www.em.com.br\/emfoco\/#website","url":"https:\/\/www.em.com.br\/emfoco\/","name":"Estado de Minas - Em foco","description":"Acompanhe as \u00faltimas not\u00edcias e fique bem informado sobre tudo o que acontece em Minas Gerais, Brasil e no mundo.","potentialAction":[{"@type":"SearchAction","target":{"@type":"EntryPoint","urlTemplate":"https:\/\/www.em.com.br\/emfoco\/?s={search_term_string}"},"query-input":{"@type":"PropertyValueSpecification","valueRequired":true,"valueName":"search_term_string"}}],"inLanguage":"pt-BR"},{"@type":"Person","@id":"https:\/\/www.em.com.br\/emfoco\/#\/schema\/person\/524437ef54f8a5d32591b143307f2e20","name":"N\u00fabia Rangel","image":{"@type":"ImageObject","inLanguage":"pt-BR","@id":"https:\/\/www.em.com.br\/emfoco\/#\/schema\/person\/image\/","url":"https:\/\/secure.gravatar.com\/avatar\/47cff2827a5ba23c37e8068c86817ea4?s=96&d=mm&r=g","contentUrl":"https:\/\/secure.gravatar.com\/avatar\/47cff2827a5ba23c37e8068c86817ea4?s=96&d=mm&r=g","caption":"N\u00fabia Rangel"},"sameAs":["https:\/\/www.em.com.br\/emfoco\/"],"url":"https:\/\/www.em.com.br\/emfoco\/author\/nubiamyth\/"}]}},"_links":{"self":[{"href":"https:\/\/www.em.com.br\/emfoco\/wp-json\/wp\/v2\/posts\/25501","targetHints":{"allow":["GET"]}}],"collection":[{"href":"https:\/\/www.em.com.br\/emfoco\/wp-json\/wp\/v2\/posts"}],"about":[{"href":"https:\/\/www.em.com.br\/emfoco\/wp-json\/wp\/v2\/types\/post"}],"author":[{"embeddable":true,"href":"https:\/\/www.em.com.br\/emfoco\/wp-json\/wp\/v2\/users\/5"}],"replies":[{"embeddable":true,"href":"https:\/\/www.em.com.br\/emfoco\/wp-json\/wp\/v2\/comments?post=25501"}],"version-history":[{"count":3,"href":"https:\/\/www.em.com.br\/emfoco\/wp-json\/wp\/v2\/posts\/25501\/revisions"}],"predecessor-version":[{"id":25530,"href":"https:\/\/www.em.com.br\/emfoco\/wp-json\/wp\/v2\/posts\/25501\/revisions\/25530"}],"wp:featuredmedia":[{"embeddable":true,"href":"https:\/\/www.em.com.br\/emfoco\/wp-json\/wp\/v2\/media\/12273"}],"wp:attachment":[{"href":"https:\/\/www.em.com.br\/emfoco\/wp-json\/wp\/v2\/media?parent=25501"}],"wp:term":[{"taxonomy":"category","embeddable":true,"href":"https:\/\/www.em.com.br\/emfoco\/wp-json\/wp\/v2\/categories?post=25501"},{"taxonomy":"post_tag","embeddable":true,"href":"https:\/\/www.em.com.br\/emfoco\/wp-json\/wp\/v2\/tags?post=25501"}],"curies":[{"name":"wp","href":"https:\/\/api.w.org\/{rel}","templated":true}]}}