{"id":25409,"date":"2025-03-06T19:40:00","date_gmt":"2025-03-06T22:40:00","guid":{"rendered":"https:\/\/www.em.com.br\/emfoco\/?p=25409"},"modified":"2025-03-05T13:42:24","modified_gmt":"2025-03-05T16:42:24","slug":"mineirao-os-segredos-e-curiosidades-do-gigante-de-belo-horizonte","status":"publish","type":"post","link":"https:\/\/www.em.com.br\/emfoco\/2025\/03\/06\/mineirao-os-segredos-e-curiosidades-do-gigante-de-belo-horizonte\/","title":{"rendered":"Mineir\u00e3o, os segredos e curiosidades do gigante de Belo Horizonte"},"content":{"rendered":"\n<p>O <strong>Est\u00e1dio Governador Magalh\u00e3es Pinto<\/strong>, mais conhecido como <strong><a href=\"https:\/\/zeiro.com.br\/noticias-do-cruzeiro\/cruzeiro-de-olho-no-mineirao\/\" target=\"_blank\" rel=\"noreferrer noopener\">Mineir\u00e3o<\/a><\/strong>, \u00e9 um dos maiores \u00edcones de <strong>Belo Horizonte<\/strong> e do futebol brasileiro. Inaugurado em 1965, o est\u00e1dio logo se consolidou como o palco de grandes eventos esportivos e culturais. Sua constru\u00e7\u00e3o, iniciada em 1959, foi um desafio, mas a sua inaugura\u00e7\u00e3o marcou a hist\u00f3ria do esporte em<strong><a href=\"https:\/\/www.em.com.br\/emfoco\/2025\/03\/04\/conheca-o-caminho-de-195km-dentro-de-minas-gerais-que-e-um-grande-chamado-divino\/\" target=\"_blank\" rel=\"noreferrer noopener\"> Minas Gerais<\/a><\/strong>, sendo palco de momentos inesquec\u00edveis para os f\u00e3s de futebol.<\/p>\n\n\n\n<h2 class=\"wp-block-heading\">Um est\u00e1dio de padr\u00e3o internacional<\/h2>\n\n\n\n<p>Com uma capacidade para 62 mil espectadores, o Mineir\u00e3o \u00e9 um dos maiores est\u00e1dios do <strong>Brasil<\/strong>. Localizado na <strong>Avenida Ant\u00f4nio Abrah\u00e3o Caram<\/strong>, no bairro <strong>S\u00e3o Jos\u00e9<\/strong>, o est\u00e1dio \u00e9 facilmente acessado por diversos port\u00f5es e setores coloridos que facilitam a localiza\u00e7\u00e3o dos torcedores. A administra\u00e7\u00e3o \u00e9 realizada pela <strong>Minas Arena<\/strong>, uma parceria p\u00fablico privada com o governo estadual, garantindo gest\u00e3o eficiente e de qualidade.<\/p>\n\n\n\n<p>Al\u00e9m disso, o Mineir\u00e3o conta com mais de 300 c\u00e2meras de seguran\u00e7a e um posto m\u00e9dico para emerg\u00eancias, assegurando a seguran\u00e7a e o conforto dos visitantes. O est\u00e1dio, que passou por uma moderniza\u00e7\u00e3o significativa, tamb\u00e9m se tornou uma arena multiuso, capaz de sediar grandes eventos esportivos e culturais de padr\u00e3o internacional.<\/p>\n\n\n\n<h2 class=\"wp-block-heading\">Onde comer perto do Mineir\u00e3o<\/h2>\n\n\n\n<p>Ap\u00f3s a emo\u00e7\u00e3o de um jogo ou evento no Mineir\u00e3o, os visitantes podem relaxar e degustar a deliciosa culin\u00e1ria mineira em diversos bares e restaurantes nas proximidades. Entre os mais recomendados est\u00e3o:<\/p>\n\n\n\n<ul class=\"wp-block-list\">\n<li><strong>Chopp da F\u00e1brica<\/strong>: Oferece uma linda vista do lago da Pampulha, com um ambiente descontra\u00eddo, perfeito para um encontro com amigos.<\/li>\n\n\n\n<li><strong>Farroupilha Grill<\/strong>: Um \u00f3timo rod\u00edzio de carnes e buffet variado, ideal para quem \u00e9 f\u00e3 de churrasco.<\/li>\n\n\n\n<li><strong>Mineir\u00edssimo Grill<\/strong>: Um restaurante com card\u00e1pio diversificado e ambiente acolhedor para uma refei\u00e7\u00e3o completa.<\/li>\n<\/ul>\n\n\n\n<p>Essas op\u00e7\u00f5es garantem uma experi\u00eancia completa para quem visita o Mineir\u00e3o, com a famosa hospitalidade mineira.<\/p>\n\n\n\n<h2 class=\"wp-block-heading\">Curiosidades sobre o Mineir\u00e3o: fatos interessantes e inusitados<\/h2>\n\n\n\n<p>O Mineir\u00e3o, al\u00e9m de sua import\u00e2ncia hist\u00f3rica, tamb\u00e9m \u00e9 conhecido por suas curiosidades. Entre as mais fascinantes, temos que o est\u00e1dio foi apelidado de &#8220;<strong>Gigante da Pampulha<\/strong>&#8221; e, no seu jogo de estreia, a bola e o \u00e1rbitro chegaram de helic\u00f3ptero. Durante a reforma do est\u00e1dio, cerca de 400 presidi\u00e1rios do regime semiaberto participaram da obra. Al\u00e9m disso, o Mineir\u00e3o j\u00e1 foi palco de grandes shows culturais e at\u00e9 de uma partida beneficente com a participa\u00e7\u00e3o de Michael Schumacher.<\/p>\n\n\n\n<figure class=\"wp-block-image size-large\"><img loading=\"lazy\" decoding=\"async\" width=\"1024\" height=\"576\" src=\"https:\/\/www.em.com.br\/emfoco\/wp-content\/uploads\/2025\/03\/mineirao_1741151482649-1024x576.jpg\" alt=\"\" class=\"wp-image-25412\" srcset=\"https:\/\/www.em.com.br\/emfoco\/wp-content\/uploads\/2025\/03\/mineirao_1741151482649-1024x576.jpg 1024w, https:\/\/www.em.com.br\/emfoco\/wp-content\/uploads\/2025\/03\/mineirao_1741151482649-300x169.jpg 300w, https:\/\/www.em.com.br\/emfoco\/wp-content\/uploads\/2025\/03\/mineirao_1741151482649-768x432.jpg 768w, https:\/\/www.em.com.br\/emfoco\/wp-content\/uploads\/2025\/03\/mineirao_1741151482649-750x422.jpg 750w, https:\/\/www.em.com.br\/emfoco\/wp-content\/uploads\/2025\/03\/mineirao_1741151482649-1140x641.jpg 1140w, https:\/\/www.em.com.br\/emfoco\/wp-content\/uploads\/2025\/03\/mineirao_1741151482649.jpg 1280w\" sizes=\"auto, (max-width: 1024px) 100vw, 1024px\" \/><figcaption class=\"wp-element-caption\">Est\u00e1dio Mineir\u00e3o &#8211; Cr\u00e9ditos: depositphotos.com \/ Brasilnut<\/figcaption><\/figure>\n\n\n\n<h2 class=\"wp-block-heading\">Atividades no entorno do Mineir\u00e3o, cultura e lazer para todos<\/h2>\n\n\n\n<p>A regi\u00e3o ao redor do Mineir\u00e3o oferece diversas op\u00e7\u00f5es de lazer e cultura. O<strong> Museu Brasileiro do Futebol<\/strong>, localizado dentro do est\u00e1dio, exibe um acervo de itens hist\u00f3ricos e memor\u00e1veis do futebol brasileiro. A <strong>Casa Kubitschek<\/strong>, antiga resid\u00eancia de ver\u00e3o do ex-presidente Juscelino Kubitschek, \u00e9 agora um museu que preserva o mobili\u00e1rio da \u00e9poca. Para passeios tranquilos e cultura, a Pra\u00e7a da Pampulha \u00e9 uma excelente op\u00e7\u00e3o, sendo o local ideal para fotos e lazer, especialmente durante a queima de fogos no Ano Novo.<\/p>\n\n\n\n<h2 class=\"wp-block-heading\">Onde se hospedar em Belo Horizonte para aproveitar o Mineir\u00e3o?<\/h2>\n\n\n\n<p>Belo Horizonte oferece diversas op\u00e7\u00f5es de hospedagem para quem deseja assistir a um jogo no Mineir\u00e3o. Entre as melhores op\u00e7\u00f5es est\u00e3o:<\/p>\n\n\n\n<ul class=\"wp-block-list\">\n<li><strong>Hotel BH Inn Palmares<\/strong>: Pr\u00f3ximo ao est\u00e1dio e de v\u00e1rias comodidades.<\/li>\n\n\n\n<li><strong>Hotel Stop Inn Plus Pampulha<\/strong>: A apenas 500 metros do Mineir\u00e3o.<\/li>\n\n\n\n<li><strong>Quality Hotel Pampulha<\/strong>: A cerca de 1,4 km de dist\u00e2ncia, com conforto e conveni\u00eancia.<\/li>\n\n\n\n<li><strong>Pousada Tropical Pampulha<\/strong>: Ideal para quem busca atendimento personalizado.<\/li>\n\n\n\n<li><strong>Universidade Pampulha Hostel<\/strong>: Perfeito para quem prefere um ambiente mais descontra\u00eddo.<\/li>\n<\/ul>\n\n\n\n<p>Esses locais proporcionam conforto e praticidade para quem vem \u00e0 cidade para eventos no Mineir\u00e3o.<\/p>\n\n\n\n<h2 class=\"wp-block-heading\">Visitar o Mineir\u00e3o \u00e9 mais do que assistir a um jogo<\/h2>\n\n\n\n<p>Visitar o Mineir\u00e3o \u00e9 uma experi\u00eancia que vai al\u00e9m do esporte. \u00c9 uma imers\u00e3o na hist\u00f3ria, cultura e gastronomia de Belo Horizonte. Seja para assistir a uma partida de futebol, um show, ou explorar os arredores, o Mineir\u00e3o e sua regi\u00e3o oferecem atra\u00e7\u00f5es para todos os gostos, tornando a visita um momento memor\u00e1vel.os amantes do futebol, mas para qualquer pessoa interessada em explorar a cultura e a hist\u00f3ria de Minas Gerais.<\/p>\n","protected":false},"excerpt":{"rendered":"<p>O Est\u00e1dio Governador Magalh\u00e3es Pinto, mais conhecido como Mineir\u00e3o, \u00e9 um dos maiores \u00edcones de Belo Horizonte e do futebol brasileiro. Inaugurado em 1965, o est\u00e1dio logo se consolidou como o palco de grandes eventos esportivos e culturais. Sua constru\u00e7\u00e3o, iniciada em 1959, foi um desafio, mas a sua inaugura\u00e7\u00e3o marcou a hist\u00f3ria do esporte [&hellip;]<\/p>\n","protected":false},"author":11,"featured_media":25413,"comment_status":"open","ping_status":"open","sticky":false,"template":"","format":"standard","meta":{"jnews-multi-image_gallery":[],"jnews_single_post":{"format":"standard"},"jnews_primary_category":[],"jnews_social_meta":[],"jnews_override_counter":[],"footnotes":""},"categories":[138,1],"tags":[1243,1441,207],"class_list":["post-25409","post","type-post","status-publish","format-standard","has-post-thumbnail","hentry","category-mundo","category-noticias","tag-curiosidade","tag-curiosidades","tag-minas-gerais"],"yoast_head":"<!-- This site is optimized with the Yoast SEO plugin v23.8 - https:\/\/yoast.com\/wordpress\/plugins\/seo\/ -->\n<title>Mineir\u00e3o, os segredos e curiosidades do gigante de Belo Horizonte - Estado de Minas - Em foco<\/title>\n<meta name=\"description\" content=\"Mineir\u00e3o, muito al\u00e9m do futebol, um \u00edcone cultural de Belo Horizonte. Saiba seus segredos, curiosidades, gastronomia e lazer no entorno.\" \/>\n<meta name=\"robots\" content=\"index, follow, max-snippet:-1, max-image-preview:large, max-video-preview:-1\" \/>\n<link rel=\"canonical\" href=\"https:\/\/www.em.com.br\/emfoco\/2025\/03\/06\/mineirao-os-segredos-e-curiosidades-do-gigante-de-belo-horizonte\/\" \/>\n<meta property=\"og:locale\" content=\"pt_BR\" \/>\n<meta property=\"og:type\" content=\"article\" \/>\n<meta property=\"og:title\" content=\"Mineir\u00e3o, os segredos e curiosidades do gigante de Belo Horizonte - Estado de Minas - Em foco\" \/>\n<meta property=\"og:description\" content=\"Mineir\u00e3o, muito al\u00e9m do futebol, um \u00edcone cultural de Belo Horizonte. Saiba seus segredos, curiosidades, gastronomia e lazer no entorno.\" \/>\n<meta property=\"og:url\" content=\"https:\/\/www.em.com.br\/emfoco\/2025\/03\/06\/mineirao-os-segredos-e-curiosidades-do-gigante-de-belo-horizonte\/\" \/>\n<meta property=\"og:site_name\" content=\"Estado de Minas - Em foco\" \/>\n<meta property=\"article:published_time\" content=\"2025-03-06T22:40:00+00:00\" \/>\n<meta property=\"article:modified_time\" content=\"2025-03-05T16:42:24+00:00\" \/>\n<meta property=\"og:image\" content=\"https:\/\/www.em.com.br\/emfoco\/wp-content\/uploads\/2025\/03\/mineirao_1741151533937.jpg\" \/>\n\t<meta property=\"og:image:width\" content=\"1280\" \/>\n\t<meta property=\"og:image:height\" content=\"720\" \/>\n\t<meta property=\"og:image:type\" content=\"image\/jpeg\" \/>\n<meta name=\"author\" content=\"Andre\u0301 Rangel\u00a0\" \/>\n<meta name=\"twitter:card\" content=\"summary_large_image\" \/>\n<meta name=\"twitter:label1\" content=\"Escrito por\" \/>\n\t<meta name=\"twitter:data1\" content=\"Andre\u0301 Rangel\u00a0\" \/>\n\t<meta name=\"twitter:label2\" content=\"Est. tempo de leitura\" \/>\n\t<meta name=\"twitter:data2\" content=\"5 minutos\" \/>\n<!-- \/ Yoast SEO plugin. -->","yoast_head_json":{"title":"Mineir\u00e3o, os segredos e curiosidades do gigante de Belo Horizonte - Estado de Minas - Em foco","description":"Mineir\u00e3o, muito al\u00e9m do futebol, um \u00edcone cultural de Belo Horizonte. Saiba seus segredos, curiosidades, gastronomia e lazer no entorno.","robots":{"index":"index","follow":"follow","max-snippet":"max-snippet:-1","max-image-preview":"max-image-preview:large","max-video-preview":"max-video-preview:-1"},"canonical":"https:\/\/www.em.com.br\/emfoco\/2025\/03\/06\/mineirao-os-segredos-e-curiosidades-do-gigante-de-belo-horizonte\/","og_locale":"pt_BR","og_type":"article","og_title":"Mineir\u00e3o, os segredos e curiosidades do gigante de Belo Horizonte - Estado de Minas - Em foco","og_description":"Mineir\u00e3o, muito al\u00e9m do futebol, um \u00edcone cultural de Belo Horizonte. Saiba seus segredos, curiosidades, gastronomia e lazer no entorno.","og_url":"https:\/\/www.em.com.br\/emfoco\/2025\/03\/06\/mineirao-os-segredos-e-curiosidades-do-gigante-de-belo-horizonte\/","og_site_name":"Estado de Minas - Em foco","article_published_time":"2025-03-06T22:40:00+00:00","article_modified_time":"2025-03-05T16:42:24+00:00","og_image":[{"width":1280,"height":720,"url":"https:\/\/www.em.com.br\/emfoco\/wp-content\/uploads\/2025\/03\/mineirao_1741151533937.jpg","type":"image\/jpeg"}],"author":"Andre\u0301 Rangel\u00a0","twitter_card":"summary_large_image","twitter_misc":{"Escrito por":"Andre\u0301 Rangel\u00a0","Est. tempo de leitura":"5 minutos"},"schema":{"@context":"https:\/\/schema.org","@graph":[{"@type":"WebPage","@id":"https:\/\/www.em.com.br\/emfoco\/2025\/03\/06\/mineirao-os-segredos-e-curiosidades-do-gigante-de-belo-horizonte\/","url":"https:\/\/www.em.com.br\/emfoco\/2025\/03\/06\/mineirao-os-segredos-e-curiosidades-do-gigante-de-belo-horizonte\/","name":"Mineir\u00e3o, os segredos e curiosidades do gigante de Belo Horizonte - Estado de Minas - Em foco","isPartOf":{"@id":"https:\/\/www.em.com.br\/emfoco\/#website"},"primaryImageOfPage":{"@id":"https:\/\/www.em.com.br\/emfoco\/2025\/03\/06\/mineirao-os-segredos-e-curiosidades-do-gigante-de-belo-horizonte\/#primaryimage"},"image":{"@id":"https:\/\/www.em.com.br\/emfoco\/2025\/03\/06\/mineirao-os-segredos-e-curiosidades-do-gigante-de-belo-horizonte\/#primaryimage"},"thumbnailUrl":"https:\/\/www.em.com.br\/emfoco\/wp-content\/uploads\/2025\/03\/mineirao_1741151533937.jpg","datePublished":"2025-03-06T22:40:00+00:00","dateModified":"2025-03-05T16:42:24+00:00","author":{"@id":"https:\/\/www.em.com.br\/emfoco\/#\/schema\/person\/60eda09c1fedf0d6891f4cef4b60b8b8"},"description":"Mineir\u00e3o, muito al\u00e9m do futebol, um \u00edcone cultural de Belo Horizonte. Saiba seus segredos, curiosidades, gastronomia e lazer no entorno.","breadcrumb":{"@id":"https:\/\/www.em.com.br\/emfoco\/2025\/03\/06\/mineirao-os-segredos-e-curiosidades-do-gigante-de-belo-horizonte\/#breadcrumb"},"inLanguage":"pt-BR","potentialAction":[{"@type":"ReadAction","target":["https:\/\/www.em.com.br\/emfoco\/2025\/03\/06\/mineirao-os-segredos-e-curiosidades-do-gigante-de-belo-horizonte\/"]}]},{"@type":"ImageObject","inLanguage":"pt-BR","@id":"https:\/\/www.em.com.br\/emfoco\/2025\/03\/06\/mineirao-os-segredos-e-curiosidades-do-gigante-de-belo-horizonte\/#primaryimage","url":"https:\/\/www.em.com.br\/emfoco\/wp-content\/uploads\/2025\/03\/mineirao_1741151533937.jpg","contentUrl":"https:\/\/www.em.com.br\/emfoco\/wp-content\/uploads\/2025\/03\/mineirao_1741151533937.jpg","width":1280,"height":720,"caption":"Est\u00e1dio Mineir\u00e3o - Cr\u00e9ditos: depositphotos.com \/ brenosaturnino"},{"@type":"BreadcrumbList","@id":"https:\/\/www.em.com.br\/emfoco\/2025\/03\/06\/mineirao-os-segredos-e-curiosidades-do-gigante-de-belo-horizonte\/#breadcrumb","itemListElement":[{"@type":"ListItem","position":1,"name":"In\u00edcio","item":"https:\/\/www.em.com.br\/emfoco\/"},{"@type":"ListItem","position":2,"name":"Mineir\u00e3o, os segredos e curiosidades do gigante de Belo Horizonte"}]},{"@type":"WebSite","@id":"https:\/\/www.em.com.br\/emfoco\/#website","url":"https:\/\/www.em.com.br\/emfoco\/","name":"Estado de Minas - Em foco","description":"Acompanhe as \u00faltimas not\u00edcias e fique bem informado sobre tudo o que acontece em Minas Gerais, Brasil e no mundo.","potentialAction":[{"@type":"SearchAction","target":{"@type":"EntryPoint","urlTemplate":"https:\/\/www.em.com.br\/emfoco\/?s={search_term_string}"},"query-input":{"@type":"PropertyValueSpecification","valueRequired":true,"valueName":"search_term_string"}}],"inLanguage":"pt-BR"},{"@type":"Person","@id":"https:\/\/www.em.com.br\/emfoco\/#\/schema\/person\/60eda09c1fedf0d6891f4cef4b60b8b8","name":"Andre\u0301 Rangel\u00a0","image":{"@type":"ImageObject","inLanguage":"pt-BR","@id":"https:\/\/www.em.com.br\/emfoco\/#\/schema\/person\/image\/","url":"https:\/\/secure.gravatar.com\/avatar\/6234dc814c77c8ef6d8bba622c787efc?s=96&d=mm&r=g","contentUrl":"https:\/\/secure.gravatar.com\/avatar\/6234dc814c77c8ef6d8bba622c787efc?s=96&d=mm&r=g","caption":"Andre\u0301 Rangel\u00a0"},"url":"https:\/\/www.em.com.br\/emfoco\/author\/luizmyth\/"}]}},"_links":{"self":[{"href":"https:\/\/www.em.com.br\/emfoco\/wp-json\/wp\/v2\/posts\/25409","targetHints":{"allow":["GET"]}}],"collection":[{"href":"https:\/\/www.em.com.br\/emfoco\/wp-json\/wp\/v2\/posts"}],"about":[{"href":"https:\/\/www.em.com.br\/emfoco\/wp-json\/wp\/v2\/types\/post"}],"author":[{"embeddable":true,"href":"https:\/\/www.em.com.br\/emfoco\/wp-json\/wp\/v2\/users\/11"}],"replies":[{"embeddable":true,"href":"https:\/\/www.em.com.br\/emfoco\/wp-json\/wp\/v2\/comments?post=25409"}],"version-history":[{"count":4,"href":"https:\/\/www.em.com.br\/emfoco\/wp-json\/wp\/v2\/posts\/25409\/revisions"}],"predecessor-version":[{"id":25539,"href":"https:\/\/www.em.com.br\/emfoco\/wp-json\/wp\/v2\/posts\/25409\/revisions\/25539"}],"wp:featuredmedia":[{"embeddable":true,"href":"https:\/\/www.em.com.br\/emfoco\/wp-json\/wp\/v2\/media\/25413"}],"wp:attachment":[{"href":"https:\/\/www.em.com.br\/emfoco\/wp-json\/wp\/v2\/media?parent=25409"}],"wp:term":[{"taxonomy":"category","embeddable":true,"href":"https:\/\/www.em.com.br\/emfoco\/wp-json\/wp\/v2\/categories?post=25409"},{"taxonomy":"post_tag","embeddable":true,"href":"https:\/\/www.em.com.br\/emfoco\/wp-json\/wp\/v2\/tags?post=25409"}],"curies":[{"name":"wp","href":"https:\/\/api.w.org\/{rel}","templated":true}]}}