{"id":25202,"date":"2025-03-16T07:40:00","date_gmt":"2025-03-16T10:40:00","guid":{"rendered":"https:\/\/www.em.com.br\/emfoco\/?p=25202"},"modified":"2025-03-04T18:50:54","modified_gmt":"2025-03-04T21:50:54","slug":"planta-que-acalma-e-perfuma-o-ambiente-pode-ser-cultivada-em-casa","status":"publish","type":"post","link":"https:\/\/www.em.com.br\/emfoco\/2025\/03\/16\/planta-que-acalma-e-perfuma-o-ambiente-pode-ser-cultivada-em-casa\/","title":{"rendered":"Planta que acalma e perfuma o ambiente pode ser cultivada em casa"},"content":{"rendered":"\n<p>Plantar<strong> lavanda<\/strong> em casa pode ser uma atividade gratificante e ben\u00e9fica por v\u00e1rias raz\u00f5es. Esta <strong><a href=\"https:\/\/www.em.com.br\/emfoco\/2025\/02\/01\/abacaxi-dentro-de-casa-aprenda-o-segredo-para-plantar-e-colher-o-seu\/\" target=\"_blank\" rel=\"noreferrer noopener\">planta<\/a><\/strong> n\u00e3o s\u00f3 adiciona um toque de beleza e cor ao ambiente, mas tamb\u00e9m oferece um aroma agrad\u00e1vel e propriedades relaxantes. Al\u00e9m disso, a lavanda \u00e9 conhecida por suas qualidades repelentes de insetos, tornando-a uma escolha pr\u00e1tica para jardins e varandas.<\/p>\n\n\n\n<p>Com suas flores roxas vibrantes e folhagem perfumada, a lavanda pode transformar qualquer espa\u00e7o em um o\u00e1sis de tranquilidade. Cultivar esta planta em casa \u00e9 uma maneira eficaz de aproveitar seus benef\u00edcios terap\u00eauticos, al\u00e9m de ser uma atividade que promove o bem-estar e a conex\u00e3o com a natureza.<\/p>\n\n\n\n<h2 class=\"wp-block-heading\">Quais s\u00e3o os requisitos para o cultivo de lavanda?<\/h2>\n\n\n\n<p>Para cultivar lavanda com sucesso, \u00e9 essencial entender suas necessidades espec\u00edficas. A lavanda prefere um clima seco e ensolarado, com solo bem drenado. Este tipo de planta \u00e9 resistente \u00e0 seca, mas requer um solo que permita uma boa circula\u00e7\u00e3o de ar e drenagem para evitar o ac\u00famulo de umidade, que pode levar ao apodrecimento das ra\u00edzes.<\/p>\n\n\n\n<p>Al\u00e9m disso, a lavanda necessita de pelo menos<strong> seis horas de<\/strong><a href=\"https:\/\/nordecor.com.br\/iluminacao\/luz-direta-indireta-e-difusa-qual-a-diferenca\/\" target=\"_blank\" rel=\"noreferrer noopener\"> <strong>luz solar direta<\/strong><\/a><strong> por dia<\/strong>. Portanto, escolher um local adequado, como uma janela ensolarada ou um jardim voltado para o sul, \u00e9 crucial para o seu desenvolvimento saud\u00e1vel. A escolha do vaso tamb\u00e9m \u00e9 importante; ele deve ter furos de drenagem para evitar o ac\u00famulo de \u00e1gua.<\/p>\n\n\n\n<figure class=\"wp-block-image size-large\"><img loading=\"lazy\" decoding=\"async\" width=\"1024\" height=\"576\" src=\"https:\/\/www.em.com.br\/emfoco\/wp-content\/uploads\/2025\/03\/lavanda_1741124842112-1024x576.jpg\" alt=\"Planta que acalma e perfuma o ambiente pode ser cultivada em casa\" class=\"wp-image-25208\" srcset=\"https:\/\/www.em.com.br\/emfoco\/wp-content\/uploads\/2025\/03\/lavanda_1741124842112-1024x576.jpg 1024w, https:\/\/www.em.com.br\/emfoco\/wp-content\/uploads\/2025\/03\/lavanda_1741124842112-300x169.jpg 300w, https:\/\/www.em.com.br\/emfoco\/wp-content\/uploads\/2025\/03\/lavanda_1741124842112-768x432.jpg 768w, https:\/\/www.em.com.br\/emfoco\/wp-content\/uploads\/2025\/03\/lavanda_1741124842112-750x422.jpg 750w, https:\/\/www.em.com.br\/emfoco\/wp-content\/uploads\/2025\/03\/lavanda_1741124842112-1140x641.jpg 1140w, https:\/\/www.em.com.br\/emfoco\/wp-content\/uploads\/2025\/03\/lavanda_1741124842112.jpg 1280w\" sizes=\"auto, (max-width: 1024px) 100vw, 1024px\" \/><figcaption class=\"wp-element-caption\">Lavanda &#8211; Cr\u00e9ditos: depositphotos.com \/ KateGrishekinaBO<\/figcaption><\/figure>\n\n\n\n<h2 class=\"wp-block-heading\">Como plantar lavanda em casa passo a passo?<\/h2>\n\n\n\n<p>Plantar lavanda em casa pode ser um processo simples se forem seguidos alguns passos b\u00e1sicos. Aqui est\u00e1 um guia passo a passo para ajudar no cultivo:<\/p>\n\n\n\n<ol class=\"wp-block-list\">\n<li><strong>Escolha da variedade:<\/strong> Existem v\u00e1rias esp\u00e9cies de lavanda, como a <strong>Lavandula angustifolia e a Lavandula stoechas<\/strong>. Escolha a que melhor se adapta ao clima local.<\/li>\n\n\n\n<li><strong>Prepara\u00e7\u00e3o do solo:<\/strong> Misture terra comum com areia ou perlita para melhorar a drenagem. O pH ideal do solo deve ser ligeiramente alcalino.<\/li>\n\n\n\n<li><strong>Plantio:<\/strong> Plante as sementes ou mudas em um vaso com boa drenagem. Cubra levemente as sementes com terra e regue suavemente.<\/li>\n\n\n\n<li><strong>Regas:<\/strong> Regue moderadamente, permitindo que o solo seque entre as regas. Evite molhar as folhas para prevenir doen\u00e7as f\u00fangicas.<\/li>\n\n\n\n<li><strong>Poda:<\/strong> Realize podas regulares para estimular o crescimento e manter a forma da planta. A poda deve ser feita ap\u00f3s a flora\u00e7\u00e3o.<\/li>\n<\/ol>\n\n\n\n<h2 class=\"wp-block-heading\">Quais s\u00e3o os cuidados essenciais com a lavanda?<\/h2>\n\n\n\n<p>Manter a lavanda saud\u00e1vel requer alguns cuidados espec\u00edficos. Al\u00e9m de garantir a exposi\u00e7\u00e3o solar adequada e a rega controlada, \u00e9 importante fertilizar a planta de forma moderada. O uso de um fertilizante balanceado uma vez por ano pode ajudar a promover o crescimento vigoroso.<\/p>\n\n\n\n<p>Outro aspecto importante \u00e9 a prote\u00e7\u00e3o contra pragas. Embora a lavanda seja naturalmente resistente a muitos insetos, pode ser afetada por \u00e1caros e pulg\u00f5es. A inspe\u00e7\u00e3o regular e o uso de solu\u00e7\u00f5es naturais, como \u00f3leo de neem, podem ajudar a manter as pragas sob controle.<\/p>\n\n\n\n<h2 class=\"wp-block-heading\">Quais s\u00e3o os benef\u00edcios de ter lavanda em casa?<\/h2>\n\n\n\n<p>Ter lavanda em casa oferece uma s\u00e9rie de benef\u00edcios. Al\u00e9m de sua beleza est\u00e9tica, a lavanda \u00e9 conhecida por suas propriedades calmantes e relaxantes. O aroma da lavanda pode ajudar a reduzir o estresse e promover um ambiente tranquilo.<\/p>\n\n\n\n<p>Al\u00e9m disso, a lavanda pode ser utilizada em diversas aplica\u00e7\u00f5es, desde a produ\u00e7\u00e3o de \u00f3leos essenciais at\u00e9 o uso em receitas culin\u00e1rias e produtos de beleza caseiros. A presen\u00e7a desta planta em casa n\u00e3o s\u00f3 embeleza o ambiente, mas tamb\u00e9m contribui para o bem-estar geral dos moradores.<\/p>\n","protected":false},"excerpt":{"rendered":"<p>Plantar lavanda em casa pode ser uma atividade gratificante e ben\u00e9fica por v\u00e1rias raz\u00f5es. Esta planta n\u00e3o s\u00f3 adiciona um toque de beleza e cor ao ambiente, mas tamb\u00e9m oferece um aroma agrad\u00e1vel e propriedades relaxantes. Al\u00e9m disso, a lavanda \u00e9 conhecida por suas qualidades repelentes de insetos, tornando-a uma escolha pr\u00e1tica para jardins e [&hellip;]<\/p>\n","protected":false},"author":5,"featured_media":22590,"comment_status":"open","ping_status":"open","sticky":false,"template":"","format":"standard","meta":{"jnews-multi-image_gallery":[],"jnews_single_post":{"format":"standard"},"jnews_primary_category":[],"jnews_social_meta":[],"jnews_override_counter":[],"footnotes":""},"categories":[29,1],"tags":[5881,3325,4278,5880],"class_list":["post-25202","post","type-post","status-publish","format-standard","has-post-thumbnail","hentry","category-entretenimento","category-noticias","tag-alfazema","tag-jardim","tag-plantar","tag-vasos"],"yoast_head":"<!-- This site is optimized with the Yoast SEO plugin v23.8 - https:\/\/yoast.com\/wordpress\/plugins\/seo\/ -->\n<title>Planta que acalma e perfuma o ambiente pode ser cultivada em casa - Estado de Minas - Em foco<\/title>\n<meta name=\"description\" content=\"Saiba como plantar lavanda em casa e aproveite seus benef\u00edcios arom\u00e1ticos, relaxantes e repelentes de insetos de forma simples e eficaz!\" \/>\n<meta name=\"robots\" content=\"index, follow, max-snippet:-1, max-image-preview:large, max-video-preview:-1\" \/>\n<link rel=\"canonical\" href=\"https:\/\/www.em.com.br\/emfoco\/2025\/03\/16\/planta-que-acalma-e-perfuma-o-ambiente-pode-ser-cultivada-em-casa\/\" \/>\n<meta property=\"og:locale\" content=\"pt_BR\" \/>\n<meta property=\"og:type\" content=\"article\" \/>\n<meta property=\"og:title\" content=\"Planta que acalma e perfuma o ambiente pode ser cultivada em casa - Estado de Minas - Em foco\" \/>\n<meta property=\"og:description\" content=\"Saiba como plantar lavanda em casa e aproveite seus benef\u00edcios arom\u00e1ticos, relaxantes e repelentes de insetos de forma simples e eficaz!\" \/>\n<meta property=\"og:url\" content=\"https:\/\/www.em.com.br\/emfoco\/2025\/03\/16\/planta-que-acalma-e-perfuma-o-ambiente-pode-ser-cultivada-em-casa\/\" \/>\n<meta property=\"og:site_name\" content=\"Estado de Minas - Em foco\" \/>\n<meta property=\"article:published_time\" content=\"2025-03-16T10:40:00+00:00\" \/>\n<meta property=\"article:modified_time\" content=\"2025-03-04T21:50:54+00:00\" \/>\n<meta property=\"og:image\" content=\"https:\/\/www.em.com.br\/emfoco\/wp-content\/uploads\/2025\/02\/lavanda_1740438832753.jpg\" \/>\n\t<meta property=\"og:image:width\" content=\"1280\" \/>\n\t<meta property=\"og:image:height\" content=\"720\" \/>\n\t<meta property=\"og:image:type\" content=\"image\/jpeg\" \/>\n<meta name=\"author\" content=\"N\u00fabia Rangel\" \/>\n<meta name=\"twitter:card\" content=\"summary_large_image\" \/>\n<meta name=\"twitter:label1\" content=\"Escrito por\" \/>\n\t<meta name=\"twitter:data1\" content=\"N\u00fabia Rangel\" \/>\n\t<meta name=\"twitter:label2\" content=\"Est. tempo de leitura\" \/>\n\t<meta name=\"twitter:data2\" content=\"4 minutos\" \/>\n<!-- \/ Yoast SEO plugin. -->","yoast_head_json":{"title":"Planta que acalma e perfuma o ambiente pode ser cultivada em casa - Estado de Minas - Em foco","description":"Saiba como plantar lavanda em casa e aproveite seus benef\u00edcios arom\u00e1ticos, relaxantes e repelentes de insetos de forma simples e eficaz!","robots":{"index":"index","follow":"follow","max-snippet":"max-snippet:-1","max-image-preview":"max-image-preview:large","max-video-preview":"max-video-preview:-1"},"canonical":"https:\/\/www.em.com.br\/emfoco\/2025\/03\/16\/planta-que-acalma-e-perfuma-o-ambiente-pode-ser-cultivada-em-casa\/","og_locale":"pt_BR","og_type":"article","og_title":"Planta que acalma e perfuma o ambiente pode ser cultivada em casa - Estado de Minas - Em foco","og_description":"Saiba como plantar lavanda em casa e aproveite seus benef\u00edcios arom\u00e1ticos, relaxantes e repelentes de insetos de forma simples e eficaz!","og_url":"https:\/\/www.em.com.br\/emfoco\/2025\/03\/16\/planta-que-acalma-e-perfuma-o-ambiente-pode-ser-cultivada-em-casa\/","og_site_name":"Estado de Minas - Em foco","article_published_time":"2025-03-16T10:40:00+00:00","article_modified_time":"2025-03-04T21:50:54+00:00","og_image":[{"width":1280,"height":720,"url":"https:\/\/www.em.com.br\/emfoco\/wp-content\/uploads\/2025\/02\/lavanda_1740438832753.jpg","type":"image\/jpeg"}],"author":"N\u00fabia Rangel","twitter_card":"summary_large_image","twitter_misc":{"Escrito por":"N\u00fabia Rangel","Est. tempo de leitura":"4 minutos"},"schema":{"@context":"https:\/\/schema.org","@graph":[{"@type":"WebPage","@id":"https:\/\/www.em.com.br\/emfoco\/2025\/03\/16\/planta-que-acalma-e-perfuma-o-ambiente-pode-ser-cultivada-em-casa\/","url":"https:\/\/www.em.com.br\/emfoco\/2025\/03\/16\/planta-que-acalma-e-perfuma-o-ambiente-pode-ser-cultivada-em-casa\/","name":"Planta que acalma e perfuma o ambiente pode ser cultivada em casa - Estado de Minas - Em foco","isPartOf":{"@id":"https:\/\/www.em.com.br\/emfoco\/#website"},"primaryImageOfPage":{"@id":"https:\/\/www.em.com.br\/emfoco\/2025\/03\/16\/planta-que-acalma-e-perfuma-o-ambiente-pode-ser-cultivada-em-casa\/#primaryimage"},"image":{"@id":"https:\/\/www.em.com.br\/emfoco\/2025\/03\/16\/planta-que-acalma-e-perfuma-o-ambiente-pode-ser-cultivada-em-casa\/#primaryimage"},"thumbnailUrl":"https:\/\/www.em.com.br\/emfoco\/wp-content\/uploads\/2025\/02\/lavanda_1740438832753.jpg","datePublished":"2025-03-16T10:40:00+00:00","dateModified":"2025-03-04T21:50:54+00:00","author":{"@id":"https:\/\/www.em.com.br\/emfoco\/#\/schema\/person\/524437ef54f8a5d32591b143307f2e20"},"description":"Saiba como plantar lavanda em casa e aproveite seus benef\u00edcios arom\u00e1ticos, relaxantes e repelentes de insetos de forma simples e eficaz!","breadcrumb":{"@id":"https:\/\/www.em.com.br\/emfoco\/2025\/03\/16\/planta-que-acalma-e-perfuma-o-ambiente-pode-ser-cultivada-em-casa\/#breadcrumb"},"inLanguage":"pt-BR","potentialAction":[{"@type":"ReadAction","target":["https:\/\/www.em.com.br\/emfoco\/2025\/03\/16\/planta-que-acalma-e-perfuma-o-ambiente-pode-ser-cultivada-em-casa\/"]}]},{"@type":"ImageObject","inLanguage":"pt-BR","@id":"https:\/\/www.em.com.br\/emfoco\/2025\/03\/16\/planta-que-acalma-e-perfuma-o-ambiente-pode-ser-cultivada-em-casa\/#primaryimage","url":"https:\/\/www.em.com.br\/emfoco\/wp-content\/uploads\/2025\/02\/lavanda_1740438832753.jpg","contentUrl":"https:\/\/www.em.com.br\/emfoco\/wp-content\/uploads\/2025\/02\/lavanda_1740438832753.jpg","width":1280,"height":720,"caption":"Lavanda - Cr\u00e9ditos: depositphotos.com \/ AlexGukBO"},{"@type":"BreadcrumbList","@id":"https:\/\/www.em.com.br\/emfoco\/2025\/03\/16\/planta-que-acalma-e-perfuma-o-ambiente-pode-ser-cultivada-em-casa\/#breadcrumb","itemListElement":[{"@type":"ListItem","position":1,"name":"In\u00edcio","item":"https:\/\/www.em.com.br\/emfoco\/"},{"@type":"ListItem","position":2,"name":"Planta que acalma e perfuma o ambiente pode ser cultivada em casa"}]},{"@type":"WebSite","@id":"https:\/\/www.em.com.br\/emfoco\/#website","url":"https:\/\/www.em.com.br\/emfoco\/","name":"Estado de Minas - Em foco","description":"Acompanhe as \u00faltimas not\u00edcias e fique bem informado sobre tudo o que acontece em Minas Gerais, Brasil e no mundo.","potentialAction":[{"@type":"SearchAction","target":{"@type":"EntryPoint","urlTemplate":"https:\/\/www.em.com.br\/emfoco\/?s={search_term_string}"},"query-input":{"@type":"PropertyValueSpecification","valueRequired":true,"valueName":"search_term_string"}}],"inLanguage":"pt-BR"},{"@type":"Person","@id":"https:\/\/www.em.com.br\/emfoco\/#\/schema\/person\/524437ef54f8a5d32591b143307f2e20","name":"N\u00fabia Rangel","image":{"@type":"ImageObject","inLanguage":"pt-BR","@id":"https:\/\/www.em.com.br\/emfoco\/#\/schema\/person\/image\/","url":"https:\/\/secure.gravatar.com\/avatar\/47cff2827a5ba23c37e8068c86817ea4?s=96&d=mm&r=g","contentUrl":"https:\/\/secure.gravatar.com\/avatar\/47cff2827a5ba23c37e8068c86817ea4?s=96&d=mm&r=g","caption":"N\u00fabia Rangel"},"sameAs":["https:\/\/www.em.com.br\/emfoco\/"],"url":"https:\/\/www.em.com.br\/emfoco\/author\/nubiamyth\/"}]}},"_links":{"self":[{"href":"https:\/\/www.em.com.br\/emfoco\/wp-json\/wp\/v2\/posts\/25202","targetHints":{"allow":["GET"]}}],"collection":[{"href":"https:\/\/www.em.com.br\/emfoco\/wp-json\/wp\/v2\/posts"}],"about":[{"href":"https:\/\/www.em.com.br\/emfoco\/wp-json\/wp\/v2\/types\/post"}],"author":[{"embeddable":true,"href":"https:\/\/www.em.com.br\/emfoco\/wp-json\/wp\/v2\/users\/5"}],"replies":[{"embeddable":true,"href":"https:\/\/www.em.com.br\/emfoco\/wp-json\/wp\/v2\/comments?post=25202"}],"version-history":[{"count":2,"href":"https:\/\/www.em.com.br\/emfoco\/wp-json\/wp\/v2\/posts\/25202\/revisions"}],"predecessor-version":[{"id":25211,"href":"https:\/\/www.em.com.br\/emfoco\/wp-json\/wp\/v2\/posts\/25202\/revisions\/25211"}],"wp:featuredmedia":[{"embeddable":true,"href":"https:\/\/www.em.com.br\/emfoco\/wp-json\/wp\/v2\/media\/22590"}],"wp:attachment":[{"href":"https:\/\/www.em.com.br\/emfoco\/wp-json\/wp\/v2\/media?parent=25202"}],"wp:term":[{"taxonomy":"category","embeddable":true,"href":"https:\/\/www.em.com.br\/emfoco\/wp-json\/wp\/v2\/categories?post=25202"},{"taxonomy":"post_tag","embeddable":true,"href":"https:\/\/www.em.com.br\/emfoco\/wp-json\/wp\/v2\/tags?post=25202"}],"curies":[{"name":"wp","href":"https:\/\/api.w.org\/{rel}","templated":true}]}}