{"id":2518,"date":"2024-12-02T21:40:00","date_gmt":"2024-12-03T00:40:00","guid":{"rendered":"https:\/\/www.em.com.br\/emfoco\/?p=2518"},"modified":"2024-11-30T20:35:08","modified_gmt":"2024-11-30T23:35:08","slug":"saiba-tudo-sobre-a-vida-e-fortuna-de-pedro-pascal-protagonista-de-gladiador-2","status":"publish","type":"post","link":"https:\/\/www.em.com.br\/emfoco\/2024\/12\/02\/saiba-tudo-sobre-a-vida-e-fortuna-de-pedro-pascal-protagonista-de-gladiador-2\/","title":{"rendered":"Saiba tudo sobre a vida e fortuna de Pedro Pascal; protagonista de Gladiador 2"},"content":{"rendered":"\n<p>Pedro Pascal, um dos atores mais carism\u00e1ticos e em ascens\u00e3o de <a href=\"https:\/\/www.em.com.br\/emfoco\/categoria\/entretenimento\/\" target=\"_blank\" rel=\"noreferrer noopener\"><strong>Hollywood<\/strong><\/a>, conquista o p\u00fablico mais uma vez com seu papel no aguardado filme \u201cGladiador 2\u201d. Com a produ\u00e7\u00e3o esperando repetir o sucesso do cl\u00e1ssico de 2000, <a href=\"https:\/\/pt.wikipedia.org\/wiki\/Pedro_Pascal\" target=\"_blank\" rel=\"noreferrer noopener\"><strong>Pascal <\/strong><\/a>brilha como Marcus Acacius, um general romano que lidera o ex\u00e9rcito na invas\u00e3o da Num\u00eddia, a terra do protagonista interpretado por Paul Mescal. Neste artigo, vamos explorar a vida, a carreira e a fortuna de Pedro Pascal, revelando o que faz dele uma figura t\u00e3o fascinante na ind\u00fastria do entretenimento.<\/p>\n\n\n\n<h2 class=\"wp-block-heading\">A Trajet\u00f3ria de Pedro Pascal<\/h2>\n\n\n\n<p>Pedro Pascal nasceu em 2 de abril de 1975, em Santiago, Chile. Ele e sua fam\u00edlia se mudaram para os Estados Unidos quando ele tinha apenas 9 anos, fugindo da instabilidade pol\u00edtica em seu pa\u00eds natal. Crescendo em San Antonio, Texas, Pascal sempre teve uma paix\u00e3o pela atua\u00e7\u00e3o, que come\u00e7ou a desenvolver durante sua adolesc\u00eancia. Ele se formou pela Universidade de Nova York, onde aperfei\u00e7oou suas habilidades no Tisch School of the Arts.<\/p>\n\n\n\n<p>A carreira de Pascal come\u00e7ou a ganhar destaque a partir dos anos 2010, com pap\u00e9is em s\u00e9ries de televis\u00e3o populares. Ele se destacou como Oberyn Martell na aclamada s\u00e9rie \u201cGame of Thrones\u201d, conquistando uma base de f\u00e3s significativa. Sua performance como o pr\u00edncipe Dorneano foi memor\u00e1vel, mesmo que sua trajet\u00f3ria na s\u00e9rie tenha sido tr\u00e1gica. O sucesso em \u201cGame of Thrones\u201d abriu portas para novas oportunidades, incluindo pap\u00e9is em produ\u00e7\u00f5es como \u201cNarcos\u201d, onde interpretou Javier Pe\u00f1a, e \u201cThe Mandalorian\u201d, em que deu vida ao ic\u00f4nico personagem de Star Wars, Din Djarin.<\/p>\n\n\n\n<h2 class=\"wp-block-heading\">O Papel de Marcus Acacius em Gladiador 2<\/h2>\n\n\n\n<figure class=\"wp-block-image size-large\"><img loading=\"lazy\" decoding=\"async\" width=\"1024\" height=\"736\" src=\"https:\/\/www.em.com.br\/emfoco\/wp-content\/uploads\/2024\/11\/Pedro-Pascoal-San-Diego-Comic-Con-Flickr-1024x736.jpg\" alt=\"Pedro Pascoal - San Diego Comic-Con Flickr\" class=\"wp-image-2555\" srcset=\"https:\/\/www.em.com.br\/emfoco\/wp-content\/uploads\/2024\/11\/Pedro-Pascoal-San-Diego-Comic-Con-Flickr-1024x736.jpg 1024w, https:\/\/www.em.com.br\/emfoco\/wp-content\/uploads\/2024\/11\/Pedro-Pascoal-San-Diego-Comic-Con-Flickr-300x216.jpg 300w, https:\/\/www.em.com.br\/emfoco\/wp-content\/uploads\/2024\/11\/Pedro-Pascoal-San-Diego-Comic-Con-Flickr-768x552.jpg 768w, https:\/\/www.em.com.br\/emfoco\/wp-content\/uploads\/2024\/11\/Pedro-Pascoal-San-Diego-Comic-Con-Flickr-1536x1104.jpg 1536w, https:\/\/www.em.com.br\/emfoco\/wp-content\/uploads\/2024\/11\/Pedro-Pascoal-San-Diego-Comic-Con-Flickr-120x86.jpg 120w, https:\/\/www.em.com.br\/emfoco\/wp-content\/uploads\/2024\/11\/Pedro-Pascoal-San-Diego-Comic-Con-Flickr-750x539.jpg 750w, https:\/\/www.em.com.br\/emfoco\/wp-content\/uploads\/2024\/11\/Pedro-Pascoal-San-Diego-Comic-Con-Flickr-1140x819.jpg 1140w, https:\/\/www.em.com.br\/emfoco\/wp-content\/uploads\/2024\/11\/Pedro-Pascoal-San-Diego-Comic-Con-Flickr.jpg 2048w\" sizes=\"auto, (max-width: 1024px) 100vw, 1024px\" \/><figcaption class=\"wp-element-caption\">Pedro Pascal &#8211; San Diego Comic-Con Flickr<\/figcaption><\/figure>\n\n\n\n<p>Na sequ\u00eancia de \u201cGladiador\u201d, Pedro Pascal assume o papel de Marcus Acacius, um general romano cuja ambi\u00e7\u00e3o e estrat\u00e9gia militar os colocam em conflito com o protagonista, que na narrativa busca liberdade e justi\u00e7a. Pascal detalhou que a profundidade de seu personagem traz complexidade \u00e0 trama, refletindo n\u00e3o apenas a brutalidade da invas\u00e3o, mas tamb\u00e9m as motiva\u00e7\u00f5es humanas que impulsionam os personagens.<\/p>\n\n\n\n<p>Estar em um filme t\u00e3o renomado e aguardado \u00e9 uma grande honra para Pascal, que sempre buscou interpretar personagens que desafiem as conven\u00e7\u00f5es e profundem no debate moral de suas a\u00e7\u00f5es. Ele expressou entusiasmo em trabalhar ao lado de uma equipe de produ\u00e7\u00e3o talentosa e com um elenco estrelado que inclui Paul Mescal, Denzel Washington e outros.<\/p>\n\n\n\n<h2 class=\"wp-block-heading\">Fortuna e Sucesso<\/h2>\n\n\n\n<p>Com uma carreira em ascens\u00e3o e pap\u00e9is em produ\u00e7\u00f5es de alto perfil, a fortuna de Pedro Pascal tamb\u00e9m cresceu consideravelmente. Embora os n\u00fameros exatos possam variar, estima-se que o ator tenha um <a href=\"https:\/\/www.em.com.br\/emfoco\/2024\/11\/29\/fortuna-glorias-e-carreira-de-pep-guardiola-no-manchester-city\/\" target=\"_blank\" rel=\"noreferrer noopener\"><strong>patrim\u00f4nio <\/strong><\/a>l\u00edquido que gira em torno de 10 milh\u00f5es de d\u00f3lares. Essa quantia \u00e9 resultado n\u00e3o apenas de seu trabalho em filmes e s\u00e9ries de TV, mas tamb\u00e9m de contratos publicit\u00e1rios, apari\u00e7\u00f5es em eventos e sua crescente popularidade nas redes sociais.<\/p>\n\n\n\n<p>Pascal tem atra\u00eddo a aten\u00e7\u00e3o da m\u00eddia n\u00e3o s\u00f3 por seus pap\u00e9is, mas tamb\u00e9m por seu carisma e autenticidade. Ele se tornou uma presen\u00e7a constante nas redes sociais, o que aumenta seu apelo e, consequentemente, seu valor de mercado. Os patrocinadores est\u00e3o cada vez mais interessados em associar suas marcas com figuras carism\u00e1ticas como Pascal, tornando-o uma escolha popular para campanhas publicit\u00e1rias.<\/p>\n\n\n\n<h2 class=\"wp-block-heading\">Vida Pessoal e Filantropia<\/h2>\n\n\n\n<p>Pedro Pascal \u00e9 conhecido por ser uma pessoa reservada em rela\u00e7\u00e3o \u00e0 sua vida pessoal, frequentemente mantendo detalhes longe das c\u00e2meras. No entanto, ele \u00e9 bastante ativo em quest\u00f5es sociais e pol\u00edticas, utilizando sua plataforma para apoiar diferentes causas. Ele tem sido um defensor de direitos humanos, igualdade de g\u00eanero e causas relacionadas \u00e0 imigra\u00e7\u00e3o, refletindo suas pr\u00f3prias experi\u00eancias como imigrante.<\/p>\n\n\n\n<p>Em entrevistas, Pascal compartilhou seu amor pelas artes e a import\u00e2ncia que atribui \u00e0 representa\u00e7\u00e3o no entretenimento. Ele acredita firmemente que os atores t\u00eam a responsabilidade de refletir a diversidade da sociedade contempor\u00e2nea em suas performances, e frequentemente busca oportunidades que permitam explorar essa diversidade.<\/p>\n\n\n\n<p>Pedro Pascal continua a cativar o p\u00fablico com sua atua\u00e7\u00e3o e presen\u00e7a magn\u00e9tica tanto nas telas quanto fora delas. Com sua nova fun\u00e7\u00e3o em \u201cGladiador 2\u201d, ele n\u00e3o s\u00f3 reafirma seu talento como ator, mas tamb\u00e9m solidifica seu status como uma das estrelas mais proeminentes da atualidade. Sua trajet\u00f3ria de vida, marcada por desafios e conquistas, e seu compromisso com causas sociais, fazem de Pascal um exemplo not\u00e1vel para aspirantes a atores e admiradores ao redor do mundo.<\/p>\n\n\n\n<p>Com \u201cGladiador 2\u201d, os f\u00e3s t\u00eam mais um motivo para ficar empolgados, pois eles testemunhar\u00e3o uma nova fase na carreira de Pedro Pascal, enquanto ele oferece uma performance que promete ser t\u00e3o impactante quanto as de seus pap\u00e9is anteriores. A riqueza de sua experi\u00eancia e paix\u00e3o pela atua\u00e7\u00e3o realmente brilhar\u00e3o, elevando ainda mais a narrativa \u00e9pica que &#8220;Gladiador&#8221; sempre proporcionou.<\/p>\n\n\n\n<p><\/p>\n","protected":false},"excerpt":{"rendered":"<p>Pedro Pascal, protagonista de \u201cGladiador 2\u201d, interpreta Marcus Acacius, um general romano. Com uma carreira em ascens\u00e3o e fortuna crescente, Pascal combina talento, carisma e engajamento social.<\/p>\n","protected":false},"author":3,"featured_media":2554,"comment_status":"open","ping_status":"open","sticky":false,"template":"","format":"standard","meta":{"jnews-multi-image_gallery":[],"jnews_single_post":{"format":"standard"},"jnews_primary_category":[],"jnews_social_meta":[],"jnews_override_counter":[],"footnotes":""},"categories":[29],"tags":[522,280,188,1313,1314,1312],"class_list":["post-2518","post","type-post","status-publish","format-standard","has-post-thumbnail","hentry","category-entretenimento","tag-ator","tag-carreira","tag-fortuna","tag-gladiador-2","tag-marcus-acacius","tag-pedro-pascal"],"yoast_head":"<!-- This site is optimized with the Yoast SEO plugin v23.8 - https:\/\/yoast.com\/wordpress\/plugins\/seo\/ -->\n<title>Saiba tudo sobre a vida e fortuna de Pedro Pascal; protagonista de Gladiador 2 - Estado de Minas - Em foco<\/title>\n<meta name=\"description\" content=\"Pedro Pascal, protagonista de \u201cGladiador 2\u201d, interpreta Marcus Acacius, um general romano. Com uma carreira em ascens\u00e3o e fortuna\" \/>\n<meta name=\"robots\" content=\"index, follow, max-snippet:-1, max-image-preview:large, max-video-preview:-1\" \/>\n<link rel=\"canonical\" href=\"https:\/\/www.em.com.br\/emfoco\/2024\/12\/02\/saiba-tudo-sobre-a-vida-e-fortuna-de-pedro-pascal-protagonista-de-gladiador-2\/\" \/>\n<meta property=\"og:locale\" content=\"pt_BR\" \/>\n<meta property=\"og:type\" content=\"article\" \/>\n<meta property=\"og:title\" content=\"Saiba tudo sobre a vida e fortuna de Pedro Pascal; protagonista de Gladiador 2 - Estado de Minas - Em foco\" \/>\n<meta property=\"og:description\" content=\"Pedro Pascal, protagonista de \u201cGladiador 2\u201d, interpreta Marcus Acacius, um general romano. Com uma carreira em ascens\u00e3o e fortuna\" \/>\n<meta property=\"og:url\" content=\"https:\/\/www.em.com.br\/emfoco\/2024\/12\/02\/saiba-tudo-sobre-a-vida-e-fortuna-de-pedro-pascal-protagonista-de-gladiador-2\/\" \/>\n<meta property=\"og:site_name\" content=\"Estado de Minas - Em foco\" \/>\n<meta property=\"article:published_time\" content=\"2024-12-03T00:40:00+00:00\" \/>\n<meta property=\"article:modified_time\" content=\"2024-11-30T23:35:08+00:00\" \/>\n<meta property=\"og:image\" content=\"https:\/\/www.em.com.br\/emfoco\/wp-content\/uploads\/2024\/11\/Pedro-Pascoal-Wikimedia-Commons.jpg\" \/>\n\t<meta property=\"og:image:width\" content=\"1280\" \/>\n\t<meta property=\"og:image:height\" content=\"853\" \/>\n\t<meta property=\"og:image:type\" content=\"image\/jpeg\" \/>\n<meta name=\"author\" content=\"Helen Palma\" \/>\n<meta name=\"twitter:card\" content=\"summary_large_image\" \/>\n<meta name=\"twitter:label1\" content=\"Escrito por\" \/>\n\t<meta name=\"twitter:data1\" content=\"Helen Palma\" \/>\n\t<meta name=\"twitter:label2\" content=\"Est. tempo de leitura\" \/>\n\t<meta name=\"twitter:data2\" content=\"5 minutos\" \/>\n<!-- \/ Yoast SEO plugin. -->","yoast_head_json":{"title":"Saiba tudo sobre a vida e fortuna de Pedro Pascal; protagonista de Gladiador 2 - Estado de Minas - Em foco","description":"Pedro Pascal, protagonista de \u201cGladiador 2\u201d, interpreta Marcus Acacius, um general romano. Com uma carreira em ascens\u00e3o e fortuna","robots":{"index":"index","follow":"follow","max-snippet":"max-snippet:-1","max-image-preview":"max-image-preview:large","max-video-preview":"max-video-preview:-1"},"canonical":"https:\/\/www.em.com.br\/emfoco\/2024\/12\/02\/saiba-tudo-sobre-a-vida-e-fortuna-de-pedro-pascal-protagonista-de-gladiador-2\/","og_locale":"pt_BR","og_type":"article","og_title":"Saiba tudo sobre a vida e fortuna de Pedro Pascal; protagonista de Gladiador 2 - Estado de Minas - Em foco","og_description":"Pedro Pascal, protagonista de \u201cGladiador 2\u201d, interpreta Marcus Acacius, um general romano. Com uma carreira em ascens\u00e3o e fortuna","og_url":"https:\/\/www.em.com.br\/emfoco\/2024\/12\/02\/saiba-tudo-sobre-a-vida-e-fortuna-de-pedro-pascal-protagonista-de-gladiador-2\/","og_site_name":"Estado de Minas - Em foco","article_published_time":"2024-12-03T00:40:00+00:00","article_modified_time":"2024-11-30T23:35:08+00:00","og_image":[{"width":1280,"height":853,"url":"https:\/\/www.em.com.br\/emfoco\/wp-content\/uploads\/2024\/11\/Pedro-Pascoal-Wikimedia-Commons.jpg","type":"image\/jpeg"}],"author":"Helen Palma","twitter_card":"summary_large_image","twitter_misc":{"Escrito por":"Helen Palma","Est. tempo de leitura":"5 minutos"},"schema":{"@context":"https:\/\/schema.org","@graph":[{"@type":"WebPage","@id":"https:\/\/www.em.com.br\/emfoco\/2024\/12\/02\/saiba-tudo-sobre-a-vida-e-fortuna-de-pedro-pascal-protagonista-de-gladiador-2\/","url":"https:\/\/www.em.com.br\/emfoco\/2024\/12\/02\/saiba-tudo-sobre-a-vida-e-fortuna-de-pedro-pascal-protagonista-de-gladiador-2\/","name":"Saiba tudo sobre a vida e fortuna de Pedro Pascal; protagonista de Gladiador 2 - Estado de Minas - Em foco","isPartOf":{"@id":"https:\/\/www.em.com.br\/emfoco\/#website"},"primaryImageOfPage":{"@id":"https:\/\/www.em.com.br\/emfoco\/2024\/12\/02\/saiba-tudo-sobre-a-vida-e-fortuna-de-pedro-pascal-protagonista-de-gladiador-2\/#primaryimage"},"image":{"@id":"https:\/\/www.em.com.br\/emfoco\/2024\/12\/02\/saiba-tudo-sobre-a-vida-e-fortuna-de-pedro-pascal-protagonista-de-gladiador-2\/#primaryimage"},"thumbnailUrl":"https:\/\/www.em.com.br\/emfoco\/wp-content\/uploads\/2024\/11\/Pedro-Pascoal-Wikimedia-Commons.jpg","datePublished":"2024-12-03T00:40:00+00:00","dateModified":"2024-11-30T23:35:08+00:00","author":{"@id":"https:\/\/www.em.com.br\/emfoco\/#\/schema\/person\/d79d5c83ee37ab7ca6781d92bd406eac"},"description":"Pedro Pascal, protagonista de \u201cGladiador 2\u201d, interpreta Marcus Acacius, um general romano. Com uma carreira em ascens\u00e3o e fortuna","breadcrumb":{"@id":"https:\/\/www.em.com.br\/emfoco\/2024\/12\/02\/saiba-tudo-sobre-a-vida-e-fortuna-de-pedro-pascal-protagonista-de-gladiador-2\/#breadcrumb"},"inLanguage":"pt-BR","potentialAction":[{"@type":"ReadAction","target":["https:\/\/www.em.com.br\/emfoco\/2024\/12\/02\/saiba-tudo-sobre-a-vida-e-fortuna-de-pedro-pascal-protagonista-de-gladiador-2\/"]}]},{"@type":"ImageObject","inLanguage":"pt-BR","@id":"https:\/\/www.em.com.br\/emfoco\/2024\/12\/02\/saiba-tudo-sobre-a-vida-e-fortuna-de-pedro-pascal-protagonista-de-gladiador-2\/#primaryimage","url":"https:\/\/www.em.com.br\/emfoco\/wp-content\/uploads\/2024\/11\/Pedro-Pascoal-Wikimedia-Commons.jpg","contentUrl":"https:\/\/www.em.com.br\/emfoco\/wp-content\/uploads\/2024\/11\/Pedro-Pascoal-Wikimedia-Commons.jpg","width":1280,"height":853,"caption":"Pedro Pascoal - Wikimedia Commons"},{"@type":"BreadcrumbList","@id":"https:\/\/www.em.com.br\/emfoco\/2024\/12\/02\/saiba-tudo-sobre-a-vida-e-fortuna-de-pedro-pascal-protagonista-de-gladiador-2\/#breadcrumb","itemListElement":[{"@type":"ListItem","position":1,"name":"In\u00edcio","item":"https:\/\/www.em.com.br\/emfoco\/"},{"@type":"ListItem","position":2,"name":"Saiba tudo sobre a vida e fortuna de Pedro Pascal; protagonista de Gladiador 2"}]},{"@type":"WebSite","@id":"https:\/\/www.em.com.br\/emfoco\/#website","url":"https:\/\/www.em.com.br\/emfoco\/","name":"Estado de Minas - Em foco","description":"Acompanhe as \u00faltimas not\u00edcias e fique bem informado sobre tudo o que acontece em Minas Gerais, Brasil e no mundo.","potentialAction":[{"@type":"SearchAction","target":{"@type":"EntryPoint","urlTemplate":"https:\/\/www.em.com.br\/emfoco\/?s={search_term_string}"},"query-input":{"@type":"PropertyValueSpecification","valueRequired":true,"valueName":"search_term_string"}}],"inLanguage":"pt-BR"},{"@type":"Person","@id":"https:\/\/www.em.com.br\/emfoco\/#\/schema\/person\/d79d5c83ee37ab7ca6781d92bd406eac","name":"Helen Palma","image":{"@type":"ImageObject","inLanguage":"pt-BR","@id":"https:\/\/www.em.com.br\/emfoco\/#\/schema\/person\/image\/","url":"https:\/\/secure.gravatar.com\/avatar\/c657d9266c25fd5b35a8a6274fb730cd?s=96&d=mm&r=g","contentUrl":"https:\/\/secure.gravatar.com\/avatar\/c657d9266c25fd5b35a8a6274fb730cd?s=96&d=mm&r=g","caption":"Helen Palma"},"url":"https:\/\/www.em.com.br\/emfoco\/author\/helenmyth\/"}]}},"_links":{"self":[{"href":"https:\/\/www.em.com.br\/emfoco\/wp-json\/wp\/v2\/posts\/2518","targetHints":{"allow":["GET"]}}],"collection":[{"href":"https:\/\/www.em.com.br\/emfoco\/wp-json\/wp\/v2\/posts"}],"about":[{"href":"https:\/\/www.em.com.br\/emfoco\/wp-json\/wp\/v2\/types\/post"}],"author":[{"embeddable":true,"href":"https:\/\/www.em.com.br\/emfoco\/wp-json\/wp\/v2\/users\/3"}],"replies":[{"embeddable":true,"href":"https:\/\/www.em.com.br\/emfoco\/wp-json\/wp\/v2\/comments?post=2518"}],"version-history":[{"count":2,"href":"https:\/\/www.em.com.br\/emfoco\/wp-json\/wp\/v2\/posts\/2518\/revisions"}],"predecessor-version":[{"id":2556,"href":"https:\/\/www.em.com.br\/emfoco\/wp-json\/wp\/v2\/posts\/2518\/revisions\/2556"}],"wp:featuredmedia":[{"embeddable":true,"href":"https:\/\/www.em.com.br\/emfoco\/wp-json\/wp\/v2\/media\/2554"}],"wp:attachment":[{"href":"https:\/\/www.em.com.br\/emfoco\/wp-json\/wp\/v2\/media?parent=2518"}],"wp:term":[{"taxonomy":"category","embeddable":true,"href":"https:\/\/www.em.com.br\/emfoco\/wp-json\/wp\/v2\/categories?post=2518"},{"taxonomy":"post_tag","embeddable":true,"href":"https:\/\/www.em.com.br\/emfoco\/wp-json\/wp\/v2\/tags?post=2518"}],"curies":[{"name":"wp","href":"https:\/\/api.w.org\/{rel}","templated":true}]}}