{"id":25146,"date":"2025-03-08T13:20:00","date_gmt":"2025-03-08T16:20:00","guid":{"rendered":"https:\/\/www.em.com.br\/emfoco\/?p=25146"},"modified":"2025-06-13T19:15:49","modified_gmt":"2025-06-13T22:15:49","slug":"mercedes-benz-cla-2025-traz-750-km-de-autonomia-e-um-novo-padrao-para-eletricos","status":"publish","type":"post","link":"https:\/\/www.em.com.br\/emfoco\/2025\/03\/08\/mercedes-benz-cla-2025-traz-750-km-de-autonomia-e-um-novo-padrao-para-eletricos\/","title":{"rendered":"Mercedes-Benz CLA 2025 traz 750 km de autonomia e um novo padr\u00e3o para el\u00e9tricos"},"content":{"rendered":"\n<p>A <strong><a href=\"https:\/\/www2.mercedes-benz.com.br\/\" target=\"_blank\" rel=\"noreferrer noopener\">Mercedes-Benz<\/a><\/strong> est\u00e1 preparando uma bomba para 2025. O <strong>CLA el\u00e9trico<\/strong> promete ser daqueles carros que fazem voc\u00ea repensar tudo sobre mobilidade sustent\u00e1vel. N\u00e3o \u00e9 s\u00f3 mais um <strong><a href=\"https:\/\/www.em.com.br\/emfoco\/2025\/05\/16\/novo-audi-a6-e-tron-chega-ao-brasil-para-revolucionar-o-mercado-de-sedans-eletricos\/\" target=\"_blank\" rel=\"noreferrer noopener\">el\u00e9trico <\/a><\/strong>bonito &#8211; \u00e9 uma revolu\u00e7\u00e3o com estrela de tr\u00eas pontas.<\/p>\n\n\n\n<p>O carro usa arquitetura de 800V na plataforma <strong>MMA<\/strong>. Traduzindo: carrega mais r\u00e1pido que qualquer coisa que voc\u00ea j\u00e1 viu. \u00c9 tecnologia de outro planeta chegando nas ruas.<\/p>\n\n\n\n<p>A <strong>Mercedes<\/strong> sempre foi sin\u00f4nimo de luxo e qualidade. Agora quer ser sin\u00f4nimo de futuro tamb\u00e9m. E pelo que estamos vendo, a estrat\u00e9gia est\u00e1 certinha.<\/p>\n\n\n\n<h2 class=\"wp-block-heading\">O que faz esse CLA ser t\u00e3o especial?<\/h2>\n\n\n\n<p>A bateria de 85 kWh \u00e9 o cora\u00e7\u00e3o do neg\u00f3cio. Com ela, voc\u00ea consegue rodar at\u00e9 750 km sem parar pra carregar. \u00c9 dist\u00e2ncia pra ir longe sem neura de ficar na m\u00e3o.<\/p>\n\n\n\n<p>A recarga r\u00e1pida muda completamente a experi\u00eancia. N\u00e3o \u00e9 mais aquela hist\u00f3ria de ficar horas esperando na tomada. Voc\u00ea para, toma um caf\u00e9, e o carro j\u00e1 est\u00e1 pronto para continuar.<\/p>\n\n\n\n<p>Os testes mostraram que o <strong>CLA<\/strong> aguenta viagens longas tranquilamente. Isso resolve um dos maiores medos de quem pensa em comprar um el\u00e9trico: a autonomia.<\/p>\n\n\n\n<figure class=\"wp-block-image size-large\"><img loading=\"lazy\" decoding=\"async\" width=\"1024\" height=\"576\" src=\"https:\/\/www.em.com.br\/emfoco\/wp-content\/uploads\/2025\/02\/esse-1-42-1024x576.jpg\" alt=\"Autonomia de 750 km! Mercedes-benz apresenta novo el\u00e9trico inovador\" class=\"wp-image-17297\" srcset=\"https:\/\/www.em.com.br\/emfoco\/wp-content\/uploads\/2025\/02\/esse-1-42-1024x576.jpg 1024w, https:\/\/www.em.com.br\/emfoco\/wp-content\/uploads\/2025\/02\/esse-1-42-300x169.jpg 300w, https:\/\/www.em.com.br\/emfoco\/wp-content\/uploads\/2025\/02\/esse-1-42-768x432.jpg 768w, https:\/\/www.em.com.br\/emfoco\/wp-content\/uploads\/2025\/02\/esse-1-42-750x422.jpg 750w, https:\/\/www.em.com.br\/emfoco\/wp-content\/uploads\/2025\/02\/esse-1-42-1140x641.jpg 1140w, https:\/\/www.em.com.br\/emfoco\/wp-content\/uploads\/2025\/02\/esse-1-42.jpg 1280w\" sizes=\"auto, (max-width: 1024px) 100vw, 1024px\" \/><figcaption class=\"wp-element-caption\">Foto de divulga\u00e7\u00e3o Mercedes-Benz CLA 2025 &#8211; Cr\u00e9ditos: Mercedes-Benz\/Divulga\u00e7\u00e3o<\/figcaption><\/figure>\n\n\n\n<h2 class=\"wp-block-heading\">Que outras vers\u00f5es v\u00e3o existir do CLA?<\/h2>\n\n\n\n<p>A <strong>Mercedes<\/strong> n\u00e3o est\u00e1 colocando todos os ovos na cesta el\u00e9trica. Vai ter vers\u00e3o h\u00edbrida tamb\u00e9m, usando a mesma plataforma <strong>MMA<\/strong>. \u00c9 pra quem ainda n\u00e3o est\u00e1 100% convencido dos el\u00e9tricos.<\/p>\n\n\n\n<p>E ainda vai ter as vers\u00f5es a combust\u00e3o. Esses motores s\u00e3o desenvolvidos junto com a <strong>Geely<\/strong> e a <strong>Renault<\/strong>. \u00c9 parceria internacional pra entregar o melhor de cada um.<\/p>\n\n\n\n<p>A ideia \u00e9 ter op\u00e7\u00e3o pra todo tipo de cliente. Quer el\u00e9trico? Tem. Prefere h\u00edbrido? Tem tamb\u00e9m. Ainda n\u00e3o quer largar a gasolina? Tamb\u00e9m tem.<\/p>\n\n\n\n<h2 class=\"wp-block-heading\">Como isso vai afetar o mercado de carros?<\/h2>\n\n\n\n<p>O <strong>CLA el\u00e9trico<\/strong> chega numa hora perfeita. Todo mundo est\u00e1 correndo atr\u00e1s de carros que poluem menos. A <strong>Mercedes<\/strong> quer dar o tom de como isso deve ser feito.<\/p>\n\n\n\n<p>Com 750 km de autonomia e recarga super r\u00e1pida, o <strong>CLA<\/strong> pode virar o benchmark do mercado. Outras marcas v\u00e3o ter que correr atr\u00e1s pra n\u00e3o ficar pra tr\u00e1s.<\/p>\n\n\n\n<p>\u00c9 aquela hist\u00f3ria: quando a <strong>Mercedes<\/strong> faz algo novo, todo mundo presta aten\u00e7\u00e3o. E esse movimento rumo aos el\u00e9tricos n\u00e3o vai ser diferente.<\/p>\n\n\n\n<h2 class=\"wp-block-heading\">Por que todo mundo est\u00e1 ansioso por esse lan\u00e7amento?<\/h2>\n\n\n\n<p>2025 ainda parece longe, mas a expectativa j\u00e1 est\u00e1 alta. Especialistas e consumidores querem ver se a <strong>Mercedes<\/strong> consegue entregar tudo que est\u00e1 prometendo.<\/p>\n\n\n\n<p>O <strong>CLA el\u00e9trico<\/strong> representa mais que um carro novo. \u00c9 o s\u00edmbolo de uma mudan\u00e7a maior na ind\u00fastria. \u00c9 a <strong>Mercedes<\/strong> dizendo: &#8220;O futuro chegou e n\u00f3s estamos liderando&#8221;.<\/p>\n\n\n\n<p>N\u00e3o \u00e9 s\u00f3 sobre tecnologia. \u00c9 sobre redefinir o que esperamos de um carro el\u00e9trico de luxo.<\/p>\n\n\n\n<h2 class=\"wp-block-heading\">Vale a pena esperar pelo CLA el\u00e9trico?<\/h2>\n\n\n\n<p>Na minha opini\u00e3o, o <strong>Mercedes CLA el\u00e9trico<\/strong> pode ser o divisor de \u00e1guas que o mercado estava precisando. A combina\u00e7\u00e3o de autonomia, recarga r\u00e1pida e qualidade <strong>Mercedes<\/strong> \u00e9 tentadora demais.<\/p>\n\n\n\n<p>Claro que vai custar caro &#8211; \u00e9 <strong>Mercedes<\/strong>, n\u00e9? Mas se voc\u00ea estava esperando o momento certo pra migrar pro el\u00e9trico, esse pode ser o carro.<\/p>\n\n\n\n<p>O legal \u00e9 que a marca n\u00e3o est\u00e1 abandonando quem ainda prefere outras tecnologias. Ter h\u00edbrido e combust\u00e3o na mesma linha mostra que eles entendem que a transi\u00e7\u00e3o n\u00e3o acontece da noite pro dia.<\/p>\n\n\n\n<p>O <strong>CLA el\u00e9trico<\/strong> n\u00e3o \u00e9 s\u00f3 um carro. \u00c9 uma declara\u00e7\u00e3o de que o futuro pode ser sustent\u00e1vel sem abrir m\u00e3o do prazer de dirigir. E isso, convenhamos, todo mundo estava esperando.<\/p>\n","protected":false},"excerpt":{"rendered":"<p>A Mercedes-Benz est\u00e1 preparando uma bomba para 2025. O CLA el\u00e9trico promete ser daqueles carros que fazem voc\u00ea repensar tudo sobre mobilidade sustent\u00e1vel. N\u00e3o \u00e9 s\u00f3 mais um el\u00e9trico bonito &#8211; \u00e9 uma revolu\u00e7\u00e3o com estrela de tr\u00eas pontas. O carro usa arquitetura de 800V na plataforma MMA. Traduzindo: carrega mais r\u00e1pido que qualquer coisa [&hellip;]<\/p>\n","protected":false},"author":5,"featured_media":17295,"comment_status":"open","ping_status":"open","sticky":false,"template":"","format":"standard","meta":{"jnews-multi-image_gallery":[],"jnews_single_post":{"format":"standard"},"jnews_primary_category":[],"jnews_social_meta":[],"jnews_override_counter":[],"footnotes":""},"categories":[27,1],"tags":[1159,324,2640],"class_list":["post-25146","post","type-post","status-publish","format-standard","has-post-thumbnail","hentry","category-carros","category-noticias","tag-carros-eletricos","tag-inovacao","tag-mercedes"],"yoast_head":"<!-- This site is optimized with the Yoast SEO plugin v23.8 - https:\/\/yoast.com\/wordpress\/plugins\/seo\/ -->\n<title>Mercedes-Benz CLA 2025 traz 750 km de autonomia e um novo padr\u00e3o para el\u00e9tricos - Estado de Minas - Em foco<\/title>\n<meta name=\"description\" content=\"Chega em 2025 o sed\u00e3 el\u00e9trico que promete mudar o jogo com tecnologia de ponta e desempenho impressionante! Veja o que ele oferece.\" \/>\n<meta name=\"robots\" content=\"index, follow, max-snippet:-1, max-image-preview:large, max-video-preview:-1\" \/>\n<link rel=\"canonical\" href=\"https:\/\/www.em.com.br\/emfoco\/2025\/03\/08\/mercedes-benz-cla-2025-traz-750-km-de-autonomia-e-um-novo-padrao-para-eletricos\/\" \/>\n<meta property=\"og:locale\" content=\"pt_BR\" \/>\n<meta property=\"og:type\" content=\"article\" \/>\n<meta property=\"og:title\" content=\"Mercedes-Benz CLA 2025 traz 750 km de autonomia e um novo padr\u00e3o para el\u00e9tricos - Estado de Minas - Em foco\" \/>\n<meta property=\"og:description\" content=\"Chega em 2025 o sed\u00e3 el\u00e9trico que promete mudar o jogo com tecnologia de ponta e desempenho impressionante! Veja o que ele oferece.\" \/>\n<meta property=\"og:url\" content=\"https:\/\/www.em.com.br\/emfoco\/2025\/03\/08\/mercedes-benz-cla-2025-traz-750-km-de-autonomia-e-um-novo-padrao-para-eletricos\/\" \/>\n<meta property=\"og:site_name\" content=\"Estado de Minas - Em foco\" \/>\n<meta property=\"article:published_time\" content=\"2025-03-08T16:20:00+00:00\" \/>\n<meta property=\"article:modified_time\" content=\"2025-06-13T22:15:49+00:00\" \/>\n<meta property=\"og:image\" content=\"https:\/\/www.em.com.br\/emfoco\/wp-content\/uploads\/2025\/02\/esse-57.jpg\" \/>\n\t<meta property=\"og:image:width\" content=\"1280\" \/>\n\t<meta property=\"og:image:height\" content=\"720\" \/>\n\t<meta property=\"og:image:type\" content=\"image\/jpeg\" \/>\n<meta name=\"author\" content=\"N\u00fabia Rangel\" \/>\n<meta name=\"twitter:card\" content=\"summary_large_image\" \/>\n<meta name=\"twitter:label1\" content=\"Escrito por\" \/>\n\t<meta name=\"twitter:data1\" content=\"N\u00fabia Rangel\" \/>\n\t<meta name=\"twitter:label2\" content=\"Est. tempo de leitura\" \/>\n\t<meta name=\"twitter:data2\" content=\"4 minutos\" \/>\n<!-- \/ Yoast SEO plugin. -->","yoast_head_json":{"title":"Mercedes-Benz CLA 2025 traz 750 km de autonomia e um novo padr\u00e3o para el\u00e9tricos - Estado de Minas - Em foco","description":"Chega em 2025 o sed\u00e3 el\u00e9trico que promete mudar o jogo com tecnologia de ponta e desempenho impressionante! Veja o que ele oferece.","robots":{"index":"index","follow":"follow","max-snippet":"max-snippet:-1","max-image-preview":"max-image-preview:large","max-video-preview":"max-video-preview:-1"},"canonical":"https:\/\/www.em.com.br\/emfoco\/2025\/03\/08\/mercedes-benz-cla-2025-traz-750-km-de-autonomia-e-um-novo-padrao-para-eletricos\/","og_locale":"pt_BR","og_type":"article","og_title":"Mercedes-Benz CLA 2025 traz 750 km de autonomia e um novo padr\u00e3o para el\u00e9tricos - Estado de Minas - Em foco","og_description":"Chega em 2025 o sed\u00e3 el\u00e9trico que promete mudar o jogo com tecnologia de ponta e desempenho impressionante! Veja o que ele oferece.","og_url":"https:\/\/www.em.com.br\/emfoco\/2025\/03\/08\/mercedes-benz-cla-2025-traz-750-km-de-autonomia-e-um-novo-padrao-para-eletricos\/","og_site_name":"Estado de Minas - Em foco","article_published_time":"2025-03-08T16:20:00+00:00","article_modified_time":"2025-06-13T22:15:49+00:00","og_image":[{"width":1280,"height":720,"url":"https:\/\/www.em.com.br\/emfoco\/wp-content\/uploads\/2025\/02\/esse-57.jpg","type":"image\/jpeg"}],"author":"N\u00fabia Rangel","twitter_card":"summary_large_image","twitter_misc":{"Escrito por":"N\u00fabia Rangel","Est. tempo de leitura":"4 minutos"},"schema":{"@context":"https:\/\/schema.org","@graph":[{"@type":"WebPage","@id":"https:\/\/www.em.com.br\/emfoco\/2025\/03\/08\/mercedes-benz-cla-2025-traz-750-km-de-autonomia-e-um-novo-padrao-para-eletricos\/","url":"https:\/\/www.em.com.br\/emfoco\/2025\/03\/08\/mercedes-benz-cla-2025-traz-750-km-de-autonomia-e-um-novo-padrao-para-eletricos\/","name":"Mercedes-Benz CLA 2025 traz 750 km de autonomia e um novo padr\u00e3o para el\u00e9tricos - Estado de Minas - Em foco","isPartOf":{"@id":"https:\/\/www.em.com.br\/emfoco\/#website"},"primaryImageOfPage":{"@id":"https:\/\/www.em.com.br\/emfoco\/2025\/03\/08\/mercedes-benz-cla-2025-traz-750-km-de-autonomia-e-um-novo-padrao-para-eletricos\/#primaryimage"},"image":{"@id":"https:\/\/www.em.com.br\/emfoco\/2025\/03\/08\/mercedes-benz-cla-2025-traz-750-km-de-autonomia-e-um-novo-padrao-para-eletricos\/#primaryimage"},"thumbnailUrl":"https:\/\/www.em.com.br\/emfoco\/wp-content\/uploads\/2025\/02\/esse-57.jpg","datePublished":"2025-03-08T16:20:00+00:00","dateModified":"2025-06-13T22:15:49+00:00","author":{"@id":"https:\/\/www.em.com.br\/emfoco\/#\/schema\/person\/524437ef54f8a5d32591b143307f2e20"},"description":"Chega em 2025 o sed\u00e3 el\u00e9trico que promete mudar o jogo com tecnologia de ponta e desempenho impressionante! Veja o que ele oferece.","breadcrumb":{"@id":"https:\/\/www.em.com.br\/emfoco\/2025\/03\/08\/mercedes-benz-cla-2025-traz-750-km-de-autonomia-e-um-novo-padrao-para-eletricos\/#breadcrumb"},"inLanguage":"pt-BR","potentialAction":[{"@type":"ReadAction","target":["https:\/\/www.em.com.br\/emfoco\/2025\/03\/08\/mercedes-benz-cla-2025-traz-750-km-de-autonomia-e-um-novo-padrao-para-eletricos\/"]}]},{"@type":"ImageObject","inLanguage":"pt-BR","@id":"https:\/\/www.em.com.br\/emfoco\/2025\/03\/08\/mercedes-benz-cla-2025-traz-750-km-de-autonomia-e-um-novo-padrao-para-eletricos\/#primaryimage","url":"https:\/\/www.em.com.br\/emfoco\/wp-content\/uploads\/2025\/02\/esse-57.jpg","contentUrl":"https:\/\/www.em.com.br\/emfoco\/wp-content\/uploads\/2025\/02\/esse-57.jpg","width":1280,"height":720,"caption":"Foto de divulga\u00e7\u00e3o Mercedes-Benz CLA 2025 - Cr\u00e9ditos: Mercedes-Benz\/Divulga\u00e7\u00e3o"},{"@type":"BreadcrumbList","@id":"https:\/\/www.em.com.br\/emfoco\/2025\/03\/08\/mercedes-benz-cla-2025-traz-750-km-de-autonomia-e-um-novo-padrao-para-eletricos\/#breadcrumb","itemListElement":[{"@type":"ListItem","position":1,"name":"In\u00edcio","item":"https:\/\/www.em.com.br\/emfoco\/"},{"@type":"ListItem","position":2,"name":"Mercedes-Benz CLA 2025 traz 750 km de autonomia e um novo padr\u00e3o para el\u00e9tricos"}]},{"@type":"WebSite","@id":"https:\/\/www.em.com.br\/emfoco\/#website","url":"https:\/\/www.em.com.br\/emfoco\/","name":"Estado de Minas - Em foco","description":"Acompanhe as \u00faltimas not\u00edcias e fique bem informado sobre tudo o que acontece em Minas Gerais, Brasil e no mundo.","potentialAction":[{"@type":"SearchAction","target":{"@type":"EntryPoint","urlTemplate":"https:\/\/www.em.com.br\/emfoco\/?s={search_term_string}"},"query-input":{"@type":"PropertyValueSpecification","valueRequired":true,"valueName":"search_term_string"}}],"inLanguage":"pt-BR"},{"@type":"Person","@id":"https:\/\/www.em.com.br\/emfoco\/#\/schema\/person\/524437ef54f8a5d32591b143307f2e20","name":"N\u00fabia Rangel","image":{"@type":"ImageObject","inLanguage":"pt-BR","@id":"https:\/\/www.em.com.br\/emfoco\/#\/schema\/person\/image\/","url":"https:\/\/secure.gravatar.com\/avatar\/47cff2827a5ba23c37e8068c86817ea4?s=96&d=mm&r=g","contentUrl":"https:\/\/secure.gravatar.com\/avatar\/47cff2827a5ba23c37e8068c86817ea4?s=96&d=mm&r=g","caption":"N\u00fabia Rangel"},"sameAs":["https:\/\/www.em.com.br\/emfoco\/"],"url":"https:\/\/www.em.com.br\/emfoco\/author\/nubiamyth\/"}]}},"_links":{"self":[{"href":"https:\/\/www.em.com.br\/emfoco\/wp-json\/wp\/v2\/posts\/25146","targetHints":{"allow":["GET"]}}],"collection":[{"href":"https:\/\/www.em.com.br\/emfoco\/wp-json\/wp\/v2\/posts"}],"about":[{"href":"https:\/\/www.em.com.br\/emfoco\/wp-json\/wp\/v2\/types\/post"}],"author":[{"embeddable":true,"href":"https:\/\/www.em.com.br\/emfoco\/wp-json\/wp\/v2\/users\/5"}],"replies":[{"embeddable":true,"href":"https:\/\/www.em.com.br\/emfoco\/wp-json\/wp\/v2\/comments?post=25146"}],"version-history":[{"count":3,"href":"https:\/\/www.em.com.br\/emfoco\/wp-json\/wp\/v2\/posts\/25146\/revisions"}],"predecessor-version":[{"id":60302,"href":"https:\/\/www.em.com.br\/emfoco\/wp-json\/wp\/v2\/posts\/25146\/revisions\/60302"}],"wp:featuredmedia":[{"embeddable":true,"href":"https:\/\/www.em.com.br\/emfoco\/wp-json\/wp\/v2\/media\/17295"}],"wp:attachment":[{"href":"https:\/\/www.em.com.br\/emfoco\/wp-json\/wp\/v2\/media?parent=25146"}],"wp:term":[{"taxonomy":"category","embeddable":true,"href":"https:\/\/www.em.com.br\/emfoco\/wp-json\/wp\/v2\/categories?post=25146"},{"taxonomy":"post_tag","embeddable":true,"href":"https:\/\/www.em.com.br\/emfoco\/wp-json\/wp\/v2\/tags?post=25146"}],"curies":[{"name":"wp","href":"https:\/\/api.w.org\/{rel}","templated":true}]}}