{"id":2514,"date":"2024-12-02T20:20:00","date_gmt":"2024-12-02T23:20:00","guid":{"rendered":"https:\/\/www.em.com.br\/emfoco\/?p=2514"},"modified":"2024-11-30T20:39:28","modified_gmt":"2024-11-30T23:39:28","slug":"cidadaos-em-festa-com-o-recebimento-do-bonus-natalino-saiba-quando-comecam-os-pagamentos","status":"publish","type":"post","link":"https:\/\/www.em.com.br\/emfoco\/2024\/12\/02\/cidadaos-em-festa-com-o-recebimento-do-bonus-natalino-saiba-quando-comecam-os-pagamentos\/","title":{"rendered":"Cidad\u00e3os em festa com o recebimento do B\u00f4nus Natalino; saiba quando come\u00e7am os pagamentos"},"content":{"rendered":"\n<p>A expectativa \u00e9 grande entre os benefici\u00e1rios do Bolsa Fam\u00edlia com a chegada do <a href=\"https:\/\/www.em.com.br\/emfoco\/categoria\/economia\/\" target=\"_blank\" rel=\"noreferrer noopener\"><strong>B\u00f4nus <\/strong><\/a>Natalino. A partir do dia 10 de dezembro de 2024, mais de 21 milh\u00f5es de fam\u00edlias brasileiras poder\u00e3o contar com esse importante recurso, que chega em um momento crucial, especialmente no fim do ano, quando muitos precisam de um aux\u00edlio extra para as celebra\u00e7\u00f5es e despesas t\u00edpicas desta \u00e9poca. O B\u00f4nus Natalino \u00e9 uma <a href=\"https:\/\/www.em.com.br\/emfoco\/2024\/11\/30\/finalmente-a-noticia-que-todos-esperavam-ministro-haddad-faz-comunicado-para-todos-os-brasileiros\/\" target=\"_blank\" rel=\"noreferrer noopener\"><strong>iniciativa <\/strong><\/a>do <strong><a href=\"https:\/\/www.gov.br\/pt-br\" target=\"_blank\" rel=\"noreferrer noopener\">Governo Federal<\/a><\/strong>, criada especificamente para proporcionar um al\u00edvio financeiro em um per\u00edodo repleto de gastos.<\/p>\n\n\n\n<h2 class=\"wp-block-heading\">O que \u00e9 o Bolsa Fam\u00edlia?<\/h2>\n\n\n\n<p>O programa Bolsa Fam\u00edlia foi implementado no Brasil como uma forma de atender \u00e0s necessidades de fam\u00edlias em situa\u00e7\u00e3o de vulnerabilidade social. Criado para garantir uma renda m\u00ednima e a dignidade dessas fam\u00edlias, ele se tornou um dos principais pilares das pol\u00edticas de assist\u00eancia social no pa\u00eds. Atrav\u00e9s do Bolsa Fam\u00edlia, o governo brasileiro busca reduzir a pobreza extrema, promovendo inclus\u00e3o social e acesso a direitos b\u00e1sicos e dignidade.<\/p>\n\n\n\n<p>Atualmente, o programa beneficia mais de 21 milh\u00f5es de fam\u00edlias, oferecendo um suporte essencial e permitindo que estas pessoas atendam suas necessidades financeiras, alimentares e de sa\u00fade. Este m\u00eas de dezembro, com o B\u00f4nus Natalino, o governo pretende garantir que essas fam\u00edlias tenham um suporte adicional durante as festas de fim de ano.<\/p>\n\n\n\n<h2 class=\"wp-block-heading\">Antecipa\u00e7\u00e3o dos Pagamentos<\/h2>\n\n\n\n<p>Neste ano, para melhor atender as necessidades financeiras das fam\u00edlias, o pagamento do B\u00f4nus Natalino ser\u00e1 antecipado, conforme anunciou Lila Cunha, especialista do FDR. A decis\u00e3o de realizar o pagamento em dezembro foi especialmente pensada para que as fam\u00edlias tenham acesso ao recurso a tempo de planejarem suas festas natalinas. A medida anual do governo visa assegurar que, ao final do ano, os benefici\u00e1rios disponham de recursos suficientes para atender suas necessidades.<\/p>\n\n\n\n<p>Os pagamentos come\u00e7ar\u00e3o a ser creditados nas contas a partir do dia 10 de dezembro, utilizando a conta da poupan\u00e7a social do Caixa Tem. Para aqueles que ainda n\u00e3o t\u00eam o aplicativo, \u00e9 essencial realizar o download para poder movimentar os valores recebidos. O Caixa Tem tornou-se uma ferramenta fundamental para os benefici\u00e1rios, facilitando o acesso e a gest\u00e3o dos recursos de maneira pr\u00e1tica e eficiente.<\/p>\n\n\n\n<h2 class=\"wp-block-heading\">Calend\u00e1rio de Pagamentos do Bolsa Fam\u00edlia<\/h2>\n\n\n\n<figure class=\"wp-block-gallery has-nested-images columns-default is-cropped wp-block-gallery-1 is-layout-flex wp-block-gallery-is-layout-flex\">\n<figure class=\"wp-block-image size-large\"><img loading=\"lazy\" decoding=\"async\" width=\"1024\" height=\"576\" data-id=\"2551\" src=\"https:\/\/www.em.com.br\/emfoco\/wp-content\/uploads\/2024\/11\/bonus-natalino-Creditos-depositphotos.com-AllaSerebrina-1024x576.jpg\" alt=\"b\u00f4nus natalino - Cr\u00e9ditos depositphotos.com AllaSerebrina\" class=\"wp-image-2551\" srcset=\"https:\/\/www.em.com.br\/emfoco\/wp-content\/uploads\/2024\/11\/bonus-natalino-Creditos-depositphotos.com-AllaSerebrina-1024x576.jpg 1024w, https:\/\/www.em.com.br\/emfoco\/wp-content\/uploads\/2024\/11\/bonus-natalino-Creditos-depositphotos.com-AllaSerebrina-300x169.jpg 300w, https:\/\/www.em.com.br\/emfoco\/wp-content\/uploads\/2024\/11\/bonus-natalino-Creditos-depositphotos.com-AllaSerebrina-768x432.jpg 768w, https:\/\/www.em.com.br\/emfoco\/wp-content\/uploads\/2024\/11\/bonus-natalino-Creditos-depositphotos.com-AllaSerebrina-750x422.jpg 750w, https:\/\/www.em.com.br\/emfoco\/wp-content\/uploads\/2024\/11\/bonus-natalino-Creditos-depositphotos.com-AllaSerebrina-1140x641.jpg 1140w, https:\/\/www.em.com.br\/emfoco\/wp-content\/uploads\/2024\/11\/bonus-natalino-Creditos-depositphotos.com-AllaSerebrina.jpg 1280w\" sizes=\"auto, (max-width: 1024px) 100vw, 1024px\" \/><figcaption class=\"wp-element-caption\">b\u00f4nus natalino &#8211; Cr\u00e9ditos depositphotos.com AllaSerebrina<\/figcaption><\/figure>\n<\/figure>\n\n\n\n<p>O calend\u00e1rio de pagamento do Bolsa Fam\u00edlia em dezembro est\u00e1 dividido com base nos \u00faltimos d\u00edgitos do N\u00famero de Identifica\u00e7\u00e3o Social (NIS) de cada benefici\u00e1rio. O cronograma \u00e9 o seguinte:<\/p>\n\n\n\n<ul class=\"wp-block-list\">\n<li><strong>NIS final 1:<\/strong>&nbsp;Recebem no dia 10 de dezembro;<\/li>\n\n\n\n<li><strong>NIS final 2:<\/strong>&nbsp;Recebem no dia 11 de dezembro;<\/li>\n\n\n\n<li><strong>NIS final 3:<\/strong>&nbsp;Recebem no dia 12 de dezembro;<\/li>\n\n\n\n<li><strong>NIS final 4:<\/strong>&nbsp;Recebem no dia 13 de dezembro;<\/li>\n\n\n\n<li><strong>NIS final 5:<\/strong>&nbsp;Recebem no dia 16 de dezembro;<\/li>\n\n\n\n<li><strong>NIS final 6:<\/strong>&nbsp;Recebem no dia 17 de dezembro;<\/li>\n\n\n\n<li><strong>NIS final 7:<\/strong>&nbsp;Recebem no dia 18 de dezembro;<\/li>\n\n\n\n<li><strong>NIS final 8:<\/strong>&nbsp;Recebem no dia 19 de dezembro;<\/li>\n\n\n\n<li><strong>NIS final 9:<\/strong>&nbsp;Recebem no dia 20 de dezembro;<\/li>\n\n\n\n<li><strong>NIS final 0:<\/strong>&nbsp;Recebem no dia 23 de dezembro.<\/li>\n<\/ul>\n\n\n\n<p>Esse sistema permite uma distribui\u00e7\u00e3o mais organizada e evita aglomera\u00e7\u00f5es nas ag\u00eancias, promovendo uma melhor experi\u00eancia para os benefici\u00e1rios.<\/p>\n\n\n\n<h2 class=\"wp-block-heading\">Benef\u00edcios Adicionais<\/h2>\n\n\n\n<p>Al\u00e9m do valor b\u00e1sico de R$ 600, o Bolsa Fam\u00edlia oferece aos seus benefici\u00e1rios a possibilidade de receber valores adicionais, conforme a situa\u00e7\u00e3o da fam\u00edlia. Veja como funciona:<\/p>\n\n\n\n<ol class=\"wp-block-list\">\n<li><strong>Benef\u00edcio de Renda de Cidadania:<\/strong>&nbsp;Adiciona R$ 142 para cada membro da fam\u00edlia.<\/li>\n\n\n\n<li><strong>Benef\u00edcio Complementar:<\/strong>&nbsp;Auxilia fam\u00edlias cuja soma dos benef\u00edcios n\u00e3o atinge R$ 600.<\/li>\n\n\n\n<li><strong>Benef\u00edcio Primeira Inf\u00e2ncia:<\/strong>&nbsp;Libera R$ 150 para cada crian\u00e7a de zero a sete anos.<\/li>\n\n\n\n<li><strong>Benef\u00edcio Vari\u00e1vel Familiar:<\/strong>&nbsp;Oferece R$ 50 para gestantes e jovens de 7 a 18 anos.<\/li>\n\n\n\n<li><strong>Benef\u00edcio Vari\u00e1vel Familiar Nutriz:<\/strong>&nbsp;Paga R$ 50 para cada integrante da fam\u00edlia com at\u00e9 sete meses de idade.<\/li>\n\n\n\n<li><strong>Benef\u00edcio Extraordin\u00e1rio de Transi\u00e7\u00e3o:<\/strong>&nbsp;Dispon\u00edvel at\u00e9 maio de 2025, garante que nenhum benefici\u00e1rio receba menos do que era concedido anteriormente no Aux\u00edlio Brasil.<\/li>\n<\/ol>\n\n\n\n<p>Essas medidas visam atender \u00e0s diversas situa\u00e7\u00f5es enfrentadas pelas fam\u00edlias, garantindo que o aux\u00edlio financeiro seja justo e eficaz.<\/p>\n\n\n\n<h2 class=\"wp-block-heading\">Import\u00e2ncia do B\u00f4nus Natalino<\/h2>\n\n\n\n<p>O B\u00f4nus Natalino representa mais do que apenas uma ajuda financeira; ele simboliza o reconhecimento das dificuldades enfrentadas pelas fam\u00edlias mais vulner\u00e1veis, especialmente neste per\u00edodo do ano. Para muitos, esse recurso faz a diferen\u00e7a na hora de comprar alimentos, presentear os filhos e celebrar as festividades natalinas.<\/p>\n\n\n\n<p>Al\u00e9m disso, a antecipa\u00e7\u00e3o dos pagamentos demonstra a preocupa\u00e7\u00e3o do governo em garantir que a distribui\u00e7\u00e3o seja feita de forma precisa e no tempo necess\u00e1rio, permitindo que as fam\u00edlias possam planejar suas despesas adequadamente. Assim, o B\u00f4nus Natalino do Bolsa Fam\u00edlia n\u00e3o apenas traz al\u00edvio financeiro, mas tamb\u00e9m promove um sentimento de esperan\u00e7a e dignidade para milh\u00f5es de brasileiros.<\/p>\n\n\n\n<p>O B\u00f4nus Natalino do Bolsa Fam\u00edlia \u00e9 uma iniciativa significativa que promete trazer al\u00edvio e alegria para mais de 21 milh\u00f5es de fam\u00edlias em todo o Brasil. Com os pagamentos come\u00e7ando em 10 de dezembro e a possibilidade de benef\u00edcios adicionais para aquelas que mais precisam, o programa se reafirma como uma ferramenta essencial no combate \u00e0 pobreza e na promo\u00e7\u00e3o da dignidade humana. \u00c0 medida que as festividades se aproximam, essa ajuda ser\u00e1 um importante suporte para muitos, garantindo que o Natal possa ser celebrado com mais tranquilidade<\/p>\n","protected":false},"excerpt":{"rendered":"<p>O B\u00f4nus Natalino do Bolsa Fam\u00edlia come\u00e7ar\u00e1 a ser pago em 10 de dezembro, beneficiando mais de 21 milh\u00f5es de fam\u00edlias com aux\u00edlios extras para as festas de fim de ano.<\/p>\n","protected":false},"author":3,"featured_media":2552,"comment_status":"open","ping_status":"open","sticky":false,"template":"","format":"standard","meta":{"jnews-multi-image_gallery":[],"jnews_single_post":{"format":"standard"},"jnews_primary_category":[],"jnews_social_meta":[],"jnews_override_counter":[],"footnotes":""},"categories":[28],"tags":[209,1321,1308,657,743],"class_list":["post-2514","post","type-post","status-publish","format-standard","has-post-thumbnail","hentry","category-economia","tag-bolsa-familia","tag-bonus","tag-bonus-natalino","tag-calendario-bolsa-familia","tag-natal"],"yoast_head":"<!-- This site is optimized with the Yoast SEO plugin v23.8 - https:\/\/yoast.com\/wordpress\/plugins\/seo\/ -->\n<title>Cidad\u00e3os em festa com o recebimento do B\u00f4nus Natalino; saiba quando come\u00e7am os pagamentos - Estado de Minas - Em foco<\/title>\n<meta name=\"description\" content=\"O B\u00f4nus Natalino do Bolsa Fam\u00edlia come\u00e7ar\u00e1 a ser pago beneficiando mais de 21 milh\u00f5es de fam\u00edlias com aux\u00edlios extras para as festas\" \/>\n<meta name=\"robots\" content=\"index, follow, max-snippet:-1, max-image-preview:large, max-video-preview:-1\" \/>\n<link rel=\"canonical\" href=\"https:\/\/www.em.com.br\/emfoco\/2024\/12\/02\/cidadaos-em-festa-com-o-recebimento-do-bonus-natalino-saiba-quando-comecam-os-pagamentos\/\" \/>\n<meta property=\"og:locale\" content=\"pt_BR\" \/>\n<meta property=\"og:type\" content=\"article\" \/>\n<meta property=\"og:title\" content=\"Cidad\u00e3os em festa com o recebimento do B\u00f4nus Natalino; saiba quando come\u00e7am os pagamentos - Estado de Minas - Em foco\" \/>\n<meta property=\"og:description\" content=\"O B\u00f4nus Natalino do Bolsa Fam\u00edlia come\u00e7ar\u00e1 a ser pago beneficiando mais de 21 milh\u00f5es de fam\u00edlias com aux\u00edlios extras para as festas\" \/>\n<meta property=\"og:url\" content=\"https:\/\/www.em.com.br\/emfoco\/2024\/12\/02\/cidadaos-em-festa-com-o-recebimento-do-bonus-natalino-saiba-quando-comecam-os-pagamentos\/\" \/>\n<meta property=\"og:site_name\" content=\"Estado de Minas - Em foco\" \/>\n<meta property=\"article:published_time\" content=\"2024-12-02T23:20:00+00:00\" \/>\n<meta property=\"article:modified_time\" content=\"2024-11-30T23:39:28+00:00\" \/>\n<meta property=\"og:image\" content=\"https:\/\/www.em.com.br\/emfoco\/wp-content\/uploads\/2024\/11\/bonus-natalino-Creditos-depositphotos.com-pogonici.jpg\" \/>\n\t<meta property=\"og:image:width\" content=\"1280\" \/>\n\t<meta property=\"og:image:height\" content=\"720\" \/>\n\t<meta property=\"og:image:type\" content=\"image\/jpeg\" \/>\n<meta name=\"author\" content=\"Helen Palma\" \/>\n<meta name=\"twitter:card\" content=\"summary_large_image\" \/>\n<meta name=\"twitter:label1\" content=\"Escrito por\" \/>\n\t<meta name=\"twitter:data1\" content=\"Helen Palma\" \/>\n\t<meta name=\"twitter:label2\" content=\"Est. tempo de leitura\" \/>\n\t<meta name=\"twitter:data2\" content=\"6 minutos\" \/>\n<!-- \/ Yoast SEO plugin. -->","yoast_head_json":{"title":"Cidad\u00e3os em festa com o recebimento do B\u00f4nus Natalino; saiba quando come\u00e7am os pagamentos - Estado de Minas - Em foco","description":"O B\u00f4nus Natalino do Bolsa Fam\u00edlia come\u00e7ar\u00e1 a ser pago beneficiando mais de 21 milh\u00f5es de fam\u00edlias com aux\u00edlios extras para as festas","robots":{"index":"index","follow":"follow","max-snippet":"max-snippet:-1","max-image-preview":"max-image-preview:large","max-video-preview":"max-video-preview:-1"},"canonical":"https:\/\/www.em.com.br\/emfoco\/2024\/12\/02\/cidadaos-em-festa-com-o-recebimento-do-bonus-natalino-saiba-quando-comecam-os-pagamentos\/","og_locale":"pt_BR","og_type":"article","og_title":"Cidad\u00e3os em festa com o recebimento do B\u00f4nus Natalino; saiba quando come\u00e7am os pagamentos - Estado de Minas - Em foco","og_description":"O B\u00f4nus Natalino do Bolsa Fam\u00edlia come\u00e7ar\u00e1 a ser pago beneficiando mais de 21 milh\u00f5es de fam\u00edlias com aux\u00edlios extras para as festas","og_url":"https:\/\/www.em.com.br\/emfoco\/2024\/12\/02\/cidadaos-em-festa-com-o-recebimento-do-bonus-natalino-saiba-quando-comecam-os-pagamentos\/","og_site_name":"Estado de Minas - Em foco","article_published_time":"2024-12-02T23:20:00+00:00","article_modified_time":"2024-11-30T23:39:28+00:00","og_image":[{"width":1280,"height":720,"url":"https:\/\/www.em.com.br\/emfoco\/wp-content\/uploads\/2024\/11\/bonus-natalino-Creditos-depositphotos.com-pogonici.jpg","type":"image\/jpeg"}],"author":"Helen Palma","twitter_card":"summary_large_image","twitter_misc":{"Escrito por":"Helen Palma","Est. tempo de leitura":"6 minutos"},"schema":{"@context":"https:\/\/schema.org","@graph":[{"@type":"WebPage","@id":"https:\/\/www.em.com.br\/emfoco\/2024\/12\/02\/cidadaos-em-festa-com-o-recebimento-do-bonus-natalino-saiba-quando-comecam-os-pagamentos\/","url":"https:\/\/www.em.com.br\/emfoco\/2024\/12\/02\/cidadaos-em-festa-com-o-recebimento-do-bonus-natalino-saiba-quando-comecam-os-pagamentos\/","name":"Cidad\u00e3os em festa com o recebimento do B\u00f4nus Natalino; saiba quando come\u00e7am os pagamentos - Estado de Minas - Em foco","isPartOf":{"@id":"https:\/\/www.em.com.br\/emfoco\/#website"},"primaryImageOfPage":{"@id":"https:\/\/www.em.com.br\/emfoco\/2024\/12\/02\/cidadaos-em-festa-com-o-recebimento-do-bonus-natalino-saiba-quando-comecam-os-pagamentos\/#primaryimage"},"image":{"@id":"https:\/\/www.em.com.br\/emfoco\/2024\/12\/02\/cidadaos-em-festa-com-o-recebimento-do-bonus-natalino-saiba-quando-comecam-os-pagamentos\/#primaryimage"},"thumbnailUrl":"https:\/\/www.em.com.br\/emfoco\/wp-content\/uploads\/2024\/11\/bonus-natalino-Creditos-depositphotos.com-pogonici.jpg","datePublished":"2024-12-02T23:20:00+00:00","dateModified":"2024-11-30T23:39:28+00:00","author":{"@id":"https:\/\/www.em.com.br\/emfoco\/#\/schema\/person\/d79d5c83ee37ab7ca6781d92bd406eac"},"description":"O B\u00f4nus Natalino do Bolsa Fam\u00edlia come\u00e7ar\u00e1 a ser pago beneficiando mais de 21 milh\u00f5es de fam\u00edlias com aux\u00edlios extras para as festas","breadcrumb":{"@id":"https:\/\/www.em.com.br\/emfoco\/2024\/12\/02\/cidadaos-em-festa-com-o-recebimento-do-bonus-natalino-saiba-quando-comecam-os-pagamentos\/#breadcrumb"},"inLanguage":"pt-BR","potentialAction":[{"@type":"ReadAction","target":["https:\/\/www.em.com.br\/emfoco\/2024\/12\/02\/cidadaos-em-festa-com-o-recebimento-do-bonus-natalino-saiba-quando-comecam-os-pagamentos\/"]}]},{"@type":"ImageObject","inLanguage":"pt-BR","@id":"https:\/\/www.em.com.br\/emfoco\/2024\/12\/02\/cidadaos-em-festa-com-o-recebimento-do-bonus-natalino-saiba-quando-comecam-os-pagamentos\/#primaryimage","url":"https:\/\/www.em.com.br\/emfoco\/wp-content\/uploads\/2024\/11\/bonus-natalino-Creditos-depositphotos.com-pogonici.jpg","contentUrl":"https:\/\/www.em.com.br\/emfoco\/wp-content\/uploads\/2024\/11\/bonus-natalino-Creditos-depositphotos.com-pogonici.jpg","width":1280,"height":720,"caption":"b\u00f4nus natalino - Cr\u00e9ditos depositphotos.com pogonici"},{"@type":"BreadcrumbList","@id":"https:\/\/www.em.com.br\/emfoco\/2024\/12\/02\/cidadaos-em-festa-com-o-recebimento-do-bonus-natalino-saiba-quando-comecam-os-pagamentos\/#breadcrumb","itemListElement":[{"@type":"ListItem","position":1,"name":"In\u00edcio","item":"https:\/\/www.em.com.br\/emfoco\/"},{"@type":"ListItem","position":2,"name":"Cidad\u00e3os em festa com o recebimento do B\u00f4nus Natalino; saiba quando come\u00e7am os pagamentos"}]},{"@type":"WebSite","@id":"https:\/\/www.em.com.br\/emfoco\/#website","url":"https:\/\/www.em.com.br\/emfoco\/","name":"Estado de Minas - Em foco","description":"Acompanhe as \u00faltimas not\u00edcias e fique bem informado sobre tudo o que acontece em Minas Gerais, Brasil e no mundo.","potentialAction":[{"@type":"SearchAction","target":{"@type":"EntryPoint","urlTemplate":"https:\/\/www.em.com.br\/emfoco\/?s={search_term_string}"},"query-input":{"@type":"PropertyValueSpecification","valueRequired":true,"valueName":"search_term_string"}}],"inLanguage":"pt-BR"},{"@type":"Person","@id":"https:\/\/www.em.com.br\/emfoco\/#\/schema\/person\/d79d5c83ee37ab7ca6781d92bd406eac","name":"Helen Palma","image":{"@type":"ImageObject","inLanguage":"pt-BR","@id":"https:\/\/www.em.com.br\/emfoco\/#\/schema\/person\/image\/","url":"https:\/\/secure.gravatar.com\/avatar\/c657d9266c25fd5b35a8a6274fb730cd?s=96&d=mm&r=g","contentUrl":"https:\/\/secure.gravatar.com\/avatar\/c657d9266c25fd5b35a8a6274fb730cd?s=96&d=mm&r=g","caption":"Helen Palma"},"url":"https:\/\/www.em.com.br\/emfoco\/author\/helenmyth\/"}]}},"_links":{"self":[{"href":"https:\/\/www.em.com.br\/emfoco\/wp-json\/wp\/v2\/posts\/2514","targetHints":{"allow":["GET"]}}],"collection":[{"href":"https:\/\/www.em.com.br\/emfoco\/wp-json\/wp\/v2\/posts"}],"about":[{"href":"https:\/\/www.em.com.br\/emfoco\/wp-json\/wp\/v2\/types\/post"}],"author":[{"embeddable":true,"href":"https:\/\/www.em.com.br\/emfoco\/wp-json\/wp\/v2\/users\/3"}],"replies":[{"embeddable":true,"href":"https:\/\/www.em.com.br\/emfoco\/wp-json\/wp\/v2\/comments?post=2514"}],"version-history":[{"count":2,"href":"https:\/\/www.em.com.br\/emfoco\/wp-json\/wp\/v2\/posts\/2514\/revisions"}],"predecessor-version":[{"id":2553,"href":"https:\/\/www.em.com.br\/emfoco\/wp-json\/wp\/v2\/posts\/2514\/revisions\/2553"}],"wp:featuredmedia":[{"embeddable":true,"href":"https:\/\/www.em.com.br\/emfoco\/wp-json\/wp\/v2\/media\/2552"}],"wp:attachment":[{"href":"https:\/\/www.em.com.br\/emfoco\/wp-json\/wp\/v2\/media?parent=2514"}],"wp:term":[{"taxonomy":"category","embeddable":true,"href":"https:\/\/www.em.com.br\/emfoco\/wp-json\/wp\/v2\/categories?post=2514"},{"taxonomy":"post_tag","embeddable":true,"href":"https:\/\/www.em.com.br\/emfoco\/wp-json\/wp\/v2\/tags?post=2514"}],"curies":[{"name":"wp","href":"https:\/\/api.w.org\/{rel}","templated":true}]}}