{"id":25072,"date":"2025-03-13T16:20:00","date_gmt":"2025-03-13T19:20:00","guid":{"rendered":"https:\/\/www.em.com.br\/emfoco\/?p=25072"},"modified":"2025-03-04T13:25:54","modified_gmt":"2025-03-04T16:25:54","slug":"cuidado-com-cpf-na-nota-saiba-o-que-as-lojas-nao-te-contam-sobre-isso","status":"publish","type":"post","link":"https:\/\/www.em.com.br\/emfoco\/2025\/03\/13\/cuidado-com-cpf-na-nota-saiba-o-que-as-lojas-nao-te-contam-sobre-isso\/","title":{"rendered":"Cuidado com CPF na nota! Saiba o que as lojas N\u00c3O te contam sobre isso!"},"content":{"rendered":"\n<p>O<strong> <a href=\"https:\/\/www.notaparana.pr.gov.br\/\" target=\"_blank\" rel=\"noreferrer noopener\">Nota Paran\u00e1<\/a><\/strong> \u00e9 uma iniciativa do governo estadual que visa incentivar os consumidores a exigirem o documento fiscal no momento de suas compras. A ideia central \u00e9 devolver ao consumidor uma parte do Imposto sobre <strong>Circula\u00e7\u00e3o de Mercadorias e Servi\u00e7os (ICMS)<\/strong> recolhido pelos estabelecimentos comerciais. Al\u00e9m disso, o programa oferece a possibilidade de concorrer a pr\u00eamios em dinheiro, proporcionando um atrativo adicional para a ades\u00e3o dos consumidores.<\/p>\n\n\n\n<p>O programa n\u00e3o se limita apenas \u00e0 devolu\u00e7\u00e3o de cr\u00e9ditos. Ele tamb\u00e9m permite que os participantes consultem e imprimam as notas fiscais associadas ao seu CPF. Isso garante maior controle sobre as compras realizadas e os cr\u00e9ditos acumulados. Para participar, \u00e9 necess\u00e1rio que o consumidor tenha um CPF e realize um cadastro no portal do Nota Paran\u00e1.<\/p>\n\n\n\n<h2 class=\"wp-block-heading\">Como participar do Nota Paran\u00e1?<\/h2>\n\n\n\n<p>Para participar do Nota Paran\u00e1, o consumidor deve solicitar a inclus\u00e3o do seu CPF na nota fiscal no momento da compra em estabelecimentos comerciais do <strong>Paran\u00e1<\/strong>. Ap\u00f3s isso, \u00e9 necess\u00e1rio realizar um cadastro no portal do programa para consultar e utilizar os cr\u00e9ditos, al\u00e9m de participar dos sorteios mensais. O cadastro \u00e9 simples e requer a aceita\u00e7\u00e3o dos termos do regulamento.<\/p>\n\n\n\n<p>Os sorteios mensais s\u00e3o uma das grandes atra\u00e7\u00f5es do programa. Uma vez cadastrado, o consumidor passa a concorrer automaticamente, desde que tenha aceitado os termos do regulamento. Os bilhetes para os sorteios s\u00e3o disponibilizados pela <strong>Secretaria da Fazenda<\/strong>, e os participantes precisam apenas aguardar a realiza\u00e7\u00e3o dos sorteios.<\/p>\n\n\n\n<figure class=\"wp-block-image size-large\"><img loading=\"lazy\" decoding=\"async\" width=\"1024\" height=\"576\" src=\"https:\/\/www.em.com.br\/emfoco\/wp-content\/uploads\/2025\/01\/recibo_1737909879571-1024x576.jpg\" alt=\"Comunicado para quem utiliza o CPF ao comprar em mercados em 2025\" class=\"wp-image-13855\" srcset=\"https:\/\/www.em.com.br\/emfoco\/wp-content\/uploads\/2025\/01\/recibo_1737909879571-1024x576.jpg 1024w, https:\/\/www.em.com.br\/emfoco\/wp-content\/uploads\/2025\/01\/recibo_1737909879571-300x169.jpg 300w, https:\/\/www.em.com.br\/emfoco\/wp-content\/uploads\/2025\/01\/recibo_1737909879571-768x432.jpg 768w, https:\/\/www.em.com.br\/emfoco\/wp-content\/uploads\/2025\/01\/recibo_1737909879571-750x422.jpg 750w, https:\/\/www.em.com.br\/emfoco\/wp-content\/uploads\/2025\/01\/recibo_1737909879571-1140x642.jpg 1140w, https:\/\/www.em.com.br\/emfoco\/wp-content\/uploads\/2025\/01\/recibo_1737909879571.jpg 1279w\" sizes=\"auto, (max-width: 1024px) 100vw, 1024px\" \/><figcaption class=\"wp-element-caption\">Imagem Ilustrativa de Nota Fiscal &#8211; Cr\u00e9ditos: depositphotos.com \/ quackersnaps<\/figcaption><\/figure>\n\n\n\n<h2 class=\"wp-block-heading\">Quais s\u00e3o os benef\u00edcios do Nota Paran\u00e1?<\/h2>\n\n\n\n<p>O Nota Paran\u00e1 oferece diversos <strong><a href=\"https:\/\/www.em.com.br\/emfoco\/2025\/02\/02\/ipva-2025-quais-estados-oferecem-os-melhores-beneficios-para-carros-eletricos-e-hibridos\/\" target=\"_blank\" rel=\"noreferrer noopener\">benef\u00edcios<\/a><\/strong> aos consumidores. Primeiramente, h\u00e1 a devolu\u00e7\u00e3o de parte do ICMS, que pode ser resgatada em conta banc\u00e1ria ou utilizada para abater o valor do IPVA. Al\u00e9m disso, os participantes t\u00eam a chance de ganhar pr\u00eamios em dinheiro nos sorteios mensais.<\/p>\n\n\n\n<p>Outro benef\u00edcio importante \u00e9 a possibilidade de doa\u00e7\u00e3o de notas fiscais para entidades sem fins lucrativos cadastradas no programa. Essas entidades atuam em \u00e1reas como assist\u00eancia social, sa\u00fade, cultura, esporte e prote\u00e7\u00e3o animal. A doa\u00e7\u00e3o \u00e9 uma forma de contribuir para causas sociais, mesmo que o consumidor n\u00e3o tenha interesse em participar dos sorteios.<\/p>\n\n\n\n<h2 class=\"wp-block-heading\">Como funciona o c\u00e1lculo e resgate dos cr\u00e9ditos?<\/h2>\n\n\n\n<p>O c\u00e1lculo dos cr\u00e9ditos do Nota Paran\u00e1 \u00e9 realizado no terceiro m\u00eas ap\u00f3s a compra. Uma vez calculados, os cr\u00e9ditos ficam dispon\u00edveis para utiliza\u00e7\u00e3o. O consumidor tem um prazo de 12 meses para resgatar esses cr\u00e9ditos, contados a partir da data em que ficaram dispon\u00edveis. \u00c9 importante estar atento a esse prazo para n\u00e3o perder o benef\u00edcio.<\/p>\n\n\n\n<p>Os cr\u00e9ditos podem ser utilizados de duas formas principais: transfer\u00eancia para uma conta banc\u00e1ria ou abatimento do valor do IPVA. Essa flexibilidade permite que o consumidor escolha a op\u00e7\u00e3o que melhor se adapta \u00e0s suas necessidades financeiras.<\/p>\n\n\n\n<h2 class=\"wp-block-heading\">Por que \u00e9 importante exigir a nota fiscal?<\/h2>\n\n\n\n<p>A exig\u00eancia da nota fiscal \u00e9 fundamental para garantir que o imposto pago chegue aos cofres do Estado. Esse recurso \u00e9 essencial para o financiamento de \u00e1reas como educa\u00e7\u00e3o, sa\u00fade e seguran\u00e7a p\u00fablica. Al\u00e9m disso, a nota fiscal \u00e9 a garantia de que a transa\u00e7\u00e3o foi registrada de forma legal e transparente.<\/p>\n\n\n\n<p>No site do Nota Paran\u00e1, os consumidores podem encontrar as bases legais do programa, o que refor\u00e7a a import\u00e2ncia de participar e exigir a nota fiscal em todas as compras realizadas. O programa n\u00e3o apenas beneficia o consumidor individualmente, mas tamb\u00e9m contribui para o desenvolvimento do Estado como um todo.<\/p>\n","protected":false},"excerpt":{"rendered":"<p>O Nota Paran\u00e1 \u00e9 uma iniciativa do governo estadual que visa incentivar os consumidores a exigirem o documento fiscal no momento de suas compras. A ideia central \u00e9 devolver ao consumidor uma parte do Imposto sobre Circula\u00e7\u00e3o de Mercadorias e Servi\u00e7os (ICMS) recolhido pelos estabelecimentos comerciais. Al\u00e9m disso, o programa oferece a possibilidade de concorrer [&hellip;]<\/p>\n","protected":false},"author":5,"featured_media":7088,"comment_status":"open","ping_status":"open","sticky":false,"template":"","format":"standard","meta":{"jnews-multi-image_gallery":[],"jnews_single_post":{"format":"standard"},"jnews_primary_category":[],"jnews_social_meta":[],"jnews_override_counter":[],"footnotes":""},"categories":[28,1],"tags":[296,5303,4871,1209],"class_list":["post-25072","post","type-post","status-publish","format-standard","has-post-thumbnail","hentry","category-economia","category-noticias","tag-dinheiro","tag-icms","tag-nota-parana","tag-parana"],"yoast_head":"<!-- This site is optimized with the Yoast SEO plugin v23.8 - https:\/\/yoast.com\/wordpress\/plugins\/seo\/ -->\n<title>Cuidado com CPF na nota! Saiba o que as lojas N\u00c3O te contam sobre isso! - Estado de Minas - Em foco<\/title>\n<meta name=\"description\" content=\"Conhe\u00e7a o Programa Nota Paran\u00e1, como resgatar cr\u00e9ditos de ICMS e concorrer a sorteios mensais. Um benef\u00edcio que tamb\u00e9m ajuda o estado.\" \/>\n<meta name=\"robots\" content=\"index, follow, max-snippet:-1, max-image-preview:large, max-video-preview:-1\" \/>\n<link rel=\"canonical\" href=\"https:\/\/www.em.com.br\/emfoco\/2025\/03\/13\/cuidado-com-cpf-na-nota-saiba-o-que-as-lojas-nao-te-contam-sobre-isso\/\" \/>\n<meta property=\"og:locale\" content=\"pt_BR\" \/>\n<meta property=\"og:type\" content=\"article\" \/>\n<meta property=\"og:title\" content=\"Cuidado com CPF na nota! Saiba o que as lojas N\u00c3O te contam sobre isso! - Estado de Minas - Em foco\" \/>\n<meta property=\"og:description\" content=\"Conhe\u00e7a o Programa Nota Paran\u00e1, como resgatar cr\u00e9ditos de ICMS e concorrer a sorteios mensais. Um benef\u00edcio que tamb\u00e9m ajuda o estado.\" \/>\n<meta property=\"og:url\" content=\"https:\/\/www.em.com.br\/emfoco\/2025\/03\/13\/cuidado-com-cpf-na-nota-saiba-o-que-as-lojas-nao-te-contam-sobre-isso\/\" \/>\n<meta property=\"og:site_name\" content=\"Estado de Minas - Em foco\" \/>\n<meta property=\"article:published_time\" content=\"2025-03-13T19:20:00+00:00\" \/>\n<meta property=\"article:modified_time\" content=\"2025-03-04T16:25:54+00:00\" \/>\n<meta property=\"og:image\" content=\"https:\/\/www.em.com.br\/emfoco\/wp-content\/uploads\/2024\/12\/CPF_1735328129110.jpg\" \/>\n\t<meta property=\"og:image:width\" content=\"1280\" \/>\n\t<meta property=\"og:image:height\" content=\"720\" \/>\n\t<meta property=\"og:image:type\" content=\"image\/jpeg\" \/>\n<meta name=\"author\" content=\"N\u00fabia Rangel\" \/>\n<meta name=\"twitter:card\" content=\"summary_large_image\" \/>\n<meta name=\"twitter:label1\" content=\"Escrito por\" \/>\n\t<meta name=\"twitter:data1\" content=\"N\u00fabia Rangel\" \/>\n\t<meta name=\"twitter:label2\" content=\"Est. tempo de leitura\" \/>\n\t<meta name=\"twitter:data2\" content=\"4 minutos\" \/>\n<!-- \/ Yoast SEO plugin. -->","yoast_head_json":{"title":"Cuidado com CPF na nota! Saiba o que as lojas N\u00c3O te contam sobre isso! - Estado de Minas - Em foco","description":"Conhe\u00e7a o Programa Nota Paran\u00e1, como resgatar cr\u00e9ditos de ICMS e concorrer a sorteios mensais. Um benef\u00edcio que tamb\u00e9m ajuda o estado.","robots":{"index":"index","follow":"follow","max-snippet":"max-snippet:-1","max-image-preview":"max-image-preview:large","max-video-preview":"max-video-preview:-1"},"canonical":"https:\/\/www.em.com.br\/emfoco\/2025\/03\/13\/cuidado-com-cpf-na-nota-saiba-o-que-as-lojas-nao-te-contam-sobre-isso\/","og_locale":"pt_BR","og_type":"article","og_title":"Cuidado com CPF na nota! Saiba o que as lojas N\u00c3O te contam sobre isso! - Estado de Minas - Em foco","og_description":"Conhe\u00e7a o Programa Nota Paran\u00e1, como resgatar cr\u00e9ditos de ICMS e concorrer a sorteios mensais. Um benef\u00edcio que tamb\u00e9m ajuda o estado.","og_url":"https:\/\/www.em.com.br\/emfoco\/2025\/03\/13\/cuidado-com-cpf-na-nota-saiba-o-que-as-lojas-nao-te-contam-sobre-isso\/","og_site_name":"Estado de Minas - Em foco","article_published_time":"2025-03-13T19:20:00+00:00","article_modified_time":"2025-03-04T16:25:54+00:00","og_image":[{"width":1280,"height":720,"url":"https:\/\/www.em.com.br\/emfoco\/wp-content\/uploads\/2024\/12\/CPF_1735328129110.jpg","type":"image\/jpeg"}],"author":"N\u00fabia Rangel","twitter_card":"summary_large_image","twitter_misc":{"Escrito por":"N\u00fabia Rangel","Est. tempo de leitura":"4 minutos"},"schema":{"@context":"https:\/\/schema.org","@graph":[{"@type":"WebPage","@id":"https:\/\/www.em.com.br\/emfoco\/2025\/03\/13\/cuidado-com-cpf-na-nota-saiba-o-que-as-lojas-nao-te-contam-sobre-isso\/","url":"https:\/\/www.em.com.br\/emfoco\/2025\/03\/13\/cuidado-com-cpf-na-nota-saiba-o-que-as-lojas-nao-te-contam-sobre-isso\/","name":"Cuidado com CPF na nota! Saiba o que as lojas N\u00c3O te contam sobre isso! - Estado de Minas - Em foco","isPartOf":{"@id":"https:\/\/www.em.com.br\/emfoco\/#website"},"primaryImageOfPage":{"@id":"https:\/\/www.em.com.br\/emfoco\/2025\/03\/13\/cuidado-com-cpf-na-nota-saiba-o-que-as-lojas-nao-te-contam-sobre-isso\/#primaryimage"},"image":{"@id":"https:\/\/www.em.com.br\/emfoco\/2025\/03\/13\/cuidado-com-cpf-na-nota-saiba-o-que-as-lojas-nao-te-contam-sobre-isso\/#primaryimage"},"thumbnailUrl":"https:\/\/www.em.com.br\/emfoco\/wp-content\/uploads\/2024\/12\/CPF_1735328129110.jpg","datePublished":"2025-03-13T19:20:00+00:00","dateModified":"2025-03-04T16:25:54+00:00","author":{"@id":"https:\/\/www.em.com.br\/emfoco\/#\/schema\/person\/524437ef54f8a5d32591b143307f2e20"},"description":"Conhe\u00e7a o Programa Nota Paran\u00e1, como resgatar cr\u00e9ditos de ICMS e concorrer a sorteios mensais. Um benef\u00edcio que tamb\u00e9m ajuda o estado.","breadcrumb":{"@id":"https:\/\/www.em.com.br\/emfoco\/2025\/03\/13\/cuidado-com-cpf-na-nota-saiba-o-que-as-lojas-nao-te-contam-sobre-isso\/#breadcrumb"},"inLanguage":"pt-BR","potentialAction":[{"@type":"ReadAction","target":["https:\/\/www.em.com.br\/emfoco\/2025\/03\/13\/cuidado-com-cpf-na-nota-saiba-o-que-as-lojas-nao-te-contam-sobre-isso\/"]}]},{"@type":"ImageObject","inLanguage":"pt-BR","@id":"https:\/\/www.em.com.br\/emfoco\/2025\/03\/13\/cuidado-com-cpf-na-nota-saiba-o-que-as-lojas-nao-te-contam-sobre-isso\/#primaryimage","url":"https:\/\/www.em.com.br\/emfoco\/wp-content\/uploads\/2024\/12\/CPF_1735328129110.jpg","contentUrl":"https:\/\/www.em.com.br\/emfoco\/wp-content\/uploads\/2024\/12\/CPF_1735328129110.jpg","width":1280,"height":720,"caption":"Imagem Ilustrativa do CPF - Cr\u00e9ditos: depositphotos.com \/ Mehaniq"},{"@type":"BreadcrumbList","@id":"https:\/\/www.em.com.br\/emfoco\/2025\/03\/13\/cuidado-com-cpf-na-nota-saiba-o-que-as-lojas-nao-te-contam-sobre-isso\/#breadcrumb","itemListElement":[{"@type":"ListItem","position":1,"name":"In\u00edcio","item":"https:\/\/www.em.com.br\/emfoco\/"},{"@type":"ListItem","position":2,"name":"Cuidado com CPF na nota! Saiba o que as lojas N\u00c3O te contam sobre isso!"}]},{"@type":"WebSite","@id":"https:\/\/www.em.com.br\/emfoco\/#website","url":"https:\/\/www.em.com.br\/emfoco\/","name":"Estado de Minas - Em foco","description":"Acompanhe as \u00faltimas not\u00edcias e fique bem informado sobre tudo o que acontece em Minas Gerais, Brasil e no mundo.","potentialAction":[{"@type":"SearchAction","target":{"@type":"EntryPoint","urlTemplate":"https:\/\/www.em.com.br\/emfoco\/?s={search_term_string}"},"query-input":{"@type":"PropertyValueSpecification","valueRequired":true,"valueName":"search_term_string"}}],"inLanguage":"pt-BR"},{"@type":"Person","@id":"https:\/\/www.em.com.br\/emfoco\/#\/schema\/person\/524437ef54f8a5d32591b143307f2e20","name":"N\u00fabia Rangel","image":{"@type":"ImageObject","inLanguage":"pt-BR","@id":"https:\/\/www.em.com.br\/emfoco\/#\/schema\/person\/image\/","url":"https:\/\/secure.gravatar.com\/avatar\/47cff2827a5ba23c37e8068c86817ea4?s=96&d=mm&r=g","contentUrl":"https:\/\/secure.gravatar.com\/avatar\/47cff2827a5ba23c37e8068c86817ea4?s=96&d=mm&r=g","caption":"N\u00fabia Rangel"},"sameAs":["https:\/\/www.em.com.br\/emfoco\/"],"url":"https:\/\/www.em.com.br\/emfoco\/author\/nubiamyth\/"}]}},"_links":{"self":[{"href":"https:\/\/www.em.com.br\/emfoco\/wp-json\/wp\/v2\/posts\/25072","targetHints":{"allow":["GET"]}}],"collection":[{"href":"https:\/\/www.em.com.br\/emfoco\/wp-json\/wp\/v2\/posts"}],"about":[{"href":"https:\/\/www.em.com.br\/emfoco\/wp-json\/wp\/v2\/types\/post"}],"author":[{"embeddable":true,"href":"https:\/\/www.em.com.br\/emfoco\/wp-json\/wp\/v2\/users\/5"}],"replies":[{"embeddable":true,"href":"https:\/\/www.em.com.br\/emfoco\/wp-json\/wp\/v2\/comments?post=25072"}],"version-history":[{"count":3,"href":"https:\/\/www.em.com.br\/emfoco\/wp-json\/wp\/v2\/posts\/25072\/revisions"}],"predecessor-version":[{"id":25093,"href":"https:\/\/www.em.com.br\/emfoco\/wp-json\/wp\/v2\/posts\/25072\/revisions\/25093"}],"wp:featuredmedia":[{"embeddable":true,"href":"https:\/\/www.em.com.br\/emfoco\/wp-json\/wp\/v2\/media\/7088"}],"wp:attachment":[{"href":"https:\/\/www.em.com.br\/emfoco\/wp-json\/wp\/v2\/media?parent=25072"}],"wp:term":[{"taxonomy":"category","embeddable":true,"href":"https:\/\/www.em.com.br\/emfoco\/wp-json\/wp\/v2\/categories?post=25072"},{"taxonomy":"post_tag","embeddable":true,"href":"https:\/\/www.em.com.br\/emfoco\/wp-json\/wp\/v2\/tags?post=25072"}],"curies":[{"name":"wp","href":"https:\/\/api.w.org\/{rel}","templated":true}]}}