{"id":25051,"date":"2025-03-05T10:40:37","date_gmt":"2025-03-05T13:40:37","guid":{"rendered":"https:\/\/www.em.com.br\/emfoco\/?p=25051"},"modified":"2025-03-04T13:10:39","modified_gmt":"2025-03-04T16:10:39","slug":"o-papel-da-moda-na-criacao-de-uma-imagem-poderosa-e-verdadeira","status":"publish","type":"post","link":"https:\/\/www.em.com.br\/emfoco\/2025\/03\/05\/o-papel-da-moda-na-criacao-de-uma-imagem-poderosa-e-verdadeira\/","title":{"rendered":"O papel da moda na cria\u00e7\u00e3o de uma imagem poderosa e verdadeira"},"content":{"rendered":"\n<p>A <strong>moda transcende a simples escolha de roupas<\/strong>, atuando como um meio de <a href=\"https:\/\/br.pinterest.com\/search\/pins\/?q=roupas%20femininas&amp;rs=ac&amp;len=9&amp;source_id=qbO1yCJJ&amp;eq=roupas%20fe&amp;etslf=3947\" target=\"_blank\" rel=\"noreferrer noopener\">comunica\u00e7\u00e3o e express\u00e3o pessoal<\/a>. Ela permite que indiv\u00edduos transmitam suas identidades e valores culturais, influenciando a forma como s\u00e3o percebidos pelos outros. As escolhas de vestu\u00e1rio podem refletir inova\u00e7\u00e3o, autenticidade ou uma imagem de seriedade e confian\u00e7a.<\/p>\n\n\n\n<p>O conceito de capital visual est\u00e1 relacionado \u00e0 maneira como interpretamos elementos visuais no mundo ao nosso redor. Isso inclui a atribui\u00e7\u00e3o de significados a cores, formas e estilos, que impactam diretamente a percep\u00e7\u00e3o que temos de pessoas e ambientes.<\/p>\n\n\n\n<h2 class=\"wp-block-heading\">Como a moda molda a percep\u00e7\u00e3o social?<\/h2>\n\n\n\n<p>A forma como algu\u00e9m se veste pode comunicar muito antes de qualquer palavra ser dita. A apar\u00eancia visual pode influenciar a percep\u00e7\u00e3o de autoridade e credibilidade de uma pessoa. Por exemplo, um traje formal pode ser associado a uma posi\u00e7\u00e3o de prest\u00edgio ou responsabilidade.<\/p>\n\n\n\n<p>Essa impress\u00e3o inicial demonstra como a <a href=\"https:\/\/www.em.com.br\/emfoco\/2025\/02\/26\/o-estilo-de-camisa-listrada-que-nunca-saiu-de-moda\/\" target=\"_blank\" rel=\"noreferrer noopener\">moda <\/a>pode refor\u00e7ar a credibilidade e a influ\u00eancia de uma<strong> pessoa em diferentes contextos<\/strong>. Assim, a moda n\u00e3o \u00e9 apenas um reflexo da sociedade, mas tamb\u00e9m uma ferramenta para moldar a forma como nos expressamos e como somos percebidos pelos outros.<\/p>\n\n\n<div class=\"wp-block-image\">\n<figure class=\"aligncenter size-large\"><img loading=\"lazy\" decoding=\"async\" width=\"1024\" height=\"576\" src=\"https:\/\/www.em.com.br\/emfoco\/wp-content\/uploads\/2025\/03\/moda_1741104073058-1024x576.jpg\" alt=\"O papel da moda na cria\u00e7\u00e3o de uma imagem poderosa e verdadeira\" class=\"wp-image-25069\" srcset=\"https:\/\/www.em.com.br\/emfoco\/wp-content\/uploads\/2025\/03\/moda_1741104073058-1024x576.jpg 1024w, https:\/\/www.em.com.br\/emfoco\/wp-content\/uploads\/2025\/03\/moda_1741104073058-300x169.jpg 300w, https:\/\/www.em.com.br\/emfoco\/wp-content\/uploads\/2025\/03\/moda_1741104073058-768x432.jpg 768w, https:\/\/www.em.com.br\/emfoco\/wp-content\/uploads\/2025\/03\/moda_1741104073058-750x422.jpg 750w, https:\/\/www.em.com.br\/emfoco\/wp-content\/uploads\/2025\/03\/moda_1741104073058-1140x641.jpg 1140w, https:\/\/www.em.com.br\/emfoco\/wp-content\/uploads\/2025\/03\/moda_1741104073058.jpg 1280w\" sizes=\"auto, (max-width: 1024px) 100vw, 1024px\" \/><figcaption class=\"wp-element-caption\">Moda &#8211; Cr\u00e9ditos: depositphotos.com \/ AllaSerebrina<\/figcaption><\/figure><\/div>\n\n\n<h2 class=\"wp-block-heading\">Estrat\u00e9gias para construir um capital visual atrav\u00e9s da moda<\/h2>\n\n\n\n<p>Para projetar uma imagem que reflita caracter\u00edsticas desejadas, \u00e9 essencial conhecer a pr\u00f3pria ess\u00eancia e traduzi-la atrav\u00e9s do vestu\u00e1rio. <strong>Cada indiv\u00edduo possui um estilo \u00fanico, e a moda pode ser usada estrategicamente para refor\u00e7ar essa identidade<\/strong>. Desde o corte e as cores at\u00e9 os tecidos e acess\u00f3rios, cada escolha influencia a forma como se \u00e9 percebido pelos outros.<\/p>\n\n\n\n<p>Vestir-se de maneira adequada pode facilitar a integra\u00e7\u00e3o em determinados grupos, <strong>abrir oportunidades e fortalecer a imagem que se deseja projetar<\/strong>. A coer\u00eancia entre a inten\u00e7\u00e3o e a apar\u00eancia \u00e9 fundamental para minimizar desalinhamentos e construir uma identidade visual aut\u00eantica.<\/p>\n\n\n\n<h2 class=\"wp-block-heading\">O papel da m\u00eddia na interpreta\u00e7\u00e3o da moda<\/h2>\n\n\n\n<p>Atualmente, figuras p\u00fablicas e influenciadores digitais desempenham um papel significativo na interpreta\u00e7\u00e3o da moda. No passado, revistas e programas de televis\u00e3o ditavam as regras sobre o que era considerado elegante ou sofisticado. Hoje,<strong> a internet democratiza o acesso a diferentes refer\u00eancias e estilos<\/strong>, permitindo que cada pessoa construa seu pr\u00f3prio ideal de moda, prezando pela autenticidade e personaliza\u00e7\u00e3o.<\/p>\n\n\n\n<p>Com o aumento da visibilidade de influenciadores em diversas \u00e1reas, a no\u00e7\u00e3o de vestimenta adequada e profissional evoluiu, tornando-se mais flex\u00edvel e adapt\u00e1vel a diferentes contextos.<\/p>\n\n\n\n<h2 class=\"wp-block-heading\">5 Dicas para Melhorar seu Capital Visual<\/h2>\n\n\n\n<ol class=\"wp-block-list\">\n<li><strong>Compreender o valor do capital visual:<\/strong> A apar\u00eancia \u00e9 a primeira impress\u00e3o que comunica identidade, cultura e valores.<\/li>\n\n\n\n<li><strong>Alinhar a imagem pessoal com objetivos:<\/strong> A imagem deve refletir a personalidade e o ambiente de atua\u00e7\u00e3o.<\/li>\n\n\n\n<li><strong>Ajustar a imagem ao contexto profissional:<\/strong> \u00c1reas formais exigem cores s\u00f3brias, enquanto \u00e1reas criativas permitem mais liberdade.<\/li>\n\n\n\n<li><strong>Planejar o impacto visual estrategicamente:<\/strong> Escolhas de tecidos e acess\u00f3rios podem refor\u00e7ar a credibilidade.<\/li>\n\n\n\n<li><strong>Equilibrar autenticidade e adapta\u00e7\u00e3o:<\/strong> Entender as expectativas visuais do ambiente \u00e9 crucial para encontrar o equil\u00edbrio.<\/li>\n<\/ol>\n","protected":false},"excerpt":{"rendered":"<p>A moda transcende a simples escolha de roupas, atuando como um meio de comunica\u00e7\u00e3o e express\u00e3o pessoal. Ela permite que indiv\u00edduos transmitam suas identidades e valores culturais, influenciando a forma como s\u00e3o percebidos pelos outros. As escolhas de vestu\u00e1rio podem refletir inova\u00e7\u00e3o, autenticidade ou uma imagem de seriedade e confian\u00e7a. O conceito de capital visual [&hellip;]<\/p>\n","protected":false},"author":9,"featured_media":25066,"comment_status":"open","ping_status":"open","sticky":false,"template":"","format":"standard","meta":{"jnews-multi-image_gallery":[],"jnews_single_post":{"format":"standard"},"jnews_primary_category":[],"jnews_social_meta":[],"jnews_override_counter":[],"footnotes":""},"categories":[29,1],"tags":[5318,631,5866,4977],"class_list":["post-25051","post","type-post","status-publish","format-standard","has-post-thumbnail","hentry","category-entretenimento","category-noticias","tag-estilo","tag-identidade","tag-impressao","tag-moda"],"yoast_head":"<!-- This site is optimized with the Yoast SEO plugin v23.8 - https:\/\/yoast.com\/wordpress\/plugins\/seo\/ -->\n<title>O papel da moda na cria\u00e7\u00e3o de uma imagem poderosa e verdadeira<\/title>\n<meta name=\"description\" content=\"Entenda como a moda impacta a percep\u00e7\u00e3o social e aprenda a construir um capital visual aut\u00eantico e estrat\u00e9gico para destacar sua imagem.\" \/>\n<meta name=\"robots\" content=\"index, follow, max-snippet:-1, max-image-preview:large, max-video-preview:-1\" \/>\n<link rel=\"canonical\" href=\"https:\/\/www.em.com.br\/emfoco\/2025\/03\/05\/o-papel-da-moda-na-criacao-de-uma-imagem-poderosa-e-verdadeira\/\" \/>\n<meta property=\"og:locale\" content=\"pt_BR\" \/>\n<meta property=\"og:type\" content=\"article\" \/>\n<meta property=\"og:title\" content=\"O papel da moda na cria\u00e7\u00e3o de uma imagem poderosa e verdadeira\" \/>\n<meta property=\"og:description\" content=\"Entenda como a moda impacta a percep\u00e7\u00e3o social e aprenda a construir um capital visual aut\u00eantico e estrat\u00e9gico para destacar sua imagem.\" \/>\n<meta property=\"og:url\" content=\"https:\/\/www.em.com.br\/emfoco\/2025\/03\/05\/o-papel-da-moda-na-criacao-de-uma-imagem-poderosa-e-verdadeira\/\" \/>\n<meta property=\"og:site_name\" content=\"Estado de Minas - Em foco\" \/>\n<meta property=\"article:published_time\" content=\"2025-03-05T13:40:37+00:00\" \/>\n<meta property=\"article:modified_time\" content=\"2025-03-04T16:10:39+00:00\" \/>\n<meta property=\"og:image\" content=\"https:\/\/www.em.com.br\/emfoco\/wp-content\/uploads\/2025\/03\/moda_1741104062087.jpg\" \/>\n\t<meta property=\"og:image:width\" content=\"1280\" \/>\n\t<meta property=\"og:image:height\" content=\"720\" \/>\n\t<meta property=\"og:image:type\" content=\"image\/jpeg\" \/>\n<meta name=\"author\" content=\"Daniely Cardoso\" \/>\n<meta name=\"twitter:card\" content=\"summary_large_image\" \/>\n<meta name=\"twitter:label1\" content=\"Escrito por\" \/>\n\t<meta name=\"twitter:data1\" content=\"Daniely Cardoso\" \/>\n\t<meta name=\"twitter:label2\" content=\"Est. tempo de leitura\" \/>\n\t<meta name=\"twitter:data2\" content=\"4 minutos\" \/>\n<!-- \/ Yoast SEO plugin. -->","yoast_head_json":{"title":"O papel da moda na cria\u00e7\u00e3o de uma imagem poderosa e verdadeira","description":"Entenda como a moda impacta a percep\u00e7\u00e3o social e aprenda a construir um capital visual aut\u00eantico e estrat\u00e9gico para destacar sua imagem.","robots":{"index":"index","follow":"follow","max-snippet":"max-snippet:-1","max-image-preview":"max-image-preview:large","max-video-preview":"max-video-preview:-1"},"canonical":"https:\/\/www.em.com.br\/emfoco\/2025\/03\/05\/o-papel-da-moda-na-criacao-de-uma-imagem-poderosa-e-verdadeira\/","og_locale":"pt_BR","og_type":"article","og_title":"O papel da moda na cria\u00e7\u00e3o de uma imagem poderosa e verdadeira","og_description":"Entenda como a moda impacta a percep\u00e7\u00e3o social e aprenda a construir um capital visual aut\u00eantico e estrat\u00e9gico para destacar sua imagem.","og_url":"https:\/\/www.em.com.br\/emfoco\/2025\/03\/05\/o-papel-da-moda-na-criacao-de-uma-imagem-poderosa-e-verdadeira\/","og_site_name":"Estado de Minas - Em foco","article_published_time":"2025-03-05T13:40:37+00:00","article_modified_time":"2025-03-04T16:10:39+00:00","og_image":[{"width":1280,"height":720,"url":"https:\/\/www.em.com.br\/emfoco\/wp-content\/uploads\/2025\/03\/moda_1741104062087.jpg","type":"image\/jpeg"}],"author":"Daniely Cardoso","twitter_card":"summary_large_image","twitter_misc":{"Escrito por":"Daniely Cardoso","Est. tempo de leitura":"4 minutos"},"schema":{"@context":"https:\/\/schema.org","@graph":[{"@type":"WebPage","@id":"https:\/\/www.em.com.br\/emfoco\/2025\/03\/05\/o-papel-da-moda-na-criacao-de-uma-imagem-poderosa-e-verdadeira\/","url":"https:\/\/www.em.com.br\/emfoco\/2025\/03\/05\/o-papel-da-moda-na-criacao-de-uma-imagem-poderosa-e-verdadeira\/","name":"O papel da moda na cria\u00e7\u00e3o de uma imagem poderosa e verdadeira","isPartOf":{"@id":"https:\/\/www.em.com.br\/emfoco\/#website"},"primaryImageOfPage":{"@id":"https:\/\/www.em.com.br\/emfoco\/2025\/03\/05\/o-papel-da-moda-na-criacao-de-uma-imagem-poderosa-e-verdadeira\/#primaryimage"},"image":{"@id":"https:\/\/www.em.com.br\/emfoco\/2025\/03\/05\/o-papel-da-moda-na-criacao-de-uma-imagem-poderosa-e-verdadeira\/#primaryimage"},"thumbnailUrl":"https:\/\/www.em.com.br\/emfoco\/wp-content\/uploads\/2025\/03\/moda_1741104062087.jpg","datePublished":"2025-03-05T13:40:37+00:00","dateModified":"2025-03-04T16:10:39+00:00","author":{"@id":"https:\/\/www.em.com.br\/emfoco\/#\/schema\/person\/0a8186d72f2c3a5c6276d90b41f271a0"},"description":"Entenda como a moda impacta a percep\u00e7\u00e3o social e aprenda a construir um capital visual aut\u00eantico e estrat\u00e9gico para destacar sua imagem.","breadcrumb":{"@id":"https:\/\/www.em.com.br\/emfoco\/2025\/03\/05\/o-papel-da-moda-na-criacao-de-uma-imagem-poderosa-e-verdadeira\/#breadcrumb"},"inLanguage":"pt-BR","potentialAction":[{"@type":"ReadAction","target":["https:\/\/www.em.com.br\/emfoco\/2025\/03\/05\/o-papel-da-moda-na-criacao-de-uma-imagem-poderosa-e-verdadeira\/"]}]},{"@type":"ImageObject","inLanguage":"pt-BR","@id":"https:\/\/www.em.com.br\/emfoco\/2025\/03\/05\/o-papel-da-moda-na-criacao-de-uma-imagem-poderosa-e-verdadeira\/#primaryimage","url":"https:\/\/www.em.com.br\/emfoco\/wp-content\/uploads\/2025\/03\/moda_1741104062087.jpg","contentUrl":"https:\/\/www.em.com.br\/emfoco\/wp-content\/uploads\/2025\/03\/moda_1741104062087.jpg","width":1280,"height":720,"caption":"Moda - Cr\u00e9ditos: depositphotos.com \/ VitalikRadko"},{"@type":"BreadcrumbList","@id":"https:\/\/www.em.com.br\/emfoco\/2025\/03\/05\/o-papel-da-moda-na-criacao-de-uma-imagem-poderosa-e-verdadeira\/#breadcrumb","itemListElement":[{"@type":"ListItem","position":1,"name":"In\u00edcio","item":"https:\/\/www.em.com.br\/emfoco\/"},{"@type":"ListItem","position":2,"name":"O papel da moda na cria\u00e7\u00e3o de uma imagem poderosa e verdadeira"}]},{"@type":"WebSite","@id":"https:\/\/www.em.com.br\/emfoco\/#website","url":"https:\/\/www.em.com.br\/emfoco\/","name":"Estado de Minas - Em foco","description":"Acompanhe as \u00faltimas not\u00edcias e fique bem informado sobre tudo o que acontece em Minas Gerais, Brasil e no mundo.","potentialAction":[{"@type":"SearchAction","target":{"@type":"EntryPoint","urlTemplate":"https:\/\/www.em.com.br\/emfoco\/?s={search_term_string}"},"query-input":{"@type":"PropertyValueSpecification","valueRequired":true,"valueName":"search_term_string"}}],"inLanguage":"pt-BR"},{"@type":"Person","@id":"https:\/\/www.em.com.br\/emfoco\/#\/schema\/person\/0a8186d72f2c3a5c6276d90b41f271a0","name":"Daniely Cardoso","image":{"@type":"ImageObject","inLanguage":"pt-BR","@id":"https:\/\/www.em.com.br\/emfoco\/#\/schema\/person\/image\/","url":"https:\/\/secure.gravatar.com\/avatar\/4b80ddbd124d1f071b626d52d62e5dff?s=96&d=mm&r=g","contentUrl":"https:\/\/secure.gravatar.com\/avatar\/4b80ddbd124d1f071b626d52d62e5dff?s=96&d=mm&r=g","caption":"Daniely Cardoso"},"url":"https:\/\/www.em.com.br\/emfoco\/author\/danielymyth\/"}]}},"_links":{"self":[{"href":"https:\/\/www.em.com.br\/emfoco\/wp-json\/wp\/v2\/posts\/25051","targetHints":{"allow":["GET"]}}],"collection":[{"href":"https:\/\/www.em.com.br\/emfoco\/wp-json\/wp\/v2\/posts"}],"about":[{"href":"https:\/\/www.em.com.br\/emfoco\/wp-json\/wp\/v2\/types\/post"}],"author":[{"embeddable":true,"href":"https:\/\/www.em.com.br\/emfoco\/wp-json\/wp\/v2\/users\/9"}],"replies":[{"embeddable":true,"href":"https:\/\/www.em.com.br\/emfoco\/wp-json\/wp\/v2\/comments?post=25051"}],"version-history":[{"count":2,"href":"https:\/\/www.em.com.br\/emfoco\/wp-json\/wp\/v2\/posts\/25051\/revisions"}],"predecessor-version":[{"id":25078,"href":"https:\/\/www.em.com.br\/emfoco\/wp-json\/wp\/v2\/posts\/25051\/revisions\/25078"}],"wp:featuredmedia":[{"embeddable":true,"href":"https:\/\/www.em.com.br\/emfoco\/wp-json\/wp\/v2\/media\/25066"}],"wp:attachment":[{"href":"https:\/\/www.em.com.br\/emfoco\/wp-json\/wp\/v2\/media?parent=25051"}],"wp:term":[{"taxonomy":"category","embeddable":true,"href":"https:\/\/www.em.com.br\/emfoco\/wp-json\/wp\/v2\/categories?post=25051"},{"taxonomy":"post_tag","embeddable":true,"href":"https:\/\/www.em.com.br\/emfoco\/wp-json\/wp\/v2\/tags?post=25051"}],"curies":[{"name":"wp","href":"https:\/\/api.w.org\/{rel}","templated":true}]}}