{"id":25021,"date":"2025-03-05T14:40:29","date_gmt":"2025-03-05T17:40:29","guid":{"rendered":"https:\/\/www.em.com.br\/emfoco\/?p=25021"},"modified":"2025-03-04T12:37:04","modified_gmt":"2025-03-04T15:37:04","slug":"tim-cook-provoca-com-anuncio-misterioso-sobre-novos-produtos-da-apple","status":"publish","type":"post","link":"https:\/\/www.em.com.br\/emfoco\/2025\/03\/05\/tim-cook-provoca-com-anuncio-misterioso-sobre-novos-produtos-da-apple\/","title":{"rendered":"Tim Cook provoca com an\u00fancio misterioso sobre novos produtos da Apple"},"content":{"rendered":"\n<p><a href=\"https:\/\/9to5mac.com\/2025\/03\/03\/tim-cook-teases-new-apple-product-this-week-theres-something-in-the-air\/\" target=\"_blank\" rel=\"noreferrer noopener\">Recentemente<\/a>, Tim Cook, CEO da Apple, gerou expectativa ao publicar um v\u00eddeo enigm\u00e1tico nas redes sociais, sugerindo o lan\u00e7amento de um novo produto. A mensagem &#8220;H\u00e1 algo no ar&#8221; reacendeu rumores sobre a poss\u00edvel chegada de um novo <strong>MacBook Air ou iPad Air<\/strong>. Este an\u00fancio vem em um momento de grande expectativa por parte dos consumidores e entusiastas da tecnologia.<\/p>\n\n\n\n<p>Os rumores indicam que a <a href=\"https:\/\/www.em.com.br\/emfoco\/2025\/02\/27\/apple-tv-desafia-gigantes-do-streaming-um-crescimento-notavel\/\" target=\"_blank\" rel=\"noreferrer noopener\">Apple <\/a>est\u00e1 prestes a apresentar um MacBook Air atualizado, equipado com o <strong>chip M4<\/strong>. Este novo modelo promete melhorias significativas em termos de desempenho e capacidade, com op\u00e7\u00f5es de at\u00e9<strong> 32 GB de mem\u00f3ria RAM<\/strong>. Al\u00e9m disso, h\u00e1 especula\u00e7\u00f5es sobre o lan\u00e7amento de um novo <strong>iPad Air<\/strong>, previsto para o <strong>segundo trimestre de 2025<\/strong>, o que poderia tornar este um evento duplo de revela\u00e7\u00f5es.<\/p>\n\n\n\n<h2 class=\"wp-block-heading\">O que esperar do novo MacBook Air?<\/h2>\n\n\n\n<p>Espera-se que o novo MacBook Air mantenha os tamanhos de tela dos modelos atuais, de <strong>13 e 15 polegadas<\/strong>. No entanto, a introdu\u00e7\u00e3o do chip M4 pode trazer um aumento consider\u00e1vel no desempenho, com a adi\u00e7\u00e3o de dois n\u00facleos de <strong>CPU extras<\/strong>. Al\u00e9m disso, o <strong>notebook <\/strong>pode vir equipado com uma c\u00e2mera de 12 MP, incorporando o recurso <strong>Center Stage <\/strong>para melhorar a experi\u00eancia em chamadas de v\u00eddeo.<\/p>\n\n\n\n<p>Para os usu\u00e1rios que necessitam de alta capacidade multitarefa, o novo MacBook Air pode oferecer suporte para at\u00e9 dois monitores externos. Este recurso \u00e9 particularmente atraente para<strong> profissionais que precisam de um ambiente de trabalho expandido<\/strong>. Assim como o MacBook Pro M4, o novo Air pode incluir um monitor integrado, ampliando ainda mais suas funcionalidades.<\/p>\n\n\n\n<blockquote class=\"twitter-tweet\"><p lang=\"en\" dir=\"ltr\">This week. <a href=\"https:\/\/t.co\/uXqQaGNkSk\">pic.twitter.com\/uXqQaGNkSk<\/a><\/p>&mdash; Tim Cook (@tim_cook) <a href=\"https:\/\/twitter.com\/tim_cook\/status\/1896589954517701057?ref_src=twsrc%5Etfw\">March 3, 2025<\/a><\/blockquote> <script async src=\"https:\/\/platform.twitter.com\/widgets.js\" charset=\"utf-8\"><\/script>\n\n\n\n<h2 class=\"wp-block-heading\">Quais s\u00e3o as expectativas para o novo iPad Air?<\/h2>\n\n\n\n<p>Al\u00e9m do MacBook Air, h\u00e1 uma forte expectativa em torno do lan\u00e7amento de um novo iPad Air. Segundo o jornalista <strong>Mark Gurman, da Bloomberg<\/strong>, a Apple planeja lan\u00e7ar este novo tablet no <strong>segundo trimestre de 2025<\/strong>. Este lan\u00e7amento pode ocorrer simultaneamente com o do MacBook Air, criando um evento significativo para a marca.<\/p>\n\n\n\n<p>Embora os detalhes sobre o novo iPad Air ainda sejam escassos, espera-se que ele traga melhorias em termos de desempenho e funcionalidades, alinhando-se com as inova\u00e7\u00f5es tecnol\u00f3gicas que a Apple costuma apresentar em seus produtos. A integra\u00e7\u00e3o de novos recursos e a atualiza\u00e7\u00e3o de hardware s\u00e3o esperadas para manter o iPad Air competitivo no mercado de tablets.<\/p>\n\n\n\n<h2 class=\"wp-block-heading\">Quando a Apple far\u00e1 o an\u00fancio oficial?<\/h2>\n\n\n\n<p>Ainda n\u00e3o h\u00e1 uma confirma\u00e7\u00e3o oficial sobre a data exata do an\u00fancio dos novos produtos. No entanto, a mensagem de<strong> Tim Cook<\/strong> sugere que a revela\u00e7\u00e3o est\u00e1 iminente. A comunidade de tecnologia est\u00e1 atenta a qualquer atualiza\u00e7\u00e3o da Apple, aguardando ansiosamente por detalhes que possam confirmar os rumores.<\/p>\n\n\n\n<p>Com a expectativa crescente, resta aguardar que a Apple divulgue oficialmente suas novidades. At\u00e9 l\u00e1, os rumores e especula\u00e7\u00f5es continuar\u00e3o a alimentar o interesse e a curiosidade dos consumidores e f\u00e3s da marca.<\/p>\n","protected":false},"excerpt":{"rendered":"<p>Recentemente, Tim Cook, CEO da Apple, gerou expectativa ao publicar um v\u00eddeo enigm\u00e1tico nas redes sociais, sugerindo o lan\u00e7amento de um novo produto. A mensagem &#8220;H\u00e1 algo no ar&#8221; reacendeu rumores sobre a poss\u00edvel chegada de um novo MacBook Air ou iPad Air. Este an\u00fancio vem em um momento de grande expectativa por parte dos [&hellip;]<\/p>\n","protected":false},"author":9,"featured_media":25041,"comment_status":"open","ping_status":"open","sticky":false,"template":"","format":"standard","meta":{"jnews-multi-image_gallery":[],"jnews_single_post":{"format":"standard"},"jnews_primary_category":[],"jnews_social_meta":[],"jnews_override_counter":[],"footnotes":""},"categories":[1,4204],"tags":[3662,4031,5864,5863],"class_list":["post-25021","post","type-post","status-publish","format-standard","has-post-thumbnail","hentry","category-noticias","category-tecnologia","tag-apple","tag-ipad-air","tag-m4-chipset","tag-macbook-air"],"yoast_head":"<!-- This site is optimized with the Yoast SEO plugin v23.8 - https:\/\/yoast.com\/wordpress\/plugins\/seo\/ -->\n<title>Tim Cook provoca com an\u00fancio misterioso sobre novos produtos da Apple<\/title>\n<meta name=\"description\" content=\"Apple pode lan\u00e7ar MacBook Air e iPad Air com chip M4. Expectativa \u00e9 alta entre consumidores e f\u00e3s da marca.\" \/>\n<meta name=\"robots\" content=\"index, follow, max-snippet:-1, max-image-preview:large, max-video-preview:-1\" \/>\n<link rel=\"canonical\" href=\"https:\/\/www.em.com.br\/emfoco\/2025\/03\/05\/tim-cook-provoca-com-anuncio-misterioso-sobre-novos-produtos-da-apple\/\" \/>\n<meta property=\"og:locale\" content=\"pt_BR\" \/>\n<meta property=\"og:type\" content=\"article\" \/>\n<meta property=\"og:title\" content=\"Tim Cook provoca com an\u00fancio misterioso sobre novos produtos da Apple\" \/>\n<meta property=\"og:description\" content=\"Apple pode lan\u00e7ar MacBook Air e iPad Air com chip M4. Expectativa \u00e9 alta entre consumidores e f\u00e3s da marca.\" \/>\n<meta property=\"og:url\" content=\"https:\/\/www.em.com.br\/emfoco\/2025\/03\/05\/tim-cook-provoca-com-anuncio-misterioso-sobre-novos-produtos-da-apple\/\" \/>\n<meta property=\"og:site_name\" content=\"Estado de Minas - Em foco\" \/>\n<meta property=\"article:published_time\" content=\"2025-03-05T17:40:29+00:00\" \/>\n<meta property=\"article:modified_time\" content=\"2025-03-04T15:37:04+00:00\" \/>\n<meta property=\"og:image\" content=\"https:\/\/www.em.com.br\/emfoco\/wp-content\/uploads\/2025\/03\/tim-cook_1741102245565.jpg\" \/>\n\t<meta property=\"og:image:width\" content=\"1280\" \/>\n\t<meta property=\"og:image:height\" content=\"720\" \/>\n\t<meta property=\"og:image:type\" content=\"image\/jpeg\" \/>\n<meta name=\"author\" content=\"Daniely Cardoso\" \/>\n<meta name=\"twitter:card\" content=\"summary_large_image\" \/>\n<meta name=\"twitter:label1\" content=\"Escrito por\" \/>\n\t<meta name=\"twitter:data1\" content=\"Daniely Cardoso\" \/>\n\t<meta name=\"twitter:label2\" content=\"Est. tempo de leitura\" \/>\n\t<meta name=\"twitter:data2\" content=\"3 minutos\" \/>\n<!-- \/ Yoast SEO plugin. -->","yoast_head_json":{"title":"Tim Cook provoca com an\u00fancio misterioso sobre novos produtos da Apple","description":"Apple pode lan\u00e7ar MacBook Air e iPad Air com chip M4. Expectativa \u00e9 alta entre consumidores e f\u00e3s da marca.","robots":{"index":"index","follow":"follow","max-snippet":"max-snippet:-1","max-image-preview":"max-image-preview:large","max-video-preview":"max-video-preview:-1"},"canonical":"https:\/\/www.em.com.br\/emfoco\/2025\/03\/05\/tim-cook-provoca-com-anuncio-misterioso-sobre-novos-produtos-da-apple\/","og_locale":"pt_BR","og_type":"article","og_title":"Tim Cook provoca com an\u00fancio misterioso sobre novos produtos da Apple","og_description":"Apple pode lan\u00e7ar MacBook Air e iPad Air com chip M4. Expectativa \u00e9 alta entre consumidores e f\u00e3s da marca.","og_url":"https:\/\/www.em.com.br\/emfoco\/2025\/03\/05\/tim-cook-provoca-com-anuncio-misterioso-sobre-novos-produtos-da-apple\/","og_site_name":"Estado de Minas - Em foco","article_published_time":"2025-03-05T17:40:29+00:00","article_modified_time":"2025-03-04T15:37:04+00:00","og_image":[{"width":1280,"height":720,"url":"https:\/\/www.em.com.br\/emfoco\/wp-content\/uploads\/2025\/03\/tim-cook_1741102245565.jpg","type":"image\/jpeg"}],"author":"Daniely Cardoso","twitter_card":"summary_large_image","twitter_misc":{"Escrito por":"Daniely Cardoso","Est. tempo de leitura":"3 minutos"},"schema":{"@context":"https:\/\/schema.org","@graph":[{"@type":"WebPage","@id":"https:\/\/www.em.com.br\/emfoco\/2025\/03\/05\/tim-cook-provoca-com-anuncio-misterioso-sobre-novos-produtos-da-apple\/","url":"https:\/\/www.em.com.br\/emfoco\/2025\/03\/05\/tim-cook-provoca-com-anuncio-misterioso-sobre-novos-produtos-da-apple\/","name":"Tim Cook provoca com an\u00fancio misterioso sobre novos produtos da Apple","isPartOf":{"@id":"https:\/\/www.em.com.br\/emfoco\/#website"},"primaryImageOfPage":{"@id":"https:\/\/www.em.com.br\/emfoco\/2025\/03\/05\/tim-cook-provoca-com-anuncio-misterioso-sobre-novos-produtos-da-apple\/#primaryimage"},"image":{"@id":"https:\/\/www.em.com.br\/emfoco\/2025\/03\/05\/tim-cook-provoca-com-anuncio-misterioso-sobre-novos-produtos-da-apple\/#primaryimage"},"thumbnailUrl":"https:\/\/www.em.com.br\/emfoco\/wp-content\/uploads\/2025\/03\/tim-cook_1741102245565.jpg","datePublished":"2025-03-05T17:40:29+00:00","dateModified":"2025-03-04T15:37:04+00:00","author":{"@id":"https:\/\/www.em.com.br\/emfoco\/#\/schema\/person\/0a8186d72f2c3a5c6276d90b41f271a0"},"description":"Apple pode lan\u00e7ar MacBook Air e iPad Air com chip M4. Expectativa \u00e9 alta entre consumidores e f\u00e3s da marca.","breadcrumb":{"@id":"https:\/\/www.em.com.br\/emfoco\/2025\/03\/05\/tim-cook-provoca-com-anuncio-misterioso-sobre-novos-produtos-da-apple\/#breadcrumb"},"inLanguage":"pt-BR","potentialAction":[{"@type":"ReadAction","target":["https:\/\/www.em.com.br\/emfoco\/2025\/03\/05\/tim-cook-provoca-com-anuncio-misterioso-sobre-novos-produtos-da-apple\/"]}]},{"@type":"ImageObject","inLanguage":"pt-BR","@id":"https:\/\/www.em.com.br\/emfoco\/2025\/03\/05\/tim-cook-provoca-com-anuncio-misterioso-sobre-novos-produtos-da-apple\/#primaryimage","url":"https:\/\/www.em.com.br\/emfoco\/wp-content\/uploads\/2025\/03\/tim-cook_1741102245565.jpg","contentUrl":"https:\/\/www.em.com.br\/emfoco\/wp-content\/uploads\/2025\/03\/tim-cook_1741102245565.jpg","width":1280,"height":720,"caption":"Tim Cook - Cr\u00e9ditos: depositphotos.com \/ imagepressagency"},{"@type":"BreadcrumbList","@id":"https:\/\/www.em.com.br\/emfoco\/2025\/03\/05\/tim-cook-provoca-com-anuncio-misterioso-sobre-novos-produtos-da-apple\/#breadcrumb","itemListElement":[{"@type":"ListItem","position":1,"name":"In\u00edcio","item":"https:\/\/www.em.com.br\/emfoco\/"},{"@type":"ListItem","position":2,"name":"Tim Cook provoca com an\u00fancio misterioso sobre novos produtos da Apple"}]},{"@type":"WebSite","@id":"https:\/\/www.em.com.br\/emfoco\/#website","url":"https:\/\/www.em.com.br\/emfoco\/","name":"Estado de Minas - Em foco","description":"Acompanhe as \u00faltimas not\u00edcias e fique bem informado sobre tudo o que acontece em Minas Gerais, Brasil e no mundo.","potentialAction":[{"@type":"SearchAction","target":{"@type":"EntryPoint","urlTemplate":"https:\/\/www.em.com.br\/emfoco\/?s={search_term_string}"},"query-input":{"@type":"PropertyValueSpecification","valueRequired":true,"valueName":"search_term_string"}}],"inLanguage":"pt-BR"},{"@type":"Person","@id":"https:\/\/www.em.com.br\/emfoco\/#\/schema\/person\/0a8186d72f2c3a5c6276d90b41f271a0","name":"Daniely Cardoso","image":{"@type":"ImageObject","inLanguage":"pt-BR","@id":"https:\/\/www.em.com.br\/emfoco\/#\/schema\/person\/image\/","url":"https:\/\/secure.gravatar.com\/avatar\/4b80ddbd124d1f071b626d52d62e5dff?s=96&d=mm&r=g","contentUrl":"https:\/\/secure.gravatar.com\/avatar\/4b80ddbd124d1f071b626d52d62e5dff?s=96&d=mm&r=g","caption":"Daniely Cardoso"},"url":"https:\/\/www.em.com.br\/emfoco\/author\/danielymyth\/"}]}},"_links":{"self":[{"href":"https:\/\/www.em.com.br\/emfoco\/wp-json\/wp\/v2\/posts\/25021","targetHints":{"allow":["GET"]}}],"collection":[{"href":"https:\/\/www.em.com.br\/emfoco\/wp-json\/wp\/v2\/posts"}],"about":[{"href":"https:\/\/www.em.com.br\/emfoco\/wp-json\/wp\/v2\/types\/post"}],"author":[{"embeddable":true,"href":"https:\/\/www.em.com.br\/emfoco\/wp-json\/wp\/v2\/users\/9"}],"replies":[{"embeddable":true,"href":"https:\/\/www.em.com.br\/emfoco\/wp-json\/wp\/v2\/comments?post=25021"}],"version-history":[{"count":2,"href":"https:\/\/www.em.com.br\/emfoco\/wp-json\/wp\/v2\/posts\/25021\/revisions"}],"predecessor-version":[{"id":25042,"href":"https:\/\/www.em.com.br\/emfoco\/wp-json\/wp\/v2\/posts\/25021\/revisions\/25042"}],"wp:featuredmedia":[{"embeddable":true,"href":"https:\/\/www.em.com.br\/emfoco\/wp-json\/wp\/v2\/media\/25041"}],"wp:attachment":[{"href":"https:\/\/www.em.com.br\/emfoco\/wp-json\/wp\/v2\/media?parent=25021"}],"wp:term":[{"taxonomy":"category","embeddable":true,"href":"https:\/\/www.em.com.br\/emfoco\/wp-json\/wp\/v2\/categories?post=25021"},{"taxonomy":"post_tag","embeddable":true,"href":"https:\/\/www.em.com.br\/emfoco\/wp-json\/wp\/v2\/tags?post=25021"}],"curies":[{"name":"wp","href":"https:\/\/api.w.org\/{rel}","templated":true}]}}