{"id":24969,"date":"2025-03-13T08:40:00","date_gmt":"2025-03-13T11:40:00","guid":{"rendered":"https:\/\/www.em.com.br\/emfoco\/?p=24969"},"modified":"2025-03-04T10:43:23","modified_gmt":"2025-03-04T13:43:23","slug":"como-calcular-as-novas-contribuicoes-ao-inss-apos-o-reajuste-de-2025","status":"publish","type":"post","link":"https:\/\/www.em.com.br\/emfoco\/2025\/03\/13\/como-calcular-as-novas-contribuicoes-ao-inss-apos-o-reajuste-de-2025\/","title":{"rendered":"Como calcular as novas contribui\u00e7\u00f5es ao INSS ap\u00f3s o reajuste de 2025"},"content":{"rendered":"\n<p>Em janeiro de 2025, o sal\u00e1rio m\u00ednimo no <strong><a href=\"https:\/\/www.em.com.br\/emfoco\/2025\/02\/02\/o-paraiso-secreto-do-brasil-que-esta-conquistando-turistas-do-mundo-todo\/\" target=\"_blank\" rel=\"noreferrer noopener\">Brasil<\/a><\/strong> foi reajustado para R$ 1.518, trazendo consigo mudan\u00e7as significativas nas contribui\u00e7\u00f5es ao <strong><a href=\"https:\/\/www.gov.br\/inss\/pt-br\" target=\"_blank\" rel=\"noreferrer noopener\">Instituto Nacional do Seguro Social <\/a>(INSS)<\/strong> e em alguns benef\u00edcios previdenci\u00e1rios e assistenciais. Essas altera\u00e7\u00f5es afetam diretamente os segurados, que precisam estar cientes das novas regras para evitar preju\u00edzos nos pagamentos e entender os valores a que t\u00eam direito.<\/p>\n\n\n\n<p>O reajuste do sal\u00e1rio m\u00ednimo impacta automaticamente os empregados de empresas, pois o desconto e o recolhimento s\u00e3o ajustados pela pr\u00f3pria empresa. No entanto, os contribuintes individuais, como aut\u00f4nomos e facultativos, devem estar atentos para atualizar o valor das suas contribui\u00e7\u00f5es, utilizando a <strong>Guia da Previd\u00eancia Social (GPS)<\/strong> com o novo valor a partir de fevereiro, referente \u00e0 compet\u00eancia de janeiro.<\/p>\n\n\n\n<h2 class=\"wp-block-heading\">Como o reajuste afeta as contribui\u00e7\u00f5es dos aut\u00f4nomos?<\/h2>\n\n\n\n<p>Os contribuintes individuais, que incluem aut\u00f4nomos e facultativos, precisam ajustar suas contribui\u00e7\u00f5es ao novo sal\u00e1rio m\u00ednimo. A contribui\u00e7\u00e3o deve ser feita at\u00e9 o dia 15 do m\u00eas subsequente, utilizando as al\u00edquotas baseadas no novo valor de R$ 1.518. \u00c9 essencial que esses contribuintes observem a compet\u00eancia do pagamento, ou seja, o m\u00eas a que a contribui\u00e7\u00e3o se refere, para garantir que o c\u00e1lculo seja feito corretamente.<\/p>\n\n\n\n<p>Para os aut\u00f4nomos, a taxa de contribui\u00e7\u00e3o mensal \u00e9 de 20%, calculada sobre valores entre o sal\u00e1rio m\u00ednimo e o teto previdenci\u00e1rio, que \u00e9 de R$ 8.157,41. J\u00e1 para aqueles que optam pelo Plano Simplificado de Previd\u00eancia, a taxa \u00e9 de 11% para rendimentos at\u00e9 o sal\u00e1rio m\u00ednimo. Os facultativos de baixa renda pagam uma taxa reduzida de 5%, mas devem atender a crit\u00e9rios espec\u00edficos para se enquadrarem nessa categoria.<\/p>\n\n\n\n<figure class=\"wp-block-image size-large\"><img loading=\"lazy\" decoding=\"async\" width=\"1024\" height=\"576\" src=\"https:\/\/www.em.com.br\/emfoco\/wp-content\/uploads\/2025\/01\/dinheiro-brasil_1738187229576-1024x576.jpg\" alt=\"Governo divulga data de pagamentos do Bolsa Fam\u00edlia para Mar\u00e7o\/2025\" class=\"wp-image-14751\" srcset=\"https:\/\/www.em.com.br\/emfoco\/wp-content\/uploads\/2025\/01\/dinheiro-brasil_1738187229576-1024x576.jpg 1024w, https:\/\/www.em.com.br\/emfoco\/wp-content\/uploads\/2025\/01\/dinheiro-brasil_1738187229576-300x169.jpg 300w, https:\/\/www.em.com.br\/emfoco\/wp-content\/uploads\/2025\/01\/dinheiro-brasil_1738187229576-768x432.jpg 768w, https:\/\/www.em.com.br\/emfoco\/wp-content\/uploads\/2025\/01\/dinheiro-brasil_1738187229576-750x422.jpg 750w, https:\/\/www.em.com.br\/emfoco\/wp-content\/uploads\/2025\/01\/dinheiro-brasil_1738187229576-1140x641.jpg 1140w, https:\/\/www.em.com.br\/emfoco\/wp-content\/uploads\/2025\/01\/dinheiro-brasil_1738187229576.jpg 1280w\" sizes=\"auto, (max-width: 1024px) 100vw, 1024px\" \/><figcaption class=\"wp-element-caption\">Imagem Ilustrativa de Dinheiro &#8211; Cr\u00e9ditos: depositphotos.com \/ verganifotografia<\/figcaption><\/figure>\n\n\n\n<h2 class=\"wp-block-heading\">Quais s\u00e3o os novos valores dos benef\u00edcios do INSS?<\/h2>\n\n\n\n<p>Com o reajuste do sal\u00e1rio m\u00ednimo, o menor valor de benef\u00edcio pago pela <strong>Previd\u00eancia Social<\/strong> tamb\u00e9m foi ajustado para R$ 1.518, incluindo o <strong>Benef\u00edcio de Presta\u00e7\u00e3o Continuada (BPC LOAS)<\/strong>. Para os segurados que recebem acima do sal\u00e1rio m\u00ednimo, os benef\u00edcios foram reajustados em janeiro de 2025 conforme o \u00cd<strong>ndice Nacional de Pre\u00e7os ao Consumidor (INPC)<\/strong>, garantindo a manuten\u00e7\u00e3o do poder de compra dos benefici\u00e1rios.<\/p>\n\n\n\n<h2 class=\"wp-block-heading\">Como gerar a guia da previd\u00eancia social (GPS)?<\/h2>\n\n\n\n<p>Os contribuintes individuais podem gerar a Guia da Previd\u00eancia Social (GPS) pela internet, sem a necessidade de se deslocar at\u00e9 uma ag\u00eancia do INSS. A guia pode ser gerada para um m\u00eas espec\u00edfico ou para per\u00edodos inferiores aos \u00faltimos cinco anos. Para isso, basta acessar o site do INSS ou o aplicativo <strong>MEU INSS<\/strong>. \u00c9 importante lembrar que o c\u00e1lculo de guias em atraso n\u00e3o est\u00e1 dispon\u00edvel pelo telefone 135, mas esse canal pode ser utilizado para esclarecer d\u00favidas sobre o pagamento das contribui\u00e7\u00f5es.<\/p>\n\n\n\n<p>Essas mudan\u00e7as destacam a import\u00e2ncia de os segurados se manterem informados sobre as atualiza\u00e7\u00f5es nos valores e regras de contribui\u00e7\u00e3o ao INSS, garantindo que seus direitos previdenci\u00e1rios sejam preservados e que os pagamentos sejam realizados corretamente.<\/p>\n","protected":false},"excerpt":{"rendered":"<p>Em janeiro de 2025, o sal\u00e1rio m\u00ednimo no Brasil foi reajustado para R$ 1.518, trazendo consigo mudan\u00e7as significativas nas contribui\u00e7\u00f5es ao Instituto Nacional do Seguro Social (INSS) e em alguns benef\u00edcios previdenci\u00e1rios e assistenciais. Essas altera\u00e7\u00f5es afetam diretamente os segurados, que precisam estar cientes das novas regras para evitar preju\u00edzos nos pagamentos e entender os [&hellip;]<\/p>\n","protected":false},"author":5,"featured_media":4554,"comment_status":"open","ping_status":"open","sticky":false,"template":"","format":"standard","meta":{"jnews-multi-image_gallery":[],"jnews_single_post":{"format":"standard"},"jnews_primary_category":[],"jnews_social_meta":[],"jnews_override_counter":[],"footnotes":""},"categories":[28,1],"tags":[4932,5859,174,717],"class_list":["post-24969","post","type-post","status-publish","format-standard","has-post-thumbnail","hentry","category-economia","category-noticias","tag-autonomos","tag-contribuintes-individuais","tag-inss","tag-salario-minimo"],"yoast_head":"<!-- This site is optimized with the Yoast SEO plugin v23.8 - https:\/\/yoast.com\/wordpress\/plugins\/seo\/ -->\n<title>Como calcular as novas contribui\u00e7\u00f5es ao INSS ap\u00f3s o reajuste de 2025 - Estado de Minas - Em foco<\/title>\n<meta name=\"description\" content=\"O reajuste do sal\u00e1rio m\u00ednimo de janeiro de 2025 altera as contribui\u00e7\u00f5es ao INSS. Saiba como gerar a GPS e garantir o pagamento correto.\" \/>\n<meta name=\"robots\" content=\"index, follow, max-snippet:-1, max-image-preview:large, max-video-preview:-1\" \/>\n<link rel=\"canonical\" href=\"https:\/\/www.em.com.br\/emfoco\/2025\/03\/13\/como-calcular-as-novas-contribuicoes-ao-inss-apos-o-reajuste-de-2025\/\" \/>\n<meta property=\"og:locale\" content=\"pt_BR\" \/>\n<meta property=\"og:type\" content=\"article\" \/>\n<meta property=\"og:title\" content=\"Como calcular as novas contribui\u00e7\u00f5es ao INSS ap\u00f3s o reajuste de 2025 - Estado de Minas - Em foco\" \/>\n<meta property=\"og:description\" content=\"O reajuste do sal\u00e1rio m\u00ednimo de janeiro de 2025 altera as contribui\u00e7\u00f5es ao INSS. Saiba como gerar a GPS e garantir o pagamento correto.\" \/>\n<meta property=\"og:url\" content=\"https:\/\/www.em.com.br\/emfoco\/2025\/03\/13\/como-calcular-as-novas-contribuicoes-ao-inss-apos-o-reajuste-de-2025\/\" \/>\n<meta property=\"og:site_name\" content=\"Estado de Minas - Em foco\" \/>\n<meta property=\"article:published_time\" content=\"2025-03-13T11:40:00+00:00\" \/>\n<meta property=\"article:modified_time\" content=\"2025-03-04T13:43:23+00:00\" \/>\n<meta property=\"og:image\" content=\"https:\/\/www.em.com.br\/emfoco\/wp-content\/uploads\/2024\/12\/Dinheiro-brazil_1734018274111.jpg\" \/>\n\t<meta property=\"og:image:width\" content=\"1280\" \/>\n\t<meta property=\"og:image:height\" content=\"720\" \/>\n\t<meta property=\"og:image:type\" content=\"image\/jpeg\" \/>\n<meta name=\"author\" content=\"N\u00fabia Rangel\" \/>\n<meta name=\"twitter:card\" content=\"summary_large_image\" \/>\n<meta name=\"twitter:label1\" content=\"Escrito por\" \/>\n\t<meta name=\"twitter:data1\" content=\"N\u00fabia Rangel\" \/>\n\t<meta name=\"twitter:label2\" content=\"Est. tempo de leitura\" \/>\n\t<meta name=\"twitter:data2\" content=\"4 minutos\" \/>\n<!-- \/ Yoast SEO plugin. -->","yoast_head_json":{"title":"Como calcular as novas contribui\u00e7\u00f5es ao INSS ap\u00f3s o reajuste de 2025 - Estado de Minas - Em foco","description":"O reajuste do sal\u00e1rio m\u00ednimo de janeiro de 2025 altera as contribui\u00e7\u00f5es ao INSS. Saiba como gerar a GPS e garantir o pagamento correto.","robots":{"index":"index","follow":"follow","max-snippet":"max-snippet:-1","max-image-preview":"max-image-preview:large","max-video-preview":"max-video-preview:-1"},"canonical":"https:\/\/www.em.com.br\/emfoco\/2025\/03\/13\/como-calcular-as-novas-contribuicoes-ao-inss-apos-o-reajuste-de-2025\/","og_locale":"pt_BR","og_type":"article","og_title":"Como calcular as novas contribui\u00e7\u00f5es ao INSS ap\u00f3s o reajuste de 2025 - Estado de Minas - Em foco","og_description":"O reajuste do sal\u00e1rio m\u00ednimo de janeiro de 2025 altera as contribui\u00e7\u00f5es ao INSS. Saiba como gerar a GPS e garantir o pagamento correto.","og_url":"https:\/\/www.em.com.br\/emfoco\/2025\/03\/13\/como-calcular-as-novas-contribuicoes-ao-inss-apos-o-reajuste-de-2025\/","og_site_name":"Estado de Minas - Em foco","article_published_time":"2025-03-13T11:40:00+00:00","article_modified_time":"2025-03-04T13:43:23+00:00","og_image":[{"width":1280,"height":720,"url":"https:\/\/www.em.com.br\/emfoco\/wp-content\/uploads\/2024\/12\/Dinheiro-brazil_1734018274111.jpg","type":"image\/jpeg"}],"author":"N\u00fabia Rangel","twitter_card":"summary_large_image","twitter_misc":{"Escrito por":"N\u00fabia Rangel","Est. tempo de leitura":"4 minutos"},"schema":{"@context":"https:\/\/schema.org","@graph":[{"@type":"WebPage","@id":"https:\/\/www.em.com.br\/emfoco\/2025\/03\/13\/como-calcular-as-novas-contribuicoes-ao-inss-apos-o-reajuste-de-2025\/","url":"https:\/\/www.em.com.br\/emfoco\/2025\/03\/13\/como-calcular-as-novas-contribuicoes-ao-inss-apos-o-reajuste-de-2025\/","name":"Como calcular as novas contribui\u00e7\u00f5es ao INSS ap\u00f3s o reajuste de 2025 - Estado de Minas - Em foco","isPartOf":{"@id":"https:\/\/www.em.com.br\/emfoco\/#website"},"primaryImageOfPage":{"@id":"https:\/\/www.em.com.br\/emfoco\/2025\/03\/13\/como-calcular-as-novas-contribuicoes-ao-inss-apos-o-reajuste-de-2025\/#primaryimage"},"image":{"@id":"https:\/\/www.em.com.br\/emfoco\/2025\/03\/13\/como-calcular-as-novas-contribuicoes-ao-inss-apos-o-reajuste-de-2025\/#primaryimage"},"thumbnailUrl":"https:\/\/www.em.com.br\/emfoco\/wp-content\/uploads\/2024\/12\/Dinheiro-brazil_1734018274111.jpg","datePublished":"2025-03-13T11:40:00+00:00","dateModified":"2025-03-04T13:43:23+00:00","author":{"@id":"https:\/\/www.em.com.br\/emfoco\/#\/schema\/person\/524437ef54f8a5d32591b143307f2e20"},"description":"O reajuste do sal\u00e1rio m\u00ednimo de janeiro de 2025 altera as contribui\u00e7\u00f5es ao INSS. Saiba como gerar a GPS e garantir o pagamento correto.","breadcrumb":{"@id":"https:\/\/www.em.com.br\/emfoco\/2025\/03\/13\/como-calcular-as-novas-contribuicoes-ao-inss-apos-o-reajuste-de-2025\/#breadcrumb"},"inLanguage":"pt-BR","potentialAction":[{"@type":"ReadAction","target":["https:\/\/www.em.com.br\/emfoco\/2025\/03\/13\/como-calcular-as-novas-contribuicoes-ao-inss-apos-o-reajuste-de-2025\/"]}]},{"@type":"ImageObject","inLanguage":"pt-BR","@id":"https:\/\/www.em.com.br\/emfoco\/2025\/03\/13\/como-calcular-as-novas-contribuicoes-ao-inss-apos-o-reajuste-de-2025\/#primaryimage","url":"https:\/\/www.em.com.br\/emfoco\/wp-content\/uploads\/2024\/12\/Dinheiro-brazil_1734018274111.jpg","contentUrl":"https:\/\/www.em.com.br\/emfoco\/wp-content\/uploads\/2024\/12\/Dinheiro-brazil_1734018274111.jpg","width":1280,"height":720,"caption":"Dinheiro - Cr\u00e9ditos: depositphotos.com \/ rmcarvalhobsb"},{"@type":"BreadcrumbList","@id":"https:\/\/www.em.com.br\/emfoco\/2025\/03\/13\/como-calcular-as-novas-contribuicoes-ao-inss-apos-o-reajuste-de-2025\/#breadcrumb","itemListElement":[{"@type":"ListItem","position":1,"name":"In\u00edcio","item":"https:\/\/www.em.com.br\/emfoco\/"},{"@type":"ListItem","position":2,"name":"Como calcular as novas contribui\u00e7\u00f5es ao INSS ap\u00f3s o reajuste de 2025"}]},{"@type":"WebSite","@id":"https:\/\/www.em.com.br\/emfoco\/#website","url":"https:\/\/www.em.com.br\/emfoco\/","name":"Estado de Minas - Em foco","description":"Acompanhe as \u00faltimas not\u00edcias e fique bem informado sobre tudo o que acontece em Minas Gerais, Brasil e no mundo.","potentialAction":[{"@type":"SearchAction","target":{"@type":"EntryPoint","urlTemplate":"https:\/\/www.em.com.br\/emfoco\/?s={search_term_string}"},"query-input":{"@type":"PropertyValueSpecification","valueRequired":true,"valueName":"search_term_string"}}],"inLanguage":"pt-BR"},{"@type":"Person","@id":"https:\/\/www.em.com.br\/emfoco\/#\/schema\/person\/524437ef54f8a5d32591b143307f2e20","name":"N\u00fabia Rangel","image":{"@type":"ImageObject","inLanguage":"pt-BR","@id":"https:\/\/www.em.com.br\/emfoco\/#\/schema\/person\/image\/","url":"https:\/\/secure.gravatar.com\/avatar\/47cff2827a5ba23c37e8068c86817ea4?s=96&d=mm&r=g","contentUrl":"https:\/\/secure.gravatar.com\/avatar\/47cff2827a5ba23c37e8068c86817ea4?s=96&d=mm&r=g","caption":"N\u00fabia Rangel"},"sameAs":["https:\/\/www.em.com.br\/emfoco\/"],"url":"https:\/\/www.em.com.br\/emfoco\/author\/nubiamyth\/"}]}},"_links":{"self":[{"href":"https:\/\/www.em.com.br\/emfoco\/wp-json\/wp\/v2\/posts\/24969","targetHints":{"allow":["GET"]}}],"collection":[{"href":"https:\/\/www.em.com.br\/emfoco\/wp-json\/wp\/v2\/posts"}],"about":[{"href":"https:\/\/www.em.com.br\/emfoco\/wp-json\/wp\/v2\/types\/post"}],"author":[{"embeddable":true,"href":"https:\/\/www.em.com.br\/emfoco\/wp-json\/wp\/v2\/users\/5"}],"replies":[{"embeddable":true,"href":"https:\/\/www.em.com.br\/emfoco\/wp-json\/wp\/v2\/comments?post=24969"}],"version-history":[{"count":2,"href":"https:\/\/www.em.com.br\/emfoco\/wp-json\/wp\/v2\/posts\/24969\/revisions"}],"predecessor-version":[{"id":24996,"href":"https:\/\/www.em.com.br\/emfoco\/wp-json\/wp\/v2\/posts\/24969\/revisions\/24996"}],"wp:featuredmedia":[{"embeddable":true,"href":"https:\/\/www.em.com.br\/emfoco\/wp-json\/wp\/v2\/media\/4554"}],"wp:attachment":[{"href":"https:\/\/www.em.com.br\/emfoco\/wp-json\/wp\/v2\/media?parent=24969"}],"wp:term":[{"taxonomy":"category","embeddable":true,"href":"https:\/\/www.em.com.br\/emfoco\/wp-json\/wp\/v2\/categories?post=24969"},{"taxonomy":"post_tag","embeddable":true,"href":"https:\/\/www.em.com.br\/emfoco\/wp-json\/wp\/v2\/tags?post=24969"}],"curies":[{"name":"wp","href":"https:\/\/api.w.org\/{rel}","templated":true}]}}