{"id":24948,"date":"2025-03-09T06:40:00","date_gmt":"2025-03-09T09:40:00","guid":{"rendered":"https:\/\/www.em.com.br\/emfoco\/?p=24948"},"modified":"2025-03-07T17:52:10","modified_gmt":"2025-03-07T20:52:10","slug":"conheca-as-capitais-que-se-destacam-pela-sua-limpeza-urbana-no-brasil","status":"publish","type":"post","link":"https:\/\/www.em.com.br\/emfoco\/2025\/03\/09\/conheca-as-capitais-que-se-destacam-pela-sua-limpeza-urbana-no-brasil\/","title":{"rendered":"Conhe\u00e7a as capitais que se destacam pela sua limpeza urbana no Brasil!"},"content":{"rendered":"\n<p>A limpeza urbana \u00e9 um componente essencial para a sa\u00fade e bem-estar das popula\u00e7\u00f5es urbanas. A gest\u00e3o eficiente dos res\u00edduos s\u00f3lidos \u00e9 crucial para manter os espa\u00e7os p\u00fablicos agrad\u00e1veis e funcionais. O <strong><a href=\"https:\/\/www.abrema.org.br\/islu\/\" target=\"_blank\" rel=\"noreferrer noopener\">\u00cdndice de Sustentabilidade da Limpeza Urbana<\/a><\/strong> (ISLU) \u00e9 uma ferramenta que ajuda a medir como as cidades brasileiras est\u00e3o lidando com esse desafio, destacando aquelas que se destacam em pr\u00e1ticas sustent\u00e1veis.<\/p>\n\n\n\n<p>O ISLU oferece uma vis\u00e3o detalhada da efic\u00e1cia das cidades na administra\u00e7\u00e3o de res\u00edduos s\u00f3lidos. A pontua\u00e7\u00e3o, que varia de 0 a 1, indica o n\u00edvel de efici\u00eancia na gest\u00e3o da limpeza urbana, sendo uma refer\u00eancia importante para o desenvolvimento de pol\u00edticas p\u00fablicas e iniciativas comunit\u00e1rias.<\/p>\n\n\n\n<h2 class=\"wp-block-heading\">O que \u00e9 o \u00cdndice de Sustentabilidade da Limpeza Urbana?<\/h2>\n\n\n\n<p>O \u00cdndice de Sustentabilidade da Limpeza Urbana (ISLU) foi criado para avaliar a efic\u00e1cia das cidades na gest\u00e3o de res\u00edduos s\u00f3lidos. Este \u00edndice incentiva pr\u00e1ticas que promovem a sustentabilidade e a melhoria cont\u00ednua da limpeza urbana. Cidades que alcan\u00e7am pontua\u00e7\u00f5es mais altas demonstram um forte compromisso com a gest\u00e3o ambiental e a qualidade de vida de seus habitantes.<\/p>\n\n\n\n<p>Al\u00e9m de classificar as cidades, o ISLU serve como um guia para pol\u00edticas p\u00fablicas, ajudando a identificar \u00e1reas que necessitam de melhorias e destacando exemplos de sucesso que podem ser replicados em outros locais. Isso torna o \u00edndice uma ferramenta valiosa para gestores p\u00fablicos e cidad\u00e3os interessados em promover a sustentabilidade.<\/p>\n\n\n\n<figure class=\"wp-block-image size-large\"><img loading=\"lazy\" decoding=\"async\" width=\"1024\" height=\"576\" src=\"https:\/\/www.em.com.br\/emfoco\/wp-content\/uploads\/2025\/02\/niteroi_1739557807375-1024x576.jpg\" alt=\"Cidade no Rio de Janeiro \u00e9 considerada um para\u00edso escondido\" class=\"wp-image-19831\" srcset=\"https:\/\/www.em.com.br\/emfoco\/wp-content\/uploads\/2025\/02\/niteroi_1739557807375-1024x576.jpg 1024w, https:\/\/www.em.com.br\/emfoco\/wp-content\/uploads\/2025\/02\/niteroi_1739557807375-300x169.jpg 300w, https:\/\/www.em.com.br\/emfoco\/wp-content\/uploads\/2025\/02\/niteroi_1739557807375-768x432.jpg 768w, https:\/\/www.em.com.br\/emfoco\/wp-content\/uploads\/2025\/02\/niteroi_1739557807375-750x422.jpg 750w, https:\/\/www.em.com.br\/emfoco\/wp-content\/uploads\/2025\/02\/niteroi_1739557807375-1140x641.jpg 1140w, https:\/\/www.em.com.br\/emfoco\/wp-content\/uploads\/2025\/02\/niteroi_1739557807375.jpg 1280w\" sizes=\"auto, (max-width: 1024px) 100vw, 1024px\" \/><figcaption class=\"wp-element-caption\">Niter\u00f3i, Rio de Janeiro &#8211; Cr\u00e9ditos: depositphotos.com \/ dabldy<\/figcaption><\/figure>\n\n\n\n<h2 class=\"wp-block-heading\">Quais cidades se destacam na limpeza urbana no Brasil?<\/h2>\n\n\n\n<p>O levantamento mais recente do ISLU 2024 destaca v\u00e1rias cidades brasileiras que se sobressaem por suas pr\u00e1ticas de limpeza urbana. Entre as cidades com mais de 250 mil habitantes, algumas se destacam por suas pol\u00edticas inovadoras e eficazes:<\/p>\n\n\n\n<ul class=\"wp-block-list\">\n<li><strong>Florian\u00f3polis<\/strong>, <strong>Santa Catarina<\/strong><\/li>\n\n\n\n<li><strong>S\u00e3o Jos\u00e9<\/strong>, <strong>Santa Catarina<\/strong><\/li>\n\n\n\n<li><strong>Niter\u00f3i<\/strong>, <strong><a href=\"https:\/\/www.em.com.br\/emfoco\/2025\/03\/02\/a-verdade-por-tras-do-calcadao-mais-famoso-do-mundo\/\" target=\"_blank\" rel=\"noreferrer noopener\">Rio de Janeiro<\/a><\/strong><\/li>\n<\/ul>\n\n\n\n<p>Esses munic\u00edpios implementaram pr\u00e1ticas avan\u00e7adas de gest\u00e3o de res\u00edduos, combinando pol\u00edticas p\u00fablicas eficazes com iniciativas comunit\u00e1rias que promovem a preserva\u00e7\u00e3o da limpeza urbana. O sucesso dessas cidades serve de exemplo para outras localidades que buscam melhorar suas pr\u00e1ticas de gest\u00e3o de res\u00edduos.<\/p>\n\n\n\n<h2 class=\"wp-block-heading\">Estrat\u00e9gias eficazes para a limpeza urbana<\/h2>\n\n\n\n<p>As cidades que lideram o ranking do ISLU adotam diversas estrat\u00e9gias para garantir um ambiente mais limpo e sustent\u00e1vel. Algumas das principais a\u00e7\u00f5es incluem:<\/p>\n\n\n\n<ol class=\"wp-block-list\">\n<li><strong>Coleta seletiva bem estruturada:<\/strong> sistemas eficientes para separar res\u00edduos recicl\u00e1veis e org\u00e2nicos, facilitando a destina\u00e7\u00e3o correta.<\/li>\n\n\n\n<li><strong>Educa\u00e7\u00e3o ambiental cont\u00ednua:<\/strong> campanhas de conscientiza\u00e7\u00e3o que incentivam a popula\u00e7\u00e3o a adotar h\u00e1bitos respons\u00e1veis e sustent\u00e1veis.<\/li>\n\n\n\n<li><strong>Infraestrutura adequada:<\/strong> instala\u00e7\u00e3o de lixeiras e pontos de coleta seletiva em locais estrat\u00e9gicos, al\u00e9m de limpeza regular das vias p\u00fablicas.<\/li>\n<\/ol>\n\n\n\n<p>Essas estrat\u00e9gias n\u00e3o apenas melhoram a limpeza urbana, mas tamb\u00e9m promovem uma cultura de sustentabilidade que beneficia toda a sociedade.<\/p>\n\n\n\n<h2 class=\"wp-block-heading\">Impacto das campanhas de conscientiza\u00e7\u00e3o na limpeza urbana<\/h2>\n\n\n\n<p>A colabora\u00e7\u00e3o da popula\u00e7\u00e3o \u00e9 essencial para manter as cidades limpas. Campanhas de conscientiza\u00e7\u00e3o t\u00eam um papel vital nesse processo, promovendo a educa\u00e7\u00e3o ambiental e incentivando pr\u00e1ticas sustent\u00e1veis. Algumas iniciativas de sucesso incluem:<\/p>\n\n\n\n<ul class=\"wp-block-list\">\n<li><strong>Programas educacionais em escolas:<\/strong> projetos que ensinam crian\u00e7as e adolescentes sobre reciclagem e sustentabilidade, formando cidad\u00e3os conscientes desde cedo.<\/li>\n\n\n\n<li><strong>Divulga\u00e7\u00e3o em m\u00eddias digitais:<\/strong> uso de redes sociais e campanhas publicit\u00e1rias para engajar os moradores e promover a participa\u00e7\u00e3o ativa.<\/li>\n\n\n\n<li><strong>A\u00e7\u00f5es comunit\u00e1rias:<\/strong> mutir\u00f5es de limpeza e incentivos \u00e0 participa\u00e7\u00e3o da popula\u00e7\u00e3o em atividades ambientais, fortalecendo o senso de comunidade e responsabilidade coletiva.<\/li>\n<\/ul>\n\n\n\n<p>Essas a\u00e7\u00f5es n\u00e3o apenas melhoram a limpeza urbana, mas tamb\u00e9m promovem uma cultura de sustentabilidade que beneficia toda a sociedade, incentivando a responsabilidade coletiva e o cuidado com o meio ambiente.<\/p>\n","protected":false},"excerpt":{"rendered":"<p>A limpeza urbana \u00e9 um componente essencial para a sa\u00fade e bem-estar das popula\u00e7\u00f5es urbanas. A gest\u00e3o eficiente dos res\u00edduos s\u00f3lidos \u00e9 crucial para manter os espa\u00e7os p\u00fablicos agrad\u00e1veis e funcionais. O \u00cdndice de Sustentabilidade da Limpeza Urbana (ISLU) \u00e9 uma ferramenta que ajuda a medir como as cidades brasileiras est\u00e3o lidando com esse desafio, [&hellip;]<\/p>\n","protected":false},"author":5,"featured_media":2192,"comment_status":"open","ping_status":"open","sticky":false,"template":"","format":"standard","meta":{"jnews-multi-image_gallery":[],"jnews_single_post":{"format":"standard"},"jnews_primary_category":[],"jnews_social_meta":[],"jnews_override_counter":[],"footnotes":""},"categories":[26,1],"tags":[5233,327,325],"class_list":["post-24948","post","type-post","status-publish","format-standard","has-post-thumbnail","hentry","category-cidades","category-noticias","tag-limpeza-urbana","tag-qualidade-de-vida","tag-sustentabilidade"],"yoast_head":"<!-- This site is optimized with the Yoast SEO plugin v23.8 - https:\/\/yoast.com\/wordpress\/plugins\/seo\/ -->\n<title>Conhe\u00e7a as capitais que se destacam pela sua limpeza urbana no Brasil! - Estado de Minas - Em foco<\/title>\n<meta name=\"description\" content=\"Educa\u00e7\u00e3o ambiental, coleta seletiva e infraestrutura. Conhe\u00e7a as cidades que est\u00e3o \u00e0 frente na limpeza urbana no Brasil.\" \/>\n<meta name=\"robots\" content=\"index, follow, max-snippet:-1, max-image-preview:large, max-video-preview:-1\" \/>\n<link rel=\"canonical\" href=\"https:\/\/www.em.com.br\/emfoco\/2025\/03\/09\/conheca-as-capitais-que-se-destacam-pela-sua-limpeza-urbana-no-brasil\/\" \/>\n<meta property=\"og:locale\" content=\"pt_BR\" \/>\n<meta property=\"og:type\" content=\"article\" \/>\n<meta property=\"og:title\" content=\"Conhe\u00e7a as capitais que se destacam pela sua limpeza urbana no Brasil! - Estado de Minas - Em foco\" \/>\n<meta property=\"og:description\" content=\"Educa\u00e7\u00e3o ambiental, coleta seletiva e infraestrutura. Conhe\u00e7a as cidades que est\u00e3o \u00e0 frente na limpeza urbana no Brasil.\" \/>\n<meta property=\"og:url\" content=\"https:\/\/www.em.com.br\/emfoco\/2025\/03\/09\/conheca-as-capitais-que-se-destacam-pela-sua-limpeza-urbana-no-brasil\/\" \/>\n<meta property=\"og:site_name\" content=\"Estado de Minas - Em foco\" \/>\n<meta property=\"article:published_time\" content=\"2025-03-09T09:40:00+00:00\" \/>\n<meta property=\"article:modified_time\" content=\"2025-03-07T20:52:10+00:00\" \/>\n<meta property=\"og:image\" content=\"https:\/\/www.em.com.br\/emfoco\/wp-content\/uploads\/2024\/11\/Florianopolis_1732877432979.jpg\" \/>\n\t<meta property=\"og:image:width\" content=\"1280\" \/>\n\t<meta property=\"og:image:height\" content=\"720\" \/>\n\t<meta property=\"og:image:type\" content=\"image\/jpeg\" \/>\n<meta name=\"author\" content=\"N\u00fabia Rangel\" \/>\n<meta name=\"twitter:card\" content=\"summary_large_image\" \/>\n<meta name=\"twitter:label1\" content=\"Escrito por\" \/>\n\t<meta name=\"twitter:data1\" content=\"N\u00fabia Rangel\" \/>\n\t<meta name=\"twitter:label2\" content=\"Est. tempo de leitura\" \/>\n\t<meta name=\"twitter:data2\" content=\"4 minutos\" \/>\n<!-- \/ Yoast SEO plugin. -->","yoast_head_json":{"title":"Conhe\u00e7a as capitais que se destacam pela sua limpeza urbana no Brasil! - Estado de Minas - Em foco","description":"Educa\u00e7\u00e3o ambiental, coleta seletiva e infraestrutura. Conhe\u00e7a as cidades que est\u00e3o \u00e0 frente na limpeza urbana no Brasil.","robots":{"index":"index","follow":"follow","max-snippet":"max-snippet:-1","max-image-preview":"max-image-preview:large","max-video-preview":"max-video-preview:-1"},"canonical":"https:\/\/www.em.com.br\/emfoco\/2025\/03\/09\/conheca-as-capitais-que-se-destacam-pela-sua-limpeza-urbana-no-brasil\/","og_locale":"pt_BR","og_type":"article","og_title":"Conhe\u00e7a as capitais que se destacam pela sua limpeza urbana no Brasil! - Estado de Minas - Em foco","og_description":"Educa\u00e7\u00e3o ambiental, coleta seletiva e infraestrutura. Conhe\u00e7a as cidades que est\u00e3o \u00e0 frente na limpeza urbana no Brasil.","og_url":"https:\/\/www.em.com.br\/emfoco\/2025\/03\/09\/conheca-as-capitais-que-se-destacam-pela-sua-limpeza-urbana-no-brasil\/","og_site_name":"Estado de Minas - Em foco","article_published_time":"2025-03-09T09:40:00+00:00","article_modified_time":"2025-03-07T20:52:10+00:00","og_image":[{"width":1280,"height":720,"url":"https:\/\/www.em.com.br\/emfoco\/wp-content\/uploads\/2024\/11\/Florianopolis_1732877432979.jpg","type":"image\/jpeg"}],"author":"N\u00fabia Rangel","twitter_card":"summary_large_image","twitter_misc":{"Escrito por":"N\u00fabia Rangel","Est. tempo de leitura":"4 minutos"},"schema":{"@context":"https:\/\/schema.org","@graph":[{"@type":"WebPage","@id":"https:\/\/www.em.com.br\/emfoco\/2025\/03\/09\/conheca-as-capitais-que-se-destacam-pela-sua-limpeza-urbana-no-brasil\/","url":"https:\/\/www.em.com.br\/emfoco\/2025\/03\/09\/conheca-as-capitais-que-se-destacam-pela-sua-limpeza-urbana-no-brasil\/","name":"Conhe\u00e7a as capitais que se destacam pela sua limpeza urbana no Brasil! - Estado de Minas - Em foco","isPartOf":{"@id":"https:\/\/www.em.com.br\/emfoco\/#website"},"primaryImageOfPage":{"@id":"https:\/\/www.em.com.br\/emfoco\/2025\/03\/09\/conheca-as-capitais-que-se-destacam-pela-sua-limpeza-urbana-no-brasil\/#primaryimage"},"image":{"@id":"https:\/\/www.em.com.br\/emfoco\/2025\/03\/09\/conheca-as-capitais-que-se-destacam-pela-sua-limpeza-urbana-no-brasil\/#primaryimage"},"thumbnailUrl":"https:\/\/www.em.com.br\/emfoco\/wp-content\/uploads\/2024\/11\/Florianopolis_1732877432979.jpg","datePublished":"2025-03-09T09:40:00+00:00","dateModified":"2025-03-07T20:52:10+00:00","author":{"@id":"https:\/\/www.em.com.br\/emfoco\/#\/schema\/person\/524437ef54f8a5d32591b143307f2e20"},"description":"Educa\u00e7\u00e3o ambiental, coleta seletiva e infraestrutura. Conhe\u00e7a as cidades que est\u00e3o \u00e0 frente na limpeza urbana no Brasil.","breadcrumb":{"@id":"https:\/\/www.em.com.br\/emfoco\/2025\/03\/09\/conheca-as-capitais-que-se-destacam-pela-sua-limpeza-urbana-no-brasil\/#breadcrumb"},"inLanguage":"pt-BR","potentialAction":[{"@type":"ReadAction","target":["https:\/\/www.em.com.br\/emfoco\/2025\/03\/09\/conheca-as-capitais-que-se-destacam-pela-sua-limpeza-urbana-no-brasil\/"]}]},{"@type":"ImageObject","inLanguage":"pt-BR","@id":"https:\/\/www.em.com.br\/emfoco\/2025\/03\/09\/conheca-as-capitais-que-se-destacam-pela-sua-limpeza-urbana-no-brasil\/#primaryimage","url":"https:\/\/www.em.com.br\/emfoco\/wp-content\/uploads\/2024\/11\/Florianopolis_1732877432979.jpg","contentUrl":"https:\/\/www.em.com.br\/emfoco\/wp-content\/uploads\/2024\/11\/Florianopolis_1732877432979.jpg","width":1280,"height":720,"caption":"Florian\u00f3polis - Cr\u00e9ditos: depositphotos.com \/ Keola"},{"@type":"BreadcrumbList","@id":"https:\/\/www.em.com.br\/emfoco\/2025\/03\/09\/conheca-as-capitais-que-se-destacam-pela-sua-limpeza-urbana-no-brasil\/#breadcrumb","itemListElement":[{"@type":"ListItem","position":1,"name":"In\u00edcio","item":"https:\/\/www.em.com.br\/emfoco\/"},{"@type":"ListItem","position":2,"name":"Conhe\u00e7a as capitais que se destacam pela sua limpeza urbana no Brasil!"}]},{"@type":"WebSite","@id":"https:\/\/www.em.com.br\/emfoco\/#website","url":"https:\/\/www.em.com.br\/emfoco\/","name":"Estado de Minas - Em foco","description":"Acompanhe as \u00faltimas not\u00edcias e fique bem informado sobre tudo o que acontece em Minas Gerais, Brasil e no mundo.","potentialAction":[{"@type":"SearchAction","target":{"@type":"EntryPoint","urlTemplate":"https:\/\/www.em.com.br\/emfoco\/?s={search_term_string}"},"query-input":{"@type":"PropertyValueSpecification","valueRequired":true,"valueName":"search_term_string"}}],"inLanguage":"pt-BR"},{"@type":"Person","@id":"https:\/\/www.em.com.br\/emfoco\/#\/schema\/person\/524437ef54f8a5d32591b143307f2e20","name":"N\u00fabia Rangel","image":{"@type":"ImageObject","inLanguage":"pt-BR","@id":"https:\/\/www.em.com.br\/emfoco\/#\/schema\/person\/image\/","url":"https:\/\/secure.gravatar.com\/avatar\/47cff2827a5ba23c37e8068c86817ea4?s=96&d=mm&r=g","contentUrl":"https:\/\/secure.gravatar.com\/avatar\/47cff2827a5ba23c37e8068c86817ea4?s=96&d=mm&r=g","caption":"N\u00fabia Rangel"},"sameAs":["https:\/\/www.em.com.br\/emfoco\/"],"url":"https:\/\/www.em.com.br\/emfoco\/author\/nubiamyth\/"}]}},"_links":{"self":[{"href":"https:\/\/www.em.com.br\/emfoco\/wp-json\/wp\/v2\/posts\/24948","targetHints":{"allow":["GET"]}}],"collection":[{"href":"https:\/\/www.em.com.br\/emfoco\/wp-json\/wp\/v2\/posts"}],"about":[{"href":"https:\/\/www.em.com.br\/emfoco\/wp-json\/wp\/v2\/types\/post"}],"author":[{"embeddable":true,"href":"https:\/\/www.em.com.br\/emfoco\/wp-json\/wp\/v2\/users\/5"}],"replies":[{"embeddable":true,"href":"https:\/\/www.em.com.br\/emfoco\/wp-json\/wp\/v2\/comments?post=24948"}],"version-history":[{"count":3,"href":"https:\/\/www.em.com.br\/emfoco\/wp-json\/wp\/v2\/posts\/24948\/revisions"}],"predecessor-version":[{"id":26512,"href":"https:\/\/www.em.com.br\/emfoco\/wp-json\/wp\/v2\/posts\/24948\/revisions\/26512"}],"wp:featuredmedia":[{"embeddable":true,"href":"https:\/\/www.em.com.br\/emfoco\/wp-json\/wp\/v2\/media\/2192"}],"wp:attachment":[{"href":"https:\/\/www.em.com.br\/emfoco\/wp-json\/wp\/v2\/media?parent=24948"}],"wp:term":[{"taxonomy":"category","embeddable":true,"href":"https:\/\/www.em.com.br\/emfoco\/wp-json\/wp\/v2\/categories?post=24948"},{"taxonomy":"post_tag","embeddable":true,"href":"https:\/\/www.em.com.br\/emfoco\/wp-json\/wp\/v2\/tags?post=24948"}],"curies":[{"name":"wp","href":"https:\/\/api.w.org\/{rel}","templated":true}]}}