{"id":24938,"date":"2025-03-14T16:40:00","date_gmt":"2025-03-14T19:40:00","guid":{"rendered":"https:\/\/www.em.com.br\/emfoco\/?p=24938"},"modified":"2025-03-04T10:18:32","modified_gmt":"2025-03-04T13:18:32","slug":"o-segredo-para-viver-feliz-todos-os-dias-esta-nas-pequenas-atitudes","status":"publish","type":"post","link":"https:\/\/www.em.com.br\/emfoco\/2025\/03\/14\/o-segredo-para-viver-feliz-todos-os-dias-esta-nas-pequenas-atitudes\/","title":{"rendered":"O segredo para viver feliz todos os dias est\u00e1 nas pequenas atitudes"},"content":{"rendered":"\n<p>A busca pela felicidade \u00e9 uma jornada cont\u00ednua que pode ser facilitada por pequenas mudan\u00e7as em nossa rotina di\u00e1ria. A felicidade n\u00e3o reside apenas em grandes conquistas, mas tamb\u00e9m em atitudes cotidianas que melhoram nosso estado de esp\u00edrito. Para experimentar mais alegria e satisfa\u00e7\u00e3o, \u00e9 importante adotar h\u00e1bitos que promovam o <strong><a href=\"https:\/\/www.significados.com.br\/bem-estar\/#:~:text=Bem%20estar%20%C3%A9%20um%20conjunto,em%20todos%20os%20seus%20aspectos.\" target=\"_blank\" rel=\"noreferrer noopener\">bem-estar<\/a><\/strong>.<\/p>\n\n\n\n<p>Esses h\u00e1bitos podem transformar a maneira como vivemos e percebemos o mundo ao nosso redor. A seguir, exploraremos alguns elementos <strong><a href=\"https:\/\/www.em.com.br\/emfoco\/2025\/02\/02\/saiba-todos-os-beneficios-da-carteira-do-idoso-e-use-para-tudo\/\" target=\"_blank\" rel=\"noreferrer noopener\">fundamentais<\/a><\/strong> que podem ajudar a sentir-se mais feliz todos os dias.<\/p>\n\n\n\n<h2 class=\"wp-block-heading\">Qual \u00e9 o papel da gratid\u00e3o na felicidade?<\/h2>\n\n\n\n<p><strong>Gratid\u00e3o<\/strong> \u00e9 uma das formas mais eficazes de aumentar a felicidade di\u00e1ria. Quando se aprende a valorizar o que se tem, em vez de focar no que falta, a perspectiva sobre a vida muda significativamente. Criar o h\u00e1bito de anotar tr\u00eas coisas pelas quais se \u00e9 grato todos os dias pode transformar a forma de enxergar o mundo, promovendo uma vis\u00e3o mais positiva e leve.<\/p>\n\n\n\n<figure class=\"wp-block-image size-large\"><img loading=\"lazy\" decoding=\"async\" width=\"1024\" height=\"576\" src=\"https:\/\/www.em.com.br\/emfoco\/wp-content\/uploads\/2025\/02\/gratidao_1740594514722-1024x576.jpg\" alt=\"O que os estudiosos dizem sobre cultivar a felicidade em pequenas doses di\u00e1rias\" class=\"wp-image-23192\" srcset=\"https:\/\/www.em.com.br\/emfoco\/wp-content\/uploads\/2025\/02\/gratidao_1740594514722-1024x576.jpg 1024w, https:\/\/www.em.com.br\/emfoco\/wp-content\/uploads\/2025\/02\/gratidao_1740594514722-300x169.jpg 300w, https:\/\/www.em.com.br\/emfoco\/wp-content\/uploads\/2025\/02\/gratidao_1740594514722-768x432.jpg 768w, https:\/\/www.em.com.br\/emfoco\/wp-content\/uploads\/2025\/02\/gratidao_1740594514722-750x422.jpg 750w, https:\/\/www.em.com.br\/emfoco\/wp-content\/uploads\/2025\/02\/gratidao_1740594514722-1140x641.jpg 1140w, https:\/\/www.em.com.br\/emfoco\/wp-content\/uploads\/2025\/02\/gratidao_1740594514722.jpg 1280w\" sizes=\"auto, (max-width: 1024px) 100vw, 1024px\" \/><figcaption class=\"wp-element-caption\">Gratid\u00e3o &#8211; Cr\u00e9ditos: depositphotos.com \/ DimaBaranow<\/figcaption><\/figure>\n\n\n\n<h2 class=\"wp-block-heading\">Por que o autocuidado \u00e9 essencial?<\/h2>\n\n\n\n<p>Sentir-se bem consigo mesmo \u00e9 essencial para a felicidade. Pequenos gestos de <strong>autocuidado<\/strong>, como dormir bem, se alimentar de forma equilibrada e reservar momentos para o lazer, fazem toda a diferen\u00e7a no bem-estar. Cuidar do corpo e da mente n\u00e3o \u00e9 um luxo, mas uma necessidade fundamental para manter a sa\u00fade mental e emocional.<\/p>\n\n\n\n<h2 class=\"wp-block-heading\">Como conex\u00f5es significativas influenciam a felicidade?<\/h2>\n\n\n\n<p>Relacionamentos saud\u00e1veis e aut\u00eanticos s\u00e3o fundamentais para se sentir feliz. Cercar-se de pessoas que oferecem apoio e compartilham momentos especiais fortalece a autoestima e reduz sentimentos de solid\u00e3o. Valorizar as rela\u00e7\u00f5es que trazem bem-estar e investir nelas \u00e9 crucial para construir uma rede de apoio s\u00f3lida e significativa.<\/p>\n\n\n\n<h2 class=\"wp-block-heading\">Viver o presente pode aumentar a felicidade?<\/h2>\n\n\n\n<p>A felicidade est\u00e1 no agora. Muitas vezes, a ansiedade pelo futuro ou o apego ao passado nos impedem de aproveitar o que est\u00e1 diante de n\u00f3s. Praticar a aten\u00e7\u00e3o plena e se conectar com o momento presente \u00e9 um dos segredos para viver com mais alegria e satisfa\u00e7\u00e3o. Estar presente em cada momento permite uma aprecia\u00e7\u00e3o mais profunda da vida e de suas pequenas alegrias.<\/p>\n\n\n\n<p>Em suma, a felicidade \u00e9 uma escolha di\u00e1ria que pode ser cultivada atrav\u00e9s de pr\u00e1ticas simples, como a gratid\u00e3o, o autocuidado, a constru\u00e7\u00e3o de conex\u00f5es significativas e a viv\u00eancia do presente. Ao adotar esses h\u00e1bitos, \u00e9 poss\u00edvel transformar a vida e encontrar alegria nas pequenas coisas do dia a dia.<\/p>\n","protected":false},"excerpt":{"rendered":"<p>A busca pela felicidade \u00e9 uma jornada cont\u00ednua que pode ser facilitada por pequenas mudan\u00e7as em nossa rotina di\u00e1ria. A felicidade n\u00e3o reside apenas em grandes conquistas, mas tamb\u00e9m em atitudes cotidianas que melhoram nosso estado de esp\u00edrito. Para experimentar mais alegria e satisfa\u00e7\u00e3o, \u00e9 importante adotar h\u00e1bitos que promovam o bem-estar. Esses h\u00e1bitos podem [&hellip;]<\/p>\n","protected":false},"author":5,"featured_media":18799,"comment_status":"open","ping_status":"open","sticky":false,"template":"","format":"standard","meta":{"jnews-multi-image_gallery":[],"jnews_single_post":{"format":"standard"},"jnews_primary_category":[],"jnews_social_meta":[],"jnews_override_counter":[],"footnotes":""},"categories":[29,1],"tags":[712,5058,5858,410],"class_list":["post-24938","post","type-post","status-publish","format-standard","has-post-thumbnail","hentry","category-entretenimento","category-noticias","tag-autocuidado","tag-felicidade","tag-gratidao","tag-saude-mental"],"yoast_head":"<!-- This site is optimized with the Yoast SEO plugin v23.8 - https:\/\/yoast.com\/wordpress\/plugins\/seo\/ -->\n<title>O segredo para viver feliz todos os dias est\u00e1 nas pequenas atitudes - Estado de Minas - Em foco<\/title>\n<meta name=\"description\" content=\"A felicidade est\u00e1 nas pequenas atitudes di\u00e1rias. Aprenda como a gratid\u00e3o, o autocuidado e as conex\u00f5es aumentam sua felicidade e bem-estar.\" \/>\n<meta name=\"robots\" content=\"index, follow, max-snippet:-1, max-image-preview:large, max-video-preview:-1\" \/>\n<link rel=\"canonical\" href=\"https:\/\/www.em.com.br\/emfoco\/2025\/03\/14\/o-segredo-para-viver-feliz-todos-os-dias-esta-nas-pequenas-atitudes\/\" \/>\n<meta property=\"og:locale\" content=\"pt_BR\" \/>\n<meta property=\"og:type\" content=\"article\" \/>\n<meta property=\"og:title\" content=\"O segredo para viver feliz todos os dias est\u00e1 nas pequenas atitudes - Estado de Minas - Em foco\" \/>\n<meta property=\"og:description\" content=\"A felicidade est\u00e1 nas pequenas atitudes di\u00e1rias. Aprenda como a gratid\u00e3o, o autocuidado e as conex\u00f5es aumentam sua felicidade e bem-estar.\" \/>\n<meta property=\"og:url\" content=\"https:\/\/www.em.com.br\/emfoco\/2025\/03\/14\/o-segredo-para-viver-feliz-todos-os-dias-esta-nas-pequenas-atitudes\/\" \/>\n<meta property=\"og:site_name\" content=\"Estado de Minas - Em foco\" \/>\n<meta property=\"article:published_time\" content=\"2025-03-14T19:40:00+00:00\" \/>\n<meta property=\"article:modified_time\" content=\"2025-03-04T13:18:32+00:00\" \/>\n<meta property=\"og:image\" content=\"https:\/\/www.em.com.br\/emfoco\/wp-content\/uploads\/2025\/02\/sucesso-2.jpg\" \/>\n\t<meta property=\"og:image:width\" content=\"1280\" \/>\n\t<meta property=\"og:image:height\" content=\"720\" \/>\n\t<meta property=\"og:image:type\" content=\"image\/jpeg\" \/>\n<meta name=\"author\" content=\"N\u00fabia Rangel\" \/>\n<meta name=\"twitter:card\" content=\"summary_large_image\" \/>\n<meta name=\"twitter:label1\" content=\"Escrito por\" \/>\n\t<meta name=\"twitter:data1\" content=\"N\u00fabia Rangel\" \/>\n\t<meta name=\"twitter:label2\" content=\"Est. tempo de leitura\" \/>\n\t<meta name=\"twitter:data2\" content=\"3 minutos\" \/>\n<!-- \/ Yoast SEO plugin. -->","yoast_head_json":{"title":"O segredo para viver feliz todos os dias est\u00e1 nas pequenas atitudes - Estado de Minas - Em foco","description":"A felicidade est\u00e1 nas pequenas atitudes di\u00e1rias. Aprenda como a gratid\u00e3o, o autocuidado e as conex\u00f5es aumentam sua felicidade e bem-estar.","robots":{"index":"index","follow":"follow","max-snippet":"max-snippet:-1","max-image-preview":"max-image-preview:large","max-video-preview":"max-video-preview:-1"},"canonical":"https:\/\/www.em.com.br\/emfoco\/2025\/03\/14\/o-segredo-para-viver-feliz-todos-os-dias-esta-nas-pequenas-atitudes\/","og_locale":"pt_BR","og_type":"article","og_title":"O segredo para viver feliz todos os dias est\u00e1 nas pequenas atitudes - Estado de Minas - Em foco","og_description":"A felicidade est\u00e1 nas pequenas atitudes di\u00e1rias. Aprenda como a gratid\u00e3o, o autocuidado e as conex\u00f5es aumentam sua felicidade e bem-estar.","og_url":"https:\/\/www.em.com.br\/emfoco\/2025\/03\/14\/o-segredo-para-viver-feliz-todos-os-dias-esta-nas-pequenas-atitudes\/","og_site_name":"Estado de Minas - Em foco","article_published_time":"2025-03-14T19:40:00+00:00","article_modified_time":"2025-03-04T13:18:32+00:00","og_image":[{"width":1280,"height":720,"url":"https:\/\/www.em.com.br\/emfoco\/wp-content\/uploads\/2025\/02\/sucesso-2.jpg","type":"image\/jpeg"}],"author":"N\u00fabia Rangel","twitter_card":"summary_large_image","twitter_misc":{"Escrito por":"N\u00fabia Rangel","Est. tempo de leitura":"3 minutos"},"schema":{"@context":"https:\/\/schema.org","@graph":[{"@type":"WebPage","@id":"https:\/\/www.em.com.br\/emfoco\/2025\/03\/14\/o-segredo-para-viver-feliz-todos-os-dias-esta-nas-pequenas-atitudes\/","url":"https:\/\/www.em.com.br\/emfoco\/2025\/03\/14\/o-segredo-para-viver-feliz-todos-os-dias-esta-nas-pequenas-atitudes\/","name":"O segredo para viver feliz todos os dias est\u00e1 nas pequenas atitudes - Estado de Minas - Em foco","isPartOf":{"@id":"https:\/\/www.em.com.br\/emfoco\/#website"},"primaryImageOfPage":{"@id":"https:\/\/www.em.com.br\/emfoco\/2025\/03\/14\/o-segredo-para-viver-feliz-todos-os-dias-esta-nas-pequenas-atitudes\/#primaryimage"},"image":{"@id":"https:\/\/www.em.com.br\/emfoco\/2025\/03\/14\/o-segredo-para-viver-feliz-todos-os-dias-esta-nas-pequenas-atitudes\/#primaryimage"},"thumbnailUrl":"https:\/\/www.em.com.br\/emfoco\/wp-content\/uploads\/2025\/02\/sucesso-2.jpg","datePublished":"2025-03-14T19:40:00+00:00","dateModified":"2025-03-04T13:18:32+00:00","author":{"@id":"https:\/\/www.em.com.br\/emfoco\/#\/schema\/person\/524437ef54f8a5d32591b143307f2e20"},"description":"A felicidade est\u00e1 nas pequenas atitudes di\u00e1rias. Aprenda como a gratid\u00e3o, o autocuidado e as conex\u00f5es aumentam sua felicidade e bem-estar.","breadcrumb":{"@id":"https:\/\/www.em.com.br\/emfoco\/2025\/03\/14\/o-segredo-para-viver-feliz-todos-os-dias-esta-nas-pequenas-atitudes\/#breadcrumb"},"inLanguage":"pt-BR","potentialAction":[{"@type":"ReadAction","target":["https:\/\/www.em.com.br\/emfoco\/2025\/03\/14\/o-segredo-para-viver-feliz-todos-os-dias-esta-nas-pequenas-atitudes\/"]}]},{"@type":"ImageObject","inLanguage":"pt-BR","@id":"https:\/\/www.em.com.br\/emfoco\/2025\/03\/14\/o-segredo-para-viver-feliz-todos-os-dias-esta-nas-pequenas-atitudes\/#primaryimage","url":"https:\/\/www.em.com.br\/emfoco\/wp-content\/uploads\/2025\/02\/sucesso-2.jpg","contentUrl":"https:\/\/www.em.com.br\/emfoco\/wp-content\/uploads\/2025\/02\/sucesso-2.jpg","width":1280,"height":720,"caption":"Imagem ilustrativa pessoa feliz - Cr\u00e9ditos: depositphotos.com \/ peshkova"},{"@type":"BreadcrumbList","@id":"https:\/\/www.em.com.br\/emfoco\/2025\/03\/14\/o-segredo-para-viver-feliz-todos-os-dias-esta-nas-pequenas-atitudes\/#breadcrumb","itemListElement":[{"@type":"ListItem","position":1,"name":"In\u00edcio","item":"https:\/\/www.em.com.br\/emfoco\/"},{"@type":"ListItem","position":2,"name":"O segredo para viver feliz todos os dias est\u00e1 nas pequenas atitudes"}]},{"@type":"WebSite","@id":"https:\/\/www.em.com.br\/emfoco\/#website","url":"https:\/\/www.em.com.br\/emfoco\/","name":"Estado de Minas - Em foco","description":"Acompanhe as \u00faltimas not\u00edcias e fique bem informado sobre tudo o que acontece em Minas Gerais, Brasil e no mundo.","potentialAction":[{"@type":"SearchAction","target":{"@type":"EntryPoint","urlTemplate":"https:\/\/www.em.com.br\/emfoco\/?s={search_term_string}"},"query-input":{"@type":"PropertyValueSpecification","valueRequired":true,"valueName":"search_term_string"}}],"inLanguage":"pt-BR"},{"@type":"Person","@id":"https:\/\/www.em.com.br\/emfoco\/#\/schema\/person\/524437ef54f8a5d32591b143307f2e20","name":"N\u00fabia Rangel","image":{"@type":"ImageObject","inLanguage":"pt-BR","@id":"https:\/\/www.em.com.br\/emfoco\/#\/schema\/person\/image\/","url":"https:\/\/secure.gravatar.com\/avatar\/47cff2827a5ba23c37e8068c86817ea4?s=96&d=mm&r=g","contentUrl":"https:\/\/secure.gravatar.com\/avatar\/47cff2827a5ba23c37e8068c86817ea4?s=96&d=mm&r=g","caption":"N\u00fabia Rangel"},"sameAs":["https:\/\/www.em.com.br\/emfoco\/"],"url":"https:\/\/www.em.com.br\/emfoco\/author\/nubiamyth\/"}]}},"_links":{"self":[{"href":"https:\/\/www.em.com.br\/emfoco\/wp-json\/wp\/v2\/posts\/24938","targetHints":{"allow":["GET"]}}],"collection":[{"href":"https:\/\/www.em.com.br\/emfoco\/wp-json\/wp\/v2\/posts"}],"about":[{"href":"https:\/\/www.em.com.br\/emfoco\/wp-json\/wp\/v2\/types\/post"}],"author":[{"embeddable":true,"href":"https:\/\/www.em.com.br\/emfoco\/wp-json\/wp\/v2\/users\/5"}],"replies":[{"embeddable":true,"href":"https:\/\/www.em.com.br\/emfoco\/wp-json\/wp\/v2\/comments?post=24938"}],"version-history":[{"count":3,"href":"https:\/\/www.em.com.br\/emfoco\/wp-json\/wp\/v2\/posts\/24938\/revisions"}],"predecessor-version":[{"id":24960,"href":"https:\/\/www.em.com.br\/emfoco\/wp-json\/wp\/v2\/posts\/24938\/revisions\/24960"}],"wp:featuredmedia":[{"embeddable":true,"href":"https:\/\/www.em.com.br\/emfoco\/wp-json\/wp\/v2\/media\/18799"}],"wp:attachment":[{"href":"https:\/\/www.em.com.br\/emfoco\/wp-json\/wp\/v2\/media?parent=24938"}],"wp:term":[{"taxonomy":"category","embeddable":true,"href":"https:\/\/www.em.com.br\/emfoco\/wp-json\/wp\/v2\/categories?post=24938"},{"taxonomy":"post_tag","embeddable":true,"href":"https:\/\/www.em.com.br\/emfoco\/wp-json\/wp\/v2\/tags?post=24938"}],"curies":[{"name":"wp","href":"https:\/\/api.w.org\/{rel}","templated":true}]}}