{"id":24889,"date":"2025-03-07T08:20:11","date_gmt":"2025-03-07T11:20:11","guid":{"rendered":"https:\/\/www.em.com.br\/emfoco\/?p=24889"},"modified":"2025-03-07T08:20:12","modified_gmt":"2025-03-07T11:20:12","slug":"governo-emite-aviso-crucial-sobre-o-abono-salarial-pis-pasep-em-07-03-confira","status":"publish","type":"post","link":"https:\/\/www.em.com.br\/emfoco\/2025\/03\/07\/governo-emite-aviso-crucial-sobre-o-abono-salarial-pis-pasep-em-07-03-confira\/","title":{"rendered":"Governo emite aviso crucial sobre o abono salarial PIS\/PASEP em 07\/03! Confira"},"content":{"rendered":"\n<p>O pagamento do PIS\/Pasep em 2025, referente ao ano-base de 2023, segue um cronograma espec\u00edfico, iniciando em fevereiro e estendendo-se at\u00e9 agosto. Em mar\u00e7o, os nascidos em fevereiro receber\u00e3o o abono salarial a partir do dia 17. Este benef\u00edcio \u00e9 destinado a trabalhadores que atendem a crit\u00e9rios espec\u00edficos, estabelecidos pelo Minist\u00e9rio do Trabalho e Emprego.<\/p>\n\n\n\n<p>O abono salarial representa uma importante fonte de renda para muitos trabalhadores brasileiros. Em 2025, estima-se que 25,8 milh\u00f5es de trabalhadores ser\u00e3o beneficiados, com um total de R$ 30,7 bilh\u00f5es distribu\u00eddos. Este valor representa um aumento em rela\u00e7\u00e3o ao ano anterior, refletindo o compromisso do governo em apoiar os trabalhadores.<\/p>\n\n\n\n<h2 class=\"wp-block-heading\"><strong>Quem Tem Direito ao PIS\/Pasep em 2025?<\/strong><\/h2>\n\n\n\n<p>Para ter direito ao PIS\/Pasep em 2025, o trabalhador deve ter sido contratado com carteira assinada em 2023 por pelo menos 30 dias e ter recebido uma remunera\u00e7\u00e3o m\u00e9dia de at\u00e9 dois sal\u00e1rios m\u00ednimos, que atualmente \u00e9 de R$ 2.640. Al\u00e9m disso, \u00e9 necess\u00e1rio estar inscrito no programa h\u00e1 pelo menos cinco anos.<\/p>\n\n\n\n<p>O pagamento do abono \u00e9 realizado pela <strong>Caixa Econ\u00f4mica Federal<\/strong> para o PIS e pelo <strong>Banco do Brasil<\/strong> para o<strong> Pasep<\/strong>. Os benefici\u00e1rios podem receber o valor diretamente em suas contas correntes ou digitais, ou ainda efetuar o saque em terminais de autoatendimento e lot\u00e9ricas.<\/p>\n\n\n\n<figure class=\"wp-block-image size-large\"><img loading=\"lazy\" decoding=\"async\" width=\"1024\" height=\"576\" src=\"https:\/\/www.em.com.br\/emfoco\/wp-content\/uploads\/2024\/12\/Dinheiro-brazil_1734018274111-1024x576.jpg\" alt=\"Conhe\u00e7a o estado que lidera com o maior sal\u00e1rio m\u00ednimo regional do Brasil em 2025\" class=\"wp-image-4554\" srcset=\"https:\/\/www.em.com.br\/emfoco\/wp-content\/uploads\/2024\/12\/Dinheiro-brazil_1734018274111-1024x576.jpg 1024w, https:\/\/www.em.com.br\/emfoco\/wp-content\/uploads\/2024\/12\/Dinheiro-brazil_1734018274111-300x169.jpg 300w, https:\/\/www.em.com.br\/emfoco\/wp-content\/uploads\/2024\/12\/Dinheiro-brazil_1734018274111-768x432.jpg 768w, https:\/\/www.em.com.br\/emfoco\/wp-content\/uploads\/2024\/12\/Dinheiro-brazil_1734018274111-750x422.jpg 750w, https:\/\/www.em.com.br\/emfoco\/wp-content\/uploads\/2024\/12\/Dinheiro-brazil_1734018274111-1140x641.jpg 1140w, https:\/\/www.em.com.br\/emfoco\/wp-content\/uploads\/2024\/12\/Dinheiro-brazil_1734018274111.jpg 1280w\" sizes=\"auto, (max-width: 1024px) 100vw, 1024px\" \/><figcaption class=\"wp-element-caption\">Dinheiro &#8211; Cr\u00e9ditos: depositphotos.com \/ rmcarvalhobsb<\/figcaption><\/figure>\n\n\n\n<h2 class=\"wp-block-heading\"><strong>Como Consultar o Abono Salarial?<\/strong><\/h2>\n\n\n\n<p>A partir de 5 de fevereiro de 2025, os trabalhadores poder\u00e3o consultar se t\u00eam direito ao abono salarial. As informa\u00e7\u00f5es estar\u00e3o dispon\u00edveis na Carteira de Trabalho Digital, no portal Gov.br e na Central de Atendimento Al\u00f4 Trabalho, pelo telefone 158.<\/p>\n\n\n\n<p>Para acessar a Carteira de Trabalho Digital, basta baixar o aplicativo dispon\u00edvel para Android e iOS, realizar o cadastro com o login da conta Gov.br e acessar a \u00e1rea de contratos de trabalho. O aplicativo Caixa Trabalhador tamb\u00e9m \u00e9 uma ferramenta \u00fatil para obter informa\u00e7\u00f5es sobre o PIS, o seguro-desemprego e consultar o calend\u00e1rio de pagamentos.<\/p>\n\n\n\n<h2 class=\"wp-block-heading\"><strong>O que Muda no PIS\/Pasep em 2025?<\/strong><\/h2>\n\n\n\n<p>Em 2024, foram liberados R$ 27 bilh\u00f5es para o pagamento do benef\u00edcio, mas ainda restam R$ 218,9 milh\u00f5es dispon\u00edveis para trabalhadores que n\u00e3o realizaram o saque. Estes t\u00eam at\u00e9 27 de dezembro de 2024 para retirar o valor. Para 2025, espera-se que o processo de consulta e saque seja ainda mais simplificado, facilitando o acesso dos trabalhadores ao benef\u00edcio.<\/p>\n\n\n\n<p>Al\u00e9m disso, servidores p\u00fablicos podem obter informa\u00e7\u00f5es sobre o Pasep na central de atendimento do Banco do Brasil, pelos n\u00fameros 4004-0001 ou 0800-729-0001, ou ainda pelo site<sup><\/sup> bb.com.br, utilizando o n\u00famero de inscri\u00e7\u00e3o do Pasep ou o CPF e a data de nascimento. &nbsp;<\/p>\n\n\n\n<h2 class=\"wp-block-heading\"><strong>Qual o valor do abono salarial?<\/strong><\/h2>\n\n\n\n<p>O valor do abono salarial \u00e9 proporcional ao tempo de servi\u00e7o do trabalhador no ano-base. Cada m\u00eas trabalhado equivale a 1\/12 do sal\u00e1rio m\u00ednimo vigente. Para ter direito ao valor integral, o trabalhador precisa ter trabalhado os 12 meses do ano-base.<\/p>\n\n\n\n<h2 class=\"wp-block-heading\"><strong>Quais s\u00e3o as Datas de Pagamento do PIS\/Pasep em 2025?<\/strong><\/h2>\n\n\n\n<p>O calend\u00e1rio de pagamento do PIS\/Pasep em 2025 \u00e9 organizado de acordo com o m\u00eas de nascimento dos benefici\u00e1rios. Veja abaixo as datas:<\/p>\n\n\n\n<ul class=\"wp-block-list\">\n<li>Nascidos em janeiro: recebem a partir de 17 de fevereiro<\/li>\n\n\n\n<li>Nascidos em fevereiro: recebem a partir de 17 de mar\u00e7o<\/li>\n\n\n\n<li>Nascidos em mar\u00e7o e abril: recebem a partir de 15 de abril<\/li>\n\n\n\n<li>Nascidos em maio e junho: recebem a partir de 15 de maio<\/li>\n\n\n\n<li>Nascidos em julho e agosto: recebem a partir de 16 de junho \u00a0<\/li>\n\n\n\n<li>Nascidos em setembro e outubro: recebem a partir de 15 de julho<\/li>\n\n\n\n<li>Nascidos em novembro e dezembro: recebem a partir de 15 de agosto \u00a0<\/li>\n<\/ul>\n\n\n\n<h2 class=\"wp-block-heading\"><strong>Qual o prazo final para sacar o PIS\/PASEP 2025?<\/strong><\/h2>\n\n\n\n<p>O prazo final para realizar o saque do abono salarial do PIS\/PASEP em 2025 \u00e9 dia 29 de dezembro de 2025.<\/p>\n\n\n\n<p>Este cronograma permite que os trabalhadores planejem o recebimento do benef\u00edcio de forma organizada, garantindo que todos tenham acesso ao abono dentro do per\u00edodo estipulado.<\/p>\n\n\n\n<h2 class=\"wp-block-heading\"><strong>Links \u00fateis:<\/strong><\/h2>\n\n\n\n<ul class=\"wp-block-list\">\n<li><strong>Caixa Econ\u00f4mica Federal:<\/strong> <a href=\"https:\/\/www.caixa.gov.br\/\" target=\"_blank\" rel=\"noreferrer noopener\">https:\/\/www.caixa.gov.br\/<\/a><\/li>\n\n\n\n<li><strong>Banco do Brasil:<\/strong> <a href=\"https:\/\/www.bb.com.br\/\" target=\"_blank\" rel=\"noreferrer noopener\">https:\/\/www.bb.com.br\/<\/a><\/li>\n\n\n\n<li><strong>Governo Federal:<\/strong> <a href=\"https:\/\/www.gov.br\/pt-br\" target=\"_blank\" rel=\"noreferrer noopener\">https:\/\/www.gov.br\/pt-br<\/a><\/li>\n<\/ul>\n","protected":false},"excerpt":{"rendered":"<p>O pagamento do PIS\/Pasep em 2025, referente ao ano-base de 2023, segue um cronograma espec\u00edfico, iniciando em fevereiro e estendendo-se at\u00e9 agosto. Em mar\u00e7o, os nascidos em fevereiro receber\u00e3o o abono salarial a partir do dia 17. Este benef\u00edcio \u00e9 destinado a trabalhadores que atendem a crit\u00e9rios espec\u00edficos, estabelecidos pelo Minist\u00e9rio do Trabalho e Emprego. [&hellip;]<\/p>\n","protected":false},"author":5,"featured_media":16518,"comment_status":"open","ping_status":"open","sticky":false,"template":"","format":"standard","meta":{"jnews-multi-image_gallery":[],"jnews_single_post":{"format":"standard"},"jnews_primary_category":[],"jnews_social_meta":[],"jnews_override_counter":[],"footnotes":""},"categories":[28,1],"tags":[292,259,290,293],"class_list":["post-24889","post","type-post","status-publish","format-standard","has-post-thumbnail","hentry","category-economia","category-noticias","tag-abono-salarial","tag-beneficio","tag-pasep","tag-pis"],"yoast_head":"<!-- This site is optimized with the Yoast SEO plugin v23.8 - https:\/\/yoast.com\/wordpress\/plugins\/seo\/ -->\n<title>Governo emite aviso crucial sobre o abono salarial PIS\/PASEP em 07\/03! Confira - Estado de Minas - Em foco<\/title>\n<meta name=\"description\" content=\"Aviso sobre PIS\/PASEP 2025 em mar\u00e7o. Confira agora! Voc\u00ea tem como saber se tem direito e onde sacar seu abono!\" \/>\n<meta name=\"robots\" content=\"index, follow, max-snippet:-1, max-image-preview:large, max-video-preview:-1\" \/>\n<link rel=\"canonical\" href=\"https:\/\/www.em.com.br\/emfoco\/2025\/03\/07\/governo-emite-aviso-crucial-sobre-o-abono-salarial-pis-pasep-em-07-03-confira\/\" \/>\n<meta property=\"og:locale\" content=\"pt_BR\" \/>\n<meta property=\"og:type\" content=\"article\" \/>\n<meta property=\"og:title\" content=\"Governo emite aviso crucial sobre o abono salarial PIS\/PASEP em 07\/03! Confira - Estado de Minas - Em foco\" \/>\n<meta property=\"og:description\" content=\"Aviso sobre PIS\/PASEP 2025 em mar\u00e7o. Confira agora! Voc\u00ea tem como saber se tem direito e onde sacar seu abono!\" \/>\n<meta property=\"og:url\" content=\"https:\/\/www.em.com.br\/emfoco\/2025\/03\/07\/governo-emite-aviso-crucial-sobre-o-abono-salarial-pis-pasep-em-07-03-confira\/\" \/>\n<meta property=\"og:site_name\" content=\"Estado de Minas - Em foco\" \/>\n<meta property=\"article:published_time\" content=\"2025-03-07T11:20:11+00:00\" \/>\n<meta property=\"article:modified_time\" content=\"2025-03-07T11:20:12+00:00\" \/>\n<meta property=\"og:image\" content=\"https:\/\/www.em.com.br\/emfoco\/wp-content\/uploads\/2025\/02\/esse-47.jpg\" \/>\n\t<meta property=\"og:image:width\" content=\"1280\" \/>\n\t<meta property=\"og:image:height\" content=\"720\" \/>\n\t<meta property=\"og:image:type\" content=\"image\/jpeg\" \/>\n<meta name=\"author\" content=\"N\u00fabia Rangel\" \/>\n<meta name=\"twitter:card\" content=\"summary_large_image\" \/>\n<meta name=\"twitter:label1\" content=\"Escrito por\" \/>\n\t<meta name=\"twitter:data1\" content=\"N\u00fabia Rangel\" \/>\n\t<meta name=\"twitter:label2\" content=\"Est. tempo de leitura\" \/>\n\t<meta name=\"twitter:data2\" content=\"5 minutos\" \/>\n<!-- \/ Yoast SEO plugin. -->","yoast_head_json":{"title":"Governo emite aviso crucial sobre o abono salarial PIS\/PASEP em 07\/03! Confira - Estado de Minas - Em foco","description":"Aviso sobre PIS\/PASEP 2025 em mar\u00e7o. Confira agora! Voc\u00ea tem como saber se tem direito e onde sacar seu abono!","robots":{"index":"index","follow":"follow","max-snippet":"max-snippet:-1","max-image-preview":"max-image-preview:large","max-video-preview":"max-video-preview:-1"},"canonical":"https:\/\/www.em.com.br\/emfoco\/2025\/03\/07\/governo-emite-aviso-crucial-sobre-o-abono-salarial-pis-pasep-em-07-03-confira\/","og_locale":"pt_BR","og_type":"article","og_title":"Governo emite aviso crucial sobre o abono salarial PIS\/PASEP em 07\/03! Confira - Estado de Minas - Em foco","og_description":"Aviso sobre PIS\/PASEP 2025 em mar\u00e7o. Confira agora! Voc\u00ea tem como saber se tem direito e onde sacar seu abono!","og_url":"https:\/\/www.em.com.br\/emfoco\/2025\/03\/07\/governo-emite-aviso-crucial-sobre-o-abono-salarial-pis-pasep-em-07-03-confira\/","og_site_name":"Estado de Minas - Em foco","article_published_time":"2025-03-07T11:20:11+00:00","article_modified_time":"2025-03-07T11:20:12+00:00","og_image":[{"width":1280,"height":720,"url":"https:\/\/www.em.com.br\/emfoco\/wp-content\/uploads\/2025\/02\/esse-47.jpg","type":"image\/jpeg"}],"author":"N\u00fabia Rangel","twitter_card":"summary_large_image","twitter_misc":{"Escrito por":"N\u00fabia Rangel","Est. tempo de leitura":"5 minutos"},"schema":{"@context":"https:\/\/schema.org","@graph":[{"@type":"WebPage","@id":"https:\/\/www.em.com.br\/emfoco\/2025\/03\/07\/governo-emite-aviso-crucial-sobre-o-abono-salarial-pis-pasep-em-07-03-confira\/","url":"https:\/\/www.em.com.br\/emfoco\/2025\/03\/07\/governo-emite-aviso-crucial-sobre-o-abono-salarial-pis-pasep-em-07-03-confira\/","name":"Governo emite aviso crucial sobre o abono salarial PIS\/PASEP em 07\/03! Confira - Estado de Minas - Em foco","isPartOf":{"@id":"https:\/\/www.em.com.br\/emfoco\/#website"},"primaryImageOfPage":{"@id":"https:\/\/www.em.com.br\/emfoco\/2025\/03\/07\/governo-emite-aviso-crucial-sobre-o-abono-salarial-pis-pasep-em-07-03-confira\/#primaryimage"},"image":{"@id":"https:\/\/www.em.com.br\/emfoco\/2025\/03\/07\/governo-emite-aviso-crucial-sobre-o-abono-salarial-pis-pasep-em-07-03-confira\/#primaryimage"},"thumbnailUrl":"https:\/\/www.em.com.br\/emfoco\/wp-content\/uploads\/2025\/02\/esse-47.jpg","datePublished":"2025-03-07T11:20:11+00:00","dateModified":"2025-03-07T11:20:12+00:00","author":{"@id":"https:\/\/www.em.com.br\/emfoco\/#\/schema\/person\/524437ef54f8a5d32591b143307f2e20"},"description":"Aviso sobre PIS\/PASEP 2025 em mar\u00e7o. Confira agora! Voc\u00ea tem como saber se tem direito e onde sacar seu abono!","breadcrumb":{"@id":"https:\/\/www.em.com.br\/emfoco\/2025\/03\/07\/governo-emite-aviso-crucial-sobre-o-abono-salarial-pis-pasep-em-07-03-confira\/#breadcrumb"},"inLanguage":"pt-BR","potentialAction":[{"@type":"ReadAction","target":["https:\/\/www.em.com.br\/emfoco\/2025\/03\/07\/governo-emite-aviso-crucial-sobre-o-abono-salarial-pis-pasep-em-07-03-confira\/"]}]},{"@type":"ImageObject","inLanguage":"pt-BR","@id":"https:\/\/www.em.com.br\/emfoco\/2025\/03\/07\/governo-emite-aviso-crucial-sobre-o-abono-salarial-pis-pasep-em-07-03-confira\/#primaryimage","url":"https:\/\/www.em.com.br\/emfoco\/wp-content\/uploads\/2025\/02\/esse-47.jpg","contentUrl":"https:\/\/www.em.com.br\/emfoco\/wp-content\/uploads\/2025\/02\/esse-47.jpg","width":1280,"height":720,"caption":"Presidente Lula Cr\u00e9ditos: depositphotos.com \/ thenews2.com"},{"@type":"BreadcrumbList","@id":"https:\/\/www.em.com.br\/emfoco\/2025\/03\/07\/governo-emite-aviso-crucial-sobre-o-abono-salarial-pis-pasep-em-07-03-confira\/#breadcrumb","itemListElement":[{"@type":"ListItem","position":1,"name":"In\u00edcio","item":"https:\/\/www.em.com.br\/emfoco\/"},{"@type":"ListItem","position":2,"name":"Governo emite aviso crucial sobre o abono salarial PIS\/PASEP em 07\/03! Confira"}]},{"@type":"WebSite","@id":"https:\/\/www.em.com.br\/emfoco\/#website","url":"https:\/\/www.em.com.br\/emfoco\/","name":"Estado de Minas - Em foco","description":"Acompanhe as \u00faltimas not\u00edcias e fique bem informado sobre tudo o que acontece em Minas Gerais, Brasil e no mundo.","potentialAction":[{"@type":"SearchAction","target":{"@type":"EntryPoint","urlTemplate":"https:\/\/www.em.com.br\/emfoco\/?s={search_term_string}"},"query-input":{"@type":"PropertyValueSpecification","valueRequired":true,"valueName":"search_term_string"}}],"inLanguage":"pt-BR"},{"@type":"Person","@id":"https:\/\/www.em.com.br\/emfoco\/#\/schema\/person\/524437ef54f8a5d32591b143307f2e20","name":"N\u00fabia Rangel","image":{"@type":"ImageObject","inLanguage":"pt-BR","@id":"https:\/\/www.em.com.br\/emfoco\/#\/schema\/person\/image\/","url":"https:\/\/secure.gravatar.com\/avatar\/47cff2827a5ba23c37e8068c86817ea4?s=96&d=mm&r=g","contentUrl":"https:\/\/secure.gravatar.com\/avatar\/47cff2827a5ba23c37e8068c86817ea4?s=96&d=mm&r=g","caption":"N\u00fabia Rangel"},"sameAs":["https:\/\/www.em.com.br\/emfoco\/"],"url":"https:\/\/www.em.com.br\/emfoco\/author\/nubiamyth\/"}]}},"_links":{"self":[{"href":"https:\/\/www.em.com.br\/emfoco\/wp-json\/wp\/v2\/posts\/24889","targetHints":{"allow":["GET"]}}],"collection":[{"href":"https:\/\/www.em.com.br\/emfoco\/wp-json\/wp\/v2\/posts"}],"about":[{"href":"https:\/\/www.em.com.br\/emfoco\/wp-json\/wp\/v2\/types\/post"}],"author":[{"embeddable":true,"href":"https:\/\/www.em.com.br\/emfoco\/wp-json\/wp\/v2\/users\/5"}],"replies":[{"embeddable":true,"href":"https:\/\/www.em.com.br\/emfoco\/wp-json\/wp\/v2\/comments?post=24889"}],"version-history":[{"count":3,"href":"https:\/\/www.em.com.br\/emfoco\/wp-json\/wp\/v2\/posts\/24889\/revisions"}],"predecessor-version":[{"id":24892,"href":"https:\/\/www.em.com.br\/emfoco\/wp-json\/wp\/v2\/posts\/24889\/revisions\/24892"}],"wp:featuredmedia":[{"embeddable":true,"href":"https:\/\/www.em.com.br\/emfoco\/wp-json\/wp\/v2\/media\/16518"}],"wp:attachment":[{"href":"https:\/\/www.em.com.br\/emfoco\/wp-json\/wp\/v2\/media?parent=24889"}],"wp:term":[{"taxonomy":"category","embeddable":true,"href":"https:\/\/www.em.com.br\/emfoco\/wp-json\/wp\/v2\/categories?post=24889"},{"taxonomy":"post_tag","embeddable":true,"href":"https:\/\/www.em.com.br\/emfoco\/wp-json\/wp\/v2\/tags?post=24889"}],"curies":[{"name":"wp","href":"https:\/\/api.w.org\/{rel}","templated":true}]}}