{"id":248441,"date":"2026-07-14T21:15:00","date_gmt":"2026-07-15T00:15:00","guid":{"rendered":"https:\/\/www.em.com.br\/emfoco\/?p=248441"},"modified":"2026-07-13T19:14:03","modified_gmt":"2026-07-13T22:14:03","slug":"mulheres-com-mais-de-50-anos-estao-apostando-nestes-4-cortes-para-disfarcar-falhas-e-recuperar-o-volume","status":"publish","type":"post","link":"https:\/\/www.em.com.br\/emfoco\/2026\/07\/14\/mulheres-com-mais-de-50-anos-estao-apostando-nestes-4-cortes-para-disfarcar-falhas-e-recuperar-o-volume\/","title":{"rendered":"Mulheres com mais de 50 anos est\u00e3o apostando nestes 4 cortes para disfar\u00e7ar falhas e recuperar o volume"},"content":{"rendered":"\n<p class=\"wp-block-paragraph\">Com a chegada dos 50 anos, muitas mulheres come\u00e7am a notar&nbsp;<strong>falhas no cabelo<\/strong>, redu\u00e7\u00e3o de volume e fios mais finos em algumas regi\u00f5es da cabe\u00e7a. Essas mudan\u00e7as costumam estar ligadas a altera\u00e7\u00f5es hormonais, gen\u00e9tica e hist\u00f3rico de cuidados, e o corte de cabelo passa a ser um aliado estrat\u00e9gico para distribuir melhor o volume e suavizar visualmente as \u00e1reas mais ralas, sem depender de procedimentos agressivos.<\/p>\n\n\n\n<h2 class=\"wp-block-heading\">Falhas no cabelo em mulheres de 50 anos fazem o corte de cabelo importar mais?<\/h2>\n\n\n\n<p class=\"wp-block-paragraph\">Quando surgem&nbsp;<strong>falhas no cabelo feminino<\/strong>, o olhar tende a se concentrar justamente nas \u00e1reas com menor densidade. Cortes muito retos ou pesados costumam acentuar essa percep\u00e7\u00e3o, pois deixam o couro cabeludo mais exposto e sem movimento.<\/p>\n\n\n\n<p class=\"wp-block-paragraph\">J\u00e1 modelos com&nbsp;<strong>camadas<\/strong>, linhas inclinadas e pontas desconectadas criam sombras e sobreposi\u00e7\u00f5es, o que ajuda a quebrar o foco visual nas regi\u00f5es ralas. Assim, o corte se torna uma ferramenta visual poderosa para garantir a sensa\u00e7\u00e3o de volume e movimento, especialmente ap\u00f3s os 50 anos.<\/p>\n\n\n\n<figure class=\"wp-block-image size-large\"><img decoding=\"async\" width=\"1024\" height=\"576\" src=\"https:\/\/www.em.com.br\/emfoco\/wp-content\/uploads\/2026\/07\/4-17-1024x576.jpg\" alt=\"Mulheres com mais de 50 anos est\u00e3o apostando nestes 4 cortes para disfar\u00e7ar falhas e recuperar o volume\" class=\"wp-image-248632\" srcset=\"https:\/\/www.em.com.br\/emfoco\/wp-content\/uploads\/2026\/07\/4-17-1024x576.jpg 1024w, https:\/\/www.em.com.br\/emfoco\/wp-content\/uploads\/2026\/07\/4-17-300x169.jpg 300w, https:\/\/www.em.com.br\/emfoco\/wp-content\/uploads\/2026\/07\/4-17-768x432.jpg 768w, https:\/\/www.em.com.br\/emfoco\/wp-content\/uploads\/2026\/07\/4-17-750x422.jpg 750w, https:\/\/www.em.com.br\/emfoco\/wp-content\/uploads\/2026\/07\/4-17-1140x641.jpg 1140w, https:\/\/www.em.com.br\/emfoco\/wp-content\/uploads\/2026\/07\/4-17.jpg 1280w\" sizes=\"(max-width: 1024px) 100vw, 1024px\" \/><figcaption class=\"wp-element-caption\">Modelos com camadas desconectadas quebram o foco das \u00e1reas capilares ralas.<\/figcaption><\/figure>\n\n\n\n<h2 class=\"wp-block-heading\">Quais cortes devolvem volume \u00e0s mulheres de 50 anos?<\/h2>\n\n\n\n<p class=\"wp-block-paragraph\">Para mulheres a partir dos 50 anos, quatro cortes se destacam por contribuir com o efeito de maior volume:\u00a0<strong><a href=\"https:\/\/www.em.com.br\/emfoco\/2026\/06\/17\/esqueca-o-cabelo-reto-e-o-long-bob-esse-vai-ser-o-corte-mais-leve-e-sofisticado-do-inverno-de-2026\/\" target=\"_blank\" rel=\"noreferrer noopener\">long bob<\/a><\/strong>,\u00a0<strong>pixie repicado<\/strong>,\u00a0<strong>chanel em camadas<\/strong>\u00a0e\u00a0<strong>shaggy hair<\/strong>. Cada um trabalha o volume de maneira diferente, mas todos usam camadas e textura para ampliar a sensa\u00e7\u00e3o de fios cheios.<\/p>\n\n\n\n<p class=\"wp-block-paragraph\">Esses modelos podem ser adaptados ao estilo pessoal, ao tipo de fio e ao formato de rosto, favorecendo o movimento, a textura e um visual mais encorpado, mesmo em casos de falhas discretas ou moderadas.<\/p>\n\n\n\n\n<div class=\"infografico-cortes-volume\">\n\n  <div class=\"cabecalho-cortes\">\n    <div class=\"icone-cabecalho\">\u2702\ufe0f<\/div>\n\n    <div class=\"texto-cabecalho\">\n      <span class=\"selo-cortes\">Cortes estrat\u00e9gicos<\/span>\n      <h2>4 cortes que ajudam a criar mais volume nos cabelos<\/h2>\n      <p>Camadas, textura e comprimentos bem escolhidos podem aumentar visualmente a densidade dos fios e suavizar \u00e1reas mais ralas.<\/p>\n    <\/div>\n  <\/div>\n\n  <div class=\"grade-cortes\">\n\n    <div class=\"card-corte\">\n      <div class=\"topo-card\">\n        <span class=\"numero-card\">01<\/span>\n        <span class=\"icone-card\">\ud83d\udc87\u200d\u2640\ufe0f<\/span>\n      <\/div>\n\n      <h3>Long bob com leve desn\u00edvel<\/h3>\n\n      <div class=\"detalhe-corte\">\n        <span>Comprimento<\/span>\n        <strong>Do queixo aos ombros<\/strong>\n      <\/div>\n\n      <p>A parte da frente fica um pouco mais longa, enquanto as <strong>camadas suaves nas pontas<\/strong> ajudam a criar um contorno mais cheio ao redor do rosto.<\/p>\n    <\/div>\n\n    <div class=\"card-corte\">\n      <div class=\"topo-card\">\n        <span class=\"numero-card\">02<\/span>\n        <span class=\"icone-card\">\u2728<\/span>\n      <\/div>\n\n      <h3>Pixie repicado curto<\/h3>\n\n      <div class=\"detalhe-corte\">\n        <span>Efeito principal<\/span>\n        <strong>Raiz elevada e textura<\/strong>\n      <\/div>\n\n      <p>Os fios curtos s\u00e3o repicados em diferentes dire\u00e7\u00f5es. As <strong>mechas mais altas no topo<\/strong> aumentam visualmente o volume e ajudam a camuflar falhas.<\/p>\n    <\/div>\n\n    <div class=\"card-corte\">\n      <div class=\"topo-card\">\n        <span class=\"numero-card\">03<\/span>\n        <span class=\"icone-card\">\ud83c\udf38<\/span>\n      <\/div>\n\n      <h3>Chanel em camadas<\/h3>\n\n      <div class=\"detalhe-corte\">\n        <span>Estrat\u00e9gia<\/span>\n        <strong>Volume ao redor do rosto<\/strong>\n      <\/div>\n\n      <p>As mechas sobrepostas formam uma esp\u00e9cie de <strong>anel de volume<\/strong>, reduzindo a evid\u00eancia de \u00e1reas ralas na regi\u00e3o frontal ou na nuca.<\/p>\n    <\/div>\n\n    <div class=\"card-corte\">\n      <div class=\"topo-card\">\n        <span class=\"numero-card\">04<\/span>\n        <span class=\"icone-card\">\ud83c\udf3f<\/span>\n      <\/div>\n\n      <h3>Shaggy hair com franja longa<\/h3>\n\n      <div class=\"detalhe-corte\">\n        <span>Visual<\/span>\n        <strong>Leve, moderno e despojado<\/strong>\n      <\/div>\n\n      <p>As camadas distribu\u00eddas por todo o comprimento criam movimento, enquanto a <strong>franja longa ajuda a suavizar falhas<\/strong> na regi\u00e3o frontal.<\/p>\n    <\/div>\n\n  <\/div>\n\n  <div class=\"rodape-cortes\">\n    <span>\ud83d\udca1<\/span>\n\n    <p>\n      <strong>O segredo est\u00e1 no movimento:<\/strong>\n      cortes com camadas leves e textura evitam que os fios fiquem muito retos e ajudam a criar uma apar\u00eancia mais volumosa.\n    <\/p>\n  <\/div>\n\n<\/div>\n\n<style>\n.infografico-cortes-volume {\n  max-width: 940px;\n  margin: 25px auto;\n  padding: 26px;\n  font-family: Arial, sans-serif;\n  color: #44363d;\n  background:\n    radial-gradient(circle at top right, rgba(232, 189, 200, 0.28), transparent 34%),\n    linear-gradient(145deg, #fffafb, #f7edf0);\n  border: 1px solid #e9ced6;\n  border-radius: 24px;\n  box-shadow: 0 10px 30px rgba(105, 71, 82, 0.12);\n}\n\n.cabecalho-cortes {\n  display: flex;\n  align-items: center;\n  gap: 21px;\n  margin-bottom: 21px;\n  padding: 25px;\n  color: #ffffff;\n  background: linear-gradient(135deg, #7c4559, #b56f86);\n  border-radius: 19px;\n  box-shadow: 0 7px 18px rgba(102, 54, 72, 0.22);\n}\n\n.icone-cabecalho {\n  display: flex;\n  align-items: center;\n  justify-content: center;\n  min-width: 76px;\n  height: 76px;\n  font-size: 38px;\n  background: rgba(255, 255, 255, 0.15);\n  border: 1px solid rgba(255, 255, 255, 0.35);\n  border-radius: 50%;\n}\n\n.selo-cortes {\n  display: inline-block;\n  margin-bottom: 7px;\n  padding: 5px 11px;\n  color: #7d4055;\n  background: #ffe6ee;\n  border-radius: 20px;\n  font-size: 11px;\n  font-weight: bold;\n  letter-spacing: 0.7px;\n  text-transform: uppercase;\n}\n\n.cabecalho-cortes h2 {\n  margin: 0 0 8px;\n  font-size: 25px;\n  line-height: 1.2;\n}\n\n.cabecalho-cortes p {\n  margin: 0;\n  color: #fff0f4;\n  font-size: 15px;\n  line-height: 1.52;\n}\n\n.grade-cortes {\n  display: grid;\n  grid-template-columns: repeat(2, 1fr);\n  gap: 17px;\n}\n\n.card-corte {\n  position: relative;\n  padding: 21px;\n  overflow: hidden;\n  background: rgba(255, 255, 255, 0.94);\n  border: 1px solid #eddce1;\n  border-bottom: 4px solid #c78a9e;\n  border-radius: 17px;\n  box-shadow: 0 5px 15px rgba(103, 67, 79, 0.08);\n  transition: transform 0.25s ease, box-shadow 0.25s ease;\n}\n\n.card-corte:hover {\n  transform: translateY(-4px);\n  box-shadow: 0 9px 21px rgba(103, 67, 79, 0.14);\n}\n\n.topo-card {\n  display: flex;\n  align-items: center;\n  justify-content: space-between;\n  margin-bottom: 13px;\n}\n\n.numero-card {\n  color: #d9a8b8;\n  font-size: 26px;\n  font-weight: bold;\n}\n\n.icone-card {\n  display: flex;\n  align-items: center;\n  justify-content: center;\n  width: 51px;\n  height: 51px;\n  font-size: 27px;\n  background: #f7e5eb;\n  border-radius: 14px;\n}\n\n.card-corte h3 {\n  margin: 0 0 13px;\n  color: #82465a;\n  font-size: 19px;\n  line-height: 1.25;\n}\n\n.detalhe-corte {\n  display: flex;\n  flex-direction: column;\n  gap: 3px;\n  margin-bottom: 13px;\n  padding: 10px 12px;\n  background: #faf0f3;\n  border-left: 4px solid #bd7890;\n  border-radius: 9px;\n}\n\n.detalhe-corte span {\n  color: #95737e;\n  font-size: 11px;\n  font-weight: bold;\n  letter-spacing: 0.5px;\n  text-transform: uppercase;\n}\n\n.detalhe-corte strong {\n  color: #744456;\n  font-size: 14px;\n}\n\n.card-corte p {\n  margin: 0;\n  color: #65535a;\n  font-size: 14px;\n  line-height: 1.58;\n}\n\n.card-corte p strong {\n  color: #774a5a;\n}\n\n.rodape-cortes {\n  display: flex;\n  align-items: center;\n  gap: 14px;\n  margin-top: 21px;\n  padding: 16px 18px;\n  background: #f0dbe2;\n  border-left: 5px solid #a95e78;\n  border-radius: 13px;\n}\n\n.rodape-cortes span {\n  font-size: 29px;\n}\n\n.rodape-cortes p {\n  margin: 0;\n  color: #654653;\n  font-size: 14px;\n  line-height: 1.52;\n}\n\n@media (max-width: 700px) {\n  .infografico-cortes-volume {\n    padding: 17px;\n  }\n\n  .cabecalho-cortes {\n    flex-direction: column;\n    text-align: center;\n  }\n\n  .grade-cortes {\n    grid-template-columns: 1fr;\n  }\n\n  .cabecalho-cortes h2 {\n    font-size: 21px;\n  }\n}\n<\/style>\n\n\n\n\n<h2 class=\"wp-block-heading\">Como escolher o melhor corte para falhas no cabelo?<\/h2>\n\n\n\n<p class=\"wp-block-paragraph\">A decis\u00e3o entre&nbsp;<strong>long bob<\/strong>,&nbsp;<strong>pixie repicado<\/strong>,&nbsp;<strong>chanel em camadas<\/strong>&nbsp;ou&nbsp;<strong>shaggy hair<\/strong>&nbsp;leva em conta o grau de falhas, o tipo de fio e a rotina de cuidados. Profissionais observam onde a perda de volume \u00e9 mais evidente e, a partir disso, sugerem o corte que melhor redistribui o peso dos fios.<\/p>\n\n\n\n<p class=\"wp-block-paragraph\">De forma geral, cortes curtos e texturizados camuflam melhor falhas no topo da cabe\u00e7a, enquanto comprimentos m\u00e9dios ajudam a concentrar o volume pr\u00f3ximo ao rosto. Tamb\u00e9m \u00e9 importante avaliar a manuten\u00e7\u00e3o: o&nbsp;<strong>pixie<\/strong>&nbsp;pede ajustes mais frequentes, j\u00e1 o long bob e o chanel permitem intervalos um pouco maiores.<\/p>\n\n\n\n<p class=\"wp-block-paragraph\">Confira o v\u00eddeo comparitlhado pelo canal do YouTube <strong><a href=\"https:\/\/www.youtube.com\/@patty_simoes\" target=\"_blank\" rel=\"noreferrer noopener\">Patty Sim\u00f5es<\/a><\/strong> dando dicas de cortes para cobrir entradas e falhas nos cabelos femininos.<\/p>\n\n\n\n<figure class=\"wp-block-embed is-type-video is-provider-youtube wp-block-embed-youtube wp-embed-aspect-16-9 wp-has-aspect-ratio\"><div class=\"wp-block-embed__wrapper\">\n<div class=\"jeg_video_container jeg_video_content\"><iframe loading=\"lazy\" title=\"Como disfar\u00e7ar as entradas do cabelo usando t\u00e9cnica coreana | Patty Sim\u00f5es\" width=\"500\" height=\"281\" src=\"https:\/\/www.youtube.com\/embed\/hH_Kx-DGV60?feature=oembed\" frameborder=\"0\" allow=\"accelerometer; autoplay; clipboard-write; encrypted-media; gyroscope; picture-in-picture; web-share\" referrerpolicy=\"strict-origin-when-cross-origin\" allowfullscreen><\/iframe><\/div>\n<\/div><\/figure>\n\n\n\n<h2 class=\"wp-block-heading\">Quais cuidados di\u00e1rios potencializam o efeito de volume?<\/h2>\n\n\n\n<p class=\"wp-block-paragraph\">Os cortes que ajudam em casos de&nbsp;<strong>falhas no cabelo<\/strong>&nbsp;funcionam melhor quando acompanhados de uma rotina de cuidados adequada. O corte n\u00e3o substitui a investiga\u00e7\u00e3o das causas de queda intensa ou afinamento acentuado dos fios, especialmente ap\u00f3s os 50 anos, sendo essencial o acompanhamento com dermatologista ou tricologista.<\/p>\n\n\n\n<p class=\"wp-block-paragraph\">Algumas atitudes simples no dia a dia contribuem para preservar e valorizar o volume conquistado com o corte, fortalecendo a fibra capilar e evitando danos adicionais aos fios j\u00e1 fragilizados.<\/p>\n\n\n\n<ul class=\"wp-block-list\">\n<li>Priorizar uma alimenta\u00e7\u00e3o equilibrada, com aten\u00e7\u00e3o a prote\u00ednas, ferro, zinco e vitaminas do complexo B.<\/li>\n\n\n\n<li>Utilizar shampoos suaves e produtos espec\u00edficos para cabelos finos ou com queda, conforme orienta\u00e7\u00e3o profissional.<\/li>\n\n\n\n<li>Reduzir o uso frequente de chapinha e secador em alta temperatura, preferindo finaliza\u00e7\u00f5es mais delicadas.<\/li>\n\n\n\n<li>Aplicar mousses, sprays ou p\u00f3s de volume na raiz para refor\u00e7ar o efeito visual de cabelo cheio.<\/li>\n\n\n\n<li>Evitar penteados muito apertados, que podem tensionar o fio e expor ainda mais \u00e1reas com densidade reduzida.<\/li>\n<\/ul>\n\n\n\n<h2 class=\"wp-block-heading\">Como valorizar o visual e agir r\u00e1pido diante das falhas no cabelo?<\/h2>\n\n\n\n<p class=\"wp-block-paragraph\">Com aten\u00e7\u00e3o \u00e0s&nbsp;<strong>falhas no cabelo<\/strong>&nbsp;e \u00e0 escolha estrat\u00e9gica entre cortes como long bob, pixie repicado, chanel em camadas e shaggy hair, muitas mulheres de 50 anos recuperam a sensa\u00e7\u00e3o de volume e leveza nos fios. Ajustar o corte ao tipo de cabelo e ao estilo de vida devolve seguran\u00e7a ao se olhar no espelho e refor\u00e7a a autoestima em uma fase de tantas mudan\u00e7as.<\/p>\n\n\n\n<p class=\"wp-block-paragraph\">Se voc\u00ea j\u00e1 percebeu afinamento ou falhas, n\u00e3o adie: busque orienta\u00e7\u00e3o profissional, converse com seu cabeleireiro e um especialista em sa\u00fade capilar e fa\u00e7a a mudan\u00e7a agora. Cada m\u00eas conta para preservar a densidade dos fios, e um novo corte pode ser o primeiro passo urgente para transformar n\u00e3o s\u00f3 o seu cabelo, mas tamb\u00e9m a forma como voc\u00ea se sente todos os dias.<\/p>\n","protected":false},"excerpt":{"rendered":"<p>Com a chegada dos 50 anos, muitas mulheres come\u00e7am a notar&nbsp;falhas no cabelo, redu\u00e7\u00e3o de volume e fios mais finos em algumas regi\u00f5es da cabe\u00e7a. Essas mudan\u00e7as costumam estar ligadas a altera\u00e7\u00f5es hormonais, gen\u00e9tica e hist\u00f3rico de cuidados, e o corte de cabelo passa a ser um aliado estrat\u00e9gico para distribuir melhor o volume e [&hellip;]<\/p>\n","protected":false},"author":13,"featured_media":248633,"comment_status":"open","ping_status":"open","sticky":false,"template":"","format":"standard","meta":{"jnews-multi-image_gallery":[],"jnews_single_post":{"format":"standard"},"jnews_primary_category":[],"jnews_social_meta":[],"jnews_override_counter":[],"footnotes":""},"categories":[8819],"tags":[34394,34393,34392],"class_list":["post-248441","post","type-post","status-publish","format-standard","has-post-thumbnail","hentry","category-curiosidades","tag-cabelos-com-volume","tag-cortes-para-mulheres-de-50-anos","tag-falhas-no-cabelo"],"yoast_head":"<!-- This site is optimized with the Yoast SEO plugin v28.3 - https:\/\/yoast.com\/product\/yoast-seo-wordpress\/ -->\n<title>Mulheres com mais de 50 anos est\u00e3o apostando nestes 4 cortes para disfar\u00e7ar falhas e recuperar o volume - Estado de Minas - Em foco<\/title>\n<meta name=\"description\" content=\"Conhe\u00e7a quatro cortes para mulheres de 50 anos que ajudam a disfar\u00e7ar falhas no cabelo, criar mais volume e valorizar fios mais finos.\" \/>\n<meta name=\"robots\" content=\"index, follow, max-snippet:-1, max-image-preview:large, max-video-preview:-1\" \/>\n<link rel=\"canonical\" href=\"https:\/\/www.em.com.br\/emfoco\/2026\/07\/14\/mulheres-com-mais-de-50-anos-estao-apostando-nestes-4-cortes-para-disfarcar-falhas-e-recuperar-o-volume\/\" \/>\n<meta property=\"og:locale\" content=\"pt_BR\" \/>\n<meta property=\"og:type\" content=\"article\" \/>\n<meta property=\"og:title\" content=\"Mulheres com mais de 50 anos est\u00e3o apostando nestes 4 cortes para disfar\u00e7ar falhas e recuperar o volume - Estado de Minas - Em foco\" \/>\n<meta property=\"og:description\" content=\"Conhe\u00e7a quatro cortes para mulheres de 50 anos que ajudam a disfar\u00e7ar falhas no cabelo, criar mais volume e valorizar fios mais finos.\" \/>\n<meta property=\"og:url\" content=\"https:\/\/www.em.com.br\/emfoco\/2026\/07\/14\/mulheres-com-mais-de-50-anos-estao-apostando-nestes-4-cortes-para-disfarcar-falhas-e-recuperar-o-volume\/\" \/>\n<meta property=\"og:site_name\" content=\"Estado de Minas - Em foco\" \/>\n<meta property=\"article:published_time\" content=\"2026-07-15T00:15:00+00:00\" \/>\n<meta property=\"og:image\" content=\"https:\/\/www.em.com.br\/emfoco\/wp-content\/uploads\/2026\/07\/3-16.jpg\" \/>\n\t<meta property=\"og:image:width\" content=\"1280\" \/>\n\t<meta property=\"og:image:height\" content=\"720\" \/>\n\t<meta property=\"og:image:type\" content=\"image\/jpeg\" \/>\n<meta name=\"author\" content=\"Gabriel Martins\" \/>\n<meta name=\"twitter:card\" content=\"summary_large_image\" \/>\n<meta name=\"twitter:label1\" content=\"Escrito por\" \/>\n\t<meta name=\"twitter:data1\" content=\"Gabriel Martins\" \/>\n\t<meta name=\"twitter:label2\" content=\"Est. tempo de leitura\" \/>\n\t<meta name=\"twitter:data2\" content=\"6 minutos\" \/>\n<!-- \/ Yoast SEO plugin. -->","yoast_head_json":{"title":"Mulheres com mais de 50 anos est\u00e3o apostando nestes 4 cortes para disfar\u00e7ar falhas e recuperar o volume - Estado de Minas - Em foco","description":"Conhe\u00e7a quatro cortes para mulheres de 50 anos que ajudam a disfar\u00e7ar falhas no cabelo, criar mais volume e valorizar fios mais finos.","robots":{"index":"index","follow":"follow","max-snippet":"max-snippet:-1","max-image-preview":"max-image-preview:large","max-video-preview":"max-video-preview:-1"},"canonical":"https:\/\/www.em.com.br\/emfoco\/2026\/07\/14\/mulheres-com-mais-de-50-anos-estao-apostando-nestes-4-cortes-para-disfarcar-falhas-e-recuperar-o-volume\/","og_locale":"pt_BR","og_type":"article","og_title":"Mulheres com mais de 50 anos est\u00e3o apostando nestes 4 cortes para disfar\u00e7ar falhas e recuperar o volume - Estado de Minas - Em foco","og_description":"Conhe\u00e7a quatro cortes para mulheres de 50 anos que ajudam a disfar\u00e7ar falhas no cabelo, criar mais volume e valorizar fios mais finos.","og_url":"https:\/\/www.em.com.br\/emfoco\/2026\/07\/14\/mulheres-com-mais-de-50-anos-estao-apostando-nestes-4-cortes-para-disfarcar-falhas-e-recuperar-o-volume\/","og_site_name":"Estado de Minas - Em foco","article_published_time":"2026-07-15T00:15:00+00:00","og_image":[{"width":1280,"height":720,"url":"https:\/\/www.em.com.br\/emfoco\/wp-content\/uploads\/2026\/07\/3-16.jpg","type":"image\/jpeg"}],"author":"Gabriel Martins","twitter_card":"summary_large_image","twitter_misc":{"Escrito por":"Gabriel Martins","Est. tempo de leitura":"6 minutos"},"schema":{"@context":"https:\/\/schema.org","@graph":[{"@type":"Article","@id":"https:\/\/www.em.com.br\/emfoco\/2026\/07\/14\/mulheres-com-mais-de-50-anos-estao-apostando-nestes-4-cortes-para-disfarcar-falhas-e-recuperar-o-volume\/#article","isPartOf":{"@id":"https:\/\/www.em.com.br\/emfoco\/2026\/07\/14\/mulheres-com-mais-de-50-anos-estao-apostando-nestes-4-cortes-para-disfarcar-falhas-e-recuperar-o-volume\/"},"author":{"name":"Gabriel Martins","@id":"https:\/\/www.em.com.br\/emfoco\/#\/schema\/person\/1c9ddeab18b98abeffef834667bcf08a"},"headline":"Mulheres com mais de 50 anos est\u00e3o apostando nestes 4 cortes para disfar\u00e7ar falhas e recuperar o volume","datePublished":"2026-07-15T00:15:00+00:00","mainEntityOfPage":{"@id":"https:\/\/www.em.com.br\/emfoco\/2026\/07\/14\/mulheres-com-mais-de-50-anos-estao-apostando-nestes-4-cortes-para-disfarcar-falhas-e-recuperar-o-volume\/"},"wordCount":987,"commentCount":0,"image":{"@id":"https:\/\/www.em.com.br\/emfoco\/2026\/07\/14\/mulheres-com-mais-de-50-anos-estao-apostando-nestes-4-cortes-para-disfarcar-falhas-e-recuperar-o-volume\/#primaryimage"},"thumbnailUrl":"https:\/\/www.em.com.br\/emfoco\/wp-content\/uploads\/2026\/07\/3-16.jpg","keywords":["cabelos com volume","cortes para mulheres de 50 anos","falhas no cabelo"],"articleSection":["Curiosidades"],"inLanguage":"pt-BR","potentialAction":[{"@type":"CommentAction","name":"Comment","target":["https:\/\/www.em.com.br\/emfoco\/2026\/07\/14\/mulheres-com-mais-de-50-anos-estao-apostando-nestes-4-cortes-para-disfarcar-falhas-e-recuperar-o-volume\/#respond"]}]},{"@type":"WebPage","@id":"https:\/\/www.em.com.br\/emfoco\/2026\/07\/14\/mulheres-com-mais-de-50-anos-estao-apostando-nestes-4-cortes-para-disfarcar-falhas-e-recuperar-o-volume\/","url":"https:\/\/www.em.com.br\/emfoco\/2026\/07\/14\/mulheres-com-mais-de-50-anos-estao-apostando-nestes-4-cortes-para-disfarcar-falhas-e-recuperar-o-volume\/","name":"Mulheres com mais de 50 anos est\u00e3o apostando nestes 4 cortes para disfar\u00e7ar falhas e recuperar o volume - Estado de Minas - Em foco","isPartOf":{"@id":"https:\/\/www.em.com.br\/emfoco\/#website"},"primaryImageOfPage":{"@id":"https:\/\/www.em.com.br\/emfoco\/2026\/07\/14\/mulheres-com-mais-de-50-anos-estao-apostando-nestes-4-cortes-para-disfarcar-falhas-e-recuperar-o-volume\/#primaryimage"},"image":{"@id":"https:\/\/www.em.com.br\/emfoco\/2026\/07\/14\/mulheres-com-mais-de-50-anos-estao-apostando-nestes-4-cortes-para-disfarcar-falhas-e-recuperar-o-volume\/#primaryimage"},"thumbnailUrl":"https:\/\/www.em.com.br\/emfoco\/wp-content\/uploads\/2026\/07\/3-16.jpg","datePublished":"2026-07-15T00:15:00+00:00","author":{"@id":"https:\/\/www.em.com.br\/emfoco\/#\/schema\/person\/1c9ddeab18b98abeffef834667bcf08a"},"description":"Conhe\u00e7a quatro cortes para mulheres de 50 anos que ajudam a disfar\u00e7ar falhas no cabelo, criar mais volume e valorizar fios mais finos.","breadcrumb":{"@id":"https:\/\/www.em.com.br\/emfoco\/2026\/07\/14\/mulheres-com-mais-de-50-anos-estao-apostando-nestes-4-cortes-para-disfarcar-falhas-e-recuperar-o-volume\/#breadcrumb"},"inLanguage":"pt-BR","potentialAction":[{"@type":"ReadAction","target":["https:\/\/www.em.com.br\/emfoco\/2026\/07\/14\/mulheres-com-mais-de-50-anos-estao-apostando-nestes-4-cortes-para-disfarcar-falhas-e-recuperar-o-volume\/"]}]},{"@type":"ImageObject","inLanguage":"pt-BR","@id":"https:\/\/www.em.com.br\/emfoco\/2026\/07\/14\/mulheres-com-mais-de-50-anos-estao-apostando-nestes-4-cortes-para-disfarcar-falhas-e-recuperar-o-volume\/#primaryimage","url":"https:\/\/www.em.com.br\/emfoco\/wp-content\/uploads\/2026\/07\/3-16.jpg","contentUrl":"https:\/\/www.em.com.br\/emfoco\/wp-content\/uploads\/2026\/07\/3-16.jpg","width":1280,"height":720,"caption":"Cortes de cabelo estrat\u00e9gicos devolvem o volume visual para mulheres maduras."},{"@type":"BreadcrumbList","@id":"https:\/\/www.em.com.br\/emfoco\/2026\/07\/14\/mulheres-com-mais-de-50-anos-estao-apostando-nestes-4-cortes-para-disfarcar-falhas-e-recuperar-o-volume\/#breadcrumb","itemListElement":[{"@type":"ListItem","position":1,"name":"In\u00edcio","item":"https:\/\/www.em.com.br\/emfoco\/"},{"@type":"ListItem","position":2,"name":"Mulheres com mais de 50 anos est\u00e3o apostando nestes 4 cortes para disfar\u00e7ar falhas e recuperar o volume"}]},{"@type":"WebSite","@id":"https:\/\/www.em.com.br\/emfoco\/#website","url":"https:\/\/www.em.com.br\/emfoco\/","name":"Estado de Minas - Em foco","description":"Acompanhe as \u00faltimas not\u00edcias e fique bem informado sobre tudo o que acontece em Minas Gerais, Brasil e no mundo.","potentialAction":[{"@type":"SearchAction","target":{"@type":"EntryPoint","urlTemplate":"https:\/\/www.em.com.br\/emfoco\/?s={search_term_string}"},"query-input":{"@type":"PropertyValueSpecification","valueRequired":true,"valueName":"search_term_string"}}],"inLanguage":"pt-BR"},{"@type":"Person","@id":"https:\/\/www.em.com.br\/emfoco\/#\/schema\/person\/1c9ddeab18b98abeffef834667bcf08a","name":"Gabriel Martins","image":{"@type":"ImageObject","inLanguage":"pt-BR","@id":"https:\/\/secure.gravatar.com\/avatar\/f3c56273a83838e41cb460170dd4a37625a2ea99f2f16e792d03b3f85623b3ad?s=96&d=mm&r=g","url":"https:\/\/secure.gravatar.com\/avatar\/f3c56273a83838e41cb460170dd4a37625a2ea99f2f16e792d03b3f85623b3ad?s=96&d=mm&r=g","contentUrl":"https:\/\/secure.gravatar.com\/avatar\/f3c56273a83838e41cb460170dd4a37625a2ea99f2f16e792d03b3f85623b3ad?s=96&d=mm&r=g","caption":"Gabriel Martins"},"sameAs":["https:\/\/www.em.com.br\/emfoco\/"],"url":"https:\/\/www.em.com.br\/emfoco\/author\/gabrielmartinsmyth\/"}]}},"_links":{"self":[{"href":"https:\/\/www.em.com.br\/emfoco\/wp-json\/wp\/v2\/posts\/248441","targetHints":{"allow":["GET"]}}],"collection":[{"href":"https:\/\/www.em.com.br\/emfoco\/wp-json\/wp\/v2\/posts"}],"about":[{"href":"https:\/\/www.em.com.br\/emfoco\/wp-json\/wp\/v2\/types\/post"}],"author":[{"embeddable":true,"href":"https:\/\/www.em.com.br\/emfoco\/wp-json\/wp\/v2\/users\/13"}],"replies":[{"embeddable":true,"href":"https:\/\/www.em.com.br\/emfoco\/wp-json\/wp\/v2\/comments?post=248441"}],"version-history":[{"count":3,"href":"https:\/\/www.em.com.br\/emfoco\/wp-json\/wp\/v2\/posts\/248441\/revisions"}],"predecessor-version":[{"id":248641,"href":"https:\/\/www.em.com.br\/emfoco\/wp-json\/wp\/v2\/posts\/248441\/revisions\/248641"}],"wp:featuredmedia":[{"embeddable":true,"href":"https:\/\/www.em.com.br\/emfoco\/wp-json\/wp\/v2\/media\/248633"}],"wp:attachment":[{"href":"https:\/\/www.em.com.br\/emfoco\/wp-json\/wp\/v2\/media?parent=248441"}],"wp:term":[{"taxonomy":"category","embeddable":true,"href":"https:\/\/www.em.com.br\/emfoco\/wp-json\/wp\/v2\/categories?post=248441"},{"taxonomy":"post_tag","embeddable":true,"href":"https:\/\/www.em.com.br\/emfoco\/wp-json\/wp\/v2\/tags?post=248441"}],"curies":[{"name":"wp","href":"https:\/\/api.w.org\/{rel}","templated":true}]}}