{"id":248424,"date":"2026-07-14T17:45:00","date_gmt":"2026-07-14T20:45:00","guid":{"rendered":"https:\/\/www.em.com.br\/emfoco\/?p=248424"},"modified":"2026-07-13T19:13:58","modified_gmt":"2026-07-13T22:13:58","slug":"como-suavizar-a-aparencia-da-papada-usando-truques-de-postura-roupas-e-cuidados-diarios","status":"publish","type":"post","link":"https:\/\/www.em.com.br\/emfoco\/2026\/07\/14\/como-suavizar-a-aparencia-da-papada-usando-truques-de-postura-roupas-e-cuidados-diarios\/","title":{"rendered":"Como suavizar a apar\u00eancia da papada usando truques de postura, roupas e cuidados di\u00e1rios"},"content":{"rendered":"\n<p class=\"wp-block-paragraph\">A&nbsp;<strong>papada<\/strong>, tamb\u00e9m chamada de&nbsp;<strong>queixo duplo<\/strong>, incomoda quem busca um rosto mais fino e com contornos definidos. O ac\u00famulo de gordura e a flacidez abaixo do queixo tendem a ficar mais evidentes com o tempo, especialmente pela redu\u00e7\u00e3o natural de&nbsp;<strong>col\u00e1geno<\/strong>&nbsp;e pela influ\u00eancia de fatores como gen\u00e9tica, ganho de peso, postura inadequada e falta de cuidados di\u00e1rios com a pele e o corpo.<\/p>\n\n\n\n<h2 class=\"wp-block-heading\">Como diminuir a papada sem cirurgia no dia a dia<\/h2>\n\n\n\n<p class=\"wp-block-paragraph\">Para&nbsp;<strong>diminuir a papada<\/strong>&nbsp;de forma pr\u00e1tica, a rotina di\u00e1ria \u00e9 uma aliada importante. Manter a coluna alinhada, evitar longos per\u00edodos olhando para baixo e ajustar a posi\u00e7\u00e3o do pesco\u00e7o ao usar o celular reduz a sobrecarga na regi\u00e3o. Uma postura mais ereta, com ombros levemente para tr\u00e1s, ajuda a alongar o pesco\u00e7o e evita a impress\u00e3o de volume extra abaixo do queixo.<\/p>\n\n\n\n<p class=\"wp-block-paragraph\">Outra estrat\u00e9gia simples \u00e9 ajustar o guarda-roupa para criar um efeito visual mais alongado. Blusas com&nbsp;<strong>decote em V<\/strong>&nbsp;afinam o rosto, enquanto golas muito altas, colares volumosos e gargantilhas chamam aten\u00e7\u00e3o para a papada. Dar prefer\u00eancia a pe\u00e7as mais limpas no pesco\u00e7o e concentrar os acess\u00f3rios em pulsos e orelhas costuma favorecer um contorno facial mais harm\u00f4nico.<\/p>\n\n\n\n<figure class=\"wp-block-image size-large\"><img decoding=\"async\" width=\"1024\" height=\"576\" src=\"https:\/\/www.em.com.br\/emfoco\/wp-content\/uploads\/2026\/07\/39-14-1024x576.jpg\" alt=\"Como suavizar a apar\u00eancia da papada usando truques de postura, roupas e cuidados di\u00e1rios\" class=\"wp-image-248692\" srcset=\"https:\/\/www.em.com.br\/emfoco\/wp-content\/uploads\/2026\/07\/39-14-1024x576.jpg 1024w, https:\/\/www.em.com.br\/emfoco\/wp-content\/uploads\/2026\/07\/39-14-300x169.jpg 300w, https:\/\/www.em.com.br\/emfoco\/wp-content\/uploads\/2026\/07\/39-14-768x432.jpg 768w, https:\/\/www.em.com.br\/emfoco\/wp-content\/uploads\/2026\/07\/39-14-750x422.jpg 750w, https:\/\/www.em.com.br\/emfoco\/wp-content\/uploads\/2026\/07\/39-14-1140x641.jpg 1140w, https:\/\/www.em.com.br\/emfoco\/wp-content\/uploads\/2026\/07\/39-14.jpg 1280w\" sizes=\"(max-width: 1024px) 100vw, 1024px\" \/><figcaption class=\"wp-element-caption\">Alinhamento correto da coluna reduz o volume sob o queixo.<\/figcaption><\/figure>\n\n\n\n<h2 class=\"wp-block-heading\">Como disfar\u00e7ar a papada com maquiagem, cabelo e barba<\/h2>\n\n\n\n<p class=\"wp-block-paragraph\">A&nbsp;<a href=\"https:\/\/www.em.com.br\/emfoco\/2026\/06\/24\/david-frances-maquiador-profissional-eu-definiria-a-maquiagem-de-noiva-atual-como-conformista\/\" target=\"_blank\" rel=\"noreferrer noopener\"><strong>maquiagem<\/strong>&nbsp;<\/a>\u00e9 uma das formas mais usadas para suavizar a apar\u00eancia da papada. Produtos em p\u00f3 ou creme um tom mais escuro que a pele podem ser aplicados logo abaixo da mand\u00edbula, criando um sombreado discreto que d\u00e1 a impress\u00e3o de um contorno mais firme. Ao mesmo tempo, real\u00e7ar os olhos desvia o foco para a parte superior do rosto, enquanto tons claros ou neutros nos l\u00e1bios mant\u00eam o visual equilibrado.<\/p>\n\n\n\n<p class=\"wp-block-paragraph\">O corte de&nbsp;<strong>cabelo<\/strong>&nbsp;e a&nbsp;<strong>barba bem cuidada<\/strong>&nbsp;tamb\u00e9m fazem diferen\u00e7a na percep\u00e7\u00e3o de volume no pesco\u00e7o. Fios na altura dos ombros ou um pouco abaixo tendem a harmonizar o contorno facial, enquanto cortes muito curtos no n\u00edvel do pesco\u00e7o podem real\u00e7ar a papada. Para homens, linhas de barba desenhadas logo abaixo da mand\u00edbula criam um contorno visual mais marcado, desde que o comprimento seja mantido uniforme e aparado com frequ\u00eancia.<\/p>\n\n\n\n<h2 class=\"wp-block-heading\">Quais h\u00e1bitos em casa ajudam a amenizar a papada<\/h2>\n\n\n\n<p class=\"wp-block-paragraph\">Al\u00e9m de disfar\u00e7ar, muitas pessoas buscam&nbsp;<strong>amenizar a papada<\/strong>&nbsp;com mudan\u00e7as de estilo de vida. Uma alimenta\u00e7\u00e3o rica em fontes de col\u00e1geno, como carne vermelha, frango, peixe e gelatina, fornece amino\u00e1cidos importantes para a firmeza da pele. Em paralelo, atividades f\u00edsicas aer\u00f3bicas e exerc\u00edcios para postura e musculatura cervical ajudam a reduzir gordura geral e definir melhor o contorno facial.<\/p>\n\n\n\n<p class=\"wp-block-paragraph\">Alguns ajustes na alimenta\u00e7\u00e3o contribuem para controlar o incha\u00e7o, o ac\u00famulo de gordura e a reten\u00e7\u00e3o de l\u00edquidos. Entre as medidas mais comuns est\u00e3o:<\/p>\n\n\n\n<ul class=\"wp-block-list\">\n<li>Reduzir o consumo de carboidratos simples, como bolos e biscoitos;<\/li>\n\n\n\n<li>Evitar embutidos e alimentos ultraprocessados, como salsicha, lingui\u00e7a e salame;<\/li>\n\n\n\n<li>Diminuir o uso excessivo de sal, que favorece a reten\u00e7\u00e3o de l\u00edquidos;<\/li>\n\n\n\n<li>Dar prefer\u00eancia a frutas, legumes, verduras e fontes de gordura boa.<\/li>\n<\/ul>\n\n\n\n<p class=\"wp-block-paragraph\">Confira o v\u00eddeo compartilhado pelo canal do YouTube <strong><a href=\"https:\/\/www.youtube.com\/@PatriciaElias\" target=\"_blank\" rel=\"noreferrer noopener\">Patricia Elias<\/a><\/strong> dando dicas de como diminuir o tamanho da papada.<\/p>\n\n\n\n<figure class=\"wp-block-embed is-type-video is-provider-youtube wp-block-embed-youtube wp-embed-aspect-16-9 wp-has-aspect-ratio\"><div class=\"wp-block-embed__wrapper\">\n<div class=\"jeg_video_container jeg_video_content\"><iframe loading=\"lazy\" title=\"TIRE A PAPADA do Pesco\u00e7o Naturalmente SEM LIPO\" width=\"500\" height=\"281\" src=\"https:\/\/www.youtube.com\/embed\/sCredaV6RTU?start=21&#038;feature=oembed\" frameborder=\"0\" allow=\"accelerometer; autoplay; clipboard-write; encrypted-media; gyroscope; picture-in-picture; web-share\" referrerpolicy=\"strict-origin-when-cross-origin\" allowfullscreen><\/iframe><\/div>\n<\/div><\/figure>\n\n\n\n<h2 class=\"wp-block-heading\">Como cremes firmadores e cuidados est\u00e9ticos caseiros ajudam na papada<\/h2>\n\n\n\n<p class=\"wp-block-paragraph\">Os&nbsp;<strong>cremes firmadores<\/strong>&nbsp;com efeito tensor podem ser aliados no cuidado da papada em casa. F\u00f3rmulas com col\u00e1geno, vitaminas e elastina ajudam a melhorar a firmeza da pele e suavizar a flacidez, principalmente quando associados a massagens de baixo para cima na regi\u00e3o do pesco\u00e7o e queixo, que estimulam a circula\u00e7\u00e3o local.<\/p>\n\n\n\n<p class=\"wp-block-paragraph\">Para organizar esses cuidados, vale seguir uma rotina simples e constante, sempre protegendo a pele do sol para evitar a perda acelerada de col\u00e1geno:<\/p>\n\n\n\n<ol class=\"wp-block-list\">\n<li>Limpar a pele do pesco\u00e7o e queixo com sabonete adequado;<\/li>\n\n\n\n<li>Aplicar uma pequena quantidade de creme firmador;<\/li>\n\n\n\n<li>Massagear com movimentos ascendentes, sem puxar excessivamente a pele;<\/li>\n\n\n\n<li>Finalizar com&nbsp;<strong>protetor solar<\/strong>&nbsp;diariamente.<\/li>\n<\/ol>\n\n\n\n<h2 class=\"wp-block-heading\">Como conquistar um contorno mais definido na regi\u00e3o da papada<\/h2>\n\n\n\n<p class=\"wp-block-paragraph\">Quando o objetivo \u00e9 realmente&nbsp;<strong>diminuir a papada<\/strong>, a combina\u00e7\u00e3o de h\u00e1bitos saud\u00e1veis, postura adequada, escolhas inteligentes de roupas e acess\u00f3rios e cuidados est\u00e9ticos constantes tende a gerar resultados mais vis\u00edveis. Cada organismo responde em um ritmo, mas a regularidade \u00e9 o que sustenta um rosto com apar\u00eancia mais firme e um contorno de pesco\u00e7o mais definido ao longo do tempo.<\/p>\n\n\n\n<p class=\"wp-block-paragraph\">N\u00e3o espere a flacidez aumentar para agir: comece hoje a ajustar sua rotina, observe as mudan\u00e7as nas pr\u00f3ximas semanas e, se poss\u00edvel, conte com a orienta\u00e7\u00e3o de um profissional de sa\u00fade ou est\u00e9tica para potencializar os resultados. Quanto antes voc\u00ea assumir esse cuidado, maiores as chances de transformar a regi\u00e3o da papada e recuperar a confian\u00e7a com um contorno facial mais marcante.<\/p>\n","protected":false},"excerpt":{"rendered":"<p>A&nbsp;papada, tamb\u00e9m chamada de&nbsp;queixo duplo, incomoda quem busca um rosto mais fino e com contornos definidos. O ac\u00famulo de gordura e a flacidez abaixo do queixo tendem a ficar mais evidentes com o tempo, especialmente pela redu\u00e7\u00e3o natural de&nbsp;col\u00e1geno&nbsp;e pela influ\u00eancia de fatores como gen\u00e9tica, ganho de peso, postura inadequada e falta de cuidados di\u00e1rios [&hellip;]<\/p>\n","protected":false},"author":13,"featured_media":248693,"comment_status":"open","ping_status":"open","sticky":false,"template":"","format":"standard","meta":{"jnews-multi-image_gallery":[],"jnews_single_post":{"format":"standard"},"jnews_primary_category":[],"jnews_social_meta":[],"jnews_override_counter":[],"footnotes":""},"categories":[8819],"tags":[34381,34382,34383],"class_list":["post-248424","post","type-post","status-publish","format-standard","has-post-thumbnail","hentry","category-curiosidades","tag-como-diminuir-a-papada","tag-contorno-facial","tag-cuidados-esteticos"],"yoast_head":"<!-- This site is optimized with the Yoast SEO plugin v28.3 - https:\/\/yoast.com\/product\/yoast-seo-wordpress\/ -->\n<title>Como suavizar a apar\u00eancia da papada usando truques de postura, roupas e cuidados di\u00e1rios - Estado de Minas - Em foco<\/title>\n<meta name=\"description\" content=\"Veja como diminuir e disfar\u00e7ar a papada com postura, maquiagem, alimenta\u00e7\u00e3o, cuidados di\u00e1rios e estrat\u00e9gias para valorizar o contorno facial.\" \/>\n<meta name=\"robots\" content=\"index, follow, max-snippet:-1, max-image-preview:large, max-video-preview:-1\" \/>\n<link rel=\"canonical\" href=\"https:\/\/www.em.com.br\/emfoco\/2026\/07\/14\/como-suavizar-a-aparencia-da-papada-usando-truques-de-postura-roupas-e-cuidados-diarios\/\" \/>\n<meta property=\"og:locale\" content=\"pt_BR\" \/>\n<meta property=\"og:type\" content=\"article\" \/>\n<meta property=\"og:title\" content=\"Como suavizar a apar\u00eancia da papada usando truques de postura, roupas e cuidados di\u00e1rios - Estado de Minas - Em foco\" \/>\n<meta property=\"og:description\" content=\"Veja como diminuir e disfar\u00e7ar a papada com postura, maquiagem, alimenta\u00e7\u00e3o, cuidados di\u00e1rios e estrat\u00e9gias para valorizar o contorno facial.\" \/>\n<meta property=\"og:url\" content=\"https:\/\/www.em.com.br\/emfoco\/2026\/07\/14\/como-suavizar-a-aparencia-da-papada-usando-truques-de-postura-roupas-e-cuidados-diarios\/\" \/>\n<meta property=\"og:site_name\" content=\"Estado de Minas - Em foco\" \/>\n<meta property=\"article:published_time\" content=\"2026-07-14T20:45:00+00:00\" \/>\n<meta property=\"og:image\" content=\"https:\/\/www.em.com.br\/emfoco\/wp-content\/uploads\/2026\/07\/38-14.jpg\" \/>\n\t<meta property=\"og:image:width\" content=\"1280\" \/>\n\t<meta property=\"og:image:height\" content=\"720\" \/>\n\t<meta property=\"og:image:type\" content=\"image\/jpeg\" \/>\n<meta name=\"author\" content=\"Gabriel Martins\" \/>\n<meta name=\"twitter:card\" content=\"summary_large_image\" \/>\n<meta name=\"twitter:label1\" content=\"Escrito por\" \/>\n\t<meta name=\"twitter:data1\" content=\"Gabriel Martins\" \/>\n\t<meta name=\"twitter:label2\" content=\"Est. tempo de leitura\" \/>\n\t<meta name=\"twitter:data2\" content=\"5 minutos\" \/>\n<!-- \/ Yoast SEO plugin. -->","yoast_head_json":{"title":"Como suavizar a apar\u00eancia da papada usando truques de postura, roupas e cuidados di\u00e1rios - Estado de Minas - Em foco","description":"Veja como diminuir e disfar\u00e7ar a papada com postura, maquiagem, alimenta\u00e7\u00e3o, cuidados di\u00e1rios e estrat\u00e9gias para valorizar o contorno facial.","robots":{"index":"index","follow":"follow","max-snippet":"max-snippet:-1","max-image-preview":"max-image-preview:large","max-video-preview":"max-video-preview:-1"},"canonical":"https:\/\/www.em.com.br\/emfoco\/2026\/07\/14\/como-suavizar-a-aparencia-da-papada-usando-truques-de-postura-roupas-e-cuidados-diarios\/","og_locale":"pt_BR","og_type":"article","og_title":"Como suavizar a apar\u00eancia da papada usando truques de postura, roupas e cuidados di\u00e1rios - Estado de Minas - Em foco","og_description":"Veja como diminuir e disfar\u00e7ar a papada com postura, maquiagem, alimenta\u00e7\u00e3o, cuidados di\u00e1rios e estrat\u00e9gias para valorizar o contorno facial.","og_url":"https:\/\/www.em.com.br\/emfoco\/2026\/07\/14\/como-suavizar-a-aparencia-da-papada-usando-truques-de-postura-roupas-e-cuidados-diarios\/","og_site_name":"Estado de Minas - Em foco","article_published_time":"2026-07-14T20:45:00+00:00","og_image":[{"width":1280,"height":720,"url":"https:\/\/www.em.com.br\/emfoco\/wp-content\/uploads\/2026\/07\/38-14.jpg","type":"image\/jpeg"}],"author":"Gabriel Martins","twitter_card":"summary_large_image","twitter_misc":{"Escrito por":"Gabriel Martins","Est. tempo de leitura":"5 minutos"},"schema":{"@context":"https:\/\/schema.org","@graph":[{"@type":"Article","@id":"https:\/\/www.em.com.br\/emfoco\/2026\/07\/14\/como-suavizar-a-aparencia-da-papada-usando-truques-de-postura-roupas-e-cuidados-diarios\/#article","isPartOf":{"@id":"https:\/\/www.em.com.br\/emfoco\/2026\/07\/14\/como-suavizar-a-aparencia-da-papada-usando-truques-de-postura-roupas-e-cuidados-diarios\/"},"author":{"name":"Gabriel Martins","@id":"https:\/\/www.em.com.br\/emfoco\/#\/schema\/person\/1c9ddeab18b98abeffef834667bcf08a"},"headline":"Como suavizar a apar\u00eancia da papada usando truques de postura, roupas e cuidados di\u00e1rios","datePublished":"2026-07-14T20:45:00+00:00","mainEntityOfPage":{"@id":"https:\/\/www.em.com.br\/emfoco\/2026\/07\/14\/como-suavizar-a-aparencia-da-papada-usando-truques-de-postura-roupas-e-cuidados-diarios\/"},"wordCount":893,"commentCount":0,"image":{"@id":"https:\/\/www.em.com.br\/emfoco\/2026\/07\/14\/como-suavizar-a-aparencia-da-papada-usando-truques-de-postura-roupas-e-cuidados-diarios\/#primaryimage"},"thumbnailUrl":"https:\/\/www.em.com.br\/emfoco\/wp-content\/uploads\/2026\/07\/38-14.jpg","keywords":["como diminuir a papada","contorno facial","cuidados est\u00e9ticos"],"articleSection":["Curiosidades"],"inLanguage":"pt-BR","potentialAction":[{"@type":"CommentAction","name":"Comment","target":["https:\/\/www.em.com.br\/emfoco\/2026\/07\/14\/como-suavizar-a-aparencia-da-papada-usando-truques-de-postura-roupas-e-cuidados-diarios\/#respond"]}]},{"@type":"WebPage","@id":"https:\/\/www.em.com.br\/emfoco\/2026\/07\/14\/como-suavizar-a-aparencia-da-papada-usando-truques-de-postura-roupas-e-cuidados-diarios\/","url":"https:\/\/www.em.com.br\/emfoco\/2026\/07\/14\/como-suavizar-a-aparencia-da-papada-usando-truques-de-postura-roupas-e-cuidados-diarios\/","name":"Como suavizar a apar\u00eancia da papada usando truques de postura, roupas e cuidados di\u00e1rios - Estado de Minas - Em foco","isPartOf":{"@id":"https:\/\/www.em.com.br\/emfoco\/#website"},"primaryImageOfPage":{"@id":"https:\/\/www.em.com.br\/emfoco\/2026\/07\/14\/como-suavizar-a-aparencia-da-papada-usando-truques-de-postura-roupas-e-cuidados-diarios\/#primaryimage"},"image":{"@id":"https:\/\/www.em.com.br\/emfoco\/2026\/07\/14\/como-suavizar-a-aparencia-da-papada-usando-truques-de-postura-roupas-e-cuidados-diarios\/#primaryimage"},"thumbnailUrl":"https:\/\/www.em.com.br\/emfoco\/wp-content\/uploads\/2026\/07\/38-14.jpg","datePublished":"2026-07-14T20:45:00+00:00","author":{"@id":"https:\/\/www.em.com.br\/emfoco\/#\/schema\/person\/1c9ddeab18b98abeffef834667bcf08a"},"description":"Veja como diminuir e disfar\u00e7ar a papada com postura, maquiagem, alimenta\u00e7\u00e3o, cuidados di\u00e1rios e estrat\u00e9gias para valorizar o contorno facial.","breadcrumb":{"@id":"https:\/\/www.em.com.br\/emfoco\/2026\/07\/14\/como-suavizar-a-aparencia-da-papada-usando-truques-de-postura-roupas-e-cuidados-diarios\/#breadcrumb"},"inLanguage":"pt-BR","potentialAction":[{"@type":"ReadAction","target":["https:\/\/www.em.com.br\/emfoco\/2026\/07\/14\/como-suavizar-a-aparencia-da-papada-usando-truques-de-postura-roupas-e-cuidados-diarios\/"]}]},{"@type":"ImageObject","inLanguage":"pt-BR","@id":"https:\/\/www.em.com.br\/emfoco\/2026\/07\/14\/como-suavizar-a-aparencia-da-papada-usando-truques-de-postura-roupas-e-cuidados-diarios\/#primaryimage","url":"https:\/\/www.em.com.br\/emfoco\/wp-content\/uploads\/2026\/07\/38-14.jpg","contentUrl":"https:\/\/www.em.com.br\/emfoco\/wp-content\/uploads\/2026\/07\/38-14.jpg","width":1280,"height":720,"caption":"Pr\u00e1ticas di\u00e1rias integradas ajudam a reduzir a flacidez facial visivelmente."},{"@type":"BreadcrumbList","@id":"https:\/\/www.em.com.br\/emfoco\/2026\/07\/14\/como-suavizar-a-aparencia-da-papada-usando-truques-de-postura-roupas-e-cuidados-diarios\/#breadcrumb","itemListElement":[{"@type":"ListItem","position":1,"name":"In\u00edcio","item":"https:\/\/www.em.com.br\/emfoco\/"},{"@type":"ListItem","position":2,"name":"Como suavizar a apar\u00eancia da papada usando truques de postura, roupas e cuidados di\u00e1rios"}]},{"@type":"WebSite","@id":"https:\/\/www.em.com.br\/emfoco\/#website","url":"https:\/\/www.em.com.br\/emfoco\/","name":"Estado de Minas - Em foco","description":"Acompanhe as \u00faltimas not\u00edcias e fique bem informado sobre tudo o que acontece em Minas Gerais, Brasil e no mundo.","potentialAction":[{"@type":"SearchAction","target":{"@type":"EntryPoint","urlTemplate":"https:\/\/www.em.com.br\/emfoco\/?s={search_term_string}"},"query-input":{"@type":"PropertyValueSpecification","valueRequired":true,"valueName":"search_term_string"}}],"inLanguage":"pt-BR"},{"@type":"Person","@id":"https:\/\/www.em.com.br\/emfoco\/#\/schema\/person\/1c9ddeab18b98abeffef834667bcf08a","name":"Gabriel Martins","image":{"@type":"ImageObject","inLanguage":"pt-BR","@id":"https:\/\/secure.gravatar.com\/avatar\/f3c56273a83838e41cb460170dd4a37625a2ea99f2f16e792d03b3f85623b3ad?s=96&d=mm&r=g","url":"https:\/\/secure.gravatar.com\/avatar\/f3c56273a83838e41cb460170dd4a37625a2ea99f2f16e792d03b3f85623b3ad?s=96&d=mm&r=g","contentUrl":"https:\/\/secure.gravatar.com\/avatar\/f3c56273a83838e41cb460170dd4a37625a2ea99f2f16e792d03b3f85623b3ad?s=96&d=mm&r=g","caption":"Gabriel Martins"},"sameAs":["https:\/\/www.em.com.br\/emfoco\/"],"url":"https:\/\/www.em.com.br\/emfoco\/author\/gabrielmartinsmyth\/"}]}},"_links":{"self":[{"href":"https:\/\/www.em.com.br\/emfoco\/wp-json\/wp\/v2\/posts\/248424","targetHints":{"allow":["GET"]}}],"collection":[{"href":"https:\/\/www.em.com.br\/emfoco\/wp-json\/wp\/v2\/posts"}],"about":[{"href":"https:\/\/www.em.com.br\/emfoco\/wp-json\/wp\/v2\/types\/post"}],"author":[{"embeddable":true,"href":"https:\/\/www.em.com.br\/emfoco\/wp-json\/wp\/v2\/users\/13"}],"replies":[{"embeddable":true,"href":"https:\/\/www.em.com.br\/emfoco\/wp-json\/wp\/v2\/comments?post=248424"}],"version-history":[{"count":3,"href":"https:\/\/www.em.com.br\/emfoco\/wp-json\/wp\/v2\/posts\/248424\/revisions"}],"predecessor-version":[{"id":248713,"href":"https:\/\/www.em.com.br\/emfoco\/wp-json\/wp\/v2\/posts\/248424\/revisions\/248713"}],"wp:featuredmedia":[{"embeddable":true,"href":"https:\/\/www.em.com.br\/emfoco\/wp-json\/wp\/v2\/media\/248693"}],"wp:attachment":[{"href":"https:\/\/www.em.com.br\/emfoco\/wp-json\/wp\/v2\/media?parent=248424"}],"wp:term":[{"taxonomy":"category","embeddable":true,"href":"https:\/\/www.em.com.br\/emfoco\/wp-json\/wp\/v2\/categories?post=248424"},{"taxonomy":"post_tag","embeddable":true,"href":"https:\/\/www.em.com.br\/emfoco\/wp-json\/wp\/v2\/tags?post=248424"}],"curies":[{"name":"wp","href":"https:\/\/api.w.org\/{rel}","templated":true}]}}