{"id":247865,"date":"2026-07-13T14:45:00","date_gmt":"2026-07-13T17:45:00","guid":{"rendered":"https:\/\/www.em.com.br\/emfoco\/?p=247865"},"modified":"2026-07-12T09:08:38","modified_gmt":"2026-07-12T12:08:38","slug":"a-receita-de-vinagrete-de-melancia-que-combina-sabor-frescor-e-praticidade-para-os-dias-mais-quentes","status":"publish","type":"post","link":"https:\/\/www.em.com.br\/emfoco\/2026\/07\/13\/a-receita-de-vinagrete-de-melancia-que-combina-sabor-frescor-e-praticidade-para-os-dias-mais-quentes\/","title":{"rendered":"A receita de vinagrete de melancia que combina sabor, frescor e praticidade para os dias mais quentes"},"content":{"rendered":"\n<p class=\"wp-block-paragraph\">Um <strong>vinagrete de melancia<\/strong> pode transformar a fruta doce em um acompanhamento fresco para os dias quentes. A mistura leva cebola roxa, pepino, abacaxi, lim\u00e3o e pimenta. O preparo n\u00e3o vai ao fogo e fica pronto em cerca de <strong>10 minutos<\/strong>.<\/p>\n\n\n\n<h2 class=\"wp-block-heading\">Por que a melancia funciona em uma receita salgada?<\/h2>\n\n\n\n<p class=\"wp-block-paragraph\">A melancia tem sabor doce e suave, por isso combina com ingredientes \u00e1cidos, salgados e picantes. A cebola traz for\u00e7a, o pepino aumenta o frescor e o lim\u00e3o equilibra o a\u00e7\u00facar natural das frutas.<\/p>\n\n\n\n<p class=\"wp-block-paragraph\">A fruta \u00e9 formada por cerca de <strong><a href=\"https:\/\/www.gov.br\/saude\/pt-br\/assuntos\/saude-brasil\/eu-quero-me-alimentar-melhor\/noticias\/2022\/melancia-a-fruta-que-e-a-cara-do-verao\" target=\"_blank\" rel=\"noopener noreferrer\">90% de \u00e1gua<\/a><\/strong>. Esse alto teor ajuda a criar uma receita leve, mas tamb\u00e9m exige cuidado para o vinagrete n\u00e3o soltar l\u00edquido demais.<\/p>\n\n\n\n<figure class=\"wp-block-image size-large\"><img decoding=\"async\" width=\"1024\" height=\"576\" src=\"https:\/\/www.em.com.br\/emfoco\/wp-content\/uploads\/2026\/07\/sadal23-1024x576.jpg\" alt=\"\" class=\"wp-image-247888\" srcset=\"https:\/\/www.em.com.br\/emfoco\/wp-content\/uploads\/2026\/07\/sadal23-1024x576.jpg 1024w, https:\/\/www.em.com.br\/emfoco\/wp-content\/uploads\/2026\/07\/sadal23-300x169.jpg 300w, https:\/\/www.em.com.br\/emfoco\/wp-content\/uploads\/2026\/07\/sadal23-768x432.jpg 768w, https:\/\/www.em.com.br\/emfoco\/wp-content\/uploads\/2026\/07\/sadal23-750x422.jpg 750w, https:\/\/www.em.com.br\/emfoco\/wp-content\/uploads\/2026\/07\/sadal23-1140x641.jpg 1140w, https:\/\/www.em.com.br\/emfoco\/wp-content\/uploads\/2026\/07\/sadal23.jpg 1280w\" sizes=\"(max-width: 1024px) 100vw, 1024px\" \/><figcaption class=\"wp-element-caption\">A receita combina sabores leves e refrescantes para os dias quentes.<\/figcaption><\/figure>\n\n\n\n<h2 class=\"wp-block-heading\">Quais ingredientes entram no vinagrete de melancia?<\/h2>\n\n\n\n<p class=\"wp-block-paragraph\">A receita rende cerca de <strong>8 por\u00e7\u00f5es<\/strong> pequenas. Corte os ingredientes em cubos parecidos para que cada colher tenha fruta, cebola, pepino e tempero.<\/p>\n\n\n\n<p class=\"wp-block-paragraph\">A pimenta pode ser reduzida ou retirada. Quem n\u00e3o encontrar o tempero mexicano Taj\u00edn pode usar sal, p\u00e1prica e um pouco de pimenta em p\u00f3.<\/p>\n\n\n\n<p class=\"wp-block-paragraph\">Separe estes ingredientes:<\/p>\n\n\n<div class=\"wp-block-image\">\n<figure class=\"aligncenter size-large is-resized\"><img decoding=\"async\" width=\"1024\" height=\"669\" src=\"https:\/\/www.em.com.br\/emfoco\/wp-content\/uploads\/2026\/07\/image-715-1024x669.png\" alt=\"\" class=\"wp-image-247875\" style=\"width:684px;height:auto\" srcset=\"https:\/\/www.em.com.br\/emfoco\/wp-content\/uploads\/2026\/07\/image-715-1024x669.png 1024w, https:\/\/www.em.com.br\/emfoco\/wp-content\/uploads\/2026\/07\/image-715-300x196.png 300w, https:\/\/www.em.com.br\/emfoco\/wp-content\/uploads\/2026\/07\/image-715-768x502.png 768w, https:\/\/www.em.com.br\/emfoco\/wp-content\/uploads\/2026\/07\/image-715-750x490.png 750w, https:\/\/www.em.com.br\/emfoco\/wp-content\/uploads\/2026\/07\/image-715-1140x745.png 1140w, https:\/\/www.em.com.br\/emfoco\/wp-content\/uploads\/2026\/07\/image-715.png 1280w\" sizes=\"(max-width: 1024px) 100vw, 1024px\" \/><\/figure>\n<\/div>\n\n\n<h2 class=\"wp-block-heading\">Como preparar o vinagrete sem deixar a melancia desmanchar?<\/h2>\n\n\n\n<p class=\"wp-block-paragraph\">Use uma melancia firme e gelada. Cubos muito maduros quebram ao misturar e soltam mais \u00e1gua, deixando o fundo da tigela cheio de l\u00edquido.<\/p>\n\n\n\n<p class=\"wp-block-paragraph\">Antes de cortar, lave e higienize a casca. O <strong><a href=\"https:\/\/www.gov.br\/saude\/pt-br\/assuntos\/saude-brasil\/eu-quero-me-alimentar-melhor\/noticias\/2022\/como-escolher-higienizar-e-armazenar-frutas-verduras-e-legumes\" target=\"_blank\" rel=\"noopener noreferrer\">Minist\u00e9rio da Sa\u00fade orienta<\/a><\/strong> lavar as frutas em \u00e1gua corrente e usar solu\u00e7\u00e3o pr\u00f3pria para alimentos conforme a concentra\u00e7\u00e3o indicada no r\u00f3tulo.<\/p>\n\n\n\n<p class=\"wp-block-paragraph\">O preparo segue estes passos:<\/p>\n\n\n\n<ol class=\"wp-block-list\">\n<li>Retire as sementes da pimenta e corte-a bem pequena.<\/li>\n\n\n\n<li>Corte a melancia, o abacaxi, o pepino e a cebola em cubos.<\/li>\n\n\n\n<li>Coloque todos os ingredientes em uma tigela grande.<\/li>\n\n\n\n<li>Acrescente o coentro, as raspas e o suco do lim\u00e3o.<\/li>\n\n\n\n<li>Junte o mel, o sal, a p\u00e1prica e a pimenta.<\/li>\n\n\n\n<li>Misture devagar para n\u00e3o quebrar os cubos de melancia.<\/li>\n\n\n\n<li>Leve \u00e0 geladeira at\u00e9 o momento de servir.<\/li>\n<\/ol>\n\n\n\n<p class=\"wp-block-paragraph\">O tempero deve entrar perto da hora de servir, pois o sal e o lim\u00e3o fazem as frutas soltarem mais l\u00edquido.<\/p>\n\n\n\n<p class=\"wp-block-paragraph\">O canal brasileiro <strong><a href=\"https:\/\/www.youtube.com\/watch?v=V2b8rQDk_Os\" target=\"_blank\" rel=\"noopener noreferrer\">Pensando ao Contr\u00e1rio<\/a><\/strong> mostra um vinagrete feito com a parte branca da casca da melancia. O v\u00eddeo passou de <strong>112 mil visualiza\u00e7\u00f5es<\/strong> e tamb\u00e9m traz ideias para evitar desperd\u00edcio.<\/p>\n\n\n\n<div style=\"position:relative;padding-bottom:56.25%;height:0;overflow:hidden;border-radius:10px;margin:16px 0;\">\n  <iframe src=\"https:\/\/www.youtube.com\/embed\/V2b8rQDk_Os\" title=\"Vinagrete e receitas com casca de melancia\" frameborder=\"0\" allow=\"accelerometer; autoplay; clipboard-write; encrypted-media; gyroscope; picture-in-picture\" allowfullscreen style=\"position:absolute;top:0;left:0;width:100%;height:100%;\"><\/iframe>\n<\/div>\n\n\n\n<p class=\"wp-block-paragraph\"><strong>Leia tamb\u00e9m: <a href=\"https:\/\/www.em.com.br\/emfoco\/2026\/06\/30\/recetia-que-avo-que-combate-gripes-resfriados-e-congestao-nasal\/\" target=\"_blank\" rel=\"noreferrer noopener\">Receita que av\u00f3 que combate gripes, resfriados e congest\u00e3o nasal<\/a><\/strong><\/p>\n\n\n\n<h2 class=\"wp-block-heading\">Com quais pratos o vinagrete de melancia combina?<\/h2>\n\n\n\n<p class=\"wp-block-paragraph\">O vinagrete pode acompanhar carnes, peixes e sandu\u00edches. O sabor doce tamb\u00e9m combina com pratos salgados e levemente picantes feitos na churrasqueira.<\/p>\n\n\n\n<p class=\"wp-block-paragraph\">Sirva o preparo gelado, mas evite colocar uma grande quantidade de l\u00edquido sobre carnes ou p\u00e3es. Uma colher com furos ajuda a retirar apenas os ingredientes.<\/p>\n\n\n\n<p class=\"wp-block-paragraph\">Estas combina\u00e7\u00f5es funcionam bem:<\/p>\n\n\n<div class=\"wp-block-image\">\n<figure class=\"aligncenter size-large is-resized\"><img decoding=\"async\" width=\"1024\" height=\"402\" src=\"https:\/\/www.em.com.br\/emfoco\/wp-content\/uploads\/2026\/07\/image-713-1024x402.png\" alt=\"\" class=\"wp-image-247873\" style=\"width:732px;height:auto\" srcset=\"https:\/\/www.em.com.br\/emfoco\/wp-content\/uploads\/2026\/07\/image-713-1024x402.png 1024w, https:\/\/www.em.com.br\/emfoco\/wp-content\/uploads\/2026\/07\/image-713-300x118.png 300w, https:\/\/www.em.com.br\/emfoco\/wp-content\/uploads\/2026\/07\/image-713-768x301.png 768w, https:\/\/www.em.com.br\/emfoco\/wp-content\/uploads\/2026\/07\/image-713-750x294.png 750w, https:\/\/www.em.com.br\/emfoco\/wp-content\/uploads\/2026\/07\/image-713-1140x447.png 1140w, https:\/\/www.em.com.br\/emfoco\/wp-content\/uploads\/2026\/07\/image-713.png 1280w\" sizes=\"(max-width: 1024px) 100vw, 1024px\" \/><\/figure>\n<\/div>\n\n\n<h2 class=\"wp-block-heading\">Como guardar o vinagrete de melancia depois de pronto?<\/h2>\n\n\n\n<p class=\"wp-block-paragraph\">O melhor \u00e9 preparar e servir no mesmo dia. Com o tempo, o sal, o lim\u00e3o e a cebola puxam a \u00e1gua das frutas, mudando a textura e deixando o vinagrete mais mole.<\/p>\n\n\n\n<p class=\"wp-block-paragraph\">Guarde a sobra em recipiente fechado dentro da geladeira. O Minist\u00e9rio da Sa\u00fade orienta manter a <strong><a href=\"https:\/\/www.gov.br\/saude\/pt-br\/assuntos\/saude-brasil\/eu-quero-me-alimentar-melhor\/noticias\/2022\/melancia-a-fruta-que-e-a-cara-do-verao\" target=\"_blank\" rel=\"noopener noreferrer\">melancia cortada refrigerada por at\u00e9 2 dias<\/a><\/strong>. Se houver cheiro estranho, espuma ou textura pegajosa, descarte o preparo.<\/p>\n","protected":false},"excerpt":{"rendered":"<p>Um vinagrete de melancia pode transformar a fruta doce em um acompanhamento fresco para os dias quentes. A mistura leva cebola roxa, pepino, abacaxi, lim\u00e3o e pimenta. O preparo n\u00e3o vai ao fogo e fica pronto em cerca de 10 minutos. Por que a melancia funciona em uma receita salgada? A melancia tem sabor doce [&hellip;]<\/p>\n","protected":false},"author":30,"featured_media":247887,"comment_status":"open","ping_status":"open","sticky":false,"template":"","format":"standard","meta":{"jnews-multi-image_gallery":[],"jnews_single_post":{"format":"standard"},"jnews_primary_category":[],"jnews_social_meta":[],"jnews_override_counter":[],"footnotes":""},"categories":[8819],"tags":[34285,34286,34283,34284],"class_list":["post-247865","post","type-post","status-publish","format-standard","has-post-thumbnail","hentry","category-curiosidades","tag-acompanhamento-facil","tag-comida-de-verao","tag-receita-com-melancia","tag-vinagrete-refrescante"],"yoast_head":"<!-- This site is optimized with the Yoast SEO plugin v28.3 - https:\/\/yoast.com\/product\/yoast-seo-wordpress\/ -->\n<title>A receita de vinagrete de melancia que combina sabor, frescor e praticidade para os dias mais quentes - Estado de Minas - Em foco<\/title>\n<meta name=\"description\" content=\"F\u00e1cil de preparar, o vinagrete de melancia une sabor agridoce, textura leve e frescor para deixar os dias quentes mais gostosos em casa.\" \/>\n<meta name=\"robots\" content=\"index, follow, max-snippet:-1, max-image-preview:large, max-video-preview:-1\" \/>\n<link rel=\"canonical\" href=\"https:\/\/www.em.com.br\/emfoco\/2026\/07\/13\/a-receita-de-vinagrete-de-melancia-que-combina-sabor-frescor-e-praticidade-para-os-dias-mais-quentes\/\" \/>\n<meta property=\"og:locale\" content=\"pt_BR\" \/>\n<meta property=\"og:type\" content=\"article\" \/>\n<meta property=\"og:title\" content=\"A receita de vinagrete de melancia que combina sabor, frescor e praticidade para os dias mais quentes - Estado de Minas - Em foco\" \/>\n<meta property=\"og:description\" content=\"F\u00e1cil de preparar, o vinagrete de melancia une sabor agridoce, textura leve e frescor para deixar os dias quentes mais gostosos em casa.\" \/>\n<meta property=\"og:url\" content=\"https:\/\/www.em.com.br\/emfoco\/2026\/07\/13\/a-receita-de-vinagrete-de-melancia-que-combina-sabor-frescor-e-praticidade-para-os-dias-mais-quentes\/\" \/>\n<meta property=\"og:site_name\" content=\"Estado de Minas - Em foco\" \/>\n<meta property=\"article:published_time\" content=\"2026-07-13T17:45:00+00:00\" \/>\n<meta property=\"og:image\" content=\"https:\/\/www.em.com.br\/emfoco\/wp-content\/uploads\/2026\/07\/salada1.jpg\" \/>\n\t<meta property=\"og:image:width\" content=\"1280\" \/>\n\t<meta property=\"og:image:height\" content=\"720\" \/>\n\t<meta property=\"og:image:type\" content=\"image\/jpeg\" \/>\n<meta name=\"author\" content=\"Guilherme Ara\u00fajo\" \/>\n<meta name=\"twitter:card\" content=\"summary_large_image\" \/>\n<meta name=\"twitter:label1\" content=\"Escrito por\" \/>\n\t<meta name=\"twitter:data1\" content=\"Guilherme Ara\u00fajo\" \/>\n\t<meta name=\"twitter:label2\" content=\"Est. tempo de leitura\" \/>\n\t<meta name=\"twitter:data2\" content=\"4 minutos\" \/>\n<!-- \/ Yoast SEO plugin. -->","yoast_head_json":{"title":"A receita de vinagrete de melancia que combina sabor, frescor e praticidade para os dias mais quentes - Estado de Minas - Em foco","description":"F\u00e1cil de preparar, o vinagrete de melancia une sabor agridoce, textura leve e frescor para deixar os dias quentes mais gostosos em casa.","robots":{"index":"index","follow":"follow","max-snippet":"max-snippet:-1","max-image-preview":"max-image-preview:large","max-video-preview":"max-video-preview:-1"},"canonical":"https:\/\/www.em.com.br\/emfoco\/2026\/07\/13\/a-receita-de-vinagrete-de-melancia-que-combina-sabor-frescor-e-praticidade-para-os-dias-mais-quentes\/","og_locale":"pt_BR","og_type":"article","og_title":"A receita de vinagrete de melancia que combina sabor, frescor e praticidade para os dias mais quentes - Estado de Minas - Em foco","og_description":"F\u00e1cil de preparar, o vinagrete de melancia une sabor agridoce, textura leve e frescor para deixar os dias quentes mais gostosos em casa.","og_url":"https:\/\/www.em.com.br\/emfoco\/2026\/07\/13\/a-receita-de-vinagrete-de-melancia-que-combina-sabor-frescor-e-praticidade-para-os-dias-mais-quentes\/","og_site_name":"Estado de Minas - Em foco","article_published_time":"2026-07-13T17:45:00+00:00","og_image":[{"width":1280,"height":720,"url":"https:\/\/www.em.com.br\/emfoco\/wp-content\/uploads\/2026\/07\/salada1.jpg","type":"image\/jpeg"}],"author":"Guilherme Ara\u00fajo","twitter_card":"summary_large_image","twitter_misc":{"Escrito por":"Guilherme Ara\u00fajo","Est. tempo de leitura":"4 minutos"},"schema":{"@context":"https:\/\/schema.org","@graph":[{"@type":"Article","@id":"https:\/\/www.em.com.br\/emfoco\/2026\/07\/13\/a-receita-de-vinagrete-de-melancia-que-combina-sabor-frescor-e-praticidade-para-os-dias-mais-quentes\/#article","isPartOf":{"@id":"https:\/\/www.em.com.br\/emfoco\/2026\/07\/13\/a-receita-de-vinagrete-de-melancia-que-combina-sabor-frescor-e-praticidade-para-os-dias-mais-quentes\/"},"author":{"name":"Guilherme Ara\u00fajo","@id":"https:\/\/www.em.com.br\/emfoco\/#\/schema\/person\/5379e929a4b966c775d121e23f9bb421"},"headline":"A receita de vinagrete de melancia que combina sabor, frescor e praticidade para os dias mais quentes","datePublished":"2026-07-13T17:45:00+00:00","mainEntityOfPage":{"@id":"https:\/\/www.em.com.br\/emfoco\/2026\/07\/13\/a-receita-de-vinagrete-de-melancia-que-combina-sabor-frescor-e-praticidade-para-os-dias-mais-quentes\/"},"wordCount":568,"commentCount":0,"image":{"@id":"https:\/\/www.em.com.br\/emfoco\/2026\/07\/13\/a-receita-de-vinagrete-de-melancia-que-combina-sabor-frescor-e-praticidade-para-os-dias-mais-quentes\/#primaryimage"},"thumbnailUrl":"https:\/\/www.em.com.br\/emfoco\/wp-content\/uploads\/2026\/07\/salada1.jpg","keywords":["acompanhamento f\u00e1cil","comida de ver\u00e3o","receita com melancia","vinagrete refrescante"],"articleSection":["Curiosidades"],"inLanguage":"pt-BR","potentialAction":[{"@type":"CommentAction","name":"Comment","target":["https:\/\/www.em.com.br\/emfoco\/2026\/07\/13\/a-receita-de-vinagrete-de-melancia-que-combina-sabor-frescor-e-praticidade-para-os-dias-mais-quentes\/#respond"]}]},{"@type":"WebPage","@id":"https:\/\/www.em.com.br\/emfoco\/2026\/07\/13\/a-receita-de-vinagrete-de-melancia-que-combina-sabor-frescor-e-praticidade-para-os-dias-mais-quentes\/","url":"https:\/\/www.em.com.br\/emfoco\/2026\/07\/13\/a-receita-de-vinagrete-de-melancia-que-combina-sabor-frescor-e-praticidade-para-os-dias-mais-quentes\/","name":"A receita de vinagrete de melancia que combina sabor, frescor e praticidade para os dias mais quentes - Estado de Minas - Em foco","isPartOf":{"@id":"https:\/\/www.em.com.br\/emfoco\/#website"},"primaryImageOfPage":{"@id":"https:\/\/www.em.com.br\/emfoco\/2026\/07\/13\/a-receita-de-vinagrete-de-melancia-que-combina-sabor-frescor-e-praticidade-para-os-dias-mais-quentes\/#primaryimage"},"image":{"@id":"https:\/\/www.em.com.br\/emfoco\/2026\/07\/13\/a-receita-de-vinagrete-de-melancia-que-combina-sabor-frescor-e-praticidade-para-os-dias-mais-quentes\/#primaryimage"},"thumbnailUrl":"https:\/\/www.em.com.br\/emfoco\/wp-content\/uploads\/2026\/07\/salada1.jpg","datePublished":"2026-07-13T17:45:00+00:00","author":{"@id":"https:\/\/www.em.com.br\/emfoco\/#\/schema\/person\/5379e929a4b966c775d121e23f9bb421"},"description":"F\u00e1cil de preparar, o vinagrete de melancia une sabor agridoce, textura leve e frescor para deixar os dias quentes mais gostosos em casa.","breadcrumb":{"@id":"https:\/\/www.em.com.br\/emfoco\/2026\/07\/13\/a-receita-de-vinagrete-de-melancia-que-combina-sabor-frescor-e-praticidade-para-os-dias-mais-quentes\/#breadcrumb"},"inLanguage":"pt-BR","potentialAction":[{"@type":"ReadAction","target":["https:\/\/www.em.com.br\/emfoco\/2026\/07\/13\/a-receita-de-vinagrete-de-melancia-que-combina-sabor-frescor-e-praticidade-para-os-dias-mais-quentes\/"]}]},{"@type":"ImageObject","inLanguage":"pt-BR","@id":"https:\/\/www.em.com.br\/emfoco\/2026\/07\/13\/a-receita-de-vinagrete-de-melancia-que-combina-sabor-frescor-e-praticidade-para-os-dias-mais-quentes\/#primaryimage","url":"https:\/\/www.em.com.br\/emfoco\/wp-content\/uploads\/2026\/07\/salada1.jpg","contentUrl":"https:\/\/www.em.com.br\/emfoco\/wp-content\/uploads\/2026\/07\/salada1.jpg","width":1280,"height":720,"caption":"F\u00e1cil de preparar, o vinagrete de melancia une sabor agridoce, textura leve e frescor para deixar os dias quentes mais gostosos em casa."},{"@type":"BreadcrumbList","@id":"https:\/\/www.em.com.br\/emfoco\/2026\/07\/13\/a-receita-de-vinagrete-de-melancia-que-combina-sabor-frescor-e-praticidade-para-os-dias-mais-quentes\/#breadcrumb","itemListElement":[{"@type":"ListItem","position":1,"name":"In\u00edcio","item":"https:\/\/www.em.com.br\/emfoco\/"},{"@type":"ListItem","position":2,"name":"A receita de vinagrete de melancia que combina sabor, frescor e praticidade para os dias mais quentes"}]},{"@type":"WebSite","@id":"https:\/\/www.em.com.br\/emfoco\/#website","url":"https:\/\/www.em.com.br\/emfoco\/","name":"Estado de Minas - Em foco","description":"Acompanhe as \u00faltimas not\u00edcias e fique bem informado sobre tudo o que acontece em Minas Gerais, Brasil e no mundo.","potentialAction":[{"@type":"SearchAction","target":{"@type":"EntryPoint","urlTemplate":"https:\/\/www.em.com.br\/emfoco\/?s={search_term_string}"},"query-input":{"@type":"PropertyValueSpecification","valueRequired":true,"valueName":"search_term_string"}}],"inLanguage":"pt-BR"},{"@type":"Person","@id":"https:\/\/www.em.com.br\/emfoco\/#\/schema\/person\/5379e929a4b966c775d121e23f9bb421","name":"Guilherme Ara\u00fajo","image":{"@type":"ImageObject","inLanguage":"pt-BR","@id":"https:\/\/secure.gravatar.com\/avatar\/063bc96e5a2afd1844386c45bd1360efc771eff011a9fab8cd399e2a104c3ecd?s=96&d=mm&r=g","url":"https:\/\/secure.gravatar.com\/avatar\/063bc96e5a2afd1844386c45bd1360efc771eff011a9fab8cd399e2a104c3ecd?s=96&d=mm&r=g","contentUrl":"https:\/\/secure.gravatar.com\/avatar\/063bc96e5a2afd1844386c45bd1360efc771eff011a9fab8cd399e2a104c3ecd?s=96&d=mm&r=g","caption":"Guilherme Ara\u00fajo"},"sameAs":["https:\/\/www.em.com.br\/emfoco"],"url":"https:\/\/www.em.com.br\/emfoco\/author\/guilhermeamyth\/"}]}},"_links":{"self":[{"href":"https:\/\/www.em.com.br\/emfoco\/wp-json\/wp\/v2\/posts\/247865","targetHints":{"allow":["GET"]}}],"collection":[{"href":"https:\/\/www.em.com.br\/emfoco\/wp-json\/wp\/v2\/posts"}],"about":[{"href":"https:\/\/www.em.com.br\/emfoco\/wp-json\/wp\/v2\/types\/post"}],"author":[{"embeddable":true,"href":"https:\/\/www.em.com.br\/emfoco\/wp-json\/wp\/v2\/users\/30"}],"replies":[{"embeddable":true,"href":"https:\/\/www.em.com.br\/emfoco\/wp-json\/wp\/v2\/comments?post=247865"}],"version-history":[{"count":4,"href":"https:\/\/www.em.com.br\/emfoco\/wp-json\/wp\/v2\/posts\/247865\/revisions"}],"predecessor-version":[{"id":247900,"href":"https:\/\/www.em.com.br\/emfoco\/wp-json\/wp\/v2\/posts\/247865\/revisions\/247900"}],"wp:featuredmedia":[{"embeddable":true,"href":"https:\/\/www.em.com.br\/emfoco\/wp-json\/wp\/v2\/media\/247887"}],"wp:attachment":[{"href":"https:\/\/www.em.com.br\/emfoco\/wp-json\/wp\/v2\/media?parent=247865"}],"wp:term":[{"taxonomy":"category","embeddable":true,"href":"https:\/\/www.em.com.br\/emfoco\/wp-json\/wp\/v2\/categories?post=247865"},{"taxonomy":"post_tag","embeddable":true,"href":"https:\/\/www.em.com.br\/emfoco\/wp-json\/wp\/v2\/tags?post=247865"}],"curies":[{"name":"wp","href":"https:\/\/api.w.org\/{rel}","templated":true}]}}