{"id":24777,"date":"2025-03-03T19:30:00","date_gmt":"2025-03-03T22:30:00","guid":{"rendered":"https:\/\/www.em.com.br\/emfoco\/?p=24777"},"modified":"2025-03-03T16:55:13","modified_gmt":"2025-03-03T19:55:13","slug":"o-verdadeiro-significado-do-nome-clara-pode-te-surpreender","status":"publish","type":"post","link":"https:\/\/www.em.com.br\/emfoco\/2025\/03\/03\/o-verdadeiro-significado-do-nome-clara-pode-te-surpreender\/","title":{"rendered":"O verdadeiro significado do nome Clara pode te surpreender"},"content":{"rendered":"\n<p>O nome Clara tem suas ra\u00edzes no latim, derivando de &#8220;clarus&#8221;, que significa &#8220;brilhante&#8221; e &#8220;ilustre&#8221;. Este nome evoca imagens de luminosidade e clareza, simbolizando pureza, transpar\u00eancia e sabedoria. Al\u00e9m disso, segundo o site <a href=\"https:\/\/paisefilhos.com.br\/bebes\/o-belo-e-forte-significado-do-nome-clara\/\" target=\"_blank\" rel=\"noreferrer noopener\">Pais&amp;Filhos<\/a>, Clara pode ser associada \u00e0 ideia de ilumina\u00e7\u00e3o espiritual e discernimento, qualidades que remetem a uma sabedoria inata e uma habilidade agu\u00e7ada para trazer luz aos desafios da vida cotidiana. Pessoas que carregam este nome muitas vezes se destacam por sua intelig\u00eancia e carisma.<\/p>\n\n\n\n<p>Clara \u00e9 popular em v\u00e1rios pa\u00edses, incluindo Brasil, Portugal, Espanha, It\u00e1lia e Alemanha. Esta difus\u00e3o pode ser atribu\u00edda tanto \u00e0 sua sonoridade agrad\u00e1vel quanto ao seu significado positivo. No mundo de l\u00edngua inglesa e francesa, Clara tamb\u00e9m \u00e9 um nome muito usado, com varia\u00e7\u00f5es como Claire em franc\u00eas e Chiara em italiano.<\/p>\n\n\n\n<h2 class=\"wp-block-heading\">Por que escolher o nome Clara?<\/h2>\n\n\n\n<p>Escolher o nome &#8220;Clara&#8221; para uma filha pode ser atraente por diversos motivos. Al\u00e9m de seu significado positivo e sonoridade suave, o nome carrega uma sensa\u00e7\u00e3o de tradi\u00e7\u00e3o e hist\u00f3ria. E<\/p>\n\n\n\n<p>Ele remete \u00e0 clareza de pensamentos e desejos de sabedoria e pureza para a crian\u00e7a. Clara tamb\u00e9m inspira uma valoriza\u00e7\u00e3o das qualidades internas, como a percep\u00e7\u00e3o agu\u00e7ada e um esp\u00edrito iluminado. \u00c9 uma escolha que transcende o simples gosto, ancorando-se em desejos de prosperidade e crescimento para a nova vida que se inicia.<\/p>\n\n\n\n<h2 class=\"wp-block-heading\">Qual \u00e9 a hist\u00f3ria por tr\u00e1s do nome Clara?<\/h2>\n\n\n\n<p>O nome Clara ganhou popularidade na Idade M\u00e9dia, em grande parte devido a Santa Clara de Assis. Ela foi uma das primeiras seguidoras de S\u00e3o Francisco de Assis e fundou a ordem religiosa das Clarissas. O nome se originou no s\u00e9culo XIII e \u00e9 indissociavelmente ligado \u00e0 hist\u00f3ria da Ordem das Clarissas, estabelecida por Santa Clara em 1212 no convento de S\u00e3o Dami\u00e3o, na It\u00e1lia. <\/p>\n\n\n\n<p>Santa Clara nasceu na cidade de Assis e seu nome original em italiano \u00e9 Santa Chiara d\u2019Assis. O dia 11 de agosto \u00e9 celebrado em sua mem\u00f3ria, consolidando a popularidade de seu <a href=\"https:\/\/www.em.com.br\/emfoco\/2025\/03\/02\/medicos-recomendam-essas-frutas-para-manter-a-imunidade-em-alta\/\" target=\"_blank\" rel=\"noreferrer noopener\">nome<\/a> em todo o mundo crist\u00e3o.<\/p>\n\n\n<div class=\"wp-block-image\">\n<figure class=\"aligncenter size-large\"><img loading=\"lazy\" decoding=\"async\" width=\"1024\" height=\"576\" src=\"https:\/\/www.em.com.br\/emfoco\/wp-content\/uploads\/2025\/03\/female-baby_1741031104573-1024x576.jpg\" alt=\"O verdadeiro significado do nome Clara pode te surpreender\" class=\"wp-image-24780\" srcset=\"https:\/\/www.em.com.br\/emfoco\/wp-content\/uploads\/2025\/03\/female-baby_1741031104573-1024x576.jpg 1024w, https:\/\/www.em.com.br\/emfoco\/wp-content\/uploads\/2025\/03\/female-baby_1741031104573-300x169.jpg 300w, https:\/\/www.em.com.br\/emfoco\/wp-content\/uploads\/2025\/03\/female-baby_1741031104573-768x432.jpg 768w, https:\/\/www.em.com.br\/emfoco\/wp-content\/uploads\/2025\/03\/female-baby_1741031104573-750x422.jpg 750w, https:\/\/www.em.com.br\/emfoco\/wp-content\/uploads\/2025\/03\/female-baby_1741031104573-1140x641.jpg 1140w, https:\/\/www.em.com.br\/emfoco\/wp-content\/uploads\/2025\/03\/female-baby_1741031104573.jpg 1280w\" sizes=\"auto, (max-width: 1024px) 100vw, 1024px\" \/><figcaption class=\"wp-element-caption\">Beb\u00ea (Cr\u00e9ditos: depositphotos.com \/ pitrs10)<\/figcaption><\/figure><\/div>\n\n\n<h2 class=\"wp-block-heading\">Famosos que compartilham o nome Clara<\/h2>\n\n\n\n<p>A hist\u00f3ria registra v\u00e1rias personalidades famosas com o nome. Entre elas, a compositora e pianista alem\u00e3 Clara Schumann, conhecida por suas contribui\u00e7\u00f5es \u00e0 m\u00fasica cl\u00e1ssica. Nos Estados Unidos dos anos 1920, a atriz Clara Bow se destacou como uma das maiores estrelas do cinema mudo. No cen\u00e1rio brasileiro, Clara Nunes \u00e9 lembrada por suas interpreta\u00e7\u00f5es \u00fanicas de samba. Outro exemplo \u00e9 Clara Barton, fundadora da Cruz Vermelha Americana.<\/p>\n\n\n\n<h2 class=\"wp-block-heading\">Apelidos e nomes compostos relacionados a Clara<\/h2>\n\n\n\n<p>Meninas registradas com este nome geralmente recebem apelidos carinhosos como Clarinha e Clarita. O nome Clara pode tamb\u00e9m dar origem a bonitos e significativos nomes compostos. Entre eles, podemos destacar:<\/p>\n\n\n\n<ul class=\"wp-block-list\">\n<li><strong>Maria Clara:<\/strong>\u00a0&#8220;senhora soberana iluminada&#8221;;<\/li>\n\n\n\n<li><strong>Ana Clara:<\/strong>\u00a0&#8220;mulher clara cheia de gra\u00e7a&#8221;;<\/li>\n\n\n\n<li><strong>Clara Valentina:<\/strong>\u00a0&#8220;mulher ilustre e valente&#8221;;<\/li>\n\n\n\n<li><strong>Clara Mait\u00ea:<\/strong>\u00a0&#8220;mulher clara e amada&#8221;;<\/li>\n\n\n\n<li><strong>Clara Vit\u00f3ria:<\/strong>\u00a0&#8220;mulher ilustre e vitoriosa&#8221;.<\/li>\n<\/ul>\n","protected":false},"excerpt":{"rendered":"<p>O nome Clara tem suas ra\u00edzes no latim, derivando de &#8220;clarus&#8221;, que significa &#8220;brilhante&#8221; e &#8220;ilustre&#8221;. Este nome evoca imagens de luminosidade e clareza, simbolizando pureza, transpar\u00eancia e sabedoria. Al\u00e9m disso, segundo o site Pais&amp;Filhos, Clara pode ser associada \u00e0 ideia de ilumina\u00e7\u00e3o espiritual e discernimento, qualidades que remetem a uma sabedoria inata e uma [&hellip;]<\/p>\n","protected":false},"author":10,"featured_media":24778,"comment_status":"open","ping_status":"open","sticky":false,"template":"","format":"standard","meta":{"jnews-multi-image_gallery":[],"jnews_single_post":{"format":"standard"},"jnews_primary_category":[],"jnews_social_meta":[],"jnews_override_counter":[],"footnotes":""},"categories":[29,1],"tags":[5846,237,2134],"class_list":["post-24777","post","type-post","status-publish","format-standard","has-post-thumbnail","hentry","category-entretenimento","category-noticias","tag-clara","tag-historia","tag-nome"],"yoast_head":"<!-- This site is optimized with the Yoast SEO plugin v23.8 - https:\/\/yoast.com\/wordpress\/plugins\/seo\/ -->\n<title>O verdadeiro significado do nome Clara pode te surpreender - Estado de Minas - Em foco<\/title>\n<meta name=\"description\" content=\"Voc\u00ea sabe o verdadeiro significado do nome Clara? A origem e curiosidades desse nome podem te surpreender!\" \/>\n<meta name=\"robots\" content=\"index, follow, max-snippet:-1, max-image-preview:large, max-video-preview:-1\" \/>\n<link rel=\"canonical\" href=\"https:\/\/www.em.com.br\/emfoco\/2025\/03\/03\/o-verdadeiro-significado-do-nome-clara-pode-te-surpreender\/\" \/>\n<meta property=\"og:locale\" content=\"pt_BR\" \/>\n<meta property=\"og:type\" content=\"article\" \/>\n<meta property=\"og:title\" content=\"O verdadeiro significado do nome Clara pode te surpreender - Estado de Minas - Em foco\" \/>\n<meta property=\"og:description\" content=\"Voc\u00ea sabe o verdadeiro significado do nome Clara? A origem e curiosidades desse nome podem te surpreender!\" \/>\n<meta property=\"og:url\" content=\"https:\/\/www.em.com.br\/emfoco\/2025\/03\/03\/o-verdadeiro-significado-do-nome-clara-pode-te-surpreender\/\" \/>\n<meta property=\"og:site_name\" content=\"Estado de Minas - Em foco\" \/>\n<meta property=\"article:published_time\" content=\"2025-03-03T22:30:00+00:00\" \/>\n<meta property=\"article:modified_time\" content=\"2025-03-03T19:55:13+00:00\" \/>\n<meta property=\"og:image\" content=\"https:\/\/www.em.com.br\/emfoco\/wp-content\/uploads\/2025\/03\/female-baby_1741030876537.jpg\" \/>\n\t<meta property=\"og:image:width\" content=\"1280\" \/>\n\t<meta property=\"og:image:height\" content=\"720\" \/>\n\t<meta property=\"og:image:type\" content=\"image\/jpeg\" \/>\n<meta name=\"author\" content=\"Patryck Reinehr\" \/>\n<meta name=\"twitter:card\" content=\"summary_large_image\" \/>\n<meta name=\"twitter:label1\" content=\"Escrito por\" \/>\n\t<meta name=\"twitter:data1\" content=\"Patryck Reinehr\" \/>\n\t<meta name=\"twitter:label2\" content=\"Est. tempo de leitura\" \/>\n\t<meta name=\"twitter:data2\" content=\"1 minuto\" \/>\n<!-- \/ Yoast SEO plugin. -->","yoast_head_json":{"title":"O verdadeiro significado do nome Clara pode te surpreender - Estado de Minas - Em foco","description":"Voc\u00ea sabe o verdadeiro significado do nome Clara? A origem e curiosidades desse nome podem te surpreender!","robots":{"index":"index","follow":"follow","max-snippet":"max-snippet:-1","max-image-preview":"max-image-preview:large","max-video-preview":"max-video-preview:-1"},"canonical":"https:\/\/www.em.com.br\/emfoco\/2025\/03\/03\/o-verdadeiro-significado-do-nome-clara-pode-te-surpreender\/","og_locale":"pt_BR","og_type":"article","og_title":"O verdadeiro significado do nome Clara pode te surpreender - Estado de Minas - Em foco","og_description":"Voc\u00ea sabe o verdadeiro significado do nome Clara? A origem e curiosidades desse nome podem te surpreender!","og_url":"https:\/\/www.em.com.br\/emfoco\/2025\/03\/03\/o-verdadeiro-significado-do-nome-clara-pode-te-surpreender\/","og_site_name":"Estado de Minas - Em foco","article_published_time":"2025-03-03T22:30:00+00:00","article_modified_time":"2025-03-03T19:55:13+00:00","og_image":[{"width":1280,"height":720,"url":"https:\/\/www.em.com.br\/emfoco\/wp-content\/uploads\/2025\/03\/female-baby_1741030876537.jpg","type":"image\/jpeg"}],"author":"Patryck Reinehr","twitter_card":"summary_large_image","twitter_misc":{"Escrito por":"Patryck Reinehr","Est. tempo de leitura":"1 minuto"},"schema":{"@context":"https:\/\/schema.org","@graph":[{"@type":"WebPage","@id":"https:\/\/www.em.com.br\/emfoco\/2025\/03\/03\/o-verdadeiro-significado-do-nome-clara-pode-te-surpreender\/","url":"https:\/\/www.em.com.br\/emfoco\/2025\/03\/03\/o-verdadeiro-significado-do-nome-clara-pode-te-surpreender\/","name":"O verdadeiro significado do nome Clara pode te surpreender - Estado de Minas - Em foco","isPartOf":{"@id":"https:\/\/www.em.com.br\/emfoco\/#website"},"primaryImageOfPage":{"@id":"https:\/\/www.em.com.br\/emfoco\/2025\/03\/03\/o-verdadeiro-significado-do-nome-clara-pode-te-surpreender\/#primaryimage"},"image":{"@id":"https:\/\/www.em.com.br\/emfoco\/2025\/03\/03\/o-verdadeiro-significado-do-nome-clara-pode-te-surpreender\/#primaryimage"},"thumbnailUrl":"https:\/\/www.em.com.br\/emfoco\/wp-content\/uploads\/2025\/03\/female-baby_1741030876537.jpg","datePublished":"2025-03-03T22:30:00+00:00","dateModified":"2025-03-03T19:55:13+00:00","author":{"@id":"https:\/\/www.em.com.br\/emfoco\/#\/schema\/person\/43407752bebcbbb4d0ec79deedc0d7ce"},"description":"Voc\u00ea sabe o verdadeiro significado do nome Clara? A origem e curiosidades desse nome podem te surpreender!","breadcrumb":{"@id":"https:\/\/www.em.com.br\/emfoco\/2025\/03\/03\/o-verdadeiro-significado-do-nome-clara-pode-te-surpreender\/#breadcrumb"},"inLanguage":"pt-BR","potentialAction":[{"@type":"ReadAction","target":["https:\/\/www.em.com.br\/emfoco\/2025\/03\/03\/o-verdadeiro-significado-do-nome-clara-pode-te-surpreender\/"]}]},{"@type":"ImageObject","inLanguage":"pt-BR","@id":"https:\/\/www.em.com.br\/emfoco\/2025\/03\/03\/o-verdadeiro-significado-do-nome-clara-pode-te-surpreender\/#primaryimage","url":"https:\/\/www.em.com.br\/emfoco\/wp-content\/uploads\/2025\/03\/female-baby_1741030876537.jpg","contentUrl":"https:\/\/www.em.com.br\/emfoco\/wp-content\/uploads\/2025\/03\/female-baby_1741030876537.jpg","width":1280,"height":720,"caption":"Beb\u00ea (Cr\u00e9ditos: depositphotos.com \/ evgenyataman)"},{"@type":"BreadcrumbList","@id":"https:\/\/www.em.com.br\/emfoco\/2025\/03\/03\/o-verdadeiro-significado-do-nome-clara-pode-te-surpreender\/#breadcrumb","itemListElement":[{"@type":"ListItem","position":1,"name":"In\u00edcio","item":"https:\/\/www.em.com.br\/emfoco\/"},{"@type":"ListItem","position":2,"name":"O verdadeiro significado do nome Clara pode te surpreender"}]},{"@type":"WebSite","@id":"https:\/\/www.em.com.br\/emfoco\/#website","url":"https:\/\/www.em.com.br\/emfoco\/","name":"Estado de Minas - Em foco","description":"Acompanhe as \u00faltimas not\u00edcias e fique bem informado sobre tudo o que acontece em Minas Gerais, Brasil e no mundo.","potentialAction":[{"@type":"SearchAction","target":{"@type":"EntryPoint","urlTemplate":"https:\/\/www.em.com.br\/emfoco\/?s={search_term_string}"},"query-input":{"@type":"PropertyValueSpecification","valueRequired":true,"valueName":"search_term_string"}}],"inLanguage":"pt-BR"},{"@type":"Person","@id":"https:\/\/www.em.com.br\/emfoco\/#\/schema\/person\/43407752bebcbbb4d0ec79deedc0d7ce","name":"Patryck Reinehr","image":{"@type":"ImageObject","inLanguage":"pt-BR","@id":"https:\/\/www.em.com.br\/emfoco\/#\/schema\/person\/image\/","url":"https:\/\/secure.gravatar.com\/avatar\/570c7fb2898c0e2df0823196891bea88?s=96&d=mm&r=g","contentUrl":"https:\/\/secure.gravatar.com\/avatar\/570c7fb2898c0e2df0823196891bea88?s=96&d=mm&r=g","caption":"Patryck Reinehr"},"url":"https:\/\/www.em.com.br\/emfoco\/author\/patryckmyth\/"}]}},"_links":{"self":[{"href":"https:\/\/www.em.com.br\/emfoco\/wp-json\/wp\/v2\/posts\/24777","targetHints":{"allow":["GET"]}}],"collection":[{"href":"https:\/\/www.em.com.br\/emfoco\/wp-json\/wp\/v2\/posts"}],"about":[{"href":"https:\/\/www.em.com.br\/emfoco\/wp-json\/wp\/v2\/types\/post"}],"author":[{"embeddable":true,"href":"https:\/\/www.em.com.br\/emfoco\/wp-json\/wp\/v2\/users\/10"}],"replies":[{"embeddable":true,"href":"https:\/\/www.em.com.br\/emfoco\/wp-json\/wp\/v2\/comments?post=24777"}],"version-history":[{"count":1,"href":"https:\/\/www.em.com.br\/emfoco\/wp-json\/wp\/v2\/posts\/24777\/revisions"}],"predecessor-version":[{"id":24781,"href":"https:\/\/www.em.com.br\/emfoco\/wp-json\/wp\/v2\/posts\/24777\/revisions\/24781"}],"wp:featuredmedia":[{"embeddable":true,"href":"https:\/\/www.em.com.br\/emfoco\/wp-json\/wp\/v2\/media\/24778"}],"wp:attachment":[{"href":"https:\/\/www.em.com.br\/emfoco\/wp-json\/wp\/v2\/media?parent=24777"}],"wp:term":[{"taxonomy":"category","embeddable":true,"href":"https:\/\/www.em.com.br\/emfoco\/wp-json\/wp\/v2\/categories?post=24777"},{"taxonomy":"post_tag","embeddable":true,"href":"https:\/\/www.em.com.br\/emfoco\/wp-json\/wp\/v2\/tags?post=24777"}],"curies":[{"name":"wp","href":"https:\/\/api.w.org\/{rel}","templated":true}]}}