{"id":247650,"date":"2026-07-13T15:35:00","date_gmt":"2026-07-13T18:35:00","guid":{"rendered":"https:\/\/www.em.com.br\/emfoco\/?p=247650"},"modified":"2026-07-12T06:10:37","modified_gmt":"2026-07-12T09:10:37","slug":"brasileira-mostra-como-e-viver-em-um-apartamento-de-apenas-9-m%c2%b2-em-paris-e-a-rotina-impressiona","status":"publish","type":"post","link":"https:\/\/www.em.com.br\/emfoco\/2026\/07\/13\/brasileira-mostra-como-e-viver-em-um-apartamento-de-apenas-9-m%c2%b2-em-paris-e-a-rotina-impressiona\/","title":{"rendered":"Brasileira mostra como \u00e9 viver em um apartamento de apenas 9 m\u00b2 em Paris e a rotina impressiona"},"content":{"rendered":"\n<p class=\"wp-block-paragraph\">Como \u00e9 morar em um <strong>apartamento<\/strong> pouco maior que um quarto comum? Em Paris, a brasileira Mariana Oliveira passou uma temporada em um im\u00f3vel de apenas <strong>9 m\u00b2<\/strong>, onde cama, cozinha e objetos pessoais dividem o mesmo ambiente.<\/p>\n\n\n\n<h2 class=\"wp-block-heading\">Como \u00e9 o apartamento de 9 m\u00b2 mostrado pela brasileira?<\/h2>\n\n\n\n<p class=\"wp-block-paragraph\">O im\u00f3vel tem apenas um c\u00f4modo para quase toda a rotina. O mesmo espa\u00e7o funciona como quarto, sala, cozinha e local para guardar roupas, alimentos e objetos pessoais.<\/p>\n\n\n\n<p class=\"wp-block-paragraph\">A experi\u00eancia foi mostrada por <strong><a href=\"https:\/\/www.tiktok.com\/@sonhealtoviagens\" target=\"_blank\" rel=\"noopener noreferrer\">Mariana Oliveira<\/a><\/strong>, criadora do perfil Sonhe Alto Viagens. Ela trocou o hostel por uma estadia em um im\u00f3vel compacto para viver uma experi\u00eancia diferente em <strong>Paris<\/strong>.<\/p>\n\n\n\n<figure class=\"wp-block-image size-large\"><img decoding=\"async\" width=\"1024\" height=\"576\" src=\"https:\/\/www.em.com.br\/emfoco\/wp-content\/uploads\/2026\/07\/apatarmno23-1024x576.jpg\" alt=\"\" class=\"wp-image-247665\" srcset=\"https:\/\/www.em.com.br\/emfoco\/wp-content\/uploads\/2026\/07\/apatarmno23-1024x576.jpg 1024w, https:\/\/www.em.com.br\/emfoco\/wp-content\/uploads\/2026\/07\/apatarmno23-300x169.jpg 300w, https:\/\/www.em.com.br\/emfoco\/wp-content\/uploads\/2026\/07\/apatarmno23-768x432.jpg 768w, https:\/\/www.em.com.br\/emfoco\/wp-content\/uploads\/2026\/07\/apatarmno23-750x422.jpg 750w, https:\/\/www.em.com.br\/emfoco\/wp-content\/uploads\/2026\/07\/apatarmno23-1140x641.jpg 1140w, https:\/\/www.em.com.br\/emfoco\/wp-content\/uploads\/2026\/07\/apatarmno23.jpg 1280w\" sizes=\"(max-width: 1024px) 100vw, 1024px\" \/><figcaption class=\"wp-element-caption\">O im\u00f3vel pequeno mostra um lado diferente da vida na capital francesa<\/figcaption><\/figure>\n\n\n\n<h2 class=\"wp-block-heading\">O que cabe dentro de um espa\u00e7o t\u00e3o pequeno?<\/h2>\n\n\n\n<p class=\"wp-block-paragraph\">Mesmo com apenas <strong>9 m\u00b2<\/strong>, o local re\u00fane itens b\u00e1sicos para dormir e preparar refei\u00e7\u00f5es simples. Cada aparelho ocupa uma parte importante do espa\u00e7o dispon\u00edvel.<\/p>\n\n\n\n<p class=\"wp-block-paragraph\">Os objetos ficam pr\u00f3ximos porque n\u00e3o existem c\u00f4modos separados. A organiza\u00e7\u00e3o precisa impedir que roupas, alimentos e utens\u00edlios bloqueiem a passagem.<\/p>\n\n\n\n<p class=\"wp-block-paragraph\">Entre os itens mostrados no im\u00f3vel est\u00e3o:<\/p>\n\n\n<div class=\"wp-block-image\">\n<figure class=\"aligncenter size-large is-resized\"><img decoding=\"async\" width=\"1024\" height=\"531\" src=\"https:\/\/www.em.com.br\/emfoco\/wp-content\/uploads\/2026\/07\/image-659-1024x531.png\" alt=\"\" class=\"wp-image-247655\" style=\"width:688px;height:auto\" srcset=\"https:\/\/www.em.com.br\/emfoco\/wp-content\/uploads\/2026\/07\/image-659-1024x531.png 1024w, https:\/\/www.em.com.br\/emfoco\/wp-content\/uploads\/2026\/07\/image-659-300x156.png 300w, https:\/\/www.em.com.br\/emfoco\/wp-content\/uploads\/2026\/07\/image-659-768x398.png 768w, https:\/\/www.em.com.br\/emfoco\/wp-content\/uploads\/2026\/07\/image-659-750x389.png 750w, https:\/\/www.em.com.br\/emfoco\/wp-content\/uploads\/2026\/07\/image-659-1140x591.png 1140w, https:\/\/www.em.com.br\/emfoco\/wp-content\/uploads\/2026\/07\/image-659.png 1280w\" sizes=\"(max-width: 1024px) 100vw, 1024px\" \/><\/figure>\n<\/div>\n\n\n<h2 class=\"wp-block-heading\">Como funciona a rotina dentro do apartamento?<\/h2>\n\n\n\n<p class=\"wp-block-paragraph\">A rotina exige que cada objeto volte ao lugar depois do uso. Uma mala aberta, roupas espalhadas ou lou\u00e7a acumulada podem ocupar rapidamente a passagem.<\/p>\n\n\n\n<p class=\"wp-block-paragraph\">Tamb\u00e9m n\u00e3o h\u00e1 muita dist\u00e2ncia entre a cama e a parte usada como cozinha. Por isso, preparar alimentos, guardar objetos e descansar s\u00e3o atividades feitas quase no mesmo ponto.<\/p>\n\n\n\n<p class=\"wp-block-paragraph\">Alguns h\u00e1bitos ajudam a usar melhor o espa\u00e7o:<\/p>\n\n\n\n<ul class=\"wp-block-list\">\n<li>guardar roupas e objetos logo depois de usar;<\/li>\n\n\n\n<li>comprar apenas alimentos que cabem no frigobar;<\/li>\n\n\n\n<li>preparar refei\u00e7\u00f5es simples e com poucos utens\u00edlios;<\/li>\n\n\n\n<li>usar malas, caixas e prateleiras como espa\u00e7o de apoio;<\/li>\n\n\n\n<li>evitar acumular itens que n\u00e3o fazem parte da rotina;<\/li>\n\n\n\n<li>manter a \u00e1rea de passagem sempre livre.<\/li>\n<\/ul>\n\n\n\n<p class=\"wp-block-paragraph\">Em um im\u00f3vel t\u00e3o compacto, arrumar o ambiente deixa de ser apenas uma escolha visual e vira parte das tarefas di\u00e1rias.<\/p>\n\n\n\n<p class=\"wp-block-paragraph\"><strong>Mariana Oliveira<\/strong>, do perfil <strong><a href=\"https:\/\/www.instagram.com\/sonhealtoviagens\" target=\"_blank\" rel=\"noreferrer noopener\">Sonhe Alto Viagens<\/a><\/strong>, soma <strong>1,8 milh\u00e3o de seguidores no Instagram<\/strong> e compartilha experi\u00eancias de viagens, interc\u00e2mbios e da vida fora do Brasil. Entre os conte\u00fados, ela mostrou como era sua rotina em um apartamento de apenas 9 m\u00b2 em Paris:<\/p>\n\n\n\n<blockquote class=\"instagram-media\" data-instgrm-captioned data-instgrm-permalink=\"https:\/\/www.instagram.com\/reel\/DXaUCR7iBHL\/?utm_source=ig_embed&amp;utm_campaign=loading\" data-instgrm-version=\"14\" style=\" background:#FFF; border:0; border-radius:3px; box-shadow:0 0 1px 0 rgba(0,0,0,0.5),0 1px 10px 0 rgba(0,0,0,0.15); margin: 1px; max-width:540px; min-width:326px; padding:0; width:99.375%; width:-webkit-calc(100% - 2px); width:calc(100% - 2px);\"><div style=\"padding:16px;\"> <a href=\"https:\/\/www.instagram.com\/reel\/DXaUCR7iBHL\/?utm_source=ig_embed&amp;utm_campaign=loading\" style=\" background:#FFFFFF; line-height:0; padding:0 0; text-align:center; text-decoration:none; width:100%;\" target=\"_blank\"> <div style=\" display: flex; flex-direction: row; align-items: center;\"> <div style=\"background-color: #F4F4F4; border-radius: 50%; flex-grow: 0; height: 40px; margin-right: 14px; width: 40px;\"><\/div> <div style=\"display: flex; flex-direction: column; flex-grow: 1; justify-content: center;\"> <div style=\" background-color: #F4F4F4; border-radius: 4px; flex-grow: 0; height: 14px; margin-bottom: 6px; width: 100px;\"><\/div> <div style=\" background-color: #F4F4F4; border-radius: 4px; flex-grow: 0; height: 14px; width: 60px;\"><\/div><\/div><\/div><div style=\"padding: 19% 0;\"><\/div> <div style=\"display:block; height:50px; margin:0 auto 12px; width:50px;\"><svg width=\"50px\" height=\"50px\" viewBox=\"0 0 60 60\" version=\"1.1\" xmlns=\"https:\/\/www.w3.org\/2000\/svg\" xmlns:xlink=\"https:\/\/www.w3.org\/1999\/xlink\"><g stroke=\"none\" stroke-width=\"1\" fill=\"none\" fill-rule=\"evenodd\"><g transform=\"translate(-511.000000, -20.000000)\" fill=\"#000000\"><g><path d=\"M556.869,30.41 C554.814,30.41 553.148,32.076 553.148,34.131 C553.148,36.186 554.814,37.852 556.869,37.852 C558.924,37.852 560.59,36.186 560.59,34.131 C560.59,32.076 558.924,30.41 556.869,30.41 M541,60.657 C535.114,60.657 530.342,55.887 530.342,50 C530.342,44.114 535.114,39.342 541,39.342 C546.887,39.342 551.658,44.114 551.658,50 C551.658,55.887 546.887,60.657 541,60.657 M541,33.886 C532.1,33.886 524.886,41.1 524.886,50 C524.886,58.899 532.1,66.113 541,66.113 C549.9,66.113 557.115,58.899 557.115,50 C557.115,41.1 549.9,33.886 541,33.886 M565.378,62.101 C565.244,65.022 564.756,66.606 564.346,67.663 C563.803,69.06 563.154,70.057 562.106,71.106 C561.058,72.155 560.06,72.803 558.662,73.347 C557.607,73.757 556.021,74.244 553.102,74.378 C549.944,74.521 548.997,74.552 541,74.552 C533.003,74.552 532.056,74.521 528.898,74.378 C525.979,74.244 524.393,73.757 523.338,73.347 C521.94,72.803 520.942,72.155 519.894,71.106 C518.846,70.057 518.197,69.06 517.654,67.663 C517.244,66.606 516.755,65.022 516.623,62.101 C516.479,58.943 516.448,57.996 516.448,50 C516.448,42.003 516.479,41.056 516.623,37.899 C516.755,34.978 517.244,33.391 517.654,32.338 C518.197,30.938 518.846,29.942 519.894,28.894 C520.942,27.846 521.94,27.196 523.338,26.654 C524.393,26.244 525.979,25.756 528.898,25.623 C532.057,25.479 533.004,25.448 541,25.448 C548.997,25.448 549.943,25.479 553.102,25.623 C556.021,25.756 557.607,26.244 558.662,26.654 C560.06,27.196 561.058,27.846 562.106,28.894 C563.154,29.942 563.803,30.938 564.346,32.338 C564.756,33.391 565.244,34.978 565.378,37.899 C565.522,41.056 565.552,42.003 565.552,50 C565.552,57.996 565.522,58.943 565.378,62.101 M570.82,37.631 C570.674,34.438 570.167,32.258 569.425,30.349 C568.659,28.377 567.633,26.702 565.965,25.035 C564.297,23.368 562.623,22.342 560.652,21.575 C558.743,20.834 556.562,20.326 553.369,20.18 C550.169,20.033 549.148,20 541,20 C532.853,20 531.831,20.033 528.631,20.18 C525.438,20.326 523.257,20.834 521.349,21.575 C519.376,22.342 517.703,23.368 516.035,25.035 C514.368,26.702 513.342,28.377 512.574,30.349 C511.834,32.258 511.326,34.438 511.181,37.631 C511.035,40.831 511,41.851 511,50 C511,58.147 511.035,59.17 511.181,62.369 C511.326,65.562 511.834,67.743 512.574,69.651 C513.342,71.625 514.368,73.296 516.035,74.965 C517.703,76.634 519.376,77.658 521.349,78.425 C523.257,79.167 525.438,79.673 528.631,79.82 C531.831,79.965 532.853,80.001 541,80.001 C549.148,80.001 550.169,79.965 553.369,79.82 C556.562,79.673 558.743,79.167 560.652,78.425 C562.623,77.658 564.297,76.634 565.965,74.965 C567.633,73.296 568.659,71.625 569.425,69.651 C570.167,67.743 570.674,65.562 570.82,62.369 C570.966,59.17 571,58.147 571,50 C571,41.851 570.966,40.831 570.82,37.631\"><\/path><\/g><\/g><\/g><\/svg><\/div><div style=\"padding-top: 8px;\"> <div style=\" color:#3897f0; font-family:Arial,sans-serif; font-size:14px; font-style:normal; font-weight:550; line-height:18px;\">Ver essa foto no Instagram<\/div><\/div><div style=\"padding: 12.5% 0;\"><\/div> <div style=\"display: flex; flex-direction: row; margin-bottom: 14px; align-items: center;\"><div> <div style=\"background-color: #F4F4F4; border-radius: 50%; height: 12.5px; width: 12.5px; transform: translateX(0px) translateY(7px);\"><\/div> <div style=\"background-color: #F4F4F4; height: 12.5px; transform: rotate(-45deg) translateX(3px) translateY(1px); width: 12.5px; flex-grow: 0; margin-right: 14px; margin-left: 2px;\"><\/div> <div style=\"background-color: #F4F4F4; border-radius: 50%; height: 12.5px; width: 12.5px; transform: translateX(9px) translateY(-18px);\"><\/div><\/div><div style=\"margin-left: 8px;\"> <div style=\" background-color: #F4F4F4; border-radius: 50%; flex-grow: 0; height: 20px; width: 20px;\"><\/div> <div style=\" width: 0; height: 0; border-top: 2px solid transparent; border-left: 6px solid #f4f4f4; border-bottom: 2px solid transparent; transform: translateX(16px) translateY(-4px) rotate(30deg)\"><\/div><\/div><div style=\"margin-left: auto;\"> <div style=\" width: 0px; border-top: 8px solid #F4F4F4; border-right: 8px solid transparent; transform: translateY(16px);\"><\/div> <div style=\" background-color: #F4F4F4; flex-grow: 0; height: 12px; width: 16px; transform: translateY(-4px);\"><\/div> <div style=\" width: 0; height: 0; border-top: 8px solid #F4F4F4; border-left: 8px solid transparent; transform: translateY(-4px) translateX(8px);\"><\/div><\/div><\/div> <div style=\"display: flex; flex-direction: column; flex-grow: 1; justify-content: center; margin-bottom: 24px;\"> <div style=\" background-color: #F4F4F4; border-radius: 4px; flex-grow: 0; height: 14px; margin-bottom: 6px; width: 224px;\"><\/div> <div style=\" background-color: #F4F4F4; border-radius: 4px; flex-grow: 0; height: 14px; width: 144px;\"><\/div><\/div><\/a><p style=\" color:#c9c8cd; font-family:Arial,sans-serif; font-size:14px; line-height:17px; margin-bottom:0; margin-top:8px; overflow:hidden; padding:8px 0 7px; text-align:center; text-overflow:ellipsis; white-space:nowrap;\"><a href=\"https:\/\/www.instagram.com\/reel\/DXaUCR7iBHL\/?utm_source=ig_embed&amp;utm_campaign=loading\" style=\" color:#c9c8cd; font-family:Arial,sans-serif; font-size:14px; font-style:normal; font-weight:normal; line-height:17px; text-decoration:none;\" target=\"_blank\">Um post compartilhado por Mariana Oliveira | l Viagem e Interc\u00e2mbio (@sonhealtoviagens)<\/a><\/p><\/div><\/blockquote>\n<script async src=\"\/\/www.instagram.com\/embed.js\"><\/script>\n\n\n\n<p class=\"wp-block-paragraph\"><strong>Leia tamb\u00e9m: <a href=\"https:\/\/www.em.com.br\/emfoco\/2026\/07\/09\/estes-eletrodomesticos-nunca-devem-ser-ligados-em-uma-extensao\/\" target=\"_blank\" rel=\"noreferrer noopener\">Estes eletrodom\u00e9sticos nunca devem ser ligados em uma extens\u00e3o<\/a><\/strong><\/p>\n\n\n\n<h2 class=\"wp-block-heading\">Um apartamento de 9 m\u00b2 pode ser alugado legalmente?<\/h2>\n\n\n\n<p class=\"wp-block-paragraph\">Na Fran\u00e7a, um im\u00f3vel alugado precisa ter pelo menos uma pe\u00e7a principal com <strong><a href=\"https:\/\/www.service-public.gouv.fr\/particuliers\/vosdroits\/F2042\" target=\"_blank\" rel=\"noopener noreferrer\">9 m\u00b2 e 2,20 metros de altura<\/a><\/strong>. Outra possibilidade \u00e9 ter um volume interno de pelo menos <strong>20 m\u00b3<\/strong>.<\/p>\n\n\n\n<p class=\"wp-block-paragraph\">O tamanho sozinho n\u00e3o libera a loca\u00e7\u00e3o. O im\u00f3vel tamb\u00e9m precisa ter \u00e1gua, energia el\u00e9trica, ventila\u00e7\u00e3o, luz natural, espa\u00e7o para cozinhar e condi\u00e7\u00f5es que n\u00e3o coloquem o morador em risco.<\/p>\n\n\n\n<p class=\"wp-block-paragraph\">As exig\u00eancias b\u00e1sicas podem ser resumidas assim:<\/p>\n\n\n<div class=\"wp-block-image\">\n<figure class=\"aligncenter size-large is-resized\"><img decoding=\"async\" width=\"1024\" height=\"402\" src=\"https:\/\/www.em.com.br\/emfoco\/wp-content\/uploads\/2026\/07\/image-660-1024x402.png\" alt=\"\" class=\"wp-image-247656\" style=\"width:762px;height:auto\" srcset=\"https:\/\/www.em.com.br\/emfoco\/wp-content\/uploads\/2026\/07\/image-660-1024x402.png 1024w, https:\/\/www.em.com.br\/emfoco\/wp-content\/uploads\/2026\/07\/image-660-300x118.png 300w, https:\/\/www.em.com.br\/emfoco\/wp-content\/uploads\/2026\/07\/image-660-768x301.png 768w, https:\/\/www.em.com.br\/emfoco\/wp-content\/uploads\/2026\/07\/image-660-750x294.png 750w, https:\/\/www.em.com.br\/emfoco\/wp-content\/uploads\/2026\/07\/image-660-1140x447.png 1140w, https:\/\/www.em.com.br\/emfoco\/wp-content\/uploads\/2026\/07\/image-660.png 1280w\" sizes=\"(max-width: 1024px) 100vw, 1024px\" \/><\/figure>\n<\/div>\n\n\n<h2 class=\"wp-block-heading\">Por que existem tantos apartamentos pequenos em Paris?<\/h2>\n\n\n\n<p class=\"wp-block-paragraph\">Im\u00f3veis pequenos fazem parte da realidade da capital francesa. Dados oficiais mostram que, em <strong>2018<\/strong>, cerca de <strong><a href=\"https:\/\/www.insee.fr\/fr\/statistiques\/5417992\" target=\"_blank\" rel=\"noopener noreferrer\">39% das moradias principais de Paris<\/a><\/strong> tinham menos de <strong>40 m\u00b2<\/strong>.<\/p>\n\n\n\n<p class=\"wp-block-paragraph\">A Prefeitura de Paris considera a \u00e1rea menor que <strong><a href=\"https:\/\/www.paris.fr\/pages\/lutte-contre-l-insalubrite-113\" target=\"_blank\" rel=\"noopener noreferrer\">9 m\u00b2<\/a><\/strong> um poss\u00edvel sinal de moradia inadequada. O caso mostrado por Mariana fica exatamente no limite m\u00ednimo, o que ajuda a explicar por que sua rotina dentro do espa\u00e7o chama tanta aten\u00e7\u00e3o.<\/p>\n","protected":false},"excerpt":{"rendered":"<p>Como \u00e9 morar em um apartamento pouco maior que um quarto comum? Em Paris, a brasileira Mariana Oliveira passou uma temporada em um im\u00f3vel de apenas 9 m\u00b2, onde cama, cozinha e objetos pessoais dividem o mesmo ambiente. Como \u00e9 o apartamento de 9 m\u00b2 mostrado pela brasileira? O im\u00f3vel tem apenas um c\u00f4modo para [&hellip;]<\/p>\n","protected":false},"author":30,"featured_media":247664,"comment_status":"open","ping_status":"open","sticky":false,"template":"","format":"standard","meta":{"jnews-multi-image_gallery":[],"jnews_single_post":{"format":"standard"},"jnews_primary_category":[],"jnews_social_meta":[],"jnews_override_counter":[],"footnotes":""},"categories":[8819],"tags":[24074,34258,34256,34257],"class_list":["post-247650","post","type-post","status-publish","format-standard","has-post-thumbnail","hentry","category-curiosidades","tag-apartamento-pequeno","tag-moradia-francesa","tag-morar-em-paris","tag-rotina-compacta"],"yoast_head":"<!-- This site is optimized with the Yoast SEO plugin v28.3 - https:\/\/yoast.com\/product\/yoast-seo-wordpress\/ -->\n<title>Brasileira mostra como \u00e9 viver em um apartamento de apenas 9 m\u00b2 em Paris e a rotina impressiona - Estado de Minas - Em foco<\/title>\n<meta name=\"description\" content=\"Uma brasileira mostra a rotina em um apartamento min\u00fasculo em Paris, com solu\u00e7\u00f5es criativas para dormir, cozinhar e organizar cada espa\u00e7o.\" \/>\n<meta name=\"robots\" content=\"index, follow, max-snippet:-1, max-image-preview:large, max-video-preview:-1\" \/>\n<link rel=\"canonical\" href=\"https:\/\/www.em.com.br\/emfoco\/2026\/07\/13\/brasileira-mostra-como-e-viver-em-um-apartamento-de-apenas-9-m\u00b2-em-paris-e-a-rotina-impressiona\/\" \/>\n<meta property=\"og:locale\" content=\"pt_BR\" \/>\n<meta property=\"og:type\" content=\"article\" \/>\n<meta property=\"og:title\" content=\"Brasileira mostra como \u00e9 viver em um apartamento de apenas 9 m\u00b2 em Paris e a rotina impressiona - Estado de Minas - Em foco\" \/>\n<meta property=\"og:description\" content=\"Uma brasileira mostra a rotina em um apartamento min\u00fasculo em Paris, com solu\u00e7\u00f5es criativas para dormir, cozinhar e organizar cada espa\u00e7o.\" \/>\n<meta property=\"og:url\" content=\"https:\/\/www.em.com.br\/emfoco\/2026\/07\/13\/brasileira-mostra-como-e-viver-em-um-apartamento-de-apenas-9-m\u00b2-em-paris-e-a-rotina-impressiona\/\" \/>\n<meta property=\"og:site_name\" content=\"Estado de Minas - Em foco\" \/>\n<meta property=\"article:published_time\" content=\"2026-07-13T18:35:00+00:00\" \/>\n<meta property=\"og:image\" content=\"https:\/\/www.em.com.br\/emfoco\/wp-content\/uploads\/2026\/07\/apartamento1.jpg\" \/>\n\t<meta property=\"og:image:width\" content=\"1280\" \/>\n\t<meta property=\"og:image:height\" content=\"720\" \/>\n\t<meta property=\"og:image:type\" content=\"image\/jpeg\" \/>\n<meta name=\"author\" content=\"Guilherme Ara\u00fajo\" \/>\n<meta name=\"twitter:card\" content=\"summary_large_image\" \/>\n<meta name=\"twitter:label1\" content=\"Escrito por\" \/>\n\t<meta name=\"twitter:data1\" content=\"Guilherme Ara\u00fajo\" \/>\n\t<meta name=\"twitter:label2\" content=\"Est. tempo de leitura\" \/>\n\t<meta name=\"twitter:data2\" content=\"4 minutos\" \/>\n<!-- \/ Yoast SEO plugin. -->","yoast_head_json":{"title":"Brasileira mostra como \u00e9 viver em um apartamento de apenas 9 m\u00b2 em Paris e a rotina impressiona - Estado de Minas - Em foco","description":"Uma brasileira mostra a rotina em um apartamento min\u00fasculo em Paris, com solu\u00e7\u00f5es criativas para dormir, cozinhar e organizar cada espa\u00e7o.","robots":{"index":"index","follow":"follow","max-snippet":"max-snippet:-1","max-image-preview":"max-image-preview:large","max-video-preview":"max-video-preview:-1"},"canonical":"https:\/\/www.em.com.br\/emfoco\/2026\/07\/13\/brasileira-mostra-como-e-viver-em-um-apartamento-de-apenas-9-m\u00b2-em-paris-e-a-rotina-impressiona\/","og_locale":"pt_BR","og_type":"article","og_title":"Brasileira mostra como \u00e9 viver em um apartamento de apenas 9 m\u00b2 em Paris e a rotina impressiona - Estado de Minas - Em foco","og_description":"Uma brasileira mostra a rotina em um apartamento min\u00fasculo em Paris, com solu\u00e7\u00f5es criativas para dormir, cozinhar e organizar cada espa\u00e7o.","og_url":"https:\/\/www.em.com.br\/emfoco\/2026\/07\/13\/brasileira-mostra-como-e-viver-em-um-apartamento-de-apenas-9-m\u00b2-em-paris-e-a-rotina-impressiona\/","og_site_name":"Estado de Minas - Em foco","article_published_time":"2026-07-13T18:35:00+00:00","og_image":[{"width":1280,"height":720,"url":"https:\/\/www.em.com.br\/emfoco\/wp-content\/uploads\/2026\/07\/apartamento1.jpg","type":"image\/jpeg"}],"author":"Guilherme Ara\u00fajo","twitter_card":"summary_large_image","twitter_misc":{"Escrito por":"Guilherme Ara\u00fajo","Est. tempo de leitura":"4 minutos"},"schema":{"@context":"https:\/\/schema.org","@graph":[{"@type":"Article","@id":"https:\/\/www.em.com.br\/emfoco\/2026\/07\/13\/brasileira-mostra-como-e-viver-em-um-apartamento-de-apenas-9-m%c2%b2-em-paris-e-a-rotina-impressiona\/#article","isPartOf":{"@id":"https:\/\/www.em.com.br\/emfoco\/2026\/07\/13\/brasileira-mostra-como-e-viver-em-um-apartamento-de-apenas-9-m%c2%b2-em-paris-e-a-rotina-impressiona\/"},"author":{"name":"Guilherme Ara\u00fajo","@id":"https:\/\/www.em.com.br\/emfoco\/#\/schema\/person\/5379e929a4b966c775d121e23f9bb421"},"headline":"Brasileira mostra como \u00e9 viver em um apartamento de apenas 9 m\u00b2 em Paris e a rotina impressiona","datePublished":"2026-07-13T18:35:00+00:00","mainEntityOfPage":{"@id":"https:\/\/www.em.com.br\/emfoco\/2026\/07\/13\/brasileira-mostra-como-e-viver-em-um-apartamento-de-apenas-9-m%c2%b2-em-paris-e-a-rotina-impressiona\/"},"wordCount":608,"commentCount":0,"image":{"@id":"https:\/\/www.em.com.br\/emfoco\/2026\/07\/13\/brasileira-mostra-como-e-viver-em-um-apartamento-de-apenas-9-m%c2%b2-em-paris-e-a-rotina-impressiona\/#primaryimage"},"thumbnailUrl":"https:\/\/www.em.com.br\/emfoco\/wp-content\/uploads\/2026\/07\/apartamento1.jpg","keywords":["Apartamento pequeno","moradia francesa","morar em Paris","rotina compacta"],"articleSection":["Curiosidades"],"inLanguage":"pt-BR","potentialAction":[{"@type":"CommentAction","name":"Comment","target":["https:\/\/www.em.com.br\/emfoco\/2026\/07\/13\/brasileira-mostra-como-e-viver-em-um-apartamento-de-apenas-9-m%c2%b2-em-paris-e-a-rotina-impressiona\/#respond"]}]},{"@type":"WebPage","@id":"https:\/\/www.em.com.br\/emfoco\/2026\/07\/13\/brasileira-mostra-como-e-viver-em-um-apartamento-de-apenas-9-m%c2%b2-em-paris-e-a-rotina-impressiona\/","url":"https:\/\/www.em.com.br\/emfoco\/2026\/07\/13\/brasileira-mostra-como-e-viver-em-um-apartamento-de-apenas-9-m%c2%b2-em-paris-e-a-rotina-impressiona\/","name":"Brasileira mostra como \u00e9 viver em um apartamento de apenas 9 m\u00b2 em Paris e a rotina impressiona - Estado de Minas - Em foco","isPartOf":{"@id":"https:\/\/www.em.com.br\/emfoco\/#website"},"primaryImageOfPage":{"@id":"https:\/\/www.em.com.br\/emfoco\/2026\/07\/13\/brasileira-mostra-como-e-viver-em-um-apartamento-de-apenas-9-m%c2%b2-em-paris-e-a-rotina-impressiona\/#primaryimage"},"image":{"@id":"https:\/\/www.em.com.br\/emfoco\/2026\/07\/13\/brasileira-mostra-como-e-viver-em-um-apartamento-de-apenas-9-m%c2%b2-em-paris-e-a-rotina-impressiona\/#primaryimage"},"thumbnailUrl":"https:\/\/www.em.com.br\/emfoco\/wp-content\/uploads\/2026\/07\/apartamento1.jpg","datePublished":"2026-07-13T18:35:00+00:00","author":{"@id":"https:\/\/www.em.com.br\/emfoco\/#\/schema\/person\/5379e929a4b966c775d121e23f9bb421"},"description":"Uma brasileira mostra a rotina em um apartamento min\u00fasculo em Paris, com solu\u00e7\u00f5es criativas para dormir, cozinhar e organizar cada espa\u00e7o.","breadcrumb":{"@id":"https:\/\/www.em.com.br\/emfoco\/2026\/07\/13\/brasileira-mostra-como-e-viver-em-um-apartamento-de-apenas-9-m%c2%b2-em-paris-e-a-rotina-impressiona\/#breadcrumb"},"inLanguage":"pt-BR","potentialAction":[{"@type":"ReadAction","target":["https:\/\/www.em.com.br\/emfoco\/2026\/07\/13\/brasileira-mostra-como-e-viver-em-um-apartamento-de-apenas-9-m%c2%b2-em-paris-e-a-rotina-impressiona\/"]}]},{"@type":"ImageObject","inLanguage":"pt-BR","@id":"https:\/\/www.em.com.br\/emfoco\/2026\/07\/13\/brasileira-mostra-como-e-viver-em-um-apartamento-de-apenas-9-m%c2%b2-em-paris-e-a-rotina-impressiona\/#primaryimage","url":"https:\/\/www.em.com.br\/emfoco\/wp-content\/uploads\/2026\/07\/apartamento1.jpg","contentUrl":"https:\/\/www.em.com.br\/emfoco\/wp-content\/uploads\/2026\/07\/apartamento1.jpg","width":1280,"height":720,"caption":"A falta de espa\u00e7o exige criatividade para manter a rotina organizada"},{"@type":"BreadcrumbList","@id":"https:\/\/www.em.com.br\/emfoco\/2026\/07\/13\/brasileira-mostra-como-e-viver-em-um-apartamento-de-apenas-9-m%c2%b2-em-paris-e-a-rotina-impressiona\/#breadcrumb","itemListElement":[{"@type":"ListItem","position":1,"name":"In\u00edcio","item":"https:\/\/www.em.com.br\/emfoco\/"},{"@type":"ListItem","position":2,"name":"Brasileira mostra como \u00e9 viver em um apartamento de apenas 9 m\u00b2 em Paris e a rotina impressiona"}]},{"@type":"WebSite","@id":"https:\/\/www.em.com.br\/emfoco\/#website","url":"https:\/\/www.em.com.br\/emfoco\/","name":"Estado de Minas - Em foco","description":"Acompanhe as \u00faltimas not\u00edcias e fique bem informado sobre tudo o que acontece em Minas Gerais, Brasil e no mundo.","potentialAction":[{"@type":"SearchAction","target":{"@type":"EntryPoint","urlTemplate":"https:\/\/www.em.com.br\/emfoco\/?s={search_term_string}"},"query-input":{"@type":"PropertyValueSpecification","valueRequired":true,"valueName":"search_term_string"}}],"inLanguage":"pt-BR"},{"@type":"Person","@id":"https:\/\/www.em.com.br\/emfoco\/#\/schema\/person\/5379e929a4b966c775d121e23f9bb421","name":"Guilherme Ara\u00fajo","image":{"@type":"ImageObject","inLanguage":"pt-BR","@id":"https:\/\/secure.gravatar.com\/avatar\/063bc96e5a2afd1844386c45bd1360efc771eff011a9fab8cd399e2a104c3ecd?s=96&d=mm&r=g","url":"https:\/\/secure.gravatar.com\/avatar\/063bc96e5a2afd1844386c45bd1360efc771eff011a9fab8cd399e2a104c3ecd?s=96&d=mm&r=g","contentUrl":"https:\/\/secure.gravatar.com\/avatar\/063bc96e5a2afd1844386c45bd1360efc771eff011a9fab8cd399e2a104c3ecd?s=96&d=mm&r=g","caption":"Guilherme Ara\u00fajo"},"sameAs":["https:\/\/www.em.com.br\/emfoco"],"url":"https:\/\/www.em.com.br\/emfoco\/author\/guilhermeamyth\/"}]}},"_links":{"self":[{"href":"https:\/\/www.em.com.br\/emfoco\/wp-json\/wp\/v2\/posts\/247650","targetHints":{"allow":["GET"]}}],"collection":[{"href":"https:\/\/www.em.com.br\/emfoco\/wp-json\/wp\/v2\/posts"}],"about":[{"href":"https:\/\/www.em.com.br\/emfoco\/wp-json\/wp\/v2\/types\/post"}],"author":[{"embeddable":true,"href":"https:\/\/www.em.com.br\/emfoco\/wp-json\/wp\/v2\/users\/30"}],"replies":[{"embeddable":true,"href":"https:\/\/www.em.com.br\/emfoco\/wp-json\/wp\/v2\/comments?post=247650"}],"version-history":[{"count":4,"href":"https:\/\/www.em.com.br\/emfoco\/wp-json\/wp\/v2\/posts\/247650\/revisions"}],"predecessor-version":[{"id":247681,"href":"https:\/\/www.em.com.br\/emfoco\/wp-json\/wp\/v2\/posts\/247650\/revisions\/247681"}],"wp:featuredmedia":[{"embeddable":true,"href":"https:\/\/www.em.com.br\/emfoco\/wp-json\/wp\/v2\/media\/247664"}],"wp:attachment":[{"href":"https:\/\/www.em.com.br\/emfoco\/wp-json\/wp\/v2\/media?parent=247650"}],"wp:term":[{"taxonomy":"category","embeddable":true,"href":"https:\/\/www.em.com.br\/emfoco\/wp-json\/wp\/v2\/categories?post=247650"},{"taxonomy":"post_tag","embeddable":true,"href":"https:\/\/www.em.com.br\/emfoco\/wp-json\/wp\/v2\/tags?post=247650"}],"curies":[{"name":"wp","href":"https:\/\/api.w.org\/{rel}","templated":true}]}}