{"id":2476,"date":"2024-12-01T18:40:00","date_gmt":"2024-12-01T21:40:00","guid":{"rendered":"https:\/\/www.em.com.br\/emfoco\/?p=2476"},"modified":"2024-11-30T15:09:56","modified_gmt":"2024-11-30T18:09:56","slug":"qual-corrida-lendaria-de-ayrton-senna-ficou-de-fora-da-serie-da-netflix","status":"publish","type":"post","link":"https:\/\/www.em.com.br\/emfoco\/2024\/12\/01\/qual-corrida-lendaria-de-ayrton-senna-ficou-de-fora-da-serie-da-netflix\/","title":{"rendered":"Qual corrida lend\u00e1ria de Ayrton Senna ficou de fora da s\u00e9rie da Netflix?"},"content":{"rendered":"\n<p>A <a href=\"https:\/\/www.netflix.com\/br\/\" target=\"_blank\" rel=\"noreferrer noopener\">Netflix <\/a>lan\u00e7ou uma nova s\u00e9rie em homenagem a Ayrton Senna, famoso <a href=\"https:\/\/www.em.com.br\/emfoco\/2024\/11\/29\/toyota-lanca-novo-suv-mais-economico-e-barato-ate-30-km-com-1-litro\/\" target=\"_blank\" rel=\"noreferrer noopener\">piloto<\/a> de F\u00f3rmula 1, no final de novembro de 2023. A s\u00e9rie busca capturar os momentos mais memor\u00e1veis de sua vida e carreira, desde suas primeiras vit\u00f3rias at\u00e9 o tr\u00e1gico acidente que culminou em seu falecimento. Embora a s\u00e9rie se esforce para retratar a ess\u00eancia de Senna, algumas cr\u00edticas surgiram sobre eventos importantes que foram deixados de fora.<\/p>\n\n\n\n<p>Em somente seis epis\u00f3dios, a s\u00e9rie se prop\u00f5e a condensar a trajet\u00f3ria de Senna na F\u00f3rmula 1, um desafio que naturalmente requer escolhas sobre o que incluir ou omitir. Apesar de ser uma rica homenagem ao legado do piloto, os produtores optaram por n\u00e3o detalhar alguns momentos significativos de sua carreira que ainda ressoam entre os f\u00e3s do automobilismo.<\/p>\n\n\n\n<h2 class=\"wp-block-heading\">Quais Momentos Foram Deixados de Lado?<\/h2>\n\n\n\n<p>Um evento not\u00e1vel que n\u00e3o aparece na s\u00e9rie \u00e9 o epis\u00f3dio de paralisia facial que Senna experimentou durante sua transi\u00e7\u00e3o da Toleman para a equipe Lotus. Em 1984, devido \u00e0 mastoidite, uma infec\u00e7\u00e3o que afetou os nervos faciais do piloto, ele enfrentou desafios pessoais significativos. No entanto, com o tratamento adequado, a condi\u00e7\u00e3o foi superada sem consequ\u00eancias duradouras.<\/p>\n\n\n\n<figure class=\"wp-block-embed aligncenter is-type-video is-provider-youtube wp-block-embed-youtube wp-embed-aspect-4-3 wp-has-aspect-ratio\"><div class=\"wp-block-embed__wrapper\">\n<div class=\"jeg_video_container jeg_video_content\"><iframe loading=\"lazy\" title=\"Ayrton Senna Com Paralisia Facial em 1985\" width=\"500\" height=\"375\" src=\"https:\/\/www.youtube.com\/embed\/1O9ThHfcS_s?feature=oembed\" frameborder=\"0\" allow=\"accelerometer; autoplay; clipboard-write; encrypted-media; gyroscope; picture-in-picture; web-share\" referrerpolicy=\"strict-origin-when-cross-origin\" allowfullscreen><\/iframe><\/div>\n<\/div><\/figure>\n\n\n\n<p>Este incidente, embora marcante, foi considerado menos significativo pelos produtores devido \u00e0 sua falta de impacto duradouro na carreira de Senna. Entretanto, outro evento omitido pode gerar maior controv\u00e9rsia entre os f\u00e3s: a lend\u00e1ria corrida do Grande Pr\u00eamio da Europa de 1993.<\/p>\n\n\n\n<h2 class=\"wp-block-heading\">Por que a Corrida em Donington Park \u00e9 T\u00e3o Memor\u00e1vel?<\/h2>\n\n\n\n<p>O Grande Pr\u00eamio da Europa de 1993, realizado em Donington Park, \u00e9 frequentemente recordado como um dos momentos mais brilhantes da carreira de Senna. Durante essa corrida, Senna demonstrou sua destreza em condi\u00e7\u00f5es de pista molhada, realizando uma das voltas mais impressionantes da F\u00f3rmula 1. Partindo da quarta posi\u00e7\u00e3o, ele ultrapassou quatro pilotos, incluindo renomados como Michael Schumacher e Alain Prost, ainda na primeira volta.<\/p>\n\n\n\n<figure class=\"wp-block-image aligncenter size-large\"><img loading=\"lazy\" decoding=\"async\" width=\"1024\" height=\"655\" src=\"https:\/\/www.em.com.br\/emfoco\/wp-content\/uploads\/2024\/11\/Screenshot_5-1024x655.jpg\" alt=\"\" class=\"wp-image-2479\" srcset=\"https:\/\/www.em.com.br\/emfoco\/wp-content\/uploads\/2024\/11\/Screenshot_5-1024x655.jpg 1024w, https:\/\/www.em.com.br\/emfoco\/wp-content\/uploads\/2024\/11\/Screenshot_5-300x192.jpg 300w, https:\/\/www.em.com.br\/emfoco\/wp-content\/uploads\/2024\/11\/Screenshot_5-768x491.jpg 768w, https:\/\/www.em.com.br\/emfoco\/wp-content\/uploads\/2024\/11\/Screenshot_5-750x479.jpg 750w, https:\/\/www.em.com.br\/emfoco\/wp-content\/uploads\/2024\/11\/Screenshot_5-1140x729.jpg 1140w, https:\/\/www.em.com.br\/emfoco\/wp-content\/uploads\/2024\/11\/Screenshot_5.jpg 1200w\" sizes=\"auto, (max-width: 1024px) 100vw, 1024px\" \/><figcaption class=\"wp-element-caption\">a s\u00e9rie Senna \u00e9 ao mesmo tempo uma grande homenagem ao piloto e uma reprodu\u00e7\u00e3o dos principais momentos de sua vida &#8211; Foto\n:https:\/\/www.sportmediaset.mediaset.it\/<\/figcaption><\/figure>\n\n\n\n<p>A habilidade extraordin\u00e1ria demonstrada por Senna ao navegar no asfalto encharcado deixou uma marca indel\u00e9vel no esporte. Esta corrida, apelidada de &#8220;Volta dos Deuses&#8221;, \u00e9 considerada um testemunho da genialidade do piloto brasileiro em situa\u00e7\u00f5es adversas.<\/p>\n\n\n\n<h2 class=\"wp-block-heading\">Qual o Legado de Ayrton Senna?<\/h2>\n\n\n\n<p>Apesar de algumas omiss\u00f5es, a s\u00e9rie &#8220;Senna&#8221; serve como uma homenagem sentida ao piloto, destacando suas conquistas e sua influ\u00eancia duradoura no automobilismo. Ayrton Senna, nascido em 1960, alcan\u00e7ou a fama nos anos 1980 enquanto pilotava pela McLaren, conquistando o Campeonato Mundial de F\u00f3rmula 1 em 1988, 1990 e 1991. Seu tr\u00e1gico falecimento em 1994, enquanto corria pela Williams, levou a uma revis\u00e3o das normas de seguran\u00e7a na F\u00f3rmula 1, sublinhando seu impacto duradouro no esporte.<\/p>\n\n\n\n<p>Ayrton Senna permanece como uma figura emblem\u00e1tica no Brasil e no mundo do automobilismo, e a s\u00e9rie da Netflix presta tributo a sua vida de maneira amplamente celebrada, contribuindo para manter vivo o legado do piloto que inspirou tantas gera\u00e7\u00f5es.<\/p>\n\n\n\n<p><\/p>\n","protected":false},"excerpt":{"rendered":"<p>A Netflix lan\u00e7ou uma nova s\u00e9rie em homenagem a Ayrton Senna, famoso piloto de F\u00f3rmula 1, no final de novembro de 2023. A s\u00e9rie busca capturar os momentos mais memor\u00e1veis de sua vida e carreira, desde suas primeiras vit\u00f3rias at\u00e9 o tr\u00e1gico acidente que culminou em seu falecimento. Embora a s\u00e9rie se esforce para retratar [&hellip;]<\/p>\n","protected":false},"author":7,"featured_media":2478,"comment_status":"open","ping_status":"open","sticky":false,"template":"","format":"standard","meta":{"jnews-multi-image_gallery":[],"jnews_single_post":{"format":"standard"},"jnews_primary_category":[],"jnews_social_meta":[],"jnews_override_counter":[],"footnotes":""},"categories":[29,136],"tags":[1284,1288,1286,1287,1285,231,1289],"class_list":["post-2476","post","type-post","status-publish","format-standard","has-post-thumbnail","hentry","category-entretenimento","category-series","tag-ayrton-senna","tag-biografia","tag-corrida","tag-docudrama","tag-formula-um","tag-netflix","tag-sport"],"yoast_head":"<!-- This site is optimized with the Yoast SEO plugin v23.8 - https:\/\/yoast.com\/wordpress\/plugins\/seo\/ -->\n<title>Qual corrida lend\u00e1ria de Ayrton Senna ficou de fora da s\u00e9rie da Netflix? - Estado de Minas - Em foco<\/title>\n<meta name=\"description\" content=\"Senna, uma nova s\u00e9rie da Netflix, explora a vida e a carreira do lend\u00e1rio piloto brasileiro Ayrton Senna, at\u00e9 sua tr\u00e1gica morte. A s\u00e9rie retrata momentos importantes, mas omite alguns eventos significativos, concentrando-se mais no estado emocional de Senna e em sua habilidade nas pistas.\" \/>\n<meta name=\"robots\" content=\"index, follow, max-snippet:-1, max-image-preview:large, max-video-preview:-1\" \/>\n<link rel=\"canonical\" href=\"https:\/\/www.em.com.br\/emfoco\/2024\/12\/01\/qual-corrida-lendaria-de-ayrton-senna-ficou-de-fora-da-serie-da-netflix\/\" \/>\n<meta property=\"og:locale\" content=\"pt_BR\" \/>\n<meta property=\"og:type\" content=\"article\" \/>\n<meta property=\"og:title\" content=\"Qual corrida lend\u00e1ria de Ayrton Senna ficou de fora da s\u00e9rie da Netflix? - Estado de Minas - Em foco\" \/>\n<meta property=\"og:description\" content=\"Senna, uma nova s\u00e9rie da Netflix, explora a vida e a carreira do lend\u00e1rio piloto brasileiro Ayrton Senna, at\u00e9 sua tr\u00e1gica morte. A s\u00e9rie retrata momentos importantes, mas omite alguns eventos significativos, concentrando-se mais no estado emocional de Senna e em sua habilidade nas pistas.\" \/>\n<meta property=\"og:url\" content=\"https:\/\/www.em.com.br\/emfoco\/2024\/12\/01\/qual-corrida-lendaria-de-ayrton-senna-ficou-de-fora-da-serie-da-netflix\/\" \/>\n<meta property=\"og:site_name\" content=\"Estado de Minas - Em foco\" \/>\n<meta property=\"article:published_time\" content=\"2024-12-01T21:40:00+00:00\" \/>\n<meta property=\"article:modified_time\" content=\"2024-11-30T18:09:56+00:00\" \/>\n<meta property=\"og:image\" content=\"https:\/\/www.em.com.br\/emfoco\/wp-content\/uploads\/2024\/11\/Ayrton-Senna_1732989465177.jpg\" \/>\n\t<meta property=\"og:image:width\" content=\"1280\" \/>\n\t<meta property=\"og:image:height\" content=\"720\" \/>\n\t<meta property=\"og:image:type\" content=\"image\/jpeg\" \/>\n<meta name=\"author\" content=\"Kelvin\" \/>\n<meta name=\"twitter:card\" content=\"summary_large_image\" \/>\n<meta name=\"twitter:label1\" content=\"Escrito por\" \/>\n\t<meta name=\"twitter:data1\" content=\"Kelvin\" \/>\n\t<meta name=\"twitter:label2\" content=\"Est. tempo de leitura\" \/>\n\t<meta name=\"twitter:data2\" content=\"4 minutos\" \/>\n<!-- \/ Yoast SEO plugin. -->","yoast_head_json":{"title":"Qual corrida lend\u00e1ria de Ayrton Senna ficou de fora da s\u00e9rie da Netflix? - Estado de Minas - Em foco","description":"Senna, uma nova s\u00e9rie da Netflix, explora a vida e a carreira do lend\u00e1rio piloto brasileiro Ayrton Senna, at\u00e9 sua tr\u00e1gica morte. A s\u00e9rie retrata momentos importantes, mas omite alguns eventos significativos, concentrando-se mais no estado emocional de Senna e em sua habilidade nas pistas.","robots":{"index":"index","follow":"follow","max-snippet":"max-snippet:-1","max-image-preview":"max-image-preview:large","max-video-preview":"max-video-preview:-1"},"canonical":"https:\/\/www.em.com.br\/emfoco\/2024\/12\/01\/qual-corrida-lendaria-de-ayrton-senna-ficou-de-fora-da-serie-da-netflix\/","og_locale":"pt_BR","og_type":"article","og_title":"Qual corrida lend\u00e1ria de Ayrton Senna ficou de fora da s\u00e9rie da Netflix? - Estado de Minas - Em foco","og_description":"Senna, uma nova s\u00e9rie da Netflix, explora a vida e a carreira do lend\u00e1rio piloto brasileiro Ayrton Senna, at\u00e9 sua tr\u00e1gica morte. A s\u00e9rie retrata momentos importantes, mas omite alguns eventos significativos, concentrando-se mais no estado emocional de Senna e em sua habilidade nas pistas.","og_url":"https:\/\/www.em.com.br\/emfoco\/2024\/12\/01\/qual-corrida-lendaria-de-ayrton-senna-ficou-de-fora-da-serie-da-netflix\/","og_site_name":"Estado de Minas - Em foco","article_published_time":"2024-12-01T21:40:00+00:00","article_modified_time":"2024-11-30T18:09:56+00:00","og_image":[{"width":1280,"height":720,"url":"https:\/\/www.em.com.br\/emfoco\/wp-content\/uploads\/2024\/11\/Ayrton-Senna_1732989465177.jpg","type":"image\/jpeg"}],"author":"Kelvin","twitter_card":"summary_large_image","twitter_misc":{"Escrito por":"Kelvin","Est. tempo de leitura":"4 minutos"},"schema":{"@context":"https:\/\/schema.org","@graph":[{"@type":"WebPage","@id":"https:\/\/www.em.com.br\/emfoco\/2024\/12\/01\/qual-corrida-lendaria-de-ayrton-senna-ficou-de-fora-da-serie-da-netflix\/","url":"https:\/\/www.em.com.br\/emfoco\/2024\/12\/01\/qual-corrida-lendaria-de-ayrton-senna-ficou-de-fora-da-serie-da-netflix\/","name":"Qual corrida lend\u00e1ria de Ayrton Senna ficou de fora da s\u00e9rie da Netflix? - Estado de Minas - Em foco","isPartOf":{"@id":"https:\/\/www.em.com.br\/emfoco\/#website"},"primaryImageOfPage":{"@id":"https:\/\/www.em.com.br\/emfoco\/2024\/12\/01\/qual-corrida-lendaria-de-ayrton-senna-ficou-de-fora-da-serie-da-netflix\/#primaryimage"},"image":{"@id":"https:\/\/www.em.com.br\/emfoco\/2024\/12\/01\/qual-corrida-lendaria-de-ayrton-senna-ficou-de-fora-da-serie-da-netflix\/#primaryimage"},"thumbnailUrl":"https:\/\/www.em.com.br\/emfoco\/wp-content\/uploads\/2024\/11\/Ayrton-Senna_1732989465177.jpg","datePublished":"2024-12-01T21:40:00+00:00","dateModified":"2024-11-30T18:09:56+00:00","author":{"@id":"https:\/\/www.em.com.br\/emfoco\/#\/schema\/person\/fb0a7f48c6fbb94b83f413a80f61917d"},"description":"Senna, uma nova s\u00e9rie da Netflix, explora a vida e a carreira do lend\u00e1rio piloto brasileiro Ayrton Senna, at\u00e9 sua tr\u00e1gica morte. A s\u00e9rie retrata momentos importantes, mas omite alguns eventos significativos, concentrando-se mais no estado emocional de Senna e em sua habilidade nas pistas.","breadcrumb":{"@id":"https:\/\/www.em.com.br\/emfoco\/2024\/12\/01\/qual-corrida-lendaria-de-ayrton-senna-ficou-de-fora-da-serie-da-netflix\/#breadcrumb"},"inLanguage":"pt-BR","potentialAction":[{"@type":"ReadAction","target":["https:\/\/www.em.com.br\/emfoco\/2024\/12\/01\/qual-corrida-lendaria-de-ayrton-senna-ficou-de-fora-da-serie-da-netflix\/"]}]},{"@type":"ImageObject","inLanguage":"pt-BR","@id":"https:\/\/www.em.com.br\/emfoco\/2024\/12\/01\/qual-corrida-lendaria-de-ayrton-senna-ficou-de-fora-da-serie-da-netflix\/#primaryimage","url":"https:\/\/www.em.com.br\/emfoco\/wp-content\/uploads\/2024\/11\/Ayrton-Senna_1732989465177.jpg","contentUrl":"https:\/\/www.em.com.br\/emfoco\/wp-content\/uploads\/2024\/11\/Ayrton-Senna_1732989465177.jpg","width":1280,"height":720,"caption":"Ayrton Senna Champeonato 1988 - Cr\u00e9ditos: depositphotos.com \/ CristianoBarni"},{"@type":"BreadcrumbList","@id":"https:\/\/www.em.com.br\/emfoco\/2024\/12\/01\/qual-corrida-lendaria-de-ayrton-senna-ficou-de-fora-da-serie-da-netflix\/#breadcrumb","itemListElement":[{"@type":"ListItem","position":1,"name":"In\u00edcio","item":"https:\/\/www.em.com.br\/emfoco\/"},{"@type":"ListItem","position":2,"name":"Qual corrida lend\u00e1ria de Ayrton Senna ficou de fora da s\u00e9rie da Netflix?"}]},{"@type":"WebSite","@id":"https:\/\/www.em.com.br\/emfoco\/#website","url":"https:\/\/www.em.com.br\/emfoco\/","name":"Estado de Minas - Em foco","description":"Acompanhe as \u00faltimas not\u00edcias e fique bem informado sobre tudo o que acontece em Minas Gerais, Brasil e no mundo.","potentialAction":[{"@type":"SearchAction","target":{"@type":"EntryPoint","urlTemplate":"https:\/\/www.em.com.br\/emfoco\/?s={search_term_string}"},"query-input":{"@type":"PropertyValueSpecification","valueRequired":true,"valueName":"search_term_string"}}],"inLanguage":"pt-BR"},{"@type":"Person","@id":"https:\/\/www.em.com.br\/emfoco\/#\/schema\/person\/fb0a7f48c6fbb94b83f413a80f61917d","name":"Kelvin","image":{"@type":"ImageObject","inLanguage":"pt-BR","@id":"https:\/\/www.em.com.br\/emfoco\/#\/schema\/person\/image\/","url":"https:\/\/secure.gravatar.com\/avatar\/e74f84337e6bf6c4c5e88fbdffa05270?s=96&d=mm&r=g","contentUrl":"https:\/\/secure.gravatar.com\/avatar\/e74f84337e6bf6c4c5e88fbdffa05270?s=96&d=mm&r=g","caption":"Kelvin"},"sameAs":["https:\/\/www.em.com.br\/emfoco"],"url":"https:\/\/www.em.com.br\/emfoco\/author\/kelvinmyth\/"}]}},"_links":{"self":[{"href":"https:\/\/www.em.com.br\/emfoco\/wp-json\/wp\/v2\/posts\/2476","targetHints":{"allow":["GET"]}}],"collection":[{"href":"https:\/\/www.em.com.br\/emfoco\/wp-json\/wp\/v2\/posts"}],"about":[{"href":"https:\/\/www.em.com.br\/emfoco\/wp-json\/wp\/v2\/types\/post"}],"author":[{"embeddable":true,"href":"https:\/\/www.em.com.br\/emfoco\/wp-json\/wp\/v2\/users\/7"}],"replies":[{"embeddable":true,"href":"https:\/\/www.em.com.br\/emfoco\/wp-json\/wp\/v2\/comments?post=2476"}],"version-history":[{"count":1,"href":"https:\/\/www.em.com.br\/emfoco\/wp-json\/wp\/v2\/posts\/2476\/revisions"}],"predecessor-version":[{"id":2480,"href":"https:\/\/www.em.com.br\/emfoco\/wp-json\/wp\/v2\/posts\/2476\/revisions\/2480"}],"wp:featuredmedia":[{"embeddable":true,"href":"https:\/\/www.em.com.br\/emfoco\/wp-json\/wp\/v2\/media\/2478"}],"wp:attachment":[{"href":"https:\/\/www.em.com.br\/emfoco\/wp-json\/wp\/v2\/media?parent=2476"}],"wp:term":[{"taxonomy":"category","embeddable":true,"href":"https:\/\/www.em.com.br\/emfoco\/wp-json\/wp\/v2\/categories?post=2476"},{"taxonomy":"post_tag","embeddable":true,"href":"https:\/\/www.em.com.br\/emfoco\/wp-json\/wp\/v2\/tags?post=2476"}],"curies":[{"name":"wp","href":"https:\/\/api.w.org\/{rel}","templated":true}]}}