{"id":2456,"date":"2024-12-05T11:40:00","date_gmt":"2024-12-05T14:40:00","guid":{"rendered":"https:\/\/www.em.com.br\/emfoco\/?p=2456"},"modified":"2024-11-30T23:04:36","modified_gmt":"2024-12-01T02:04:36","slug":"a-cidade-que-voa-descubra-a-inspiracao-por-tras-de-um-projeto-ousado","status":"publish","type":"post","link":"https:\/\/www.em.com.br\/emfoco\/2024\/12\/05\/a-cidade-que-voa-descubra-a-inspiracao-por-tras-de-um-projeto-ousado\/","title":{"rendered":"A cidade que voa: Descubra a inspira\u00e7\u00e3o por tr\u00e1s de um projeto ousado."},"content":{"rendered":"\n<p>Bras\u00edlia, a capital do <strong><a href=\"https:\/\/www.em.com.br\/emfoco\/2024\/12\/01\/top-3-destinos-brasileiros-imperdiveis-para-o-ano-novo\/\" target=\"_blank\" rel=\"noreferrer noopener\">Brasil<\/a><\/strong>, \u00e9 um centro de poder pol\u00edtico, mas tamb\u00e9m um marco da inova\u00e7\u00e3o urban\u00edstica e cultural. Concebida por L\u00facio Costa e marcada pela assinatura arquitet\u00f4nica de Oscar Niemeyer, a cidade \u00e9 famosa por sua estrutura planejada que simboliza um avi\u00e3o. Ao seu redor, as chamadas cidades-sat\u00e9lite comp\u00f5em o Distrito Federal, cada uma com caracter\u00edsticas pr\u00f3prias que contribuem para a diversidade da regi\u00e3o.<\/p>\n\n\n\n<p>A conviv\u00eancia entre a arquitetura moderna de Bras\u00edlia e a riqueza cultural de suas cidades vizinhas forma um mosaico \u00fanico no cen\u00e1rio brasileiro, oferecendo um panorama rico de hist\u00f3ria, cultura e desenvolvimento urbano.<\/p>\n\n\n\n<h2 class=\"wp-block-heading\">Bras\u00edlia: Um \u00cdcone de Planejamento<\/h2>\n\n\n\n<p>Fundada em 1960 com o objetivo de promover o desenvolvimento do interior do Brasil, <strong><a href=\"https:\/\/pt.wikipedia.org\/wiki\/Bras%C3%ADlia\" target=\"_blank\" rel=\"noreferrer noopener\">Bras\u00edlia<\/a><\/strong> \u00e9 um exemplo mundial de planejamento urbano. Seus setores organizados em torno de eixos comercial, residencial e institucional fazem dela uma cidade funcional e inovadora. Os pr\u00e9dios de Niemeyer n\u00e3o s\u00e3o apenas marcos visuais, mas tamb\u00e9m \u00edcones do Movimento Modernista.<\/p>\n\n\n\n<p>Com qualidade de vida elevada, Bras\u00edlia oferece amplas \u00e1reas verdes, como o Parque da Cidade, e uma infraestrutura que acolhe eventos culturais variados, refletindo a mistura de tradi\u00e7\u00f5es de diversas partes do Brasil.<\/p>\n\n\n\n<figure class=\"wp-block-image size-large\"><img loading=\"lazy\" decoding=\"async\" width=\"1024\" height=\"576\" src=\"https:\/\/www.em.com.br\/emfoco\/wp-content\/uploads\/2024\/11\/Brasilia_1732985538165-1024x576.jpg\" alt=\"A cidade que voa: Descubra a inspira\u00e7\u00e3o por tr\u00e1s de um projeto ousado.\" class=\"wp-image-2460\" srcset=\"https:\/\/www.em.com.br\/emfoco\/wp-content\/uploads\/2024\/11\/Brasilia_1732985538165-1024x576.jpg 1024w, https:\/\/www.em.com.br\/emfoco\/wp-content\/uploads\/2024\/11\/Brasilia_1732985538165-300x169.jpg 300w, https:\/\/www.em.com.br\/emfoco\/wp-content\/uploads\/2024\/11\/Brasilia_1732985538165-768x432.jpg 768w, https:\/\/www.em.com.br\/emfoco\/wp-content\/uploads\/2024\/11\/Brasilia_1732985538165-750x422.jpg 750w, https:\/\/www.em.com.br\/emfoco\/wp-content\/uploads\/2024\/11\/Brasilia_1732985538165-1140x641.jpg 1140w, https:\/\/www.em.com.br\/emfoco\/wp-content\/uploads\/2024\/11\/Brasilia_1732985538165.jpg 1280w\" sizes=\"auto, (max-width: 1024px) 100vw, 1024px\" \/><figcaption class=\"wp-element-caption\">Bras\u00edlia &#8211; Cr\u00e9ditos: depositphotos.com \/ Eduardo1304<\/figcaption><\/figure>\n\n\n\n<h2 class=\"wp-block-heading\">Por Que Bras\u00edlia Atrai Tanto Interesse?<\/h2>\n\n\n\n<p>A capital \u00e9 famosa por sua arquitetura futurista e empreendimentos urban\u00edsticos vision\u00e1rios. Al\u00e9m disso, sua localiza\u00e7\u00e3o central e planejamento induzido ao desenvolvimento econ\u00f4mico tornam-na uma cidade de grande import\u00e2ncia. Em termos culturais, Bras\u00edlia atrai eventos significativos de m\u00fasica, arte e gastronomia, tornando-se um hub cultural emblem\u00e1tico do Brasil.<\/p>\n\n\n\n<h2 class=\"wp-block-heading\">Descobrindo \u00c1guas Claras: Modernidade em Alta<\/h2>\n\n\n\n<p>\u00c1guas Claras \u00e9 uma das cidades-sat\u00e9lite que exemplifica o crescimento moderno do Distrito Federal. Reconhecida por seus edif\u00edcios contempor\u00e2neos e um com\u00e9rcio abundante, a cidade se destaca pela infraestrutura de lazer e um sistema de transporte p\u00fablico eficiente, que inclui uma linha de metr\u00f4 integrada ao Plano Piloto.<\/p>\n\n\n\n<ul class=\"wp-block-list\">\n<li>Eficiente rede de transporte p\u00fablico conecta rapidamente \u00e0 capital.<\/li>\n\n\n\n<li>Estilo de vida din\u00e2mico, com muitas op\u00e7\u00f5es de entretenimento e lazer.<\/li>\n\n\n\n<li>Planejamento urbano que inclui parques bem cuidados.<\/li>\n<\/ul>\n\n\n\n<figure class=\"wp-block-image size-full\"><img loading=\"lazy\" decoding=\"async\" width=\"1024\" height=\"577\" src=\"https:\/\/www.em.com.br\/emfoco\/wp-content\/uploads\/2024\/11\/image-92-e1732985734673.png\" alt=\"A cidade que voa: Descubra a inspira\u00e7\u00e3o por tr\u00e1s de um projeto ousado.\" class=\"wp-image-2463\" srcset=\"https:\/\/www.em.com.br\/emfoco\/wp-content\/uploads\/2024\/11\/image-92-e1732985734673.png 1024w, https:\/\/www.em.com.br\/emfoco\/wp-content\/uploads\/2024\/11\/image-92-e1732985734673-300x169.png 300w, https:\/\/www.em.com.br\/emfoco\/wp-content\/uploads\/2024\/11\/image-92-e1732985734673-768x433.png 768w, https:\/\/www.em.com.br\/emfoco\/wp-content\/uploads\/2024\/11\/image-92-e1732985734673-750x423.png 750w\" sizes=\"auto, (max-width: 1024px) 100vw, 1024px\" \/><figcaption class=\"wp-element-caption\">\u00c1guas Claras &#8211; Cr\u00e9ditos: Flickr<\/figcaption><\/figure>\n\n\n\n<h2 class=\"wp-block-heading\">Ceil\u00e2ndia: Onde a Tradi\u00e7\u00e3o se Mant\u00e9m Viva<\/h2>\n\n\n\n<p>Ceil\u00e2ndia \u00e9 um exemplo de como a tradi\u00e7\u00e3o cultural nordestina se estabelece fora da regi\u00e3o original. Conhecida por suas feiras gastron\u00f4micas e festivais de m\u00fasica nordestina, a cidade celebra a diversidade cultural por meio de eventos e uma rica cena comercial que floresce junto \u00e0 comunidade local.<\/p>\n\n\n\n<p>A cidade tamb\u00e9m \u00e9 famosa por sua Feira Central, um verdadeiro ponto de encontro para compras e experi\u00eancias culturais aut\u00eanticas.<\/p>\n\n\n\n<figure class=\"wp-block-image size-full\"><img loading=\"lazy\" decoding=\"async\" width=\"1024\" height=\"680\" src=\"https:\/\/www.em.com.br\/emfoco\/wp-content\/uploads\/2024\/11\/image-93.png\" alt=\"A cidade que voa: Descubra a inspira\u00e7\u00e3o por tr\u00e1s de um projeto ousado.\" class=\"wp-image-2465\" srcset=\"https:\/\/www.em.com.br\/emfoco\/wp-content\/uploads\/2024\/11\/image-93.png 1024w, https:\/\/www.em.com.br\/emfoco\/wp-content\/uploads\/2024\/11\/image-93-300x199.png 300w, https:\/\/www.em.com.br\/emfoco\/wp-content\/uploads\/2024\/11\/image-93-768x510.png 768w, https:\/\/www.em.com.br\/emfoco\/wp-content\/uploads\/2024\/11\/image-93-750x498.png 750w\" sizes=\"auto, (max-width: 1024px) 100vw, 1024px\" \/><figcaption class=\"wp-element-caption\">Ceil\u00e2ndia &#8211; Cr\u00e9ditos: Flickr<\/figcaption><\/figure>\n\n\n\n<h2 class=\"wp-block-heading\">A Harmonia do Distrito Federal<\/h2>\n\n\n\n<p>O conjunto formado por Bras\u00edlia e suas cidades-sat\u00e9lite \u00e9 um exemplo de conviv\u00eancia harmoniosa entre hist\u00f3ria, cultura e progresso. Enquanto Bras\u00edlia exibe seu planejamento e vis\u00e3o futurista, cidades como Taguatinga e Sobradinho acrescentam vitalidade econ\u00f4mica e serenidade, respectivamente. Cada parte do Distrito Federal contribui para formar um todo diverso e din\u00e2mico, espelhando a pluralidade do Brasil.<\/p>\n\n\n\n<p>Explorar essa regi\u00e3o \u00e9 descobrir um Brasil multifacetado, onde inova\u00e7\u00e3o e tradi\u00e7\u00e3o coexistem, criando oportunidades \u00fanicas para quem visita ou decide viver nesse vibrante cen\u00e1rio.<\/p>\n\n\n\n<figure class=\"wp-block-image size-large\"><img loading=\"lazy\" decoding=\"async\" width=\"1024\" height=\"577\" src=\"https:\/\/www.em.com.br\/emfoco\/wp-content\/uploads\/2024\/11\/image-94-e1732985988377-1024x577.png\" alt=\"A cidade que voa: Descubra a inspira\u00e7\u00e3o por tr\u00e1s de um projeto ousado.\" class=\"wp-image-2466\" srcset=\"https:\/\/www.em.com.br\/emfoco\/wp-content\/uploads\/2024\/11\/image-94-e1732985988377-1024x577.png 1024w, https:\/\/www.em.com.br\/emfoco\/wp-content\/uploads\/2024\/11\/image-94-e1732985988377-300x169.png 300w, https:\/\/www.em.com.br\/emfoco\/wp-content\/uploads\/2024\/11\/image-94-e1732985988377-768x433.png 768w, https:\/\/www.em.com.br\/emfoco\/wp-content\/uploads\/2024\/11\/image-94-e1732985988377-750x423.png 750w, https:\/\/www.em.com.br\/emfoco\/wp-content\/uploads\/2024\/11\/image-94-e1732985988377-1140x642.png 1140w, https:\/\/www.em.com.br\/emfoco\/wp-content\/uploads\/2024\/11\/image-94-e1732985988377.png 1200w\" sizes=\"auto, (max-width: 1024px) 100vw, 1024px\" \/><figcaption class=\"wp-element-caption\">Distrito Federal &#8211; Cr\u00e9ditos: Store norske leksikon<\/figcaption><\/figure>\n","protected":false},"excerpt":{"rendered":"<p>Bras\u00edlia, a capital do Brasil, \u00e9 um centro de poder pol\u00edtico, mas tamb\u00e9m um marco da inova\u00e7\u00e3o urban\u00edstica e cultural. Concebida por L\u00facio Costa e marcada pela assinatura arquitet\u00f4nica de Oscar Niemeyer, a cidade \u00e9 famosa por sua estrutura planejada que simboliza um avi\u00e3o. Ao seu redor, as chamadas cidades-sat\u00e9lite comp\u00f5em o Distrito Federal, cada [&hellip;]<\/p>\n","protected":false},"author":5,"featured_media":2461,"comment_status":"open","ping_status":"open","sticky":false,"template":"","format":"standard","meta":{"jnews-multi-image_gallery":[],"jnews_single_post":{"format":"standard"},"jnews_primary_category":[],"jnews_social_meta":[],"jnews_override_counter":[],"footnotes":""},"categories":[26,1],"tags":[1271,158,1193,1272,1273,157],"class_list":["post-2456","post","type-post","status-publish","format-standard","has-post-thumbnail","hentry","category-cidades","category-noticias","tag-aguas-claras","tag-brasil","tag-brasilia","tag-ceilandia","tag-distrito-federal","tag-turismo"],"yoast_head":"<!-- This site is optimized with the Yoast SEO plugin v23.8 - https:\/\/yoast.com\/wordpress\/plugins\/seo\/ -->\n<title>A cidade que voa: Descubra a inspira\u00e7\u00e3o por tr\u00e1s de um projeto ousado. - Estado de Minas - Em foco<\/title>\n<meta name=\"description\" content=\"A capital brasileira te espera com suas paisagens urbanas, natureza exuberante e uma rica vida cultural. Venha conferir!\" \/>\n<meta name=\"robots\" content=\"index, follow, max-snippet:-1, max-image-preview:large, max-video-preview:-1\" \/>\n<link rel=\"canonical\" href=\"https:\/\/www.em.com.br\/emfoco\/2024\/12\/05\/a-cidade-que-voa-descubra-a-inspiracao-por-tras-de-um-projeto-ousado\/\" \/>\n<meta property=\"og:locale\" content=\"pt_BR\" \/>\n<meta property=\"og:type\" content=\"article\" \/>\n<meta property=\"og:title\" content=\"A cidade que voa: Descubra a inspira\u00e7\u00e3o por tr\u00e1s de um projeto ousado. - Estado de Minas - Em foco\" \/>\n<meta property=\"og:description\" content=\"A capital brasileira te espera com suas paisagens urbanas, natureza exuberante e uma rica vida cultural. Venha conferir!\" \/>\n<meta property=\"og:url\" content=\"https:\/\/www.em.com.br\/emfoco\/2024\/12\/05\/a-cidade-que-voa-descubra-a-inspiracao-por-tras-de-um-projeto-ousado\/\" \/>\n<meta property=\"og:site_name\" content=\"Estado de Minas - Em foco\" \/>\n<meta property=\"article:published_time\" content=\"2024-12-05T14:40:00+00:00\" \/>\n<meta property=\"article:modified_time\" content=\"2024-12-01T02:04:36+00:00\" \/>\n<meta property=\"og:image\" content=\"https:\/\/www.em.com.br\/emfoco\/wp-content\/uploads\/2024\/11\/Brasilia_1732985603429.jpg\" \/>\n\t<meta property=\"og:image:width\" content=\"1280\" \/>\n\t<meta property=\"og:image:height\" content=\"720\" \/>\n\t<meta property=\"og:image:type\" content=\"image\/jpeg\" \/>\n<meta name=\"author\" content=\"N\u00fabia Rangel\" \/>\n<meta name=\"twitter:card\" content=\"summary_large_image\" \/>\n<meta name=\"twitter:label1\" content=\"Escrito por\" \/>\n\t<meta name=\"twitter:data1\" content=\"N\u00fabia Rangel\" \/>\n\t<meta name=\"twitter:label2\" content=\"Est. tempo de leitura\" \/>\n\t<meta name=\"twitter:data2\" content=\"4 minutos\" \/>\n<!-- \/ Yoast SEO plugin. -->","yoast_head_json":{"title":"A cidade que voa: Descubra a inspira\u00e7\u00e3o por tr\u00e1s de um projeto ousado. - Estado de Minas - Em foco","description":"A capital brasileira te espera com suas paisagens urbanas, natureza exuberante e uma rica vida cultural. Venha conferir!","robots":{"index":"index","follow":"follow","max-snippet":"max-snippet:-1","max-image-preview":"max-image-preview:large","max-video-preview":"max-video-preview:-1"},"canonical":"https:\/\/www.em.com.br\/emfoco\/2024\/12\/05\/a-cidade-que-voa-descubra-a-inspiracao-por-tras-de-um-projeto-ousado\/","og_locale":"pt_BR","og_type":"article","og_title":"A cidade que voa: Descubra a inspira\u00e7\u00e3o por tr\u00e1s de um projeto ousado. - Estado de Minas - Em foco","og_description":"A capital brasileira te espera com suas paisagens urbanas, natureza exuberante e uma rica vida cultural. Venha conferir!","og_url":"https:\/\/www.em.com.br\/emfoco\/2024\/12\/05\/a-cidade-que-voa-descubra-a-inspiracao-por-tras-de-um-projeto-ousado\/","og_site_name":"Estado de Minas - Em foco","article_published_time":"2024-12-05T14:40:00+00:00","article_modified_time":"2024-12-01T02:04:36+00:00","og_image":[{"width":1280,"height":720,"url":"https:\/\/www.em.com.br\/emfoco\/wp-content\/uploads\/2024\/11\/Brasilia_1732985603429.jpg","type":"image\/jpeg"}],"author":"N\u00fabia Rangel","twitter_card":"summary_large_image","twitter_misc":{"Escrito por":"N\u00fabia Rangel","Est. tempo de leitura":"4 minutos"},"schema":{"@context":"https:\/\/schema.org","@graph":[{"@type":"WebPage","@id":"https:\/\/www.em.com.br\/emfoco\/2024\/12\/05\/a-cidade-que-voa-descubra-a-inspiracao-por-tras-de-um-projeto-ousado\/","url":"https:\/\/www.em.com.br\/emfoco\/2024\/12\/05\/a-cidade-que-voa-descubra-a-inspiracao-por-tras-de-um-projeto-ousado\/","name":"A cidade que voa: Descubra a inspira\u00e7\u00e3o por tr\u00e1s de um projeto ousado. - Estado de Minas - Em foco","isPartOf":{"@id":"https:\/\/www.em.com.br\/emfoco\/#website"},"primaryImageOfPage":{"@id":"https:\/\/www.em.com.br\/emfoco\/2024\/12\/05\/a-cidade-que-voa-descubra-a-inspiracao-por-tras-de-um-projeto-ousado\/#primaryimage"},"image":{"@id":"https:\/\/www.em.com.br\/emfoco\/2024\/12\/05\/a-cidade-que-voa-descubra-a-inspiracao-por-tras-de-um-projeto-ousado\/#primaryimage"},"thumbnailUrl":"https:\/\/www.em.com.br\/emfoco\/wp-content\/uploads\/2024\/11\/Brasilia_1732985603429.jpg","datePublished":"2024-12-05T14:40:00+00:00","dateModified":"2024-12-01T02:04:36+00:00","author":{"@id":"https:\/\/www.em.com.br\/emfoco\/#\/schema\/person\/524437ef54f8a5d32591b143307f2e20"},"description":"A capital brasileira te espera com suas paisagens urbanas, natureza exuberante e uma rica vida cultural. Venha conferir!","breadcrumb":{"@id":"https:\/\/www.em.com.br\/emfoco\/2024\/12\/05\/a-cidade-que-voa-descubra-a-inspiracao-por-tras-de-um-projeto-ousado\/#breadcrumb"},"inLanguage":"pt-BR","potentialAction":[{"@type":"ReadAction","target":["https:\/\/www.em.com.br\/emfoco\/2024\/12\/05\/a-cidade-que-voa-descubra-a-inspiracao-por-tras-de-um-projeto-ousado\/"]}]},{"@type":"ImageObject","inLanguage":"pt-BR","@id":"https:\/\/www.em.com.br\/emfoco\/2024\/12\/05\/a-cidade-que-voa-descubra-a-inspiracao-por-tras-de-um-projeto-ousado\/#primaryimage","url":"https:\/\/www.em.com.br\/emfoco\/wp-content\/uploads\/2024\/11\/Brasilia_1732985603429.jpg","contentUrl":"https:\/\/www.em.com.br\/emfoco\/wp-content\/uploads\/2024\/11\/Brasilia_1732985603429.jpg","width":1280,"height":720,"caption":"Bras\u00edlia - Cr\u00e9ditos: depositphotos.com \/ rmnunes"},{"@type":"BreadcrumbList","@id":"https:\/\/www.em.com.br\/emfoco\/2024\/12\/05\/a-cidade-que-voa-descubra-a-inspiracao-por-tras-de-um-projeto-ousado\/#breadcrumb","itemListElement":[{"@type":"ListItem","position":1,"name":"In\u00edcio","item":"https:\/\/www.em.com.br\/emfoco\/"},{"@type":"ListItem","position":2,"name":"A cidade que voa: Descubra a inspira\u00e7\u00e3o por tr\u00e1s de um projeto ousado."}]},{"@type":"WebSite","@id":"https:\/\/www.em.com.br\/emfoco\/#website","url":"https:\/\/www.em.com.br\/emfoco\/","name":"Estado de Minas - Em foco","description":"Acompanhe as \u00faltimas not\u00edcias e fique bem informado sobre tudo o que acontece em Minas Gerais, Brasil e no mundo.","potentialAction":[{"@type":"SearchAction","target":{"@type":"EntryPoint","urlTemplate":"https:\/\/www.em.com.br\/emfoco\/?s={search_term_string}"},"query-input":{"@type":"PropertyValueSpecification","valueRequired":true,"valueName":"search_term_string"}}],"inLanguage":"pt-BR"},{"@type":"Person","@id":"https:\/\/www.em.com.br\/emfoco\/#\/schema\/person\/524437ef54f8a5d32591b143307f2e20","name":"N\u00fabia Rangel","image":{"@type":"ImageObject","inLanguage":"pt-BR","@id":"https:\/\/www.em.com.br\/emfoco\/#\/schema\/person\/image\/","url":"https:\/\/secure.gravatar.com\/avatar\/47cff2827a5ba23c37e8068c86817ea4?s=96&d=mm&r=g","contentUrl":"https:\/\/secure.gravatar.com\/avatar\/47cff2827a5ba23c37e8068c86817ea4?s=96&d=mm&r=g","caption":"N\u00fabia Rangel"},"sameAs":["https:\/\/www.em.com.br\/emfoco\/"],"url":"https:\/\/www.em.com.br\/emfoco\/author\/nubiamyth\/"}]}},"_links":{"self":[{"href":"https:\/\/www.em.com.br\/emfoco\/wp-json\/wp\/v2\/posts\/2456","targetHints":{"allow":["GET"]}}],"collection":[{"href":"https:\/\/www.em.com.br\/emfoco\/wp-json\/wp\/v2\/posts"}],"about":[{"href":"https:\/\/www.em.com.br\/emfoco\/wp-json\/wp\/v2\/types\/post"}],"author":[{"embeddable":true,"href":"https:\/\/www.em.com.br\/emfoco\/wp-json\/wp\/v2\/users\/5"}],"replies":[{"embeddable":true,"href":"https:\/\/www.em.com.br\/emfoco\/wp-json\/wp\/v2\/comments?post=2456"}],"version-history":[{"count":2,"href":"https:\/\/www.em.com.br\/emfoco\/wp-json\/wp\/v2\/posts\/2456\/revisions"}],"predecessor-version":[{"id":2467,"href":"https:\/\/www.em.com.br\/emfoco\/wp-json\/wp\/v2\/posts\/2456\/revisions\/2467"}],"wp:featuredmedia":[{"embeddable":true,"href":"https:\/\/www.em.com.br\/emfoco\/wp-json\/wp\/v2\/media\/2461"}],"wp:attachment":[{"href":"https:\/\/www.em.com.br\/emfoco\/wp-json\/wp\/v2\/media?parent=2456"}],"wp:term":[{"taxonomy":"category","embeddable":true,"href":"https:\/\/www.em.com.br\/emfoco\/wp-json\/wp\/v2\/categories?post=2456"},{"taxonomy":"post_tag","embeddable":true,"href":"https:\/\/www.em.com.br\/emfoco\/wp-json\/wp\/v2\/tags?post=2456"}],"curies":[{"name":"wp","href":"https:\/\/api.w.org\/{rel}","templated":true}]}}