{"id":245,"date":"2024-11-10T07:20:00","date_gmt":"2024-11-10T10:20:00","guid":{"rendered":"https:\/\/www.em.com.br\/emfoco\/?p=245"},"modified":"2024-11-09T14:40:59","modified_gmt":"2024-11-09T17:40:59","slug":"acompanhamento-da-saude-e-indispensavel-para-o-recebimento-do-bolsa-familia-saiba-em-qual-cidade","status":"publish","type":"post","link":"https:\/\/www.em.com.br\/emfoco\/2024\/11\/10\/acompanhamento-da-saude-e-indispensavel-para-o-recebimento-do-bolsa-familia-saiba-em-qual-cidade\/","title":{"rendered":"Acompanhamento da sa\u00fade \u00e9 indispens\u00e1vel para o recebimento do Bolsa Fam\u00edlia; saiba em qual cidade"},"content":{"rendered":"\n<hr class=\"wp-block-separator has-alpha-channel-opacity\"\/>\n\n\n\n<p>A <strong><a href=\"https:\/\/www.manaus.am.gov.br\/\" target=\"_blank\" rel=\"noreferrer noopener\">Prefeitura de Manaus <\/a><\/strong>est\u00e1 realizando orienta\u00e7\u00f5es para garantir que os <a href=\"https:\/\/www.em.com.br\/emfoco\/categoria\/economia\/\" target=\"_blank\" rel=\"noreferrer noopener\"><strong>benefici\u00e1rios <\/strong><\/a>do programa Bolsa Fam\u00edlia cumpram suas obriga\u00e7\u00f5es de acompanhamento de sa\u00fade, realizado semestralmente nas unidades de sa\u00fade da cidade. Esse processo \u00e9 fundamental para a manuten\u00e7\u00e3o do benef\u00edcio, assegurando que os compromissos assumidos junto ao programa sejam cumpridos.<\/p>\n\n\n\n<p>De acordo com a Secretaria Municipal de Sa\u00fade (Semsa), cerca de 308 mil usu\u00e1rios, incluindo 100 mil crian\u00e7as, devem realizar suas consultas nesta vig\u00eancia do programa, que termina em 31 de dezembro. Isso destaca a import\u00e2ncia desse acompanhamento regular para fam\u00edlias que dependem desse benef\u00edcio para m\u00faltiplos aspectos de seu bem-estar.<\/p>\n\n\n\n<h2 class=\"wp-block-heading\">Quais s\u00e3o as exig\u00eancias para o acompanhamento do Bolsa Fam\u00edlia?<\/h2>\n\n\n\n<p>O acompanhamento de sa\u00fade \u00e9 compuls\u00f3rio para crian\u00e7as de at\u00e9 7 anos e para todas as mulheres <strong><a href=\"https:\/\/www.em.com.br\/emfoco\/2024\/11\/09\/reuniao-no-planalto-bate-o-martelo-sobre-corte-de-gastos-historia-de-vida-conclui-dias\/\" target=\"_blank\" rel=\"noreferrer noopener\">benefici\u00e1rias do programa<\/a><\/strong>. Os procedimentos s\u00e3o realizados semestralmente, de forma que todos participem em dois momentos do ano: de 1\u00ba de janeiro a 30 de junho e de 1\u00ba de julho a 31 de dezembro. Essa exig\u00eancia garante que os participantes do programa estejam em dia com suas obriga\u00e7\u00f5es de sa\u00fade, prevenindo poss\u00edveis san\u00e7\u00f5es.<\/p>\n\n\n\n<p>O coordenador municipal do Bolsa Fam\u00edlia, Victor Costa, ressalta que o aumento no n\u00famero de benefici\u00e1rios neste semestre torna urgente a busca pelo servi\u00e7o quanto antes, evitando superlota\u00e7\u00e3o nas unidades de sa\u00fade. Este planejamento pessoal ajuda a aliviar a press\u00e3o sobre o sistema de sa\u00fade e garante que ningu\u00e9m seja prejudicado.<\/p>\n\n\n\n<h2 class=\"wp-block-heading\">Documenta\u00e7\u00e3o necess\u00e1ria para o acompanhamento<\/h2>\n\n\n\n<figure class=\"wp-block-image size-full\"><img loading=\"lazy\" decoding=\"async\" width=\"1023\" height=\"681\" src=\"https:\/\/www.em.com.br\/emfoco\/wp-content\/uploads\/2024\/11\/bolsa-familia-Wikimedia-Commons.jpg\" alt=\"bolsa fam\u00edlia - Wikimedia Commons\" class=\"wp-image-247\" srcset=\"https:\/\/www.em.com.br\/emfoco\/wp-content\/uploads\/2024\/11\/bolsa-familia-Wikimedia-Commons.jpg 1023w, https:\/\/www.em.com.br\/emfoco\/wp-content\/uploads\/2024\/11\/bolsa-familia-Wikimedia-Commons-300x200.jpg 300w, https:\/\/www.em.com.br\/emfoco\/wp-content\/uploads\/2024\/11\/bolsa-familia-Wikimedia-Commons-768x511.jpg 768w, https:\/\/www.em.com.br\/emfoco\/wp-content\/uploads\/2024\/11\/bolsa-familia-Wikimedia-Commons-750x499.jpg 750w\" sizes=\"auto, (max-width: 1023px) 100vw, 1023px\" \/><figcaption class=\"wp-element-caption\">bolsa fam\u00edlia &#8211; Wikimedia Commons<\/figcaption><\/figure>\n\n\n\n<p>Para participar do acompanhamento, os benefici\u00e1rios devem comparecer \u00e0 unidade de sa\u00fade mais pr\u00f3xima, munidos com a documenta\u00e7\u00e3o adequada. \u00c9 necess\u00e1rio apresentar um documento oficial de identifica\u00e7\u00e3o com foto, CPF, cart\u00e3o do Sistema \u00danico de Sa\u00fade (SUS) e, quando pertinente, a caderneta de sa\u00fade ou vacina\u00e7\u00e3o. A presen\u00e7a correta desses documentos facilita um atendimento mais \u00e1gil e eficaz.<\/p>\n\n\n\n<p>A Semsa informa que at\u00e9 a data de 7 de novembro apenas 213.007 dos 521.153 benefici\u00e1rios j\u00e1 realizaram o acompanhamento. Isso \u00e9 um alerta para que os outros 308.146, incluindo cerca de 100 mil crian\u00e7as, ainda compare\u00e7am \u00e0s unidades, evitando san\u00e7\u00f5es do programa federal que podem incluir suspens\u00e3o ou cancelamento do benef\u00edcio.<\/p>\n\n\n\n<h2 class=\"wp-block-heading\">Impactos da falta de acompanhamento de sa\u00fade para os benefici\u00e1rios<\/h2>\n\n\n\n<p>A n\u00e3o realiza\u00e7\u00e3o do acompanhamento de sa\u00fade pode ter consequ\u00eancias significativas para os benefici\u00e1rios do Bolsa Fam\u00edlia. O descumprimento das condicionalidades pode resultar em medidas como bloqueios ou cancelamento do benef\u00edcio, prejudicando diretamente as fam\u00edlias que s\u00e3o dependentes desse recurso para suas necessidades b\u00e1sicas.<\/p>\n\n\n\n<p>O Bolsa Fam\u00edlia \u00e9 estruturado como um programa intersetorial que visa reduzir as desigualdades sociais, exigindo compromissos nas \u00e1reas de sa\u00fade, educa\u00e7\u00e3o e assist\u00eancia social. No setor de sa\u00fade, al\u00e9m das medidas gerais, as mulheres precisam realizar consultas de rotina e, quando gestantes, devem tamb\u00e9m fazer o acompanhamento pr\u00e9-natal.<\/p>\n\n\n\n<h2 class=\"wp-block-heading\">Aten\u00e7\u00e3o \u00e0s condicionalidades complementares<\/h2>\n\n\n\n<p>A coordena\u00e7\u00e3o do Bolsa Fam\u00edlia na Semsa refor\u00e7a a import\u00e2ncia de se manter atento \u00e0s outras exig\u00eancias do programa, que v\u00e3o al\u00e9m das consultas m\u00e9dicas. \u00c9 crucial que o cadastro no Centro de Refer\u00eancia de Assist\u00eancia Social (Cras) esteja sempre atualizado e que a frequ\u00eancia escolar dos benefici\u00e1rios em idade escolar seja mantida. Este conjunto de exig\u00eancias visa assegurar um impacto positivo e abrangente sobre a qualidade de vida dos participantes.<\/p>\n\n\n\n<p>Por fim, a gest\u00e3o eficiente do acompanhamento de sa\u00fade e a ades\u00e3o integral \u00e0s condicionalidades do Bolsa Fam\u00edlia s\u00e3o medidas fundamentais para a continuidade do benef\u00edcio. Isso garante o bem-estar das fam\u00edlias amparadas pelo programa e contribui para a promo\u00e7\u00e3o de uma sociedade mais equitativa.<\/p>\n","protected":false},"excerpt":{"rendered":"<p>Cidade orienta benefici\u00e1rios do Bolsa Fam\u00edlia a cumprirem condicionalidades de acompanhamento de sa\u00fade para manter o benef\u00edcio. Falta de cumprimento pode levar \u00e0 suspens\u00e3o ou cancelamento.<\/p>\n","protected":false},"author":3,"featured_media":246,"comment_status":"open","ping_status":"open","sticky":false,"template":"","format":"standard","meta":{"jnews-multi-image_gallery":[],"jnews_single_post":{"format":"standard"},"jnews_primary_category":[],"jnews_social_meta":[],"jnews_override_counter":[],"footnotes":""},"categories":[28],"tags":[211,212,209,210],"class_list":["post-245","post","type-post","status-publish","format-standard","has-post-thumbnail","hentry","category-economia","tag-acompanhamento-de-saude","tag-beneficio-suspenso","tag-bolsa-familia","tag-manaus"],"yoast_head":"<!-- This site is optimized with the Yoast SEO plugin v23.8 - https:\/\/yoast.com\/wordpress\/plugins\/seo\/ -->\n<title>Acompanhamento da sa\u00fade \u00e9 indispens\u00e1vel para o recebimento do Bolsa Fam\u00edlia; saiba em qual cidade - Estado de Minas - Em foco<\/title>\n<meta name=\"description\" content=\"Cidade orienta benefici\u00e1rios do Bolsa Fam\u00edlia a cumprirem condicionalidades de acompanhamento de sa\u00fade para manter o benef\u00edcio\" \/>\n<meta name=\"robots\" content=\"index, follow, max-snippet:-1, max-image-preview:large, max-video-preview:-1\" \/>\n<link rel=\"canonical\" href=\"https:\/\/www.em.com.br\/emfoco\/2024\/11\/10\/acompanhamento-da-saude-e-indispensavel-para-o-recebimento-do-bolsa-familia-saiba-em-qual-cidade\/\" \/>\n<meta property=\"og:locale\" content=\"pt_BR\" \/>\n<meta property=\"og:type\" content=\"article\" \/>\n<meta property=\"og:title\" content=\"Acompanhamento da sa\u00fade \u00e9 indispens\u00e1vel para o recebimento do Bolsa Fam\u00edlia; saiba em qual cidade - Estado de Minas - Em foco\" \/>\n<meta property=\"og:description\" content=\"Cidade orienta benefici\u00e1rios do Bolsa Fam\u00edlia a cumprirem condicionalidades de acompanhamento de sa\u00fade para manter o benef\u00edcio\" \/>\n<meta property=\"og:url\" content=\"https:\/\/www.em.com.br\/emfoco\/2024\/11\/10\/acompanhamento-da-saude-e-indispensavel-para-o-recebimento-do-bolsa-familia-saiba-em-qual-cidade\/\" \/>\n<meta property=\"og:site_name\" content=\"Estado de Minas - Em foco\" \/>\n<meta property=\"article:published_time\" content=\"2024-11-10T10:20:00+00:00\" \/>\n<meta property=\"article:modified_time\" content=\"2024-11-09T17:40:59+00:00\" \/>\n<meta property=\"og:image\" content=\"https:\/\/www.em.com.br\/emfoco\/wp-content\/uploads\/2024\/11\/bolsa-familia-carteira-de-trabalho-Creditos-depositphotos.com-rafapress.jpg\" \/>\n\t<meta property=\"og:image:width\" content=\"1280\" \/>\n\t<meta property=\"og:image:height\" content=\"720\" \/>\n\t<meta property=\"og:image:type\" content=\"image\/jpeg\" \/>\n<meta name=\"author\" content=\"Helen Palma\" \/>\n<meta name=\"twitter:card\" content=\"summary_large_image\" \/>\n<meta name=\"twitter:label1\" content=\"Escrito por\" \/>\n\t<meta name=\"twitter:data1\" content=\"Helen Palma\" \/>\n\t<meta name=\"twitter:label2\" content=\"Est. tempo de leitura\" \/>\n\t<meta name=\"twitter:data2\" content=\"4 minutos\" \/>\n<!-- \/ Yoast SEO plugin. -->","yoast_head_json":{"title":"Acompanhamento da sa\u00fade \u00e9 indispens\u00e1vel para o recebimento do Bolsa Fam\u00edlia; saiba em qual cidade - Estado de Minas - Em foco","description":"Cidade orienta benefici\u00e1rios do Bolsa Fam\u00edlia a cumprirem condicionalidades de acompanhamento de sa\u00fade para manter o benef\u00edcio","robots":{"index":"index","follow":"follow","max-snippet":"max-snippet:-1","max-image-preview":"max-image-preview:large","max-video-preview":"max-video-preview:-1"},"canonical":"https:\/\/www.em.com.br\/emfoco\/2024\/11\/10\/acompanhamento-da-saude-e-indispensavel-para-o-recebimento-do-bolsa-familia-saiba-em-qual-cidade\/","og_locale":"pt_BR","og_type":"article","og_title":"Acompanhamento da sa\u00fade \u00e9 indispens\u00e1vel para o recebimento do Bolsa Fam\u00edlia; saiba em qual cidade - Estado de Minas - Em foco","og_description":"Cidade orienta benefici\u00e1rios do Bolsa Fam\u00edlia a cumprirem condicionalidades de acompanhamento de sa\u00fade para manter o benef\u00edcio","og_url":"https:\/\/www.em.com.br\/emfoco\/2024\/11\/10\/acompanhamento-da-saude-e-indispensavel-para-o-recebimento-do-bolsa-familia-saiba-em-qual-cidade\/","og_site_name":"Estado de Minas - Em foco","article_published_time":"2024-11-10T10:20:00+00:00","article_modified_time":"2024-11-09T17:40:59+00:00","og_image":[{"width":1280,"height":720,"url":"https:\/\/www.em.com.br\/emfoco\/wp-content\/uploads\/2024\/11\/bolsa-familia-carteira-de-trabalho-Creditos-depositphotos.com-rafapress.jpg","type":"image\/jpeg"}],"author":"Helen Palma","twitter_card":"summary_large_image","twitter_misc":{"Escrito por":"Helen Palma","Est. tempo de leitura":"4 minutos"},"schema":{"@context":"https:\/\/schema.org","@graph":[{"@type":"WebPage","@id":"https:\/\/www.em.com.br\/emfoco\/2024\/11\/10\/acompanhamento-da-saude-e-indispensavel-para-o-recebimento-do-bolsa-familia-saiba-em-qual-cidade\/","url":"https:\/\/www.em.com.br\/emfoco\/2024\/11\/10\/acompanhamento-da-saude-e-indispensavel-para-o-recebimento-do-bolsa-familia-saiba-em-qual-cidade\/","name":"Acompanhamento da sa\u00fade \u00e9 indispens\u00e1vel para o recebimento do Bolsa Fam\u00edlia; saiba em qual cidade - Estado de Minas - Em foco","isPartOf":{"@id":"https:\/\/www.em.com.br\/emfoco\/#website"},"primaryImageOfPage":{"@id":"https:\/\/www.em.com.br\/emfoco\/2024\/11\/10\/acompanhamento-da-saude-e-indispensavel-para-o-recebimento-do-bolsa-familia-saiba-em-qual-cidade\/#primaryimage"},"image":{"@id":"https:\/\/www.em.com.br\/emfoco\/2024\/11\/10\/acompanhamento-da-saude-e-indispensavel-para-o-recebimento-do-bolsa-familia-saiba-em-qual-cidade\/#primaryimage"},"thumbnailUrl":"https:\/\/www.em.com.br\/emfoco\/wp-content\/uploads\/2024\/11\/bolsa-familia-carteira-de-trabalho-Creditos-depositphotos.com-rafapress.jpg","datePublished":"2024-11-10T10:20:00+00:00","dateModified":"2024-11-09T17:40:59+00:00","author":{"@id":"https:\/\/www.em.com.br\/emfoco\/#\/schema\/person\/d79d5c83ee37ab7ca6781d92bd406eac"},"description":"Cidade orienta benefici\u00e1rios do Bolsa Fam\u00edlia a cumprirem condicionalidades de acompanhamento de sa\u00fade para manter o benef\u00edcio","breadcrumb":{"@id":"https:\/\/www.em.com.br\/emfoco\/2024\/11\/10\/acompanhamento-da-saude-e-indispensavel-para-o-recebimento-do-bolsa-familia-saiba-em-qual-cidade\/#breadcrumb"},"inLanguage":"pt-BR","potentialAction":[{"@type":"ReadAction","target":["https:\/\/www.em.com.br\/emfoco\/2024\/11\/10\/acompanhamento-da-saude-e-indispensavel-para-o-recebimento-do-bolsa-familia-saiba-em-qual-cidade\/"]}]},{"@type":"ImageObject","inLanguage":"pt-BR","@id":"https:\/\/www.em.com.br\/emfoco\/2024\/11\/10\/acompanhamento-da-saude-e-indispensavel-para-o-recebimento-do-bolsa-familia-saiba-em-qual-cidade\/#primaryimage","url":"https:\/\/www.em.com.br\/emfoco\/wp-content\/uploads\/2024\/11\/bolsa-familia-carteira-de-trabalho-Creditos-depositphotos.com-rafapress.jpg","contentUrl":"https:\/\/www.em.com.br\/emfoco\/wp-content\/uploads\/2024\/11\/bolsa-familia-carteira-de-trabalho-Creditos-depositphotos.com-rafapress.jpg","width":1280,"height":720,"caption":"bolsa fam\u00edlia - carteira de trabalho - Cr\u00e9ditos depositphotos.com rafapress"},{"@type":"BreadcrumbList","@id":"https:\/\/www.em.com.br\/emfoco\/2024\/11\/10\/acompanhamento-da-saude-e-indispensavel-para-o-recebimento-do-bolsa-familia-saiba-em-qual-cidade\/#breadcrumb","itemListElement":[{"@type":"ListItem","position":1,"name":"In\u00edcio","item":"https:\/\/www.em.com.br\/emfoco\/"},{"@type":"ListItem","position":2,"name":"Acompanhamento da sa\u00fade \u00e9 indispens\u00e1vel para o recebimento do Bolsa Fam\u00edlia; saiba em qual cidade"}]},{"@type":"WebSite","@id":"https:\/\/www.em.com.br\/emfoco\/#website","url":"https:\/\/www.em.com.br\/emfoco\/","name":"Estado de Minas - Em foco","description":"Acompanhe as \u00faltimas not\u00edcias e fique bem informado sobre tudo o que acontece em Minas Gerais, Brasil e no mundo.","potentialAction":[{"@type":"SearchAction","target":{"@type":"EntryPoint","urlTemplate":"https:\/\/www.em.com.br\/emfoco\/?s={search_term_string}"},"query-input":{"@type":"PropertyValueSpecification","valueRequired":true,"valueName":"search_term_string"}}],"inLanguage":"pt-BR"},{"@type":"Person","@id":"https:\/\/www.em.com.br\/emfoco\/#\/schema\/person\/d79d5c83ee37ab7ca6781d92bd406eac","name":"Helen Palma","image":{"@type":"ImageObject","inLanguage":"pt-BR","@id":"https:\/\/www.em.com.br\/emfoco\/#\/schema\/person\/image\/","url":"https:\/\/secure.gravatar.com\/avatar\/c657d9266c25fd5b35a8a6274fb730cd?s=96&d=mm&r=g","contentUrl":"https:\/\/secure.gravatar.com\/avatar\/c657d9266c25fd5b35a8a6274fb730cd?s=96&d=mm&r=g","caption":"Helen Palma"},"url":"https:\/\/www.em.com.br\/emfoco\/author\/helenmyth\/"}]}},"_links":{"self":[{"href":"https:\/\/www.em.com.br\/emfoco\/wp-json\/wp\/v2\/posts\/245","targetHints":{"allow":["GET"]}}],"collection":[{"href":"https:\/\/www.em.com.br\/emfoco\/wp-json\/wp\/v2\/posts"}],"about":[{"href":"https:\/\/www.em.com.br\/emfoco\/wp-json\/wp\/v2\/types\/post"}],"author":[{"embeddable":true,"href":"https:\/\/www.em.com.br\/emfoco\/wp-json\/wp\/v2\/users\/3"}],"replies":[{"embeddable":true,"href":"https:\/\/www.em.com.br\/emfoco\/wp-json\/wp\/v2\/comments?post=245"}],"version-history":[{"count":1,"href":"https:\/\/www.em.com.br\/emfoco\/wp-json\/wp\/v2\/posts\/245\/revisions"}],"predecessor-version":[{"id":248,"href":"https:\/\/www.em.com.br\/emfoco\/wp-json\/wp\/v2\/posts\/245\/revisions\/248"}],"wp:featuredmedia":[{"embeddable":true,"href":"https:\/\/www.em.com.br\/emfoco\/wp-json\/wp\/v2\/media\/246"}],"wp:attachment":[{"href":"https:\/\/www.em.com.br\/emfoco\/wp-json\/wp\/v2\/media?parent=245"}],"wp:term":[{"taxonomy":"category","embeddable":true,"href":"https:\/\/www.em.com.br\/emfoco\/wp-json\/wp\/v2\/categories?post=245"},{"taxonomy":"post_tag","embeddable":true,"href":"https:\/\/www.em.com.br\/emfoco\/wp-json\/wp\/v2\/tags?post=245"}],"curies":[{"name":"wp","href":"https:\/\/api.w.org\/{rel}","templated":true}]}}