{"id":24453,"date":"2025-03-04T20:20:00","date_gmt":"2025-03-04T23:20:00","guid":{"rendered":"https:\/\/www.em.com.br\/emfoco\/?p=24453"},"modified":"2025-03-04T13:10:46","modified_gmt":"2025-03-04T16:10:46","slug":"lula-garante-pagamentos-antecipados-e-feriado-sem-preocupacoes-para-aposentados","status":"publish","type":"post","link":"https:\/\/www.em.com.br\/emfoco\/2025\/03\/04\/lula-garante-pagamentos-antecipados-e-feriado-sem-preocupacoes-para-aposentados\/","title":{"rendered":"Lula garante pagamentos antecipados e feriado sem preocupa\u00e7\u00f5es para aposentados"},"content":{"rendered":"\n<p>O <strong><a href=\"https:\/\/www-contabeis-com-br.webpkgcache.com\/doc\/-\/s\/www.contabeis.com.br\/noticias\/69663\/inss-antecipa-pagamentos-de-marco-para-aposentados\/\" target=\"_blank\" rel=\"noreferrer noopener\">Instituto Nacional do Seguro Social (INSS)<\/a><\/strong> realizou uma antecipa\u00e7\u00e3o nos pagamentos de aposentadorias, pens\u00f5es e aux\u00edlios em mar\u00e7o de 2025. Devido ao feriado prolongado de Carnaval, os cr\u00e9ditos previstos para os dias 10, 11 e 12 foram adiantados para os dias 6 e 7. A decis\u00e3o foi tomada pelo presidente<strong> Luiz In\u00e1cio Lula da Silva<\/strong> para evitar poss\u00edveis atrasos e garantir que os benefici\u00e1rios tivessem acesso aos seus recursos sem contratempos.<\/p>\n\n\n\n<p>Com essa mudan\u00e7a, milh\u00f5es de segurados foram beneficiados e receberam seus pagamentos antes do previsto. A medida impactou positivamente tanto os cidad\u00e3os quanto a economia brasileira.<\/p>\n\n\n\n<h2 class=\"wp-block-heading\">Qual o impacto econ\u00f4mico da antecipa\u00e7\u00e3o dos pagamentos?<\/h2>\n\n\n\n<p>A antecipa\u00e7\u00e3o dos pagamentos do INSS injetou R$ 59,51 bilh\u00f5es na economia, beneficiando 25,47 milh\u00f5es de pessoas. Esse montante faz parte da folha de pagamento de fevereiro, que totalizou R$ 82,2 bilh\u00f5es.<\/p>\n\n\n\n<p>O ministro da Previd\u00eancia, <strong>Carlos Lupi<\/strong>, destacou que a antecipa\u00e7\u00e3o foi essencial para evitar dificuldades financeiras aos benefici\u00e1rios durante o feriado prolongado. Al\u00e9m disso, o presidente do INSS, <strong>Alessandro Stefanutto<\/strong>, ressaltou que a medida ajudou a movimentar a economia ao garantir que os segurados recebessem seus valores sem atrasos.<\/p>\n\n\n\n<figure class=\"wp-block-image\"><img decoding=\"async\" src=\"https:\/\/www.em.com.br\/emfoco\/wp-content\/uploads\/2025\/03\/dinheiro-brasil_1740837147336-1024x576.jpg\" alt=\"\"\/><figcaption class=\"wp-element-caption\">Imagem de pessoa segurando dinheiro &#8211; Cr\u00e9ditos: depositphotos.com \/ verganifotografia<\/figcaption><\/figure>\n\n\n\n<h2 class=\"wp-block-heading\">Como funcionou a antecipa\u00e7\u00e3o dos pagamentos?<\/h2>\n\n\n\n<p>Os pagamentos seguiram um cronograma espec\u00edfico para garantir organiza\u00e7\u00e3o e evitar tumultos. Para quem recebe at\u00e9 um <strong><a href=\"https:\/\/www.em.com.br\/emfoco\/2025\/03\/02\/salario-minimo-aumentou-mas-os-descontos-estao-afetando-os-brasileiros\/\" target=\"_blank\" rel=\"noreferrer noopener\">sal\u00e1rio m\u00ednimo<\/a><\/strong> (R$ 1.518), os dep\u00f3sitos come\u00e7aram no dia 24 de fevereiro, sendo liberados conforme o n\u00famero final do benef\u00edcio. J\u00e1 para aqueles com renda superior ao piso nacional, os cr\u00e9ditos foram antecipados para os dias 6 e 7 de mar\u00e7o.<\/p>\n\n\n\n<p>O crit\u00e9rio utilizado para definir o dia do pagamento continua sendo o n\u00famero do benef\u00edcio antes do tra\u00e7o final. Por exemplo, no caso de um n\u00famero como 999.999.991-9, o pagamento ocorre no dia correspondente ao n\u00famero 1, antes do tra\u00e7o.<\/p>\n\n\n\n<h2 class=\"wp-block-heading\">Como os segurados podem consultar seus pagamentos?<\/h2>\n\n\n\n<p>Os benefici\u00e1rios do INSS podem consultar seus pagamentos de maneira pr\u00e1tica e r\u00e1pida atrav\u00e9s do portal <strong>Meu INSS<\/strong>. Basta acessar o site oficial, realizar o login e clicar na op\u00e7\u00e3o \u201cExtrato de Pagamento\u201d para visualizar os detalhes do cr\u00e9dito.<\/p>\n\n\n\n<p>Essa ferramenta online permite que os segurados acompanhem seus benef\u00edcios sem precisar sair de casa, garantindo mais comodidade e planejamento financeiro. Al\u00e9m disso, tamb\u00e9m \u00e9 poss\u00edvel acessar informa\u00e7\u00f5es pelo aplicativo Meu INSS, dispon\u00edvel para Android e iOS.<\/p>\n\n\n\n<h2 class=\"wp-block-heading\">Antecipa\u00e7\u00e3o refor\u00e7a compromisso do INSS com segurados<\/h2>\n\n\n\n<p>A decis\u00e3o de antecipar os pagamentos demonstra o compromisso do INSS em garantir que os benefici\u00e1rios n\u00e3o sejam prejudicados por feriados e imprevistos no calend\u00e1rio banc\u00e1rio. A medida assegurou que todos os 40,6 milh\u00f5es de segurados recebessem seus cr\u00e9ditos sem atrasos, facilitando sua organiza\u00e7\u00e3o financeira.<\/p>\n\n\n\n<p>Com essa iniciativa, o INSS reafirma seu papel de suporte social, garantindo que aposentados, pensionistas e demais benefici\u00e1rios tenham tranquilidade para usufruir de seus benef\u00edcios com seguran\u00e7a e previsibilidade.<\/p>\n","protected":false},"excerpt":{"rendered":"<p>O Instituto Nacional do Seguro Social (INSS) realizou uma antecipa\u00e7\u00e3o nos pagamentos de aposentadorias, pens\u00f5es e aux\u00edlios em mar\u00e7o de 2025. Devido ao feriado prolongado de Carnaval, os cr\u00e9ditos previstos para os dias 10, 11 e 12 foram adiantados para os dias 6 e 7. A decis\u00e3o foi tomada pelo presidente Luiz In\u00e1cio Lula da [&hellip;]<\/p>\n","protected":false},"author":11,"featured_media":24217,"comment_status":"open","ping_status":"open","sticky":false,"template":"","format":"standard","meta":{"jnews-multi-image_gallery":[],"jnews_single_post":{"format":"standard"},"jnews_primary_category":[],"jnews_social_meta":[],"jnews_override_counter":[],"footnotes":""},"categories":[28,1],"tags":[2492,174,1390],"class_list":["post-24453","post","type-post","status-publish","format-standard","has-post-thumbnail","hentry","category-economia","category-noticias","tag-beneficios-do-inss","tag-inss","tag-pagamentos-inss"],"yoast_head":"<!-- This site is optimized with the Yoast SEO plugin v23.8 - https:\/\/yoast.com\/wordpress\/plugins\/seo\/ -->\n<title>Lula garante pagamentos antecipados e feriado sem preocupa\u00e7\u00f5es para aposentados - Estado de Minas - Em foco<\/title>\n<meta name=\"description\" content=\"Pagamentos antecipados e feriado sem preocupa\u00e7\u00f5es para aposentados e pensionistas. Saiba como essa medida vai garantir sua tranquilidade.\" \/>\n<meta name=\"robots\" content=\"index, follow, max-snippet:-1, max-image-preview:large, max-video-preview:-1\" \/>\n<link rel=\"canonical\" href=\"https:\/\/www.em.com.br\/emfoco\/2025\/03\/04\/lula-garante-pagamentos-antecipados-e-feriado-sem-preocupacoes-para-aposentados\/\" \/>\n<meta property=\"og:locale\" content=\"pt_BR\" \/>\n<meta property=\"og:type\" content=\"article\" \/>\n<meta property=\"og:title\" content=\"Lula garante pagamentos antecipados e feriado sem preocupa\u00e7\u00f5es para aposentados - Estado de Minas - Em foco\" \/>\n<meta property=\"og:description\" content=\"Pagamentos antecipados e feriado sem preocupa\u00e7\u00f5es para aposentados e pensionistas. Saiba como essa medida vai garantir sua tranquilidade.\" \/>\n<meta property=\"og:url\" content=\"https:\/\/www.em.com.br\/emfoco\/2025\/03\/04\/lula-garante-pagamentos-antecipados-e-feriado-sem-preocupacoes-para-aposentados\/\" \/>\n<meta property=\"og:site_name\" content=\"Estado de Minas - Em foco\" \/>\n<meta property=\"article:published_time\" content=\"2025-03-04T23:20:00+00:00\" \/>\n<meta property=\"article:modified_time\" content=\"2025-03-04T16:10:46+00:00\" \/>\n<meta property=\"og:image\" content=\"https:\/\/www.em.com.br\/emfoco\/wp-content\/uploads\/2025\/03\/governo-lula.jpg\" \/>\n\t<meta property=\"og:image:width\" content=\"1280\" \/>\n\t<meta property=\"og:image:height\" content=\"720\" \/>\n\t<meta property=\"og:image:type\" content=\"image\/jpeg\" \/>\n<meta name=\"author\" content=\"Andre\u0301 Rangel\u00a0\" \/>\n<meta name=\"twitter:card\" content=\"summary_large_image\" \/>\n<meta name=\"twitter:label1\" content=\"Escrito por\" \/>\n\t<meta name=\"twitter:data1\" content=\"Andre\u0301 Rangel\u00a0\" \/>\n\t<meta name=\"twitter:label2\" content=\"Est. tempo de leitura\" \/>\n\t<meta name=\"twitter:data2\" content=\"3 minutos\" \/>\n<!-- \/ Yoast SEO plugin. -->","yoast_head_json":{"title":"Lula garante pagamentos antecipados e feriado sem preocupa\u00e7\u00f5es para aposentados - Estado de Minas - Em foco","description":"Pagamentos antecipados e feriado sem preocupa\u00e7\u00f5es para aposentados e pensionistas. Saiba como essa medida vai garantir sua tranquilidade.","robots":{"index":"index","follow":"follow","max-snippet":"max-snippet:-1","max-image-preview":"max-image-preview:large","max-video-preview":"max-video-preview:-1"},"canonical":"https:\/\/www.em.com.br\/emfoco\/2025\/03\/04\/lula-garante-pagamentos-antecipados-e-feriado-sem-preocupacoes-para-aposentados\/","og_locale":"pt_BR","og_type":"article","og_title":"Lula garante pagamentos antecipados e feriado sem preocupa\u00e7\u00f5es para aposentados - Estado de Minas - Em foco","og_description":"Pagamentos antecipados e feriado sem preocupa\u00e7\u00f5es para aposentados e pensionistas. Saiba como essa medida vai garantir sua tranquilidade.","og_url":"https:\/\/www.em.com.br\/emfoco\/2025\/03\/04\/lula-garante-pagamentos-antecipados-e-feriado-sem-preocupacoes-para-aposentados\/","og_site_name":"Estado de Minas - Em foco","article_published_time":"2025-03-04T23:20:00+00:00","article_modified_time":"2025-03-04T16:10:46+00:00","og_image":[{"width":1280,"height":720,"url":"https:\/\/www.em.com.br\/emfoco\/wp-content\/uploads\/2025\/03\/governo-lula.jpg","type":"image\/jpeg"}],"author":"Andre\u0301 Rangel\u00a0","twitter_card":"summary_large_image","twitter_misc":{"Escrito por":"Andre\u0301 Rangel\u00a0","Est. tempo de leitura":"3 minutos"},"schema":{"@context":"https:\/\/schema.org","@graph":[{"@type":"WebPage","@id":"https:\/\/www.em.com.br\/emfoco\/2025\/03\/04\/lula-garante-pagamentos-antecipados-e-feriado-sem-preocupacoes-para-aposentados\/","url":"https:\/\/www.em.com.br\/emfoco\/2025\/03\/04\/lula-garante-pagamentos-antecipados-e-feriado-sem-preocupacoes-para-aposentados\/","name":"Lula garante pagamentos antecipados e feriado sem preocupa\u00e7\u00f5es para aposentados - Estado de Minas - Em foco","isPartOf":{"@id":"https:\/\/www.em.com.br\/emfoco\/#website"},"primaryImageOfPage":{"@id":"https:\/\/www.em.com.br\/emfoco\/2025\/03\/04\/lula-garante-pagamentos-antecipados-e-feriado-sem-preocupacoes-para-aposentados\/#primaryimage"},"image":{"@id":"https:\/\/www.em.com.br\/emfoco\/2025\/03\/04\/lula-garante-pagamentos-antecipados-e-feriado-sem-preocupacoes-para-aposentados\/#primaryimage"},"thumbnailUrl":"https:\/\/www.em.com.br\/emfoco\/wp-content\/uploads\/2025\/03\/governo-lula.jpg","datePublished":"2025-03-04T23:20:00+00:00","dateModified":"2025-03-04T16:10:46+00:00","author":{"@id":"https:\/\/www.em.com.br\/emfoco\/#\/schema\/person\/60eda09c1fedf0d6891f4cef4b60b8b8"},"description":"Pagamentos antecipados e feriado sem preocupa\u00e7\u00f5es para aposentados e pensionistas. Saiba como essa medida vai garantir sua tranquilidade.","breadcrumb":{"@id":"https:\/\/www.em.com.br\/emfoco\/2025\/03\/04\/lula-garante-pagamentos-antecipados-e-feriado-sem-preocupacoes-para-aposentados\/#breadcrumb"},"inLanguage":"pt-BR","potentialAction":[{"@type":"ReadAction","target":["https:\/\/www.em.com.br\/emfoco\/2025\/03\/04\/lula-garante-pagamentos-antecipados-e-feriado-sem-preocupacoes-para-aposentados\/"]}]},{"@type":"ImageObject","inLanguage":"pt-BR","@id":"https:\/\/www.em.com.br\/emfoco\/2025\/03\/04\/lula-garante-pagamentos-antecipados-e-feriado-sem-preocupacoes-para-aposentados\/#primaryimage","url":"https:\/\/www.em.com.br\/emfoco\/wp-content\/uploads\/2025\/03\/governo-lula.jpg","contentUrl":"https:\/\/www.em.com.br\/emfoco\/wp-content\/uploads\/2025\/03\/governo-lula.jpg","width":1280,"height":720,"caption":"Imagem governo Lula - Cr\u00e9ditos: Flickr"},{"@type":"BreadcrumbList","@id":"https:\/\/www.em.com.br\/emfoco\/2025\/03\/04\/lula-garante-pagamentos-antecipados-e-feriado-sem-preocupacoes-para-aposentados\/#breadcrumb","itemListElement":[{"@type":"ListItem","position":1,"name":"In\u00edcio","item":"https:\/\/www.em.com.br\/emfoco\/"},{"@type":"ListItem","position":2,"name":"Lula garante pagamentos antecipados e feriado sem preocupa\u00e7\u00f5es para aposentados"}]},{"@type":"WebSite","@id":"https:\/\/www.em.com.br\/emfoco\/#website","url":"https:\/\/www.em.com.br\/emfoco\/","name":"Estado de Minas - Em foco","description":"Acompanhe as \u00faltimas not\u00edcias e fique bem informado sobre tudo o que acontece em Minas Gerais, Brasil e no mundo.","potentialAction":[{"@type":"SearchAction","target":{"@type":"EntryPoint","urlTemplate":"https:\/\/www.em.com.br\/emfoco\/?s={search_term_string}"},"query-input":{"@type":"PropertyValueSpecification","valueRequired":true,"valueName":"search_term_string"}}],"inLanguage":"pt-BR"},{"@type":"Person","@id":"https:\/\/www.em.com.br\/emfoco\/#\/schema\/person\/60eda09c1fedf0d6891f4cef4b60b8b8","name":"Andre\u0301 Rangel\u00a0","image":{"@type":"ImageObject","inLanguage":"pt-BR","@id":"https:\/\/www.em.com.br\/emfoco\/#\/schema\/person\/image\/","url":"https:\/\/secure.gravatar.com\/avatar\/6234dc814c77c8ef6d8bba622c787efc?s=96&d=mm&r=g","contentUrl":"https:\/\/secure.gravatar.com\/avatar\/6234dc814c77c8ef6d8bba622c787efc?s=96&d=mm&r=g","caption":"Andre\u0301 Rangel\u00a0"},"url":"https:\/\/www.em.com.br\/emfoco\/author\/luizmyth\/"}]}},"_links":{"self":[{"href":"https:\/\/www.em.com.br\/emfoco\/wp-json\/wp\/v2\/posts\/24453","targetHints":{"allow":["GET"]}}],"collection":[{"href":"https:\/\/www.em.com.br\/emfoco\/wp-json\/wp\/v2\/posts"}],"about":[{"href":"https:\/\/www.em.com.br\/emfoco\/wp-json\/wp\/v2\/types\/post"}],"author":[{"embeddable":true,"href":"https:\/\/www.em.com.br\/emfoco\/wp-json\/wp\/v2\/users\/11"}],"replies":[{"embeddable":true,"href":"https:\/\/www.em.com.br\/emfoco\/wp-json\/wp\/v2\/comments?post=24453"}],"version-history":[{"count":6,"href":"https:\/\/www.em.com.br\/emfoco\/wp-json\/wp\/v2\/posts\/24453\/revisions"}],"predecessor-version":[{"id":24562,"href":"https:\/\/www.em.com.br\/emfoco\/wp-json\/wp\/v2\/posts\/24453\/revisions\/24562"}],"wp:featuredmedia":[{"embeddable":true,"href":"https:\/\/www.em.com.br\/emfoco\/wp-json\/wp\/v2\/media\/24217"}],"wp:attachment":[{"href":"https:\/\/www.em.com.br\/emfoco\/wp-json\/wp\/v2\/media?parent=24453"}],"wp:term":[{"taxonomy":"category","embeddable":true,"href":"https:\/\/www.em.com.br\/emfoco\/wp-json\/wp\/v2\/categories?post=24453"},{"taxonomy":"post_tag","embeddable":true,"href":"https:\/\/www.em.com.br\/emfoco\/wp-json\/wp\/v2\/tags?post=24453"}],"curies":[{"name":"wp","href":"https:\/\/api.w.org\/{rel}","templated":true}]}}