{"id":24361,"date":"2025-03-01T19:30:00","date_gmt":"2025-03-01T22:30:00","guid":{"rendered":"https:\/\/www.em.com.br\/emfoco\/?p=24361"},"modified":"2025-03-01T17:27:01","modified_gmt":"2025-03-01T20:27:01","slug":"mei-que-nao-declarar-pode-pagar-caro-entenda-as-consequencias","status":"publish","type":"post","link":"https:\/\/www.em.com.br\/emfoco\/2025\/03\/01\/mei-que-nao-declarar-pode-pagar-caro-entenda-as-consequencias\/","title":{"rendered":"MEI que n\u00e3o declarar pode pagar caro! Entenda as consequ\u00eancias"},"content":{"rendered":"\n<p>A Declara\u00e7\u00e3o Anual do Microempreendedor Individual (<strong>MEI<\/strong>) \u00e9 um documento obrigat\u00f3rio que deve ser submetido anualmente por todos os microempreendedores individuais no Brasil. Este documento \u00e9 essencial para que o MEI informe \u00e0 <strong>Receita Federal <\/strong>o valor total do faturamento do ano anterior. O envio da declara\u00e7\u00e3o deve ser feito at\u00e9 o final de maio de cada ano, garantindo que o empreendedor esteja em conformidade com as exig\u00eancias fiscais.<\/p>\n\n\n\n<p>O cumprimento desta obriga\u00e7\u00e3o fiscal \u00e9 crucial para evitar penalidades e para que o MEI possa continuar a operar legalmente. Al\u00e9m disso, segundo o site <a href=\"https:\/\/bmcnews.com.br\/2025\/01\/17\/guia-definitivo-para-declaracao-anual-do-mei-envie-sua-dasn-simei\/\" target=\"_blank\" rel=\"noreferrer noopener\">BM&amp;C News<\/a>, a declara\u00e7\u00e3o \u00e9 necess\u00e1ria para a emiss\u00e3o do <strong>Certificado de Condi\u00e7\u00e3o do Microempreendedor Individual (CCMEI),<\/strong> que comprova a regularidade do neg\u00f3cio.<\/p>\n\n\n\n<h2 class=\"wp-block-heading\">Passo a passo para realizar a declara\u00e7\u00e3o anual do MEI<\/h2>\n\n\n\n<p>Embora o processo de declara\u00e7\u00e3o seja relativamente simples, \u00e9 importante seguir alguns passos para garantir que tudo seja feito corretamente. Aqui est\u00e1 um guia b\u00e1sico para ajudar os microempreendedores:<\/p>\n\n\n\n<ol class=\"wp-block-list\">\n<li><strong>Coleta de Documentos:<\/strong>\u00a0Antes de iniciar, re\u00fana todos os documentos que comprovem o faturamento bruto do ano anterior.<\/li>\n\n\n\n<li><strong>Acesso ao Portal:<\/strong>\u00a0Entre no Portal do Simples Nacional, onde a declara\u00e7\u00e3o deve ser preenchida e enviada.<\/li>\n\n\n\n<li><strong>Preenchimento dos Dados:<\/strong>\u00a0Insira as informa\u00e7\u00f5es sobre o faturamento e, se aplic\u00e1vel, dados sobre empregados contratados.<\/li>\n\n\n\n<li><strong>Verifica\u00e7\u00e3o:<\/strong>\u00a0Revise todas as informa\u00e7\u00f5es inseridas para garantir que n\u00e3o haja erros.<\/li>\n\n\n\n<li><strong>Envio e Comprovante:<\/strong>\u00a0Ap\u00f3s a revis\u00e3o, envie a declara\u00e7\u00e3o e guarde o comprovante de envio.<\/li>\n<\/ol>\n\n\n\n<h2 class=\"wp-block-heading\">Como funciona a tributa\u00e7\u00e3o do MEI?<\/h2>\n\n\n\n<p>O MEI \u00e9 tributado de forma simplificada, com um <a href=\"https:\/\/www.em.com.br\/emfoco\/2025\/02\/28\/essas-cidades-batem-recorde-de-seguranca-descubra-quais-sao-e-o-que-fazem-de-diferente\/\" target=\"_blank\" rel=\"noreferrer noopener\">pagamento <\/a>mensal fixo que abrange impostos como o INSS, ICMS e ISS. Este pagamento \u00e9 feito atrav\u00e9s do Documento de Arrecada\u00e7\u00e3o do Simples Nacional (DAS). A seguir, uma vis\u00e3o geral dos valores mensais de acordo com a atividade:<\/p>\n\n\n<div class=\"wp-block-image\">\n<figure class=\"aligncenter size-large\"><img loading=\"lazy\" decoding=\"async\" width=\"1024\" height=\"576\" src=\"https:\/\/www.em.com.br\/emfoco\/wp-content\/uploads\/2025\/03\/brasil-mei_1740860001952-1024x576.jpg\" alt=\"MEI que n\u00e3o declarar pode pagar caro! Entenda as consequ\u00eancias\" class=\"wp-image-24363\" srcset=\"https:\/\/www.em.com.br\/emfoco\/wp-content\/uploads\/2025\/03\/brasil-mei_1740860001952-1024x576.jpg 1024w, https:\/\/www.em.com.br\/emfoco\/wp-content\/uploads\/2025\/03\/brasil-mei_1740860001952-300x169.jpg 300w, https:\/\/www.em.com.br\/emfoco\/wp-content\/uploads\/2025\/03\/brasil-mei_1740860001952-768x432.jpg 768w, https:\/\/www.em.com.br\/emfoco\/wp-content\/uploads\/2025\/03\/brasil-mei_1740860001952-750x422.jpg 750w, https:\/\/www.em.com.br\/emfoco\/wp-content\/uploads\/2025\/03\/brasil-mei_1740860001952-1140x641.jpg 1140w, https:\/\/www.em.com.br\/emfoco\/wp-content\/uploads\/2025\/03\/brasil-mei_1740860001952.jpg 1280w\" sizes=\"auto, (max-width: 1024px) 100vw, 1024px\" \/><figcaption class=\"wp-element-caption\">MEI (Cr\u00e9ditos: depositphotos.com \/ rmcarvalhobsb)<\/figcaption><\/figure><\/div>\n\n\n<ul class=\"wp-block-list\">\n<li><strong>Com\u00e9rcio e Ind\u00fastria:<\/strong>\u00a0INSS: R$ 66,60, ICMS: R$ 1,00, Total: R$ 67,60<\/li>\n\n\n\n<li><strong>Servi\u00e7os:<\/strong>\u00a0INSS: R$ 66,60, ISS: R$ 5,00, Total: R$ 71,60<\/li>\n\n\n\n<li><strong>Com\u00e9rcio e Servi\u00e7os:<\/strong>\u00a0INSS: R$ 66,60, ICMS\/ISS: R$ 6,00, Total: R$ 72,60<\/li>\n<\/ul>\n\n\n\n<h2 class=\"wp-block-heading\">Por que a regularidade fiscal \u00e9 importante para o MEI?<\/h2>\n\n\n\n<p>Manter a regularidade fiscal \u00e9 vital para o microempreendedor individual, pois garante acesso a benef\u00edcios como linhas de cr\u00e9dito e participa\u00e7\u00e3o em licita\u00e7\u00f5es p\u00fablicas. Al\u00e9m disso, estar em dia com as obriga\u00e7\u00f5es fiscais assegura os direitos previdenci\u00e1rios do empreendedor. A Declara\u00e7\u00e3o Anual do MEI \u00e9 uma ferramenta que ajuda a monitorar a sa\u00fade financeira do neg\u00f3cio, permitindo que o empreendedor planeje seu crescimento de forma segura.<\/p>\n\n\n\n<p>Para mais detalhes sobre as obriga\u00e7\u00f5es do MEI e informa\u00e7\u00f5es atualizadas, \u00e9 aconselh\u00e1vel visitar o site oficial do MEI, onde est\u00e3o dispon\u00edveis recursos e orienta\u00e7\u00f5es adicionais.<\/p>\n\n\n\n<p><\/p>\n","protected":false},"excerpt":{"rendered":"<p>A Declara\u00e7\u00e3o Anual do Microempreendedor Individual (MEI) \u00e9 um documento obrigat\u00f3rio que deve ser submetido anualmente por todos os microempreendedores individuais no Brasil. Este documento \u00e9 essencial para que o MEI informe \u00e0 Receita Federal o valor total do faturamento do ano anterior. O envio da declara\u00e7\u00e3o deve ser feito at\u00e9 o final de maio [&hellip;]<\/p>\n","protected":false},"author":10,"featured_media":24362,"comment_status":"open","ping_status":"open","sticky":false,"template":"","format":"standard","meta":{"jnews-multi-image_gallery":[],"jnews_single_post":{"format":"standard"},"jnews_primary_category":[],"jnews_social_meta":[],"jnews_override_counter":[],"footnotes":""},"categories":[28,1],"tags":[716,2876,218],"class_list":["post-24361","post","type-post","status-publish","format-standard","has-post-thumbnail","hentry","category-economia","category-noticias","tag-declaracao","tag-impostos","tag-mei"],"yoast_head":"<!-- This site is optimized with the Yoast SEO plugin v23.8 - https:\/\/yoast.com\/wordpress\/plugins\/seo\/ -->\n<title>MEI que n\u00e3o declarar pode pagar caro! Entenda as consequ\u00eancias - Estado de Minas - Em foco<\/title>\n<meta name=\"description\" content=\"Se voc\u00ea \u00e9 MEI, precisa declarar seu faturamento! Aprenda o passo a passo para fazer sua Declara\u00e7\u00e3o Anual sem erros.\" \/>\n<meta name=\"robots\" content=\"index, follow, max-snippet:-1, max-image-preview:large, max-video-preview:-1\" \/>\n<link rel=\"canonical\" href=\"https:\/\/www.em.com.br\/emfoco\/2025\/03\/01\/mei-que-nao-declarar-pode-pagar-caro-entenda-as-consequencias\/\" \/>\n<meta property=\"og:locale\" content=\"pt_BR\" \/>\n<meta property=\"og:type\" content=\"article\" \/>\n<meta property=\"og:title\" content=\"MEI que n\u00e3o declarar pode pagar caro! Entenda as consequ\u00eancias - Estado de Minas - Em foco\" \/>\n<meta property=\"og:description\" content=\"Se voc\u00ea \u00e9 MEI, precisa declarar seu faturamento! Aprenda o passo a passo para fazer sua Declara\u00e7\u00e3o Anual sem erros.\" \/>\n<meta property=\"og:url\" content=\"https:\/\/www.em.com.br\/emfoco\/2025\/03\/01\/mei-que-nao-declarar-pode-pagar-caro-entenda-as-consequencias\/\" \/>\n<meta property=\"og:site_name\" content=\"Estado de Minas - Em foco\" \/>\n<meta property=\"article:published_time\" content=\"2025-03-01T22:30:00+00:00\" \/>\n<meta property=\"article:modified_time\" content=\"2025-03-01T20:27:01+00:00\" \/>\n<meta property=\"og:image\" content=\"https:\/\/www.em.com.br\/emfoco\/wp-content\/uploads\/2025\/03\/brasil-mei_1740859966004.jpg\" \/>\n\t<meta property=\"og:image:width\" content=\"1280\" \/>\n\t<meta property=\"og:image:height\" content=\"720\" \/>\n\t<meta property=\"og:image:type\" content=\"image\/jpeg\" \/>\n<meta name=\"author\" content=\"Patryck Reinehr\" \/>\n<meta name=\"twitter:card\" content=\"summary_large_image\" \/>\n<meta name=\"twitter:label1\" content=\"Escrito por\" \/>\n\t<meta name=\"twitter:data1\" content=\"Patryck Reinehr\" \/>\n\t<meta name=\"twitter:label2\" content=\"Est. tempo de leitura\" \/>\n\t<meta name=\"twitter:data2\" content=\"3 minutos\" \/>\n<!-- \/ Yoast SEO plugin. -->","yoast_head_json":{"title":"MEI que n\u00e3o declarar pode pagar caro! Entenda as consequ\u00eancias - Estado de Minas - Em foco","description":"Se voc\u00ea \u00e9 MEI, precisa declarar seu faturamento! Aprenda o passo a passo para fazer sua Declara\u00e7\u00e3o Anual sem erros.","robots":{"index":"index","follow":"follow","max-snippet":"max-snippet:-1","max-image-preview":"max-image-preview:large","max-video-preview":"max-video-preview:-1"},"canonical":"https:\/\/www.em.com.br\/emfoco\/2025\/03\/01\/mei-que-nao-declarar-pode-pagar-caro-entenda-as-consequencias\/","og_locale":"pt_BR","og_type":"article","og_title":"MEI que n\u00e3o declarar pode pagar caro! Entenda as consequ\u00eancias - Estado de Minas - Em foco","og_description":"Se voc\u00ea \u00e9 MEI, precisa declarar seu faturamento! Aprenda o passo a passo para fazer sua Declara\u00e7\u00e3o Anual sem erros.","og_url":"https:\/\/www.em.com.br\/emfoco\/2025\/03\/01\/mei-que-nao-declarar-pode-pagar-caro-entenda-as-consequencias\/","og_site_name":"Estado de Minas - Em foco","article_published_time":"2025-03-01T22:30:00+00:00","article_modified_time":"2025-03-01T20:27:01+00:00","og_image":[{"width":1280,"height":720,"url":"https:\/\/www.em.com.br\/emfoco\/wp-content\/uploads\/2025\/03\/brasil-mei_1740859966004.jpg","type":"image\/jpeg"}],"author":"Patryck Reinehr","twitter_card":"summary_large_image","twitter_misc":{"Escrito por":"Patryck Reinehr","Est. tempo de leitura":"3 minutos"},"schema":{"@context":"https:\/\/schema.org","@graph":[{"@type":"WebPage","@id":"https:\/\/www.em.com.br\/emfoco\/2025\/03\/01\/mei-que-nao-declarar-pode-pagar-caro-entenda-as-consequencias\/","url":"https:\/\/www.em.com.br\/emfoco\/2025\/03\/01\/mei-que-nao-declarar-pode-pagar-caro-entenda-as-consequencias\/","name":"MEI que n\u00e3o declarar pode pagar caro! Entenda as consequ\u00eancias - Estado de Minas - Em foco","isPartOf":{"@id":"https:\/\/www.em.com.br\/emfoco\/#website"},"primaryImageOfPage":{"@id":"https:\/\/www.em.com.br\/emfoco\/2025\/03\/01\/mei-que-nao-declarar-pode-pagar-caro-entenda-as-consequencias\/#primaryimage"},"image":{"@id":"https:\/\/www.em.com.br\/emfoco\/2025\/03\/01\/mei-que-nao-declarar-pode-pagar-caro-entenda-as-consequencias\/#primaryimage"},"thumbnailUrl":"https:\/\/www.em.com.br\/emfoco\/wp-content\/uploads\/2025\/03\/brasil-mei_1740859966004.jpg","datePublished":"2025-03-01T22:30:00+00:00","dateModified":"2025-03-01T20:27:01+00:00","author":{"@id":"https:\/\/www.em.com.br\/emfoco\/#\/schema\/person\/43407752bebcbbb4d0ec79deedc0d7ce"},"description":"Se voc\u00ea \u00e9 MEI, precisa declarar seu faturamento! Aprenda o passo a passo para fazer sua Declara\u00e7\u00e3o Anual sem erros.","breadcrumb":{"@id":"https:\/\/www.em.com.br\/emfoco\/2025\/03\/01\/mei-que-nao-declarar-pode-pagar-caro-entenda-as-consequencias\/#breadcrumb"},"inLanguage":"pt-BR","potentialAction":[{"@type":"ReadAction","target":["https:\/\/www.em.com.br\/emfoco\/2025\/03\/01\/mei-que-nao-declarar-pode-pagar-caro-entenda-as-consequencias\/"]}]},{"@type":"ImageObject","inLanguage":"pt-BR","@id":"https:\/\/www.em.com.br\/emfoco\/2025\/03\/01\/mei-que-nao-declarar-pode-pagar-caro-entenda-as-consequencias\/#primaryimage","url":"https:\/\/www.em.com.br\/emfoco\/wp-content\/uploads\/2025\/03\/brasil-mei_1740859966004.jpg","contentUrl":"https:\/\/www.em.com.br\/emfoco\/wp-content\/uploads\/2025\/03\/brasil-mei_1740859966004.jpg","width":1280,"height":720,"caption":"MEI (Cr\u00e9ditos: depositphotos.com \/ rafapress)"},{"@type":"BreadcrumbList","@id":"https:\/\/www.em.com.br\/emfoco\/2025\/03\/01\/mei-que-nao-declarar-pode-pagar-caro-entenda-as-consequencias\/#breadcrumb","itemListElement":[{"@type":"ListItem","position":1,"name":"In\u00edcio","item":"https:\/\/www.em.com.br\/emfoco\/"},{"@type":"ListItem","position":2,"name":"MEI que n\u00e3o declarar pode pagar caro! Entenda as consequ\u00eancias"}]},{"@type":"WebSite","@id":"https:\/\/www.em.com.br\/emfoco\/#website","url":"https:\/\/www.em.com.br\/emfoco\/","name":"Estado de Minas - Em foco","description":"Acompanhe as \u00faltimas not\u00edcias e fique bem informado sobre tudo o que acontece em Minas Gerais, Brasil e no mundo.","potentialAction":[{"@type":"SearchAction","target":{"@type":"EntryPoint","urlTemplate":"https:\/\/www.em.com.br\/emfoco\/?s={search_term_string}"},"query-input":{"@type":"PropertyValueSpecification","valueRequired":true,"valueName":"search_term_string"}}],"inLanguage":"pt-BR"},{"@type":"Person","@id":"https:\/\/www.em.com.br\/emfoco\/#\/schema\/person\/43407752bebcbbb4d0ec79deedc0d7ce","name":"Patryck Reinehr","image":{"@type":"ImageObject","inLanguage":"pt-BR","@id":"https:\/\/www.em.com.br\/emfoco\/#\/schema\/person\/image\/","url":"https:\/\/secure.gravatar.com\/avatar\/570c7fb2898c0e2df0823196891bea88?s=96&d=mm&r=g","contentUrl":"https:\/\/secure.gravatar.com\/avatar\/570c7fb2898c0e2df0823196891bea88?s=96&d=mm&r=g","caption":"Patryck Reinehr"},"url":"https:\/\/www.em.com.br\/emfoco\/author\/patryckmyth\/"}]}},"_links":{"self":[{"href":"https:\/\/www.em.com.br\/emfoco\/wp-json\/wp\/v2\/posts\/24361","targetHints":{"allow":["GET"]}}],"collection":[{"href":"https:\/\/www.em.com.br\/emfoco\/wp-json\/wp\/v2\/posts"}],"about":[{"href":"https:\/\/www.em.com.br\/emfoco\/wp-json\/wp\/v2\/types\/post"}],"author":[{"embeddable":true,"href":"https:\/\/www.em.com.br\/emfoco\/wp-json\/wp\/v2\/users\/10"}],"replies":[{"embeddable":true,"href":"https:\/\/www.em.com.br\/emfoco\/wp-json\/wp\/v2\/comments?post=24361"}],"version-history":[{"count":1,"href":"https:\/\/www.em.com.br\/emfoco\/wp-json\/wp\/v2\/posts\/24361\/revisions"}],"predecessor-version":[{"id":24364,"href":"https:\/\/www.em.com.br\/emfoco\/wp-json\/wp\/v2\/posts\/24361\/revisions\/24364"}],"wp:featuredmedia":[{"embeddable":true,"href":"https:\/\/www.em.com.br\/emfoco\/wp-json\/wp\/v2\/media\/24362"}],"wp:attachment":[{"href":"https:\/\/www.em.com.br\/emfoco\/wp-json\/wp\/v2\/media?parent=24361"}],"wp:term":[{"taxonomy":"category","embeddable":true,"href":"https:\/\/www.em.com.br\/emfoco\/wp-json\/wp\/v2\/categories?post=24361"},{"taxonomy":"post_tag","embeddable":true,"href":"https:\/\/www.em.com.br\/emfoco\/wp-json\/wp\/v2\/tags?post=24361"}],"curies":[{"name":"wp","href":"https:\/\/api.w.org\/{rel}","templated":true}]}}