{"id":24296,"date":"2025-03-02T22:40:29","date_gmt":"2025-03-03T01:40:29","guid":{"rendered":"https:\/\/www.em.com.br\/emfoco\/?p=24296"},"modified":"2025-03-01T14:47:50","modified_gmt":"2025-03-01T17:47:50","slug":"lava-e-seca-11-kg-brastemp-promete-revolucionar-a-rotina-de-lavanderia","status":"publish","type":"post","link":"https:\/\/www.em.com.br\/emfoco\/2025\/03\/02\/lava-e-seca-11-kg-brastemp-promete-revolucionar-a-rotina-de-lavanderia\/","title":{"rendered":"Lava e Seca 11 kg promete revolucionar a rotina de lavanderia"},"content":{"rendered":"\n<p>A <strong>Brastemp<\/strong>, renomada marca de <a href=\"https:\/\/www.brastemp.com.br\/\" target=\"_blank\" rel=\"noreferrer noopener\">eletrodom\u00e9sticos<\/a>, apresentou recentemente uma atualiza\u00e7\u00e3o significativa em sua linha de<strong> produtos dom\u00e9sticos com o lan\u00e7amento da Lava e Seca 11 kg<\/strong>. Este novo modelo promete revolucionar a forma como as tarefas de lavanderia s\u00e3o realizadas, oferecendo um ciclo completo de<strong> lavagem e secagem em apenas 99 minutos<\/strong>. Este tempo \u00e9 dividido em <strong>59 minutos para lavar e secar, seguidos de 40 minutos de um ciclo de vapor <\/strong>que ajuda a &#8220;passar&#8221; as roupas.<\/p>\n\n\n\n<p>Uma das funcionalidades mais not\u00e1veis deste produto \u00e9 a capacidade de manter as <a href=\"https:\/\/www.em.com.br\/emfoco\/2025\/02\/21\/dress-code-como-escolher-a-roupa-certa-para-cada-ocasiao\/\" target=\"_blank\" rel=\"noreferrer noopener\">roupas <\/a>sem amassados ap\u00f3s o t\u00e9rmino do ciclo. Isso \u00e9 poss\u00edvel gra\u00e7as a uma fun\u00e7\u00e3o inteligente que <strong>utiliza vapor para preservar a qualidade das pe\u00e7as at\u00e9 que possam ser retiradas da m\u00e1quina<\/strong>. Al\u00e9m disso, um alerta sonoro avisa quando o processo est\u00e1 conclu\u00eddo, proporcionando conveni\u00eancia e efici\u00eancia ao usu\u00e1rio.<\/p>\n\n\n\n<h2 class=\"wp-block-heading\">Quais s\u00e3o as principais caracter\u00edsticas da Lava e Seca 11 kg?<\/h2>\n\n\n\n<p>O novo modelo da Brastemp destaca-se por aliar <strong>est\u00e9tica e funcionalidade<\/strong>, conforme afirma <strong>Gabriel Barbieri, diretor de marketing da Whirlpool,<\/strong> empresa respons\u00e1vel pela marca. Entre as caracter\u00edsticas principais, al\u00e9m do ciclo r\u00e1pido, est\u00e1 a op\u00e7\u00e3o de adiar a retirada das roupas, mantendo-as em boas condi\u00e7\u00f5es at\u00e9 que o usu\u00e1rio esteja pronto para remov\u00ea-las.<\/p>\n\n\n\n<p>O design moderno e elegante da<strong> Lava e Seca 11 kg<\/strong> tamb\u00e9m \u00e9 um ponto de destaque, dispon\u00edvel em duas vers\u00f5es: <strong>branca e inox<\/strong>. Essa variedade permite que o consumidor escolha a op\u00e7\u00e3o que melhor se adapta ao estilo de sua casa. O produto j\u00e1 est\u00e1 dispon\u00edvel para compra no site da Brastemp e nas principais lojas de eletrodom\u00e9sticos.<\/p>\n\n\n<div class=\"wp-block-image\">\n<figure class=\"aligncenter size-large\"><img loading=\"lazy\" decoding=\"async\" width=\"1024\" height=\"576\" src=\"https:\/\/www.em.com.br\/emfoco\/wp-content\/uploads\/2025\/03\/i984539-1024x576.jpg\" alt=\"Lava e Seca 11 kg Brastemp promete revolucionar a rotina de lavanderia\" class=\"wp-image-24306\" srcset=\"https:\/\/www.em.com.br\/emfoco\/wp-content\/uploads\/2025\/03\/i984539-1024x576.jpg 1024w, https:\/\/www.em.com.br\/emfoco\/wp-content\/uploads\/2025\/03\/i984539-300x169.jpg 300w, https:\/\/www.em.com.br\/emfoco\/wp-content\/uploads\/2025\/03\/i984539-768x432.jpg 768w, https:\/\/www.em.com.br\/emfoco\/wp-content\/uploads\/2025\/03\/i984539-750x422.jpg 750w, https:\/\/www.em.com.br\/emfoco\/wp-content\/uploads\/2025\/03\/i984539-1140x641.jpg 1140w, https:\/\/www.em.com.br\/emfoco\/wp-content\/uploads\/2025\/03\/i984539.jpg 1280w\" sizes=\"auto, (max-width: 1024px) 100vw, 1024px\" \/><figcaption class=\"wp-element-caption\">Lava e seca com painel digital &#8211; Divulga\u00e7\u00e3o\/Brastemp<\/figcaption><\/figure><\/div>\n\n\n<h2 class=\"wp-block-heading\">Como a Lava e Seca 11 kg se posiciona no mercado?<\/h2>\n\n\n\n<p>Com um pre\u00e7o de R$ 4.349 para a vers\u00e3o branca e R$ 4.649 para a vers\u00e3o inox, a Lava e Seca 11 kg da Brastemp se posiciona como uma op\u00e7\u00e3o <strong>premium <\/strong>no mercado de eletrodom\u00e9sticos. A combina\u00e7\u00e3o de <strong>tecnologia avan\u00e7ada<\/strong> e design sofisticado busca atender \u00e0s necessidades de consumidores que valorizam efici\u00eancia e estilo em seus produtos dom\u00e9sticos.<\/p>\n\n\n\n<p>O lan\u00e7amento deste modelo reflete a estrat\u00e9gia da Brastemp de inovar continuamente, oferecendo solu\u00e7\u00f5es que facilitam o dia a dia dos consumidores. A marca, conhecida por sua qualidade e durabilidade, reafirma seu compromisso com a inova\u00e7\u00e3o e a satisfa\u00e7\u00e3o do cliente.<\/p>\n\n\n\n<h2 class=\"wp-block-heading\">Quais s\u00e3o os benef\u00edcios de investir em uma Lava e Seca?<\/h2>\n\n\n\n<p>Investir em uma Lava e Seca traz diversos benef\u00edcios para o consumidor. Primeiramente, a<strong> economia de tempo \u00e9 significativa<\/strong>, permitindo que as roupas estejam prontas para uso em menos de<strong> duas horas<\/strong>. Al\u00e9m disso, a fun\u00e7\u00e3o de vapor ajuda a reduzir a necessidade de passar as roupas, economizando ainda mais tempo e esfor\u00e7o.<\/p>\n\n\n\n<p>Outro benef\u00edcio importante \u00e9 a <strong><em>versatilidade<\/em> <\/strong>do produto, que combina duas fun\u00e7\u00f5es em um \u00fanico aparelho, economizando espa\u00e7o e simplificando a rotina dom\u00e9stica. Para fam\u00edlias e indiv\u00edduos com agendas ocupadas, essa praticidade \u00e9 um diferencial que pode justificar o investimento.<\/p>\n\n\n\n<h2 class=\"wp-block-heading\">Considera\u00e7\u00f5es&nbsp;<\/h2>\n\n\n\n<p>A Lava e Seca 11 kg da Brastemp representa um avan\u00e7o significativo na linha de produtos da marca, oferecendo uma solu\u00e7\u00e3o pr\u00e1tica e eficiente para as tarefas de lavanderia. Combinando tecnologia de ponta e design elegante, este modelo atende \u00e0s expectativas de consumidores exigentes que buscam qualidade e inova\u00e7\u00e3o em seus eletrodom\u00e9sticos.<\/p>\n","protected":false},"excerpt":{"rendered":"<p>A Brastemp, renomada marca de eletrodom\u00e9sticos, apresentou recentemente uma atualiza\u00e7\u00e3o significativa em sua linha de produtos dom\u00e9sticos com o lan\u00e7amento da Lava e Seca 11 kg. Este novo modelo promete revolucionar a forma como as tarefas de lavanderia s\u00e3o realizadas, oferecendo um ciclo completo de lavagem e secagem em apenas 99 minutos. Este tempo \u00e9 [&hellip;]<\/p>\n","protected":false},"author":9,"featured_media":24305,"comment_status":"open","ping_status":"open","sticky":false,"template":"","format":"standard","meta":{"jnews-multi-image_gallery":[],"jnews_single_post":{"format":"standard"},"jnews_primary_category":[],"jnews_social_meta":[],"jnews_override_counter":[],"footnotes":""},"categories":[1,4204],"tags":[5621,5796,5797],"class_list":["post-24296","post","type-post","status-publish","format-standard","has-post-thumbnail","hentry","category-noticias","category-tecnologia","tag-electrodomesticos","tag-lavar-roupa","tag-secadora-de-roupas"],"yoast_head":"<!-- This site is optimized with the Yoast SEO plugin v23.8 - https:\/\/yoast.com\/wordpress\/plugins\/seo\/ -->\n<title>Lava e Seca 11 kg promete revolucionar a rotina de lavanderia - Estado de Minas - Em foco<\/title>\n<meta name=\"description\" content=\"A Lava e Seca 11 kg da Brastemp oferece ciclos r\u00e1pidos, vapor para reduzir amassados e design moderno, elevando a praticidade na lavanderia.\" \/>\n<meta name=\"robots\" content=\"index, follow, max-snippet:-1, max-image-preview:large, max-video-preview:-1\" \/>\n<link rel=\"canonical\" href=\"https:\/\/www.em.com.br\/emfoco\/2025\/03\/02\/lava-e-seca-11-kg-brastemp-promete-revolucionar-a-rotina-de-lavanderia\/\" \/>\n<meta property=\"og:locale\" content=\"pt_BR\" \/>\n<meta property=\"og:type\" content=\"article\" \/>\n<meta property=\"og:title\" content=\"Lava e Seca 11 kg promete revolucionar a rotina de lavanderia - Estado de Minas - Em foco\" \/>\n<meta property=\"og:description\" content=\"A Lava e Seca 11 kg da Brastemp oferece ciclos r\u00e1pidos, vapor para reduzir amassados e design moderno, elevando a praticidade na lavanderia.\" \/>\n<meta property=\"og:url\" content=\"https:\/\/www.em.com.br\/emfoco\/2025\/03\/02\/lava-e-seca-11-kg-brastemp-promete-revolucionar-a-rotina-de-lavanderia\/\" \/>\n<meta property=\"og:site_name\" content=\"Estado de Minas - Em foco\" \/>\n<meta property=\"article:published_time\" content=\"2025-03-03T01:40:29+00:00\" \/>\n<meta property=\"article:modified_time\" content=\"2025-03-01T17:47:50+00:00\" \/>\n<meta property=\"og:image\" content=\"https:\/\/www.em.com.br\/emfoco\/wp-content\/uploads\/2025\/03\/i984543.jpg\" \/>\n\t<meta property=\"og:image:width\" content=\"1280\" \/>\n\t<meta property=\"og:image:height\" content=\"720\" \/>\n\t<meta property=\"og:image:type\" content=\"image\/jpeg\" \/>\n<meta name=\"author\" content=\"Daniely Cardoso\" \/>\n<meta name=\"twitter:card\" content=\"summary_large_image\" \/>\n<meta name=\"twitter:label1\" content=\"Escrito por\" \/>\n\t<meta name=\"twitter:data1\" content=\"Daniely Cardoso\" \/>\n\t<meta name=\"twitter:label2\" content=\"Est. tempo de leitura\" \/>\n\t<meta name=\"twitter:data2\" content=\"4 minutos\" \/>\n<!-- \/ Yoast SEO plugin. -->","yoast_head_json":{"title":"Lava e Seca 11 kg promete revolucionar a rotina de lavanderia - Estado de Minas - Em foco","description":"A Lava e Seca 11 kg da Brastemp oferece ciclos r\u00e1pidos, vapor para reduzir amassados e design moderno, elevando a praticidade na lavanderia.","robots":{"index":"index","follow":"follow","max-snippet":"max-snippet:-1","max-image-preview":"max-image-preview:large","max-video-preview":"max-video-preview:-1"},"canonical":"https:\/\/www.em.com.br\/emfoco\/2025\/03\/02\/lava-e-seca-11-kg-brastemp-promete-revolucionar-a-rotina-de-lavanderia\/","og_locale":"pt_BR","og_type":"article","og_title":"Lava e Seca 11 kg promete revolucionar a rotina de lavanderia - Estado de Minas - Em foco","og_description":"A Lava e Seca 11 kg da Brastemp oferece ciclos r\u00e1pidos, vapor para reduzir amassados e design moderno, elevando a praticidade na lavanderia.","og_url":"https:\/\/www.em.com.br\/emfoco\/2025\/03\/02\/lava-e-seca-11-kg-brastemp-promete-revolucionar-a-rotina-de-lavanderia\/","og_site_name":"Estado de Minas - Em foco","article_published_time":"2025-03-03T01:40:29+00:00","article_modified_time":"2025-03-01T17:47:50+00:00","og_image":[{"width":1280,"height":720,"url":"https:\/\/www.em.com.br\/emfoco\/wp-content\/uploads\/2025\/03\/i984543.jpg","type":"image\/jpeg"}],"author":"Daniely Cardoso","twitter_card":"summary_large_image","twitter_misc":{"Escrito por":"Daniely Cardoso","Est. tempo de leitura":"4 minutos"},"schema":{"@context":"https:\/\/schema.org","@graph":[{"@type":"WebPage","@id":"https:\/\/www.em.com.br\/emfoco\/2025\/03\/02\/lava-e-seca-11-kg-brastemp-promete-revolucionar-a-rotina-de-lavanderia\/","url":"https:\/\/www.em.com.br\/emfoco\/2025\/03\/02\/lava-e-seca-11-kg-brastemp-promete-revolucionar-a-rotina-de-lavanderia\/","name":"Lava e Seca 11 kg promete revolucionar a rotina de lavanderia - Estado de Minas - Em foco","isPartOf":{"@id":"https:\/\/www.em.com.br\/emfoco\/#website"},"primaryImageOfPage":{"@id":"https:\/\/www.em.com.br\/emfoco\/2025\/03\/02\/lava-e-seca-11-kg-brastemp-promete-revolucionar-a-rotina-de-lavanderia\/#primaryimage"},"image":{"@id":"https:\/\/www.em.com.br\/emfoco\/2025\/03\/02\/lava-e-seca-11-kg-brastemp-promete-revolucionar-a-rotina-de-lavanderia\/#primaryimage"},"thumbnailUrl":"https:\/\/www.em.com.br\/emfoco\/wp-content\/uploads\/2025\/03\/i984543.jpg","datePublished":"2025-03-03T01:40:29+00:00","dateModified":"2025-03-01T17:47:50+00:00","author":{"@id":"https:\/\/www.em.com.br\/emfoco\/#\/schema\/person\/0a8186d72f2c3a5c6276d90b41f271a0"},"description":"A Lava e Seca 11 kg da Brastemp oferece ciclos r\u00e1pidos, vapor para reduzir amassados e design moderno, elevando a praticidade na lavanderia.","breadcrumb":{"@id":"https:\/\/www.em.com.br\/emfoco\/2025\/03\/02\/lava-e-seca-11-kg-brastemp-promete-revolucionar-a-rotina-de-lavanderia\/#breadcrumb"},"inLanguage":"pt-BR","potentialAction":[{"@type":"ReadAction","target":["https:\/\/www.em.com.br\/emfoco\/2025\/03\/02\/lava-e-seca-11-kg-brastemp-promete-revolucionar-a-rotina-de-lavanderia\/"]}]},{"@type":"ImageObject","inLanguage":"pt-BR","@id":"https:\/\/www.em.com.br\/emfoco\/2025\/03\/02\/lava-e-seca-11-kg-brastemp-promete-revolucionar-a-rotina-de-lavanderia\/#primaryimage","url":"https:\/\/www.em.com.br\/emfoco\/wp-content\/uploads\/2025\/03\/i984543.jpg","contentUrl":"https:\/\/www.em.com.br\/emfoco\/wp-content\/uploads\/2025\/03\/i984543.jpg","width":1280,"height":720,"caption":"Lava e seca - Divulga\u00e7\u00e3o\/Brastemp"},{"@type":"BreadcrumbList","@id":"https:\/\/www.em.com.br\/emfoco\/2025\/03\/02\/lava-e-seca-11-kg-brastemp-promete-revolucionar-a-rotina-de-lavanderia\/#breadcrumb","itemListElement":[{"@type":"ListItem","position":1,"name":"In\u00edcio","item":"https:\/\/www.em.com.br\/emfoco\/"},{"@type":"ListItem","position":2,"name":"Lava e Seca 11 kg promete revolucionar a rotina de lavanderia"}]},{"@type":"WebSite","@id":"https:\/\/www.em.com.br\/emfoco\/#website","url":"https:\/\/www.em.com.br\/emfoco\/","name":"Estado de Minas - Em foco","description":"Acompanhe as \u00faltimas not\u00edcias e fique bem informado sobre tudo o que acontece em Minas Gerais, Brasil e no mundo.","potentialAction":[{"@type":"SearchAction","target":{"@type":"EntryPoint","urlTemplate":"https:\/\/www.em.com.br\/emfoco\/?s={search_term_string}"},"query-input":{"@type":"PropertyValueSpecification","valueRequired":true,"valueName":"search_term_string"}}],"inLanguage":"pt-BR"},{"@type":"Person","@id":"https:\/\/www.em.com.br\/emfoco\/#\/schema\/person\/0a8186d72f2c3a5c6276d90b41f271a0","name":"Daniely Cardoso","image":{"@type":"ImageObject","inLanguage":"pt-BR","@id":"https:\/\/www.em.com.br\/emfoco\/#\/schema\/person\/image\/","url":"https:\/\/secure.gravatar.com\/avatar\/4b80ddbd124d1f071b626d52d62e5dff?s=96&d=mm&r=g","contentUrl":"https:\/\/secure.gravatar.com\/avatar\/4b80ddbd124d1f071b626d52d62e5dff?s=96&d=mm&r=g","caption":"Daniely Cardoso"},"url":"https:\/\/www.em.com.br\/emfoco\/author\/danielymyth\/"}]}},"_links":{"self":[{"href":"https:\/\/www.em.com.br\/emfoco\/wp-json\/wp\/v2\/posts\/24296","targetHints":{"allow":["GET"]}}],"collection":[{"href":"https:\/\/www.em.com.br\/emfoco\/wp-json\/wp\/v2\/posts"}],"about":[{"href":"https:\/\/www.em.com.br\/emfoco\/wp-json\/wp\/v2\/types\/post"}],"author":[{"embeddable":true,"href":"https:\/\/www.em.com.br\/emfoco\/wp-json\/wp\/v2\/users\/9"}],"replies":[{"embeddable":true,"href":"https:\/\/www.em.com.br\/emfoco\/wp-json\/wp\/v2\/comments?post=24296"}],"version-history":[{"count":3,"href":"https:\/\/www.em.com.br\/emfoco\/wp-json\/wp\/v2\/posts\/24296\/revisions"}],"predecessor-version":[{"id":24309,"href":"https:\/\/www.em.com.br\/emfoco\/wp-json\/wp\/v2\/posts\/24296\/revisions\/24309"}],"wp:featuredmedia":[{"embeddable":true,"href":"https:\/\/www.em.com.br\/emfoco\/wp-json\/wp\/v2\/media\/24305"}],"wp:attachment":[{"href":"https:\/\/www.em.com.br\/emfoco\/wp-json\/wp\/v2\/media?parent=24296"}],"wp:term":[{"taxonomy":"category","embeddable":true,"href":"https:\/\/www.em.com.br\/emfoco\/wp-json\/wp\/v2\/categories?post=24296"},{"taxonomy":"post_tag","embeddable":true,"href":"https:\/\/www.em.com.br\/emfoco\/wp-json\/wp\/v2\/tags?post=24296"}],"curies":[{"name":"wp","href":"https:\/\/api.w.org\/{rel}","templated":true}]}}