{"id":242390,"date":"2026-07-07T20:45:00","date_gmt":"2026-07-07T23:45:00","guid":{"rendered":"https:\/\/www.em.com.br\/emfoco\/?p=242390"},"modified":"2026-07-06T16:39:47","modified_gmt":"2026-07-06T19:39:47","slug":"laser-revelou-cidades-escondidas-sob-a-amazonia-e-mudou-a-ideia-de-que-a-floresta-antiga-era-quase-intocada","status":"publish","type":"post","link":"https:\/\/www.em.com.br\/emfoco\/2026\/07\/07\/laser-revelou-cidades-escondidas-sob-a-amazonia-e-mudou-a-ideia-de-que-a-floresta-antiga-era-quase-intocada\/","title":{"rendered":"Laser revelou cidades escondidas sob a Amaz\u00f4nia e mudou a ideia de que a floresta antiga era quase intocada"},"content":{"rendered":"\n<p class=\"wp-block-paragraph\">Durante muito tempo, a Amaz\u00f4nia antiga foi descrita como uma floresta quase intocada, habitada apenas por pequenos grupos dispersos. Um estudo publicado na revista <em>Science<\/em> em 2024 virou essa ideia do avesso: sob a vegeta\u00e7\u00e3o do Vale do Upano, no Equador, havia uma rede de assentamentos, estradas, \u00e1reas agr\u00edcolas e plataformas constru\u00edda h\u00e1 cerca de 2.500 anos.<\/p>\n\n\n\n<h2 class=\"wp-block-heading\">O que o mapeamento a laser revelou?<\/h2>\n\n\n\n<p class=\"wp-block-paragraph\">A descoberta foi poss\u00edvel gra\u00e7as ao <strong>LiDAR<\/strong>, uma tecnologia que usa pulsos de laser lan\u00e7ados por avi\u00f5es para mapear o relevo mesmo sob a copa fechada das \u00e1rvores. Com isso, os arque\u00f3logos conseguiram enxergar formas, caminhos e eleva\u00e7\u00f5es que seriam quase imposs\u00edveis de perceber apenas caminhando pela floresta.<\/p>\n\n\n\n<p class=\"wp-block-paragraph\">A equipe <strong><a href=\"https:\/\/www.science.org\/doi\/10.1126\/science.adi6317\" target=\"_blank\" rel=\"noreferrer noopener\">liderada pelo arque\u00f3logo St\u00e9phen Rostain<\/a><\/strong>, do CNRS, identificou uma paisagem profundamente transformada por povos antigos. Em uma \u00e1rea de cerca de 300 quil\u00f4metros quadrados, surgiram vest\u00edgios de cinco grandes assentamentos e dez menores, conectados por vias retas e organizados em torno de plataformas e pra\u00e7as.<\/p>\n\n\n\n<figure class=\"wp-block-image size-large\"><img decoding=\"async\" width=\"1024\" height=\"576\" src=\"https:\/\/www.em.com.br\/emfoco\/wp-content\/uploads\/2026\/07\/76-3-1024x576.jpg\" alt=\"Laser revelou cidades escondidas sob a Amaz\u00f4nia e mudou a ideia de que a floresta antiga era quase intocada\" class=\"wp-image-243475\" srcset=\"https:\/\/www.em.com.br\/emfoco\/wp-content\/uploads\/2026\/07\/76-3-1024x576.jpg 1024w, https:\/\/www.em.com.br\/emfoco\/wp-content\/uploads\/2026\/07\/76-3-300x169.jpg 300w, https:\/\/www.em.com.br\/emfoco\/wp-content\/uploads\/2026\/07\/76-3-768x432.jpg 768w, https:\/\/www.em.com.br\/emfoco\/wp-content\/uploads\/2026\/07\/76-3-750x422.jpg 750w, https:\/\/www.em.com.br\/emfoco\/wp-content\/uploads\/2026\/07\/76-3-1140x641.jpg 1140w, https:\/\/www.em.com.br\/emfoco\/wp-content\/uploads\/2026\/07\/76-3.jpg 1280w\" sizes=\"(max-width: 1024px) 100vw, 1024px\" \/><figcaption class=\"wp-element-caption\">Pulsos de laser mapearam o relevo oculto pelas \u00e1rvores.<\/figcaption><\/figure>\n\n\n\n<h2 class=\"wp-block-heading\">Por que essa descoberta muda a hist\u00f3ria da Amaz\u00f4nia?<\/h2>\n\n\n\n<p class=\"wp-block-paragraph\">O achado enfraquece a antiga vis\u00e3o de que a <strong><a href=\"https:\/\/www.em.com.br\/emfoco\/2026\/01\/21\/a-cidade-das-aguas-que-mistura-arquitetura-europeia-e-natureza-bruta-no-coracao-da-floresta-amazonica\/\" target=\"_blank\" rel=\"noreferrer noopener\">floresta amaz\u00f4nica<\/a><\/strong> pr\u00e9-colombiana era pouco povoada e sem sociedades complexas. O Vale do Upano mostra que comunidades agr\u00edcolas j\u00e1 planejavam espa\u00e7os urbanos, constru\u00edam obras de terra e articulavam diferentes \u00e1reas muito antes da chegada dos europeus.<\/p>\n\n\n\n<p class=\"wp-block-paragraph\">As data\u00e7\u00f5es por radiocarbono indicam ocupa\u00e7\u00e3o desde cerca de 500 a.C. at\u00e9 algum momento entre 300 d.C. e 600 d.C. Isso torna esses assentamentos pelo menos mil anos mais antigos do que outras sociedades amaz\u00f4nicas complexas conhecidas, como as estruturas urbanas identificadas em Llanos de Mojos, na Bol\u00edvia.<\/p>\n\n\n\n<h2 class=\"wp-block-heading\">Como eram essas cidades escondidas?<\/h2>\n\n\n\n<p class=\"wp-block-paragraph\">Os s\u00edtios do Upano combinavam moradia, agricultura e espa\u00e7os cerimoniais. Escava\u00e7\u00f5es anteriores j\u00e1 haviam encontrado cer\u00e2micas decoradas, jarros associados \u00e0 produ\u00e7\u00e3o de chicha, uma bebida fermentada de milho, al\u00e9m de vest\u00edgios de cultivos como milho, mandioca e batata-doce.<\/p>\n\n\n\n<p class=\"wp-block-paragraph\">O estudo descreve uma organiza\u00e7\u00e3o que surpreendeu os pesquisadores pela escala e pela regularidade. Entre os elementos mais marcantes identificados est\u00e3o:<\/p>\n\n\n\n<ul class=\"wp-block-list\">\n<li>Estradas largas e retas ligando diferentes assentamentos;<\/li>\n\n\n\n<li>Ruas internas conectando bairros e plataformas;<\/li>\n\n\n\n<li>Campos agr\u00edcolas retangulares pr\u00f3ximos \u00e0s \u00e1reas habitadas;<\/li>\n\n\n\n<li>Terra\u00e7os em encostas usados para cultivo e controle da paisagem.<\/li>\n<\/ul>\n\n\n\n<figure class=\"wp-block-image size-large\"><img decoding=\"async\" width=\"1024\" height=\"576\" src=\"https:\/\/www.em.com.br\/emfoco\/wp-content\/uploads\/2026\/07\/77-3-1024x576.jpg\" alt=\"Laser revelou cidades escondidas sob a Amaz\u00f4nia e mudou a ideia de que a floresta antiga era quase intocada\" class=\"wp-image-243474\" srcset=\"https:\/\/www.em.com.br\/emfoco\/wp-content\/uploads\/2026\/07\/77-3-1024x576.jpg 1024w, https:\/\/www.em.com.br\/emfoco\/wp-content\/uploads\/2026\/07\/77-3-300x169.jpg 300w, https:\/\/www.em.com.br\/emfoco\/wp-content\/uploads\/2026\/07\/77-3-768x432.jpg 768w, https:\/\/www.em.com.br\/emfoco\/wp-content\/uploads\/2026\/07\/77-3-750x422.jpg 750w, https:\/\/www.em.com.br\/emfoco\/wp-content\/uploads\/2026\/07\/77-3-1140x641.jpg 1140w, https:\/\/www.em.com.br\/emfoco\/wp-content\/uploads\/2026\/07\/77-3.jpg 1280w\" sizes=\"(max-width: 1024px) 100vw, 1024px\" \/><figcaption class=\"wp-element-caption\">Estradas retas conectavam bairros e complexas plataformas agr\u00edcolas.<\/figcaption><\/figure>\n\n\n\n<h2 class=\"wp-block-heading\">A Amaz\u00f4nia tinha urbanismo pr\u00f3prio?<\/h2>\n\n\n\n<p class=\"wp-block-paragraph\">Os autores do estudo usam a ideia de <strong>urbanismo-jardim<\/strong> para descrever esse modo de ocupa\u00e7\u00e3o, no qual casas, planta\u00e7\u00f5es, pra\u00e7as e caminhos formavam uma paisagem integrada. N\u00e3o se tratava de copiar modelos de pedra de outras civiliza\u00e7\u00f5es, mas de construir cidades adaptadas \u00e0 floresta e ao relevo andino-amaz\u00f4nico.<\/p>\n\n\n\n<p class=\"wp-block-paragraph\">Especialistas destacam que ainda \u00e9 cedo para comparar diretamente Upano com sociedades como os Maias ou Teotihuacan. Mesmo assim, a descoberta mostra que a Amaz\u00f4nia n\u00e3o foi uma \u00fanica realidade cultural. Como disse Rostain, talvez seja mais correto falar em \u201cAmaz\u00f4nias\u201d, no plural, tamanha a diversidade de formas de vida antigas na regi\u00e3o.<\/p>\n\n\n\n<h2 class=\"wp-block-heading\">O que ainda falta descobrir?<\/h2>\n\n\n\n<p class=\"wp-block-paragraph\">Apesar do avan\u00e7o, muitas perguntas continuam abertas. Os arque\u00f3logos ainda investigam quantas pessoas viveram ali, como essas comunidades eram governadas, que redes de troca mantinham e por que os assentamentos foram abandonados. O que j\u00e1 apareceu pode ser apenas uma parte pequena de uma hist\u00f3ria muito maior.<\/p>\n\n\n\n<p class=\"wp-block-paragraph\">A urg\u00eancia agora \u00e9 proteger esses vest\u00edgios antes que desapare\u00e7am sob desmatamento, obras e saques. Cada estrada soterrada e cada plataforma escondida pode mudar o que sabemos sobre o passado. A Amaz\u00f4nia n\u00e3o guarda apenas biodiversidade: ela tamb\u00e9m preserva mem\u00f3rias humanas capazes de reescrever a hist\u00f3ria das Am\u00e9ricas.<\/p>\n","protected":false},"excerpt":{"rendered":"<p>Durante muito tempo, a Amaz\u00f4nia antiga foi descrita como uma floresta quase intocada, habitada apenas por pequenos grupos dispersos. Um estudo publicado na revista Science em 2024 virou essa ideia do avesso: sob a vegeta\u00e7\u00e3o do Vale do Upano, no Equador, havia uma rede de assentamentos, estradas, \u00e1reas agr\u00edcolas e plataformas constru\u00edda h\u00e1 cerca de [&hellip;]<\/p>\n","protected":false},"author":13,"featured_media":243476,"comment_status":"open","ping_status":"open","sticky":false,"template":"","format":"standard","meta":{"jnews-multi-image_gallery":[],"jnews_single_post":{"format":"standard"},"jnews_primary_category":[],"jnews_social_meta":[],"jnews_override_counter":[],"footnotes":""},"categories":[8819],"tags":[33789,33788,33787],"class_list":["post-242390","post","type-post","status-publish","format-standard","has-post-thumbnail","hentry","category-curiosidades","tag-arqueologia-da-amazonia","tag-cidades-amazonicas","tag-lidar"],"yoast_head":"<!-- This site is optimized with the Yoast SEO plugin v28.3 - https:\/\/yoast.com\/product\/yoast-seo-wordpress\/ -->\n<title>Laser revelou cidades escondidas sob a Amaz\u00f4nia e mudou a ideia de que a floresta antiga era quase intocada - Estado de Minas - Em foco<\/title>\n<meta name=\"description\" content=\"Mapeamento lidar revelou cidades antigas na Amaz\u00f4nia equatoriana, com estradas, fazendas e urbanismo de 2.500 anos.\" \/>\n<meta name=\"robots\" content=\"index, follow, max-snippet:-1, max-image-preview:large, max-video-preview:-1\" \/>\n<link rel=\"canonical\" href=\"https:\/\/www.em.com.br\/emfoco\/2026\/07\/07\/laser-revelou-cidades-escondidas-sob-a-amazonia-e-mudou-a-ideia-de-que-a-floresta-antiga-era-quase-intocada\/\" \/>\n<meta property=\"og:locale\" content=\"pt_BR\" \/>\n<meta property=\"og:type\" content=\"article\" \/>\n<meta property=\"og:title\" content=\"Laser revelou cidades escondidas sob a Amaz\u00f4nia e mudou a ideia de que a floresta antiga era quase intocada - Estado de Minas - Em foco\" \/>\n<meta property=\"og:description\" content=\"Mapeamento lidar revelou cidades antigas na Amaz\u00f4nia equatoriana, com estradas, fazendas e urbanismo de 2.500 anos.\" \/>\n<meta property=\"og:url\" content=\"https:\/\/www.em.com.br\/emfoco\/2026\/07\/07\/laser-revelou-cidades-escondidas-sob-a-amazonia-e-mudou-a-ideia-de-que-a-floresta-antiga-era-quase-intocada\/\" \/>\n<meta property=\"og:site_name\" content=\"Estado de Minas - Em foco\" \/>\n<meta property=\"article:published_time\" content=\"2026-07-07T23:45:00+00:00\" \/>\n<meta property=\"og:image\" content=\"https:\/\/www.em.com.br\/emfoco\/wp-content\/uploads\/2026\/07\/75-3.jpg\" \/>\n\t<meta property=\"og:image:width\" content=\"1280\" \/>\n\t<meta property=\"og:image:height\" content=\"720\" \/>\n\t<meta property=\"og:image:type\" content=\"image\/jpeg\" \/>\n<meta name=\"author\" content=\"Gabriel Martins\" \/>\n<meta name=\"twitter:card\" content=\"summary_large_image\" \/>\n<meta name=\"twitter:label1\" content=\"Escrito por\" \/>\n\t<meta name=\"twitter:data1\" content=\"Gabriel Martins\" \/>\n\t<meta name=\"twitter:label2\" content=\"Est. tempo de leitura\" \/>\n\t<meta name=\"twitter:data2\" content=\"4 minutos\" \/>\n<!-- \/ Yoast SEO plugin. -->","yoast_head_json":{"title":"Laser revelou cidades escondidas sob a Amaz\u00f4nia e mudou a ideia de que a floresta antiga era quase intocada - Estado de Minas - Em foco","description":"Mapeamento lidar revelou cidades antigas na Amaz\u00f4nia equatoriana, com estradas, fazendas e urbanismo de 2.500 anos.","robots":{"index":"index","follow":"follow","max-snippet":"max-snippet:-1","max-image-preview":"max-image-preview:large","max-video-preview":"max-video-preview:-1"},"canonical":"https:\/\/www.em.com.br\/emfoco\/2026\/07\/07\/laser-revelou-cidades-escondidas-sob-a-amazonia-e-mudou-a-ideia-de-que-a-floresta-antiga-era-quase-intocada\/","og_locale":"pt_BR","og_type":"article","og_title":"Laser revelou cidades escondidas sob a Amaz\u00f4nia e mudou a ideia de que a floresta antiga era quase intocada - Estado de Minas - Em foco","og_description":"Mapeamento lidar revelou cidades antigas na Amaz\u00f4nia equatoriana, com estradas, fazendas e urbanismo de 2.500 anos.","og_url":"https:\/\/www.em.com.br\/emfoco\/2026\/07\/07\/laser-revelou-cidades-escondidas-sob-a-amazonia-e-mudou-a-ideia-de-que-a-floresta-antiga-era-quase-intocada\/","og_site_name":"Estado de Minas - Em foco","article_published_time":"2026-07-07T23:45:00+00:00","og_image":[{"width":1280,"height":720,"url":"https:\/\/www.em.com.br\/emfoco\/wp-content\/uploads\/2026\/07\/75-3.jpg","type":"image\/jpeg"}],"author":"Gabriel Martins","twitter_card":"summary_large_image","twitter_misc":{"Escrito por":"Gabriel Martins","Est. tempo de leitura":"4 minutos"},"schema":{"@context":"https:\/\/schema.org","@graph":[{"@type":"Article","@id":"https:\/\/www.em.com.br\/emfoco\/2026\/07\/07\/laser-revelou-cidades-escondidas-sob-a-amazonia-e-mudou-a-ideia-de-que-a-floresta-antiga-era-quase-intocada\/#article","isPartOf":{"@id":"https:\/\/www.em.com.br\/emfoco\/2026\/07\/07\/laser-revelou-cidades-escondidas-sob-a-amazonia-e-mudou-a-ideia-de-que-a-floresta-antiga-era-quase-intocada\/"},"author":{"name":"Gabriel Martins","@id":"https:\/\/www.em.com.br\/emfoco\/#\/schema\/person\/1c9ddeab18b98abeffef834667bcf08a"},"headline":"Laser revelou cidades escondidas sob a Amaz\u00f4nia e mudou a ideia de que a floresta antiga era quase intocada","datePublished":"2026-07-07T23:45:00+00:00","mainEntityOfPage":{"@id":"https:\/\/www.em.com.br\/emfoco\/2026\/07\/07\/laser-revelou-cidades-escondidas-sob-a-amazonia-e-mudou-a-ideia-de-que-a-floresta-antiga-era-quase-intocada\/"},"wordCount":656,"commentCount":0,"image":{"@id":"https:\/\/www.em.com.br\/emfoco\/2026\/07\/07\/laser-revelou-cidades-escondidas-sob-a-amazonia-e-mudou-a-ideia-de-que-a-floresta-antiga-era-quase-intocada\/#primaryimage"},"thumbnailUrl":"https:\/\/www.em.com.br\/emfoco\/wp-content\/uploads\/2026\/07\/75-3.jpg","keywords":["arqueologia da Amaz\u00f4nia","Cidades amaz\u00f4nicas","LiDAR"],"articleSection":["Curiosidades"],"inLanguage":"pt-BR","potentialAction":[{"@type":"CommentAction","name":"Comment","target":["https:\/\/www.em.com.br\/emfoco\/2026\/07\/07\/laser-revelou-cidades-escondidas-sob-a-amazonia-e-mudou-a-ideia-de-que-a-floresta-antiga-era-quase-intocada\/#respond"]}]},{"@type":"WebPage","@id":"https:\/\/www.em.com.br\/emfoco\/2026\/07\/07\/laser-revelou-cidades-escondidas-sob-a-amazonia-e-mudou-a-ideia-de-que-a-floresta-antiga-era-quase-intocada\/","url":"https:\/\/www.em.com.br\/emfoco\/2026\/07\/07\/laser-revelou-cidades-escondidas-sob-a-amazonia-e-mudou-a-ideia-de-que-a-floresta-antiga-era-quase-intocada\/","name":"Laser revelou cidades escondidas sob a Amaz\u00f4nia e mudou a ideia de que a floresta antiga era quase intocada - Estado de Minas - Em foco","isPartOf":{"@id":"https:\/\/www.em.com.br\/emfoco\/#website"},"primaryImageOfPage":{"@id":"https:\/\/www.em.com.br\/emfoco\/2026\/07\/07\/laser-revelou-cidades-escondidas-sob-a-amazonia-e-mudou-a-ideia-de-que-a-floresta-antiga-era-quase-intocada\/#primaryimage"},"image":{"@id":"https:\/\/www.em.com.br\/emfoco\/2026\/07\/07\/laser-revelou-cidades-escondidas-sob-a-amazonia-e-mudou-a-ideia-de-que-a-floresta-antiga-era-quase-intocada\/#primaryimage"},"thumbnailUrl":"https:\/\/www.em.com.br\/emfoco\/wp-content\/uploads\/2026\/07\/75-3.jpg","datePublished":"2026-07-07T23:45:00+00:00","author":{"@id":"https:\/\/www.em.com.br\/emfoco\/#\/schema\/person\/1c9ddeab18b98abeffef834667bcf08a"},"description":"Mapeamento lidar revelou cidades antigas na Amaz\u00f4nia equatoriana, com estradas, fazendas e urbanismo de 2.500 anos.","breadcrumb":{"@id":"https:\/\/www.em.com.br\/emfoco\/2026\/07\/07\/laser-revelou-cidades-escondidas-sob-a-amazonia-e-mudou-a-ideia-de-que-a-floresta-antiga-era-quase-intocada\/#breadcrumb"},"inLanguage":"pt-BR","potentialAction":[{"@type":"ReadAction","target":["https:\/\/www.em.com.br\/emfoco\/2026\/07\/07\/laser-revelou-cidades-escondidas-sob-a-amazonia-e-mudou-a-ideia-de-que-a-floresta-antiga-era-quase-intocada\/"]}]},{"@type":"ImageObject","inLanguage":"pt-BR","@id":"https:\/\/www.em.com.br\/emfoco\/2026\/07\/07\/laser-revelou-cidades-escondidas-sob-a-amazonia-e-mudou-a-ideia-de-que-a-floresta-antiga-era-quase-intocada\/#primaryimage","url":"https:\/\/www.em.com.br\/emfoco\/wp-content\/uploads\/2026\/07\/75-3.jpg","contentUrl":"https:\/\/www.em.com.br\/emfoco\/wp-content\/uploads\/2026\/07\/75-3.jpg","width":1280,"height":720,"caption":"Tecnologia revela cidades planejadas milenares sob a floresta."},{"@type":"BreadcrumbList","@id":"https:\/\/www.em.com.br\/emfoco\/2026\/07\/07\/laser-revelou-cidades-escondidas-sob-a-amazonia-e-mudou-a-ideia-de-que-a-floresta-antiga-era-quase-intocada\/#breadcrumb","itemListElement":[{"@type":"ListItem","position":1,"name":"In\u00edcio","item":"https:\/\/www.em.com.br\/emfoco\/"},{"@type":"ListItem","position":2,"name":"Laser revelou cidades escondidas sob a Amaz\u00f4nia e mudou a ideia de que a floresta antiga era quase intocada"}]},{"@type":"WebSite","@id":"https:\/\/www.em.com.br\/emfoco\/#website","url":"https:\/\/www.em.com.br\/emfoco\/","name":"Estado de Minas - Em foco","description":"Acompanhe as \u00faltimas not\u00edcias e fique bem informado sobre tudo o que acontece em Minas Gerais, Brasil e no mundo.","potentialAction":[{"@type":"SearchAction","target":{"@type":"EntryPoint","urlTemplate":"https:\/\/www.em.com.br\/emfoco\/?s={search_term_string}"},"query-input":{"@type":"PropertyValueSpecification","valueRequired":true,"valueName":"search_term_string"}}],"inLanguage":"pt-BR"},{"@type":"Person","@id":"https:\/\/www.em.com.br\/emfoco\/#\/schema\/person\/1c9ddeab18b98abeffef834667bcf08a","name":"Gabriel Martins","image":{"@type":"ImageObject","inLanguage":"pt-BR","@id":"https:\/\/secure.gravatar.com\/avatar\/f3c56273a83838e41cb460170dd4a37625a2ea99f2f16e792d03b3f85623b3ad?s=96&d=mm&r=g","url":"https:\/\/secure.gravatar.com\/avatar\/f3c56273a83838e41cb460170dd4a37625a2ea99f2f16e792d03b3f85623b3ad?s=96&d=mm&r=g","contentUrl":"https:\/\/secure.gravatar.com\/avatar\/f3c56273a83838e41cb460170dd4a37625a2ea99f2f16e792d03b3f85623b3ad?s=96&d=mm&r=g","caption":"Gabriel Martins"},"sameAs":["https:\/\/www.em.com.br\/emfoco\/"],"url":"https:\/\/www.em.com.br\/emfoco\/author\/gabrielmartinsmyth\/"}]}},"_links":{"self":[{"href":"https:\/\/www.em.com.br\/emfoco\/wp-json\/wp\/v2\/posts\/242390","targetHints":{"allow":["GET"]}}],"collection":[{"href":"https:\/\/www.em.com.br\/emfoco\/wp-json\/wp\/v2\/posts"}],"about":[{"href":"https:\/\/www.em.com.br\/emfoco\/wp-json\/wp\/v2\/types\/post"}],"author":[{"embeddable":true,"href":"https:\/\/www.em.com.br\/emfoco\/wp-json\/wp\/v2\/users\/13"}],"replies":[{"embeddable":true,"href":"https:\/\/www.em.com.br\/emfoco\/wp-json\/wp\/v2\/comments?post=242390"}],"version-history":[{"count":5,"href":"https:\/\/www.em.com.br\/emfoco\/wp-json\/wp\/v2\/posts\/242390\/revisions"}],"predecessor-version":[{"id":243477,"href":"https:\/\/www.em.com.br\/emfoco\/wp-json\/wp\/v2\/posts\/242390\/revisions\/243477"}],"wp:featuredmedia":[{"embeddable":true,"href":"https:\/\/www.em.com.br\/emfoco\/wp-json\/wp\/v2\/media\/243476"}],"wp:attachment":[{"href":"https:\/\/www.em.com.br\/emfoco\/wp-json\/wp\/v2\/media?parent=242390"}],"wp:term":[{"taxonomy":"category","embeddable":true,"href":"https:\/\/www.em.com.br\/emfoco\/wp-json\/wp\/v2\/categories?post=242390"},{"taxonomy":"post_tag","embeddable":true,"href":"https:\/\/www.em.com.br\/emfoco\/wp-json\/wp\/v2\/tags?post=242390"}],"curies":[{"name":"wp","href":"https:\/\/api.w.org\/{rel}","templated":true}]}}