{"id":24161,"date":"2025-03-02T17:00:00","date_gmt":"2025-03-02T20:00:00","guid":{"rendered":"https:\/\/www.em.com.br\/emfoco\/?p=24161"},"modified":"2025-03-01T09:49:57","modified_gmt":"2025-03-01T12:49:57","slug":"governo-comunica-que-nova-lei-do-bpc-vai-facilitar-pagamentos-para-quem-tem-direito","status":"publish","type":"post","link":"https:\/\/www.em.com.br\/emfoco\/2025\/03\/02\/governo-comunica-que-nova-lei-do-bpc-vai-facilitar-pagamentos-para-quem-tem-direito\/","title":{"rendered":"Governo comunica que nova lei do BPC vai facilitar pagamentos para quem tem direito"},"content":{"rendered":"\n<p>O<strong> <a href=\"https:\/\/www.em.com.br\/emfoco\/2025\/01\/31\/beneficio-de-prestacao-continuada-bpc-o-que-e-e-como-funciona\/\" target=\"_blank\" rel=\"noreferrer noopener\">Benef\u00edcio de Presta\u00e7\u00e3o Continuada (BPC)<\/a><\/strong> \u00e9 um aux\u00edlio financeiro oferecido pelo governo brasileiro, destinado a idosos e pessoas com defici\u00eancia que se encontram em situa\u00e7\u00e3o de vulnerabilidade social e econ\u00f4mica. Este benef\u00edcio visa garantir um m\u00ednimo de dignidade e inclus\u00e3o social, proporcionando um pagamento mensal equivalente a um sal\u00e1rio m\u00ednimo. Diferente dos benef\u00edcios previdenci\u00e1rios, o BPC n\u00e3o exige contribui\u00e7\u00f5es pr\u00e9vias ao <strong><a href=\"https:\/\/www.terra.com.br\/economia\/inss-antecipa-pagamento-de-aposentados-e-pensionistas-em-marco-e-evita-que-carnaval-afete-calendario,9acd560e8af7ba2e1d6ef84f55e55c8csyhakfin.html\" target=\"_blank\" rel=\"noreferrer noopener\">INSS<\/a><\/strong>, tornando-o acess\u00edvel a uma parcela significativa da popula\u00e7\u00e3o que n\u00e3o possui v\u00ednculo formal de trabalho.<\/p>\n\n\n\n<h2 class=\"wp-block-heading\">Quem tem direito ao BPC?<\/h2>\n\n\n\n<p>Para ter direito ao BPC, \u00e9 necess\u00e1rio que o solicitante atenda a crit\u00e9rios espec\u00edficos de renda e idade. O benef\u00edcio \u00e9 destinado a pessoas com defici\u00eancia e idosos com 65 anos ou mais. Al\u00e9m disso, a renda per capita da fam\u00edlia deve ser inferior a um quarto do sal\u00e1rio m\u00ednimo vigente. Este crit\u00e9rio de renda \u00e9 fundamental para garantir que o aux\u00edlio chegue \u00e0s pessoas que realmente necessitam, promovendo sua sobreviv\u00eancia e inclus\u00e3o social.<\/p>\n\n\n\n<h2 class=\"wp-block-heading\">Quais s\u00e3o as principais mudan\u00e7as na Lei n.\u00ba 15.077\/2024?<\/h2>\n\n\n\n<p>A promulga\u00e7\u00e3o da Lei n.\u00ba 15.077\/2024 trouxe diversas altera\u00e7\u00f5es no processo de concess\u00e3o e manuten\u00e7\u00e3o do BPC, visando aprimorar a efic\u00e1cia do benef\u00edcio. Entre as principais mudan\u00e7as, destaca-se a avalia\u00e7\u00e3o obrigat\u00f3ria para pessoas com defici\u00eancia, que agora devem passar por uma avalia\u00e7\u00e3o detalhada, incluindo o registro de um c\u00f3digo da Classifica\u00e7\u00e3o Internacional de Doen\u00e7as (CID). Al\u00e9m disso, a atualiza\u00e7\u00e3o no Cadastro \u00danico deve ser feita a cada 24 meses, garantindo que os dados estejam sempre corretos e que o benef\u00edcio chegue a quem realmente precisa.<\/p>\n\n\n\n<figure class=\"wp-block-image size-large\"><img loading=\"lazy\" decoding=\"async\" width=\"1024\" height=\"576\" src=\"https:\/\/www.em.com.br\/emfoco\/wp-content\/uploads\/2025\/03\/governo-1024x576.jpg\" alt=\"\" class=\"wp-image-24216\" srcset=\"https:\/\/www.em.com.br\/emfoco\/wp-content\/uploads\/2025\/03\/governo-1024x576.jpg 1024w, https:\/\/www.em.com.br\/emfoco\/wp-content\/uploads\/2025\/03\/governo-300x169.jpg 300w, https:\/\/www.em.com.br\/emfoco\/wp-content\/uploads\/2025\/03\/governo-768x432.jpg 768w, https:\/\/www.em.com.br\/emfoco\/wp-content\/uploads\/2025\/03\/governo-750x422.jpg 750w, https:\/\/www.em.com.br\/emfoco\/wp-content\/uploads\/2025\/03\/governo-1140x641.jpg 1140w, https:\/\/www.em.com.br\/emfoco\/wp-content\/uploads\/2025\/03\/governo.jpg 1280w\" sizes=\"auto, (max-width: 1024px) 100vw, 1024px\" \/><figcaption class=\"wp-element-caption\">Imagem representantes do governo &#8211; Cr\u00e9ditos: Flickr<\/figcaption><\/figure>\n\n\n\n<h2 class=\"wp-block-heading\">Como o c\u00e1lculo da renda familiar foi alterado?<\/h2>\n\n\n\n<p>Outra mudan\u00e7a significativa diz respeito ao c\u00e1lculo da renda familiar. Para que o benef\u00edcio seja concedido, a renda per capita familiar deve ser inferior a um quarto do sal\u00e1rio m\u00ednimo. No entanto, a nova legisla\u00e7\u00e3o permite que alguns rendimentos sejam desconsiderados no c\u00e1lculo, como benef\u00edcios previdenci\u00e1rios e assistenciais de at\u00e9 um sal\u00e1rio m\u00ednimo recebidos por outros membros da fam\u00edlia, rendimentos de contratos de aprendizagem e est\u00e1gios supervisionados, e aux\u00edlios tempor\u00e1rios ou indeniza\u00e7\u00f5es, como aquelas recebidas por v\u00edtimas de desastres naturais. Essas exclus\u00f5es tornam o c\u00e1lculo mais justo e garantem que o benef\u00edcio seja direcionado de forma precisa aos mais necessitados.<\/p>\n\n\n\n<h2 class=\"wp-block-heading\">Qual \u00e9 o impacto das novas regras para os benefici\u00e1rios?<\/h2>\n\n\n\n<p>As mudan\u00e7as introduzidas pela Lei n.\u00ba 15.077\/2024 visam tornar o processo de concess\u00e3o do BPC mais eficiente e justo. Embora exijam um maior controle e atualiza\u00e7\u00e3o de dados, essas medidas s\u00e3o vistas como necess\u00e1rias para garantir que os recursos do governo cheguem \u00e0s pessoas que mais precisam. Al\u00e9m disso, as altera\u00e7\u00f5es buscam combater fraudes e assegurar que os benefici\u00e1rios em situa\u00e7\u00e3o de vulnerabilidade econ\u00f4mica sejam priorizados, tornando o sistema mais transparente e eficaz.<\/p>\n","protected":false},"excerpt":{"rendered":"<p>O Benef\u00edcio de Presta\u00e7\u00e3o Continuada (BPC) \u00e9 um aux\u00edlio financeiro oferecido pelo governo brasileiro, destinado a idosos e pessoas com defici\u00eancia que se encontram em situa\u00e7\u00e3o de vulnerabilidade social e econ\u00f4mica. Este benef\u00edcio visa garantir um m\u00ednimo de dignidade e inclus\u00e3o social, proporcionando um pagamento mensal equivalente a um sal\u00e1rio m\u00ednimo. Diferente dos benef\u00edcios previdenci\u00e1rios, [&hellip;]<\/p>\n","protected":false},"author":11,"featured_media":24217,"comment_status":"open","ping_status":"open","sticky":false,"template":"","format":"standard","meta":{"jnews-multi-image_gallery":[],"jnews_single_post":{"format":"standard"},"jnews_primary_category":[],"jnews_social_meta":[],"jnews_override_counter":[],"footnotes":""},"categories":[28,1],"tags":[259,257,4583],"class_list":["post-24161","post","type-post","status-publish","format-standard","has-post-thumbnail","hentry","category-economia","category-noticias","tag-beneficio","tag-bpc","tag-bpc-loas"],"yoast_head":"<!-- This site is optimized with the Yoast SEO plugin v23.8 - https:\/\/yoast.com\/wordpress\/plugins\/seo\/ -->\n<title>Governo comunica que nova lei do BPC vai facilitar pagamentos para quem tem direito - Estado de Minas - Em foco<\/title>\n<meta name=\"description\" content=\"Entenda as novas regras do BPC, saiba quem tem direito e como garantir seu benef\u00edcio sem cair em armadilhas. \u00a0 \u00a0 \u00a0 \u00a0 \u00a0 \u00a0 \u00a0 \u00a0 \u00a0 \u00a0 \u00a0 \u00a0 \u00a0 \u00a0 \u00a0 \u00a0 \u00a0 \u00a0 \u00a0 \u00a0 \u00a0 \u00a0 \u00a0 \u00a0 \u00a0\u00a0\" \/>\n<meta name=\"robots\" content=\"index, follow, max-snippet:-1, max-image-preview:large, max-video-preview:-1\" \/>\n<link rel=\"canonical\" href=\"https:\/\/www.em.com.br\/emfoco\/2025\/03\/02\/governo-comunica-que-nova-lei-do-bpc-vai-facilitar-pagamentos-para-quem-tem-direito\/\" \/>\n<meta property=\"og:locale\" content=\"pt_BR\" \/>\n<meta property=\"og:type\" content=\"article\" \/>\n<meta property=\"og:title\" content=\"Governo comunica que nova lei do BPC vai facilitar pagamentos para quem tem direito - Estado de Minas - Em foco\" \/>\n<meta property=\"og:description\" content=\"Entenda as novas regras do BPC, saiba quem tem direito e como garantir seu benef\u00edcio sem cair em armadilhas. \u00a0 \u00a0 \u00a0 \u00a0 \u00a0 \u00a0 \u00a0 \u00a0 \u00a0 \u00a0 \u00a0 \u00a0 \u00a0 \u00a0 \u00a0 \u00a0 \u00a0 \u00a0 \u00a0 \u00a0 \u00a0 \u00a0 \u00a0 \u00a0 \u00a0\u00a0\" \/>\n<meta property=\"og:url\" content=\"https:\/\/www.em.com.br\/emfoco\/2025\/03\/02\/governo-comunica-que-nova-lei-do-bpc-vai-facilitar-pagamentos-para-quem-tem-direito\/\" \/>\n<meta property=\"og:site_name\" content=\"Estado de Minas - Em foco\" \/>\n<meta property=\"article:published_time\" content=\"2025-03-02T20:00:00+00:00\" \/>\n<meta property=\"article:modified_time\" content=\"2025-03-01T12:49:57+00:00\" \/>\n<meta property=\"og:image\" content=\"https:\/\/www.em.com.br\/emfoco\/wp-content\/uploads\/2025\/03\/governo-lula.jpg\" \/>\n\t<meta property=\"og:image:width\" content=\"1280\" \/>\n\t<meta property=\"og:image:height\" content=\"720\" \/>\n\t<meta property=\"og:image:type\" content=\"image\/jpeg\" \/>\n<meta name=\"author\" content=\"Andre\u0301 Rangel\u00a0\" \/>\n<meta name=\"twitter:card\" content=\"summary_large_image\" \/>\n<meta name=\"twitter:label1\" content=\"Escrito por\" \/>\n\t<meta name=\"twitter:data1\" content=\"Andre\u0301 Rangel\u00a0\" \/>\n\t<meta name=\"twitter:label2\" content=\"Est. tempo de leitura\" \/>\n\t<meta name=\"twitter:data2\" content=\"3 minutos\" \/>\n<!-- \/ Yoast SEO plugin. -->","yoast_head_json":{"title":"Governo comunica que nova lei do BPC vai facilitar pagamentos para quem tem direito - Estado de Minas - Em foco","description":"Entenda as novas regras do BPC, saiba quem tem direito e como garantir seu benef\u00edcio sem cair em armadilhas. \u00a0 \u00a0 \u00a0 \u00a0 \u00a0 \u00a0 \u00a0 \u00a0 \u00a0 \u00a0 \u00a0 \u00a0 \u00a0 \u00a0 \u00a0 \u00a0 \u00a0 \u00a0 \u00a0 \u00a0 \u00a0 \u00a0 \u00a0 \u00a0 \u00a0\u00a0","robots":{"index":"index","follow":"follow","max-snippet":"max-snippet:-1","max-image-preview":"max-image-preview:large","max-video-preview":"max-video-preview:-1"},"canonical":"https:\/\/www.em.com.br\/emfoco\/2025\/03\/02\/governo-comunica-que-nova-lei-do-bpc-vai-facilitar-pagamentos-para-quem-tem-direito\/","og_locale":"pt_BR","og_type":"article","og_title":"Governo comunica que nova lei do BPC vai facilitar pagamentos para quem tem direito - Estado de Minas - Em foco","og_description":"Entenda as novas regras do BPC, saiba quem tem direito e como garantir seu benef\u00edcio sem cair em armadilhas. \u00a0 \u00a0 \u00a0 \u00a0 \u00a0 \u00a0 \u00a0 \u00a0 \u00a0 \u00a0 \u00a0 \u00a0 \u00a0 \u00a0 \u00a0 \u00a0 \u00a0 \u00a0 \u00a0 \u00a0 \u00a0 \u00a0 \u00a0 \u00a0 \u00a0\u00a0","og_url":"https:\/\/www.em.com.br\/emfoco\/2025\/03\/02\/governo-comunica-que-nova-lei-do-bpc-vai-facilitar-pagamentos-para-quem-tem-direito\/","og_site_name":"Estado de Minas - Em foco","article_published_time":"2025-03-02T20:00:00+00:00","article_modified_time":"2025-03-01T12:49:57+00:00","og_image":[{"width":1280,"height":720,"url":"https:\/\/www.em.com.br\/emfoco\/wp-content\/uploads\/2025\/03\/governo-lula.jpg","type":"image\/jpeg"}],"author":"Andre\u0301 Rangel\u00a0","twitter_card":"summary_large_image","twitter_misc":{"Escrito por":"Andre\u0301 Rangel\u00a0","Est. tempo de leitura":"3 minutos"},"schema":{"@context":"https:\/\/schema.org","@graph":[{"@type":"WebPage","@id":"https:\/\/www.em.com.br\/emfoco\/2025\/03\/02\/governo-comunica-que-nova-lei-do-bpc-vai-facilitar-pagamentos-para-quem-tem-direito\/","url":"https:\/\/www.em.com.br\/emfoco\/2025\/03\/02\/governo-comunica-que-nova-lei-do-bpc-vai-facilitar-pagamentos-para-quem-tem-direito\/","name":"Governo comunica que nova lei do BPC vai facilitar pagamentos para quem tem direito - Estado de Minas - Em foco","isPartOf":{"@id":"https:\/\/www.em.com.br\/emfoco\/#website"},"primaryImageOfPage":{"@id":"https:\/\/www.em.com.br\/emfoco\/2025\/03\/02\/governo-comunica-que-nova-lei-do-bpc-vai-facilitar-pagamentos-para-quem-tem-direito\/#primaryimage"},"image":{"@id":"https:\/\/www.em.com.br\/emfoco\/2025\/03\/02\/governo-comunica-que-nova-lei-do-bpc-vai-facilitar-pagamentos-para-quem-tem-direito\/#primaryimage"},"thumbnailUrl":"https:\/\/www.em.com.br\/emfoco\/wp-content\/uploads\/2025\/03\/governo-lula.jpg","datePublished":"2025-03-02T20:00:00+00:00","dateModified":"2025-03-01T12:49:57+00:00","author":{"@id":"https:\/\/www.em.com.br\/emfoco\/#\/schema\/person\/60eda09c1fedf0d6891f4cef4b60b8b8"},"description":"Entenda as novas regras do BPC, saiba quem tem direito e como garantir seu benef\u00edcio sem cair em armadilhas. \u00a0 \u00a0 \u00a0 \u00a0 \u00a0 \u00a0 \u00a0 \u00a0 \u00a0 \u00a0 \u00a0 \u00a0 \u00a0 \u00a0 \u00a0 \u00a0 \u00a0 \u00a0 \u00a0 \u00a0 \u00a0 \u00a0 \u00a0 \u00a0 \u00a0\u00a0","breadcrumb":{"@id":"https:\/\/www.em.com.br\/emfoco\/2025\/03\/02\/governo-comunica-que-nova-lei-do-bpc-vai-facilitar-pagamentos-para-quem-tem-direito\/#breadcrumb"},"inLanguage":"pt-BR","potentialAction":[{"@type":"ReadAction","target":["https:\/\/www.em.com.br\/emfoco\/2025\/03\/02\/governo-comunica-que-nova-lei-do-bpc-vai-facilitar-pagamentos-para-quem-tem-direito\/"]}]},{"@type":"ImageObject","inLanguage":"pt-BR","@id":"https:\/\/www.em.com.br\/emfoco\/2025\/03\/02\/governo-comunica-que-nova-lei-do-bpc-vai-facilitar-pagamentos-para-quem-tem-direito\/#primaryimage","url":"https:\/\/www.em.com.br\/emfoco\/wp-content\/uploads\/2025\/03\/governo-lula.jpg","contentUrl":"https:\/\/www.em.com.br\/emfoco\/wp-content\/uploads\/2025\/03\/governo-lula.jpg","width":1280,"height":720,"caption":"Imagem governo Lula - Cr\u00e9ditos: Flickr"},{"@type":"BreadcrumbList","@id":"https:\/\/www.em.com.br\/emfoco\/2025\/03\/02\/governo-comunica-que-nova-lei-do-bpc-vai-facilitar-pagamentos-para-quem-tem-direito\/#breadcrumb","itemListElement":[{"@type":"ListItem","position":1,"name":"In\u00edcio","item":"https:\/\/www.em.com.br\/emfoco\/"},{"@type":"ListItem","position":2,"name":"Governo comunica que nova lei do BPC vai facilitar pagamentos para quem tem direito"}]},{"@type":"WebSite","@id":"https:\/\/www.em.com.br\/emfoco\/#website","url":"https:\/\/www.em.com.br\/emfoco\/","name":"Estado de Minas - Em foco","description":"Acompanhe as \u00faltimas not\u00edcias e fique bem informado sobre tudo o que acontece em Minas Gerais, Brasil e no mundo.","potentialAction":[{"@type":"SearchAction","target":{"@type":"EntryPoint","urlTemplate":"https:\/\/www.em.com.br\/emfoco\/?s={search_term_string}"},"query-input":{"@type":"PropertyValueSpecification","valueRequired":true,"valueName":"search_term_string"}}],"inLanguage":"pt-BR"},{"@type":"Person","@id":"https:\/\/www.em.com.br\/emfoco\/#\/schema\/person\/60eda09c1fedf0d6891f4cef4b60b8b8","name":"Andre\u0301 Rangel\u00a0","image":{"@type":"ImageObject","inLanguage":"pt-BR","@id":"https:\/\/www.em.com.br\/emfoco\/#\/schema\/person\/image\/","url":"https:\/\/secure.gravatar.com\/avatar\/6234dc814c77c8ef6d8bba622c787efc?s=96&d=mm&r=g","contentUrl":"https:\/\/secure.gravatar.com\/avatar\/6234dc814c77c8ef6d8bba622c787efc?s=96&d=mm&r=g","caption":"Andre\u0301 Rangel\u00a0"},"url":"https:\/\/www.em.com.br\/emfoco\/author\/luizmyth\/"}]}},"_links":{"self":[{"href":"https:\/\/www.em.com.br\/emfoco\/wp-json\/wp\/v2\/posts\/24161","targetHints":{"allow":["GET"]}}],"collection":[{"href":"https:\/\/www.em.com.br\/emfoco\/wp-json\/wp\/v2\/posts"}],"about":[{"href":"https:\/\/www.em.com.br\/emfoco\/wp-json\/wp\/v2\/types\/post"}],"author":[{"embeddable":true,"href":"https:\/\/www.em.com.br\/emfoco\/wp-json\/wp\/v2\/users\/11"}],"replies":[{"embeddable":true,"href":"https:\/\/www.em.com.br\/emfoco\/wp-json\/wp\/v2\/comments?post=24161"}],"version-history":[{"count":6,"href":"https:\/\/www.em.com.br\/emfoco\/wp-json\/wp\/v2\/posts\/24161\/revisions"}],"predecessor-version":[{"id":24218,"href":"https:\/\/www.em.com.br\/emfoco\/wp-json\/wp\/v2\/posts\/24161\/revisions\/24218"}],"wp:featuredmedia":[{"embeddable":true,"href":"https:\/\/www.em.com.br\/emfoco\/wp-json\/wp\/v2\/media\/24217"}],"wp:attachment":[{"href":"https:\/\/www.em.com.br\/emfoco\/wp-json\/wp\/v2\/media?parent=24161"}],"wp:term":[{"taxonomy":"category","embeddable":true,"href":"https:\/\/www.em.com.br\/emfoco\/wp-json\/wp\/v2\/categories?post=24161"},{"taxonomy":"post_tag","embeddable":true,"href":"https:\/\/www.em.com.br\/emfoco\/wp-json\/wp\/v2\/tags?post=24161"}],"curies":[{"name":"wp","href":"https:\/\/api.w.org\/{rel}","templated":true}]}}