{"id":23975,"date":"2025-03-01T22:00:26","date_gmt":"2025-03-02T01:00:26","guid":{"rendered":"https:\/\/www.em.com.br\/emfoco\/?p=23975"},"modified":"2025-03-01T03:28:21","modified_gmt":"2025-03-01T06:28:21","slug":"maria-no-cangaco-a-historia-que-ninguem-contou","status":"publish","type":"post","link":"https:\/\/www.em.com.br\/emfoco\/2025\/03\/01\/maria-no-cangaco-a-historia-que-ninguem-contou\/","title":{"rendered":"Novo trailer de Maria e o Canga\u00e7o, s\u00e9rie brasileira baseado em um livro"},"content":{"rendered":"\n<p>A s\u00e9rie &#8220;<strong>Maria e o Canga\u00e7o<\/strong>&#8220;, <a href=\"https:\/\/www.em.com.br\/emfoco\/2025\/02\/26\/saias-em-alta-em-2025-modelos-e-tendencias-para-cada-estilo\/\" target=\"_blank\" rel=\"noreferrer noopener\">inspirada <\/a>no livro &#8220;<strong>Maria Bonita<\/strong>: <strong>Sexo<\/strong>, <strong>Viol\u00eancia <\/strong>e <strong>Mulheres no Canga\u00e7o<\/strong>&#8221; de <strong>Adriana Negreiros<\/strong>, promete trazer uma nova vis\u00e3o sobre o fen\u00f4meno do canga\u00e7o no Brasil. Estrelada por Isis Valverde e J\u00falio Andrade, a produ\u00e7\u00e3o mergulha nos \u00faltimos anos de vida de Maria Bonita, uma das figuras mais emblem\u00e1ticas do canga\u00e7o.<\/p>\n\n\n\n<p>O canga\u00e7o foi um movimento social, pol\u00edtico e cultural que marcou o Brasil entre o final do s\u00e9culo XIX e o in\u00edcio do s\u00e9culo XX. Maria Bonita, ao lado de Lampi\u00e3o, tornou-se um \u00edcone desse per\u00edodo, desafiando as normas sociais de sua \u00e9poca. A s\u00e9rie busca explorar essa hist\u00f3ria rica e complexa atrav\u00e9s de uma narrativa envolvente e visceral.<\/p>\n\n\n\n<h2 class=\"wp-block-heading\">Qual \u00e9 a hist\u00f3ria da s\u00e9rie &#8220;Maria e o Canga\u00e7o&#8221;?<\/h2>\n\n\n\n<p>A trama de &#8220;Maria e o Canga\u00e7o&#8221; foca nos \u00faltimos anos de Maria Bonita, retratando sua vida ao lado de <strong>Lampi\u00e3o <\/strong>e seu papel no canga\u00e7o. <strong>Maria de D\u00e9a<\/strong>, interpretada por Isis Valverde, \u00e9 apresentada como uma jovem corajosa que se destaca em um mundo dominado por homens e viol\u00eancia. A s\u00e9rie destaca o dilema de Maria entre sua vida fora da lei e o desejo de viver em fam\u00edlia.<\/p>\n\n\n\n<p>O enredo oferece uma perspectiva humana e \u00edntima da vida de Maria Bonita, mostrando sua evolu\u00e7\u00e3o de uma jovem destemida para uma lenda do canga\u00e7o. A produ\u00e7\u00e3o promete capturar a ess\u00eancia de uma \u00e9poca turbulenta e a complexidade das rela\u00e7\u00f5es pessoais dentro do grupo de Lampi\u00e3o.<\/p>\n\n\n\n<h2 class=\"wp-block-heading\">Quem comp\u00f5e o elenco de &#8220;Maria e o Canga\u00e7o&#8221;?<\/h2>\n\n\n\n<p>Al\u00e9m de Isis Valverde e J\u00falio Andrade, que interpretam Maria Bonita e Lampi\u00e3o, respectivamente, o elenco conta com talentos como Jorge Paz, Mohana Uch\u00f4a, Laila Garin, Pally Siqueira, Dan Ferreira, Cl\u00e9bia Souza e Geyson Luiz. Cada ator traz uma profundidade \u00fanica aos seus personagens, contribuindo para a autenticidade da narrativa.<\/p>\n\n\n\n<figure class=\"wp-block-embed is-type-video is-provider-youtube wp-block-embed-youtube wp-embed-aspect-16-9 wp-has-aspect-ratio\"><div class=\"wp-block-embed__wrapper\">\n<div class=\"jeg_video_container jeg_video_content\"><iframe loading=\"lazy\" title=\"Maria e o Canga\u00e7o | Teaser trailer | Disney+\" width=\"500\" height=\"281\" src=\"https:\/\/www.youtube.com\/embed\/FbDGsmJ5RGA?feature=oembed\" frameborder=\"0\" allow=\"accelerometer; autoplay; clipboard-write; encrypted-media; gyroscope; picture-in-picture; web-share\" referrerpolicy=\"strict-origin-when-cross-origin\" allowfullscreen><\/iframe><\/div>\n<\/div><\/figure>\n\n\n\n<p>A diversidade do elenco reflete a riqueza cultural do canga\u00e7o e ajuda a criar uma representa\u00e7\u00e3o fiel e envolvente desse per\u00edodo hist\u00f3rico. A intera\u00e7\u00e3o entre os personagens promete ser um dos pontos altos da s\u00e9rie, oferecendo ao p\u00fablico uma experi\u00eancia imersiva.<\/p>\n\n\n\n<h2 class=\"wp-block-heading\">Quando ser\u00e1 a estreia de &#8220;Maria e o Canga\u00e7o&#8221;?<\/h2>\n\n\n\n<p>A s\u00e9rie &#8220;Maria e o Canga\u00e7o&#8221; est\u00e1 programada para estrear em 4 de abril de 2025, no Disney. Composta por seis epis\u00f3dios, a produ\u00e7\u00e3o ser\u00e1 lan\u00e7ada na \u00edntegra, permitindo que os espectadores mergulhem de uma s\u00f3 vez na hist\u00f3ria fascinante de Maria Bonita e do canga\u00e7o.<\/p>\n\n\n\n<p>O lan\u00e7amento da s\u00e9rie \u00e9 aguardado com grande expectativa, prometendo atrair tanto aqueles que j\u00e1 s\u00e3o fascinados pelo canga\u00e7o quanto novos espectadores interessados em conhecer mais sobre essa parte intrigante da hist\u00f3ria brasileira.<\/p>\n\n\n\n<h2 class=\"wp-block-heading\">O que esperar de &#8220;Maria e o Canga\u00e7o&#8221;?<\/h2>\n\n\n\n<p>&#8220;Maria e o Canga\u00e7o&#8221; promete ser uma s\u00e9rie envolvente que combina drama, a\u00e7\u00e3o e uma rica narrativa hist\u00f3rica. A produ\u00e7\u00e3o n\u00e3o apenas destaca a vida de Maria Bonita, mas tamb\u00e9m oferece uma vis\u00e3o mais ampla do canga\u00e7o, explorando suas implica\u00e7\u00f5es sociais e culturais.<\/p>\n\n\n\n<p>Com uma abordagem inovadora e um elenco talentoso, a s\u00e9rie tem potencial para se tornar uma refer\u00eancia na representa\u00e7\u00e3o do canga\u00e7o na televis\u00e3o. A expectativa \u00e9 que &#8220;Maria e o Canga\u00e7o&#8221; n\u00e3o apenas entretenha, mas tamb\u00e9m eduque o p\u00fablico sobre a complexidade e a import\u00e2ncia desse fen\u00f4meno hist\u00f3rico.<\/p>\n","protected":false},"excerpt":{"rendered":"<p>A s\u00e9rie &#8220;Maria e o Canga\u00e7o&#8220;, inspirada no livro &#8220;Maria Bonita: Sexo, Viol\u00eancia e Mulheres no Canga\u00e7o&#8221; de Adriana Negreiros, promete trazer uma nova vis\u00e3o sobre o fen\u00f4meno do canga\u00e7o no Brasil. Estrelada por Isis Valverde e J\u00falio Andrade, a produ\u00e7\u00e3o mergulha nos \u00faltimos anos de vida de Maria Bonita, uma das figuras mais emblem\u00e1ticas [&hellip;]<\/p>\n","protected":false},"author":7,"featured_media":19489,"comment_status":"open","ping_status":"open","sticky":false,"template":"","format":"standard","meta":{"jnews-multi-image_gallery":[],"jnews_single_post":{"format":"standard"},"jnews_primary_category":[],"jnews_social_meta":[],"jnews_override_counter":[],"footnotes":""},"categories":[29,137],"tags":[158,5767,5769,5768,5770],"class_list":["post-23975","post","type-post","status-publish","format-standard","has-post-thumbnail","hentry","category-entretenimento","category-filmes","tag-brasil","tag-cangaco","tag-lampiao","tag-maria-bonita","tag-serie-historica"],"yoast_head":"<!-- This site is optimized with the Yoast SEO plugin v23.8 - https:\/\/yoast.com\/wordpress\/plugins\/seo\/ -->\n<title>Novo trailer de Maria e o Canga\u00e7o, s\u00e9rie brasileira baseado em um livro - Estado de Minas - Em foco<\/title>\n<meta name=\"description\" content=\"Descubra a hist\u00f3ria de Maria Bonita, a mulher que desafiou o canga\u00e7o e se tornou lenda. Uma nova perspectiva sobre o sert\u00e3o.\" \/>\n<meta name=\"robots\" content=\"index, follow, max-snippet:-1, max-image-preview:large, max-video-preview:-1\" \/>\n<link rel=\"canonical\" href=\"https:\/\/www.em.com.br\/emfoco\/2025\/03\/01\/maria-no-cangaco-a-historia-que-ninguem-contou\/\" \/>\n<meta property=\"og:locale\" content=\"pt_BR\" \/>\n<meta property=\"og:type\" content=\"article\" \/>\n<meta property=\"og:title\" content=\"Novo trailer de Maria e o Canga\u00e7o, s\u00e9rie brasileira baseado em um livro - Estado de Minas - Em foco\" \/>\n<meta property=\"og:description\" content=\"Descubra a hist\u00f3ria de Maria Bonita, a mulher que desafiou o canga\u00e7o e se tornou lenda. Uma nova perspectiva sobre o sert\u00e3o.\" \/>\n<meta property=\"og:url\" content=\"https:\/\/www.em.com.br\/emfoco\/2025\/03\/01\/maria-no-cangaco-a-historia-que-ninguem-contou\/\" \/>\n<meta property=\"og:site_name\" content=\"Estado de Minas - Em foco\" \/>\n<meta property=\"article:published_time\" content=\"2025-03-02T01:00:26+00:00\" \/>\n<meta property=\"article:modified_time\" content=\"2025-03-01T06:28:21+00:00\" \/>\n<meta property=\"og:image\" content=\"https:\/\/www.em.com.br\/emfoco\/wp-content\/uploads\/2025\/02\/Disney_1739469851358.jpg\" \/>\n\t<meta property=\"og:image:width\" content=\"1280\" \/>\n\t<meta property=\"og:image:height\" content=\"720\" \/>\n\t<meta property=\"og:image:type\" content=\"image\/jpeg\" \/>\n<meta name=\"author\" content=\"Kelvin\" \/>\n<meta name=\"twitter:card\" content=\"summary_large_image\" \/>\n<meta name=\"twitter:label1\" content=\"Escrito por\" \/>\n\t<meta name=\"twitter:data1\" content=\"Kelvin\" \/>\n\t<meta name=\"twitter:label2\" content=\"Est. tempo de leitura\" \/>\n\t<meta name=\"twitter:data2\" content=\"4 minutos\" \/>\n<!-- \/ Yoast SEO plugin. -->","yoast_head_json":{"title":"Novo trailer de Maria e o Canga\u00e7o, s\u00e9rie brasileira baseado em um livro - Estado de Minas - Em foco","description":"Descubra a hist\u00f3ria de Maria Bonita, a mulher que desafiou o canga\u00e7o e se tornou lenda. Uma nova perspectiva sobre o sert\u00e3o.","robots":{"index":"index","follow":"follow","max-snippet":"max-snippet:-1","max-image-preview":"max-image-preview:large","max-video-preview":"max-video-preview:-1"},"canonical":"https:\/\/www.em.com.br\/emfoco\/2025\/03\/01\/maria-no-cangaco-a-historia-que-ninguem-contou\/","og_locale":"pt_BR","og_type":"article","og_title":"Novo trailer de Maria e o Canga\u00e7o, s\u00e9rie brasileira baseado em um livro - Estado de Minas - Em foco","og_description":"Descubra a hist\u00f3ria de Maria Bonita, a mulher que desafiou o canga\u00e7o e se tornou lenda. Uma nova perspectiva sobre o sert\u00e3o.","og_url":"https:\/\/www.em.com.br\/emfoco\/2025\/03\/01\/maria-no-cangaco-a-historia-que-ninguem-contou\/","og_site_name":"Estado de Minas - Em foco","article_published_time":"2025-03-02T01:00:26+00:00","article_modified_time":"2025-03-01T06:28:21+00:00","og_image":[{"width":1280,"height":720,"url":"https:\/\/www.em.com.br\/emfoco\/wp-content\/uploads\/2025\/02\/Disney_1739469851358.jpg","type":"image\/jpeg"}],"author":"Kelvin","twitter_card":"summary_large_image","twitter_misc":{"Escrito por":"Kelvin","Est. tempo de leitura":"4 minutos"},"schema":{"@context":"https:\/\/schema.org","@graph":[{"@type":"WebPage","@id":"https:\/\/www.em.com.br\/emfoco\/2025\/03\/01\/maria-no-cangaco-a-historia-que-ninguem-contou\/","url":"https:\/\/www.em.com.br\/emfoco\/2025\/03\/01\/maria-no-cangaco-a-historia-que-ninguem-contou\/","name":"Novo trailer de Maria e o Canga\u00e7o, s\u00e9rie brasileira baseado em um livro - Estado de Minas - Em foco","isPartOf":{"@id":"https:\/\/www.em.com.br\/emfoco\/#website"},"primaryImageOfPage":{"@id":"https:\/\/www.em.com.br\/emfoco\/2025\/03\/01\/maria-no-cangaco-a-historia-que-ninguem-contou\/#primaryimage"},"image":{"@id":"https:\/\/www.em.com.br\/emfoco\/2025\/03\/01\/maria-no-cangaco-a-historia-que-ninguem-contou\/#primaryimage"},"thumbnailUrl":"https:\/\/www.em.com.br\/emfoco\/wp-content\/uploads\/2025\/02\/Disney_1739469851358.jpg","datePublished":"2025-03-02T01:00:26+00:00","dateModified":"2025-03-01T06:28:21+00:00","author":{"@id":"https:\/\/www.em.com.br\/emfoco\/#\/schema\/person\/fb0a7f48c6fbb94b83f413a80f61917d"},"description":"Descubra a hist\u00f3ria de Maria Bonita, a mulher que desafiou o canga\u00e7o e se tornou lenda. Uma nova perspectiva sobre o sert\u00e3o.","breadcrumb":{"@id":"https:\/\/www.em.com.br\/emfoco\/2025\/03\/01\/maria-no-cangaco-a-historia-que-ninguem-contou\/#breadcrumb"},"inLanguage":"pt-BR","potentialAction":[{"@type":"ReadAction","target":["https:\/\/www.em.com.br\/emfoco\/2025\/03\/01\/maria-no-cangaco-a-historia-que-ninguem-contou\/"]}]},{"@type":"ImageObject","inLanguage":"pt-BR","@id":"https:\/\/www.em.com.br\/emfoco\/2025\/03\/01\/maria-no-cangaco-a-historia-que-ninguem-contou\/#primaryimage","url":"https:\/\/www.em.com.br\/emfoco\/wp-content\/uploads\/2025\/02\/Disney_1739469851358.jpg","contentUrl":"https:\/\/www.em.com.br\/emfoco\/wp-content\/uploads\/2025\/02\/Disney_1739469851358.jpg","width":1280,"height":720,"caption":"Disney - Cr\u00e9ditos: depositphotos.com \/ rootstocks"},{"@type":"BreadcrumbList","@id":"https:\/\/www.em.com.br\/emfoco\/2025\/03\/01\/maria-no-cangaco-a-historia-que-ninguem-contou\/#breadcrumb","itemListElement":[{"@type":"ListItem","position":1,"name":"In\u00edcio","item":"https:\/\/www.em.com.br\/emfoco\/"},{"@type":"ListItem","position":2,"name":"Novo trailer de Maria e o Canga\u00e7o, s\u00e9rie brasileira baseado em um livro"}]},{"@type":"WebSite","@id":"https:\/\/www.em.com.br\/emfoco\/#website","url":"https:\/\/www.em.com.br\/emfoco\/","name":"Estado de Minas - Em foco","description":"Acompanhe as \u00faltimas not\u00edcias e fique bem informado sobre tudo o que acontece em Minas Gerais, Brasil e no mundo.","potentialAction":[{"@type":"SearchAction","target":{"@type":"EntryPoint","urlTemplate":"https:\/\/www.em.com.br\/emfoco\/?s={search_term_string}"},"query-input":{"@type":"PropertyValueSpecification","valueRequired":true,"valueName":"search_term_string"}}],"inLanguage":"pt-BR"},{"@type":"Person","@id":"https:\/\/www.em.com.br\/emfoco\/#\/schema\/person\/fb0a7f48c6fbb94b83f413a80f61917d","name":"Kelvin","image":{"@type":"ImageObject","inLanguage":"pt-BR","@id":"https:\/\/www.em.com.br\/emfoco\/#\/schema\/person\/image\/","url":"https:\/\/secure.gravatar.com\/avatar\/e74f84337e6bf6c4c5e88fbdffa05270?s=96&d=mm&r=g","contentUrl":"https:\/\/secure.gravatar.com\/avatar\/e74f84337e6bf6c4c5e88fbdffa05270?s=96&d=mm&r=g","caption":"Kelvin"},"sameAs":["https:\/\/www.em.com.br\/emfoco"],"url":"https:\/\/www.em.com.br\/emfoco\/author\/kelvinmyth\/"}]}},"_links":{"self":[{"href":"https:\/\/www.em.com.br\/emfoco\/wp-json\/wp\/v2\/posts\/23975","targetHints":{"allow":["GET"]}}],"collection":[{"href":"https:\/\/www.em.com.br\/emfoco\/wp-json\/wp\/v2\/posts"}],"about":[{"href":"https:\/\/www.em.com.br\/emfoco\/wp-json\/wp\/v2\/types\/post"}],"author":[{"embeddable":true,"href":"https:\/\/www.em.com.br\/emfoco\/wp-json\/wp\/v2\/users\/7"}],"replies":[{"embeddable":true,"href":"https:\/\/www.em.com.br\/emfoco\/wp-json\/wp\/v2\/comments?post=23975"}],"version-history":[{"count":3,"href":"https:\/\/www.em.com.br\/emfoco\/wp-json\/wp\/v2\/posts\/23975\/revisions"}],"predecessor-version":[{"id":24160,"href":"https:\/\/www.em.com.br\/emfoco\/wp-json\/wp\/v2\/posts\/23975\/revisions\/24160"}],"wp:featuredmedia":[{"embeddable":true,"href":"https:\/\/www.em.com.br\/emfoco\/wp-json\/wp\/v2\/media\/19489"}],"wp:attachment":[{"href":"https:\/\/www.em.com.br\/emfoco\/wp-json\/wp\/v2\/media?parent=23975"}],"wp:term":[{"taxonomy":"category","embeddable":true,"href":"https:\/\/www.em.com.br\/emfoco\/wp-json\/wp\/v2\/categories?post=23975"},{"taxonomy":"post_tag","embeddable":true,"href":"https:\/\/www.em.com.br\/emfoco\/wp-json\/wp\/v2\/tags?post=23975"}],"curies":[{"name":"wp","href":"https:\/\/api.w.org\/{rel}","templated":true}]}}