{"id":23954,"date":"2025-03-01T18:40:13","date_gmt":"2025-03-01T21:40:13","guid":{"rendered":"https:\/\/www.em.com.br\/emfoco\/?p=23954"},"modified":"2025-03-01T03:15:49","modified_gmt":"2025-03-01T06:15:49","slug":"shrek-5-surpreende-a-todos-com-participacao-de-zendaya","status":"publish","type":"post","link":"https:\/\/www.em.com.br\/emfoco\/2025\/03\/01\/shrek-5-surpreende-a-todos-com-participacao-de-zendaya\/","title":{"rendered":"Shrek 5 surpreende a todos com participa\u00e7\u00e3o de Zendaya"},"content":{"rendered":"\n<p>O ic\u00f4nico ogro verde de <strong>Hollywood <\/strong>est\u00e1 prestes a <a href=\"https:\/\/www.em.com.br\/emfoco\/2025\/02\/28\/trabalhadores-recebem-novo-saque-extra-da-caixa-em-2025\/\" target=\"_blank\" rel=\"noreferrer noopener\">retornar <\/a>\u00e0s telonas em grande estilo. &#8220;<strong>Shrek 5<\/strong>&#8221; foi oficialmente confirmado para estrear no Natal de 2026, trazendo consigo uma s\u00e9rie de novidades empolgantes para os f\u00e3s da franquia. Uma das adi\u00e7\u00f5es mais not\u00e1veis ao elenco \u00e9 a atriz <strong>Zendaya<\/strong>, que dar\u00e1 voz a Felicia, a filha do protagonista Shrek.<\/p>\n\n\n\n<p>Aos 28 anos, Zendaya est\u00e1 em um momento brilhante de sua carreira. Ela j\u00e1 conquistou duas estatuetas do <strong>Emmy <\/strong>por sua atua\u00e7\u00e3o na s\u00e9rie &#8220;Euphoria&#8221;, cuja terceira temporada est\u00e1 atualmente em produ\u00e7\u00e3o. Al\u00e9m disso, a atriz tem se destacado em grandes produ\u00e7\u00f5es cinematogr\u00e1ficas, como os filmes recentes do &#8220;Homem-Aranha&#8221; e a franquia &#8220;Duna&#8221;. Sua inclus\u00e3o em &#8220;Shrek 5&#8221; promete trazer uma nova din\u00e2mica ao filme.<\/p>\n\n\n\n<h2 class=\"wp-block-heading\">Quem s\u00e3o os veteranos que retornam em Shrek 5?<\/h2>\n\n\n\n<p>Os f\u00e3s da franquia podem ficar tranquilos, pois os veteranos que deram vida aos personagens principais tamb\u00e9m estar\u00e3o de volta. <strong>Mike Myers<\/strong>, <strong>Eddie Murphy <\/strong>e <strong>Cameron Diaz <\/strong>foram confirmados para reprisar seus pap\u00e9is como <strong>Shrek<\/strong>, <strong>Burro <\/strong>e <strong>Princesa Fiona<\/strong>, respectivamente. Essa continuidade no elenco garante que a ess\u00eancia dos filmes anteriores ser\u00e1 mantida, enquanto novas hist\u00f3rias e personagens s\u00e3o introduzidos.<\/p>\n\n\n\n<figure class=\"wp-block-embed is-type-video is-provider-youtube wp-block-embed-youtube wp-embed-aspect-16-9 wp-has-aspect-ratio\"><div class=\"wp-block-embed__wrapper\">\n<div class=\"jeg_video_container jeg_video_content\"><iframe loading=\"lazy\" title=\"Shrek 5 | Teaser Trailer | An\u00fancio do elenco de vozes\" width=\"500\" height=\"281\" src=\"https:\/\/www.youtube.com\/embed\/rx5szGWTzTc?feature=oembed\" frameborder=\"0\" allow=\"accelerometer; autoplay; clipboard-write; encrypted-media; gyroscope; picture-in-picture; web-share\" referrerpolicy=\"strict-origin-when-cross-origin\" allowfullscreen><\/iframe><\/div>\n<\/div><\/figure>\n\n\n\n<h2 class=\"wp-block-heading\">O que esperar de Shrek 5?<\/h2>\n\n\n\n<p>Com a confirma\u00e7\u00e3o de Zendaya no elenco, &#8220;Shrek 5&#8221; promete trazer uma mistura de nostalgia e inova\u00e7\u00e3o. A presen\u00e7a de Felicia, filha de Shrek, sugere que a trama pode explorar novas din\u00e2micas familiares e desafios que o ogro e sua fam\u00edlia enfrentar\u00e3o. Al\u00e9m disso, a combina\u00e7\u00e3o do humor caracter\u00edstico da franquia com a introdu\u00e7\u00e3o de novos personagens pode oferecer uma experi\u00eancia cinematogr\u00e1fica renovada e cativante.<\/p>\n\n\n\n<h2 class=\"wp-block-heading\">Por que Zendaya \u00e9 uma escolha acertada para Shrek 5?<\/h2>\n\n\n\n<p>A escolha de Zendaya para dar voz a Felicia \u00e9 estrat\u00e9gica e acertada por v\u00e1rias raz\u00f5es. Primeiro, sua versatilidade como atriz \u00e9 amplamente reconhecida, o que a torna capaz de trazer profundidade e carisma ao novo personagem. Segundo, sua popularidade entre diferentes faixas et\u00e1rias pode atrair um p\u00fablico diversificado para o filme. Por \u00faltimo, sua experi\u00eancia em grandes produ\u00e7\u00f5es garante que ela est\u00e1 preparada para enfrentar os desafios de um papel em uma franquia t\u00e3o amada quanto &#8220;Shrek&#8221;.<\/p>\n\n\n\n<p>Com a data de estreia marcada para o Natal de 2026, &#8220;Shrek 5&#8221; j\u00e1 est\u00e1 gerando grande expectativa entre os f\u00e3s e promete ser um dos lan\u00e7amentos mais aguardados do ano. A combina\u00e7\u00e3o de veteranos do elenco com novos talentos como Zendaya pode resultar em uma produ\u00e7\u00e3o memor\u00e1vel, que honre o legado da franquia enquanto abre novas possibilidades para o futuro do ogro mais querido do cinema.<\/p>\n","protected":false},"excerpt":{"rendered":"<p>O ic\u00f4nico ogro verde de Hollywood est\u00e1 prestes a retornar \u00e0s telonas em grande estilo. &#8220;Shrek 5&#8221; foi oficialmente confirmado para estrear no Natal de 2026, trazendo consigo uma s\u00e9rie de novidades empolgantes para os f\u00e3s da franquia. Uma das adi\u00e7\u00f5es mais not\u00e1veis ao elenco \u00e9 a atriz Zendaya, que dar\u00e1 voz a Felicia, a [&hellip;]<\/p>\n","protected":false},"author":7,"featured_media":23957,"comment_status":"open","ping_status":"open","sticky":false,"template":"","format":"standard","meta":{"jnews-multi-image_gallery":[],"jnews_single_post":{"format":"standard"},"jnews_primary_category":[],"jnews_social_meta":[],"jnews_override_counter":[],"footnotes":""},"categories":[29,137],"tags":[148,147,145,798],"class_list":["post-23954","post","type-post","status-publish","format-standard","has-post-thumbnail","hentry","category-entretenimento","category-filmes","tag-animacao","tag-aventura","tag-comedia","tag-familia"],"yoast_head":"<!-- This site is optimized with the Yoast SEO plugin v23.8 - https:\/\/yoast.com\/wordpress\/plugins\/seo\/ -->\n<title>Shrek 5 surpreende a todos com participa\u00e7\u00e3o de Zendaya - Estado de Minas - Em foco<\/title>\n<meta name=\"description\" content=\"Shrek 5 est\u00e1 chegando! Descubra as novidades no elenco e prepare-se para novas aventuras com o ogro mais amado do cinema.\" \/>\n<meta name=\"robots\" content=\"index, follow, max-snippet:-1, max-image-preview:large, max-video-preview:-1\" \/>\n<link rel=\"canonical\" href=\"https:\/\/www.em.com.br\/emfoco\/2025\/03\/01\/shrek-5-surpreende-a-todos-com-participacao-de-zendaya\/\" \/>\n<meta property=\"og:locale\" content=\"pt_BR\" \/>\n<meta property=\"og:type\" content=\"article\" \/>\n<meta property=\"og:title\" content=\"Shrek 5 surpreende a todos com participa\u00e7\u00e3o de Zendaya - Estado de Minas - Em foco\" \/>\n<meta property=\"og:description\" content=\"Shrek 5 est\u00e1 chegando! Descubra as novidades no elenco e prepare-se para novas aventuras com o ogro mais amado do cinema.\" \/>\n<meta property=\"og:url\" content=\"https:\/\/www.em.com.br\/emfoco\/2025\/03\/01\/shrek-5-surpreende-a-todos-com-participacao-de-zendaya\/\" \/>\n<meta property=\"og:site_name\" content=\"Estado de Minas - Em foco\" \/>\n<meta property=\"article:published_time\" content=\"2025-03-01T21:40:13+00:00\" \/>\n<meta property=\"article:modified_time\" content=\"2025-03-01T06:15:49+00:00\" \/>\n<meta property=\"og:image\" content=\"https:\/\/www.em.com.br\/emfoco\/wp-content\/uploads\/2025\/03\/Screenshot_24.jpg\" \/>\n\t<meta property=\"og:image:width\" content=\"1280\" \/>\n\t<meta property=\"og:image:height\" content=\"720\" \/>\n\t<meta property=\"og:image:type\" content=\"image\/jpeg\" \/>\n<meta name=\"author\" content=\"Kelvin\" \/>\n<meta name=\"twitter:card\" content=\"summary_large_image\" \/>\n<meta name=\"twitter:label1\" content=\"Escrito por\" \/>\n\t<meta name=\"twitter:data1\" content=\"Kelvin\" \/>\n\t<meta name=\"twitter:label2\" content=\"Est. tempo de leitura\" \/>\n\t<meta name=\"twitter:data2\" content=\"3 minutos\" \/>\n<!-- \/ Yoast SEO plugin. -->","yoast_head_json":{"title":"Shrek 5 surpreende a todos com participa\u00e7\u00e3o de Zendaya - Estado de Minas - Em foco","description":"Shrek 5 est\u00e1 chegando! Descubra as novidades no elenco e prepare-se para novas aventuras com o ogro mais amado do cinema.","robots":{"index":"index","follow":"follow","max-snippet":"max-snippet:-1","max-image-preview":"max-image-preview:large","max-video-preview":"max-video-preview:-1"},"canonical":"https:\/\/www.em.com.br\/emfoco\/2025\/03\/01\/shrek-5-surpreende-a-todos-com-participacao-de-zendaya\/","og_locale":"pt_BR","og_type":"article","og_title":"Shrek 5 surpreende a todos com participa\u00e7\u00e3o de Zendaya - Estado de Minas - Em foco","og_description":"Shrek 5 est\u00e1 chegando! Descubra as novidades no elenco e prepare-se para novas aventuras com o ogro mais amado do cinema.","og_url":"https:\/\/www.em.com.br\/emfoco\/2025\/03\/01\/shrek-5-surpreende-a-todos-com-participacao-de-zendaya\/","og_site_name":"Estado de Minas - Em foco","article_published_time":"2025-03-01T21:40:13+00:00","article_modified_time":"2025-03-01T06:15:49+00:00","og_image":[{"width":1280,"height":720,"url":"https:\/\/www.em.com.br\/emfoco\/wp-content\/uploads\/2025\/03\/Screenshot_24.jpg","type":"image\/jpeg"}],"author":"Kelvin","twitter_card":"summary_large_image","twitter_misc":{"Escrito por":"Kelvin","Est. tempo de leitura":"3 minutos"},"schema":{"@context":"https:\/\/schema.org","@graph":[{"@type":"WebPage","@id":"https:\/\/www.em.com.br\/emfoco\/2025\/03\/01\/shrek-5-surpreende-a-todos-com-participacao-de-zendaya\/","url":"https:\/\/www.em.com.br\/emfoco\/2025\/03\/01\/shrek-5-surpreende-a-todos-com-participacao-de-zendaya\/","name":"Shrek 5 surpreende a todos com participa\u00e7\u00e3o de Zendaya - Estado de Minas - Em foco","isPartOf":{"@id":"https:\/\/www.em.com.br\/emfoco\/#website"},"primaryImageOfPage":{"@id":"https:\/\/www.em.com.br\/emfoco\/2025\/03\/01\/shrek-5-surpreende-a-todos-com-participacao-de-zendaya\/#primaryimage"},"image":{"@id":"https:\/\/www.em.com.br\/emfoco\/2025\/03\/01\/shrek-5-surpreende-a-todos-com-participacao-de-zendaya\/#primaryimage"},"thumbnailUrl":"https:\/\/www.em.com.br\/emfoco\/wp-content\/uploads\/2025\/03\/Screenshot_24.jpg","datePublished":"2025-03-01T21:40:13+00:00","dateModified":"2025-03-01T06:15:49+00:00","author":{"@id":"https:\/\/www.em.com.br\/emfoco\/#\/schema\/person\/fb0a7f48c6fbb94b83f413a80f61917d"},"description":"Shrek 5 est\u00e1 chegando! Descubra as novidades no elenco e prepare-se para novas aventuras com o ogro mais amado do cinema.","breadcrumb":{"@id":"https:\/\/www.em.com.br\/emfoco\/2025\/03\/01\/shrek-5-surpreende-a-todos-com-participacao-de-zendaya\/#breadcrumb"},"inLanguage":"pt-BR","potentialAction":[{"@type":"ReadAction","target":["https:\/\/www.em.com.br\/emfoco\/2025\/03\/01\/shrek-5-surpreende-a-todos-com-participacao-de-zendaya\/"]}]},{"@type":"ImageObject","inLanguage":"pt-BR","@id":"https:\/\/www.em.com.br\/emfoco\/2025\/03\/01\/shrek-5-surpreende-a-todos-com-participacao-de-zendaya\/#primaryimage","url":"https:\/\/www.em.com.br\/emfoco\/wp-content\/uploads\/2025\/03\/Screenshot_24.jpg","contentUrl":"https:\/\/www.em.com.br\/emfoco\/wp-content\/uploads\/2025\/03\/Screenshot_24.jpg","width":1280,"height":720,"caption":"Shrek 5 - Teaser\/ F\u00e3s de Cinema"},{"@type":"BreadcrumbList","@id":"https:\/\/www.em.com.br\/emfoco\/2025\/03\/01\/shrek-5-surpreende-a-todos-com-participacao-de-zendaya\/#breadcrumb","itemListElement":[{"@type":"ListItem","position":1,"name":"In\u00edcio","item":"https:\/\/www.em.com.br\/emfoco\/"},{"@type":"ListItem","position":2,"name":"Shrek 5 surpreende a todos com participa\u00e7\u00e3o de Zendaya"}]},{"@type":"WebSite","@id":"https:\/\/www.em.com.br\/emfoco\/#website","url":"https:\/\/www.em.com.br\/emfoco\/","name":"Estado de Minas - Em foco","description":"Acompanhe as \u00faltimas not\u00edcias e fique bem informado sobre tudo o que acontece em Minas Gerais, Brasil e no mundo.","potentialAction":[{"@type":"SearchAction","target":{"@type":"EntryPoint","urlTemplate":"https:\/\/www.em.com.br\/emfoco\/?s={search_term_string}"},"query-input":{"@type":"PropertyValueSpecification","valueRequired":true,"valueName":"search_term_string"}}],"inLanguage":"pt-BR"},{"@type":"Person","@id":"https:\/\/www.em.com.br\/emfoco\/#\/schema\/person\/fb0a7f48c6fbb94b83f413a80f61917d","name":"Kelvin","image":{"@type":"ImageObject","inLanguage":"pt-BR","@id":"https:\/\/www.em.com.br\/emfoco\/#\/schema\/person\/image\/","url":"https:\/\/secure.gravatar.com\/avatar\/e74f84337e6bf6c4c5e88fbdffa05270?s=96&d=mm&r=g","contentUrl":"https:\/\/secure.gravatar.com\/avatar\/e74f84337e6bf6c4c5e88fbdffa05270?s=96&d=mm&r=g","caption":"Kelvin"},"sameAs":["https:\/\/www.em.com.br\/emfoco"],"url":"https:\/\/www.em.com.br\/emfoco\/author\/kelvinmyth\/"}]}},"_links":{"self":[{"href":"https:\/\/www.em.com.br\/emfoco\/wp-json\/wp\/v2\/posts\/23954","targetHints":{"allow":["GET"]}}],"collection":[{"href":"https:\/\/www.em.com.br\/emfoco\/wp-json\/wp\/v2\/posts"}],"about":[{"href":"https:\/\/www.em.com.br\/emfoco\/wp-json\/wp\/v2\/types\/post"}],"author":[{"embeddable":true,"href":"https:\/\/www.em.com.br\/emfoco\/wp-json\/wp\/v2\/users\/7"}],"replies":[{"embeddable":true,"href":"https:\/\/www.em.com.br\/emfoco\/wp-json\/wp\/v2\/comments?post=23954"}],"version-history":[{"count":3,"href":"https:\/\/www.em.com.br\/emfoco\/wp-json\/wp\/v2\/posts\/23954\/revisions"}],"predecessor-version":[{"id":24144,"href":"https:\/\/www.em.com.br\/emfoco\/wp-json\/wp\/v2\/posts\/23954\/revisions\/24144"}],"wp:featuredmedia":[{"embeddable":true,"href":"https:\/\/www.em.com.br\/emfoco\/wp-json\/wp\/v2\/media\/23957"}],"wp:attachment":[{"href":"https:\/\/www.em.com.br\/emfoco\/wp-json\/wp\/v2\/media?parent=23954"}],"wp:term":[{"taxonomy":"category","embeddable":true,"href":"https:\/\/www.em.com.br\/emfoco\/wp-json\/wp\/v2\/categories?post=23954"},{"taxonomy":"post_tag","embeddable":true,"href":"https:\/\/www.em.com.br\/emfoco\/wp-json\/wp\/v2\/tags?post=23954"}],"curies":[{"name":"wp","href":"https:\/\/api.w.org\/{rel}","templated":true}]}}