{"id":23947,"date":"2025-03-01T17:00:23","date_gmt":"2025-03-01T20:00:23","guid":{"rendered":"https:\/\/www.em.com.br\/emfoco\/?p=23947"},"modified":"2025-02-28T16:18:39","modified_gmt":"2025-02-28T19:18:39","slug":"o-futuro-em-risco-como-os-prejuizos-do-bpc-afetam-os-mais-necessitados","status":"publish","type":"post","link":"https:\/\/www.em.com.br\/emfoco\/2025\/03\/01\/o-futuro-em-risco-como-os-prejuizos-do-bpc-afetam-os-mais-necessitados\/","title":{"rendered":"O futuro em risco? Como os preju\u00edzos do BPC afetam os mais necessitados"},"content":{"rendered":"\n<p>Uma recente auditoria realizada pelo <strong>Tribunal de Contas da Uni\u00e3o (<a href=\"https:\/\/portal.tcu.gov.br\/\" target=\"_blank\" rel=\"noreferrer noopener\">TCU<\/a>)<\/strong> revelou um impacto financeiro significativo nos cofres p\u00fablicos devido a pagamentos irregulares do <strong>Benef\u00edcio de Presta\u00e7\u00e3o Continuada (<a href=\"https:\/\/www.em.com.br\/emfoco\/2025\/02\/24\/alerta-bpc-inss-emite-comunicado-desmentindo-fake-news-sobre-o-beneficio\/\" target=\"_blank\" rel=\"noreferrer noopener\">BPC<\/a>)<\/strong>. Estima-se que o preju\u00edzo anual alcance a marca de R$ 5 bilh\u00f5es. O <strong>BPC <\/strong>\u00e9 um aux\u00edlio governamental destinado a idosos com mais de 65 anos e pessoas com defici\u00eancia, oferecendo um sal\u00e1rio m\u00ednimo mensal, atualmente fixado em R$ 1.518.<\/p>\n\n\n\n<p>A auditoria identificou que 6,3% dos benefici\u00e1rios do BPC possu\u00edam uma renda familiar per capita superior a um quarto do sal\u00e1rio m\u00ednimo, que \u00e9 o limite estabelecido para a concess\u00e3o do benef\u00edcio. Essa discrep\u00e2ncia foi apontada como uma das principais causas do d\u00e9ficit financeiro. Al\u00e9m disso, foram encontrados 6.701 casos de ac\u00famulo indevido de benef\u00edcios, resultando em um preju\u00edzo adicional de R$ 113,5 milh\u00f5es.<\/p>\n\n\n\n<h2 class=\"wp-block-heading\">Quais s\u00e3o as causas dos pagamentos indevidos?<\/h2>\n\n\n\n<p>O relat\u00f3rio do TCU destacou v\u00e1rias raz\u00f5es para os pagamentos indevidos do BPC. Entre elas, est\u00e3o os atrasos na corre\u00e7\u00e3o de irregularidades e a complexidade dos controles sobre a composi\u00e7\u00e3o familiar, especialmente no que diz respeito \u00e0 renda informal e \u00e0 omiss\u00e3o de membros. A flutua\u00e7\u00e3o natural da realidade socioecon\u00f4mica e a defasagem dos dados dispon\u00edveis tamb\u00e9m contribuem para o problema.<\/p>\n\n\n\n<p>Al\u00e9m disso, a auditoria revelou que cerca de 2.400 benefici\u00e1rios possivelmente falecidos continuavam a receber o benef\u00edcio. Essa informa\u00e7\u00e3o foi obtida atrav\u00e9s do cruzamento de dados do <strong>Sistema Nacional de Informa\u00e7\u00f5es de Registro Civil (Sirc)<\/strong> e da base de <strong>CPF da Receita Federal<\/strong> com a folha de pagamento de junho de 2024.<\/p>\n\n\n<div class=\"wp-block-image\">\n<figure class=\"aligncenter size-large\"><img loading=\"lazy\" decoding=\"async\" width=\"1024\" height=\"576\" src=\"https:\/\/www.em.com.br\/emfoco\/wp-content\/uploads\/2024\/12\/Brazil-Money_1733948646731-1024x576.jpg\" alt=\"O futuro em risco? Como os preju\u00edzos do BPC afetam os mais necessitados\" class=\"wp-image-4410\" srcset=\"https:\/\/www.em.com.br\/emfoco\/wp-content\/uploads\/2024\/12\/Brazil-Money_1733948646731-1024x576.jpg 1024w, https:\/\/www.em.com.br\/emfoco\/wp-content\/uploads\/2024\/12\/Brazil-Money_1733948646731-300x169.jpg 300w, https:\/\/www.em.com.br\/emfoco\/wp-content\/uploads\/2024\/12\/Brazil-Money_1733948646731-768x432.jpg 768w, https:\/\/www.em.com.br\/emfoco\/wp-content\/uploads\/2024\/12\/Brazil-Money_1733948646731-750x422.jpg 750w, https:\/\/www.em.com.br\/emfoco\/wp-content\/uploads\/2024\/12\/Brazil-Money_1733948646731-1140x641.jpg 1140w, https:\/\/www.em.com.br\/emfoco\/wp-content\/uploads\/2024\/12\/Brazil-Money_1733948646731.jpg 1280w\" sizes=\"auto, (max-width: 1024px) 100vw, 1024px\" \/><figcaption class=\"wp-element-caption\">Muito dinheiro pra um ex presidente? &#8211; Cr\u00e9ditos: depositphotos.com \/ rodrigobellizzi<\/figcaption><\/figure><\/div>\n\n\n<h2 class=\"wp-block-heading\">Quais medidas est\u00e3o sendo adotadas para corrigir as irregularidades?<\/h2>\n\n\n\n<p>Em resposta aos apontamentos do TCU, o <strong>Minist\u00e9rio do Desenvolvimento e Assist\u00eancia Social<\/strong>, <strong>Fam\u00edlia e Combate \u00e0 Fome (MDS)<\/strong> informou que, em conjunto com o INSS, j\u00e1 est\u00e1 implementando diversas medidas para corrigir as irregularidades. Desde 2023, a averigua\u00e7\u00e3o cadastral do BPC tornou-se uma pr\u00e1tica cont\u00ednua, resultando na suspens\u00e3o de 109.447 benef\u00edcios irregulares e na atualiza\u00e7\u00e3o de mais de 1 milh\u00e3o de cadastros.<\/p>\n\n\n\n<p>O MDS afirmou que, assim que o ac\u00f3rd\u00e3o do TCU for disponibilizado na \u00edntegra, analisar\u00e1 quais medidas adicionais podem ser implementadas. A pasta ressaltou que toda contribui\u00e7\u00e3o para o aperfei\u00e7oamento dos mecanismos das pol\u00edticas p\u00fablicas \u00e9 bem-vinda e discutida com os atores envolvidos.<\/p>\n\n\n\n<h2 class=\"wp-block-heading\">Impacto e desafios futuros<\/h2>\n\n\n\n<p>O impacto financeiro dos pagamentos indevidos do BPC destaca a necessidade de aprimorar os mecanismos de controle e fiscaliza\u00e7\u00e3o. A corre\u00e7\u00e3o dessas irregularidades \u00e9 essencial para garantir que os recursos p\u00fablicos sejam direcionados a quem realmente necessita. O desafio futuro reside em equilibrar a efic\u00e1cia dos controles com a agilidade na concess\u00e3o dos benef\u00edcios, assegurando que os mais vulner\u00e1veis n\u00e3o sejam prejudicados por burocracias excessivas.<\/p>\n\n\n\n<p>O compromisso do MDS e do INSS em adotar medidas corretivas \u00e9 um passo importante na dire\u00e7\u00e3o certa. No entanto, a implementa\u00e7\u00e3o eficaz dessas medidas requer um esfor\u00e7o cont\u00ednuo e colaborativo entre todas as partes envolvidas, garantindo que o BPC cumpra seu papel social de forma justa e eficiente.<\/p>\n","protected":false},"excerpt":{"rendered":"<p>Uma recente auditoria realizada pelo Tribunal de Contas da Uni\u00e3o (TCU) revelou um impacto financeiro significativo nos cofres p\u00fablicos devido a pagamentos irregulares do Benef\u00edcio de Presta\u00e7\u00e3o Continuada (BPC). Estima-se que o preju\u00edzo anual alcance a marca de R$ 5 bilh\u00f5es. O BPC \u00e9 um aux\u00edlio governamental destinado a idosos com mais de 65 anos [&hellip;]<\/p>\n","protected":false},"author":7,"featured_media":3364,"comment_status":"open","ping_status":"open","sticky":false,"template":"","format":"standard","meta":{"jnews-multi-image_gallery":[],"jnews_single_post":{"format":"standard"},"jnews_primary_category":[],"jnews_social_meta":[],"jnews_override_counter":[],"footnotes":""},"categories":[28],"tags":[5763,5761,257,5762,5703],"class_list":["post-23947","post","type-post","status-publish","format-standard","has-post-thumbnail","hentry","category-economia","tag-auditoria","tag-beneficio-governamental","tag-bpc","tag-prejuizo-financeiro","tag-tcu"],"yoast_head":"<!-- This site is optimized with the Yoast SEO plugin v23.8 - https:\/\/yoast.com\/wordpress\/plugins\/seo\/ -->\n<title>O futuro em risco? Como os preju\u00edzos do BPC afetam os mais necessitados - Estado de Minas - Em foco<\/title>\n<meta name=\"description\" content=\"Entenda o impacto bilion\u00e1rio das fraudes no BPC, as consequ\u00eancias para os benefici\u00e1rios e as medidas para evitar desvios.\" \/>\n<meta name=\"robots\" content=\"index, follow, max-snippet:-1, max-image-preview:large, max-video-preview:-1\" \/>\n<link rel=\"canonical\" href=\"https:\/\/www.em.com.br\/emfoco\/2025\/03\/01\/o-futuro-em-risco-como-os-prejuizos-do-bpc-afetam-os-mais-necessitados\/\" \/>\n<meta property=\"og:locale\" content=\"pt_BR\" \/>\n<meta property=\"og:type\" content=\"article\" \/>\n<meta property=\"og:title\" content=\"O futuro em risco? Como os preju\u00edzos do BPC afetam os mais necessitados - Estado de Minas - Em foco\" \/>\n<meta property=\"og:description\" content=\"Entenda o impacto bilion\u00e1rio das fraudes no BPC, as consequ\u00eancias para os benefici\u00e1rios e as medidas para evitar desvios.\" \/>\n<meta property=\"og:url\" content=\"https:\/\/www.em.com.br\/emfoco\/2025\/03\/01\/o-futuro-em-risco-como-os-prejuizos-do-bpc-afetam-os-mais-necessitados\/\" \/>\n<meta property=\"og:site_name\" content=\"Estado de Minas - Em foco\" \/>\n<meta property=\"article:published_time\" content=\"2025-03-01T20:00:23+00:00\" \/>\n<meta property=\"article:modified_time\" content=\"2025-02-28T19:18:39+00:00\" \/>\n<meta property=\"og:image\" content=\"https:\/\/www.em.com.br\/emfoco\/wp-content\/uploads\/2024\/12\/Aposentados_1733375697448.jpg\" \/>\n\t<meta property=\"og:image:width\" content=\"1280\" \/>\n\t<meta property=\"og:image:height\" content=\"720\" \/>\n\t<meta property=\"og:image:type\" content=\"image\/jpeg\" \/>\n<meta name=\"author\" content=\"Kelvin\" \/>\n<meta name=\"twitter:card\" content=\"summary_large_image\" \/>\n<meta name=\"twitter:label1\" content=\"Escrito por\" \/>\n\t<meta name=\"twitter:data1\" content=\"Kelvin\" \/>\n\t<meta name=\"twitter:label2\" content=\"Est. tempo de leitura\" \/>\n\t<meta name=\"twitter:data2\" content=\"1 minuto\" \/>\n<!-- \/ Yoast SEO plugin. -->","yoast_head_json":{"title":"O futuro em risco? Como os preju\u00edzos do BPC afetam os mais necessitados - Estado de Minas - Em foco","description":"Entenda o impacto bilion\u00e1rio das fraudes no BPC, as consequ\u00eancias para os benefici\u00e1rios e as medidas para evitar desvios.","robots":{"index":"index","follow":"follow","max-snippet":"max-snippet:-1","max-image-preview":"max-image-preview:large","max-video-preview":"max-video-preview:-1"},"canonical":"https:\/\/www.em.com.br\/emfoco\/2025\/03\/01\/o-futuro-em-risco-como-os-prejuizos-do-bpc-afetam-os-mais-necessitados\/","og_locale":"pt_BR","og_type":"article","og_title":"O futuro em risco? Como os preju\u00edzos do BPC afetam os mais necessitados - Estado de Minas - Em foco","og_description":"Entenda o impacto bilion\u00e1rio das fraudes no BPC, as consequ\u00eancias para os benefici\u00e1rios e as medidas para evitar desvios.","og_url":"https:\/\/www.em.com.br\/emfoco\/2025\/03\/01\/o-futuro-em-risco-como-os-prejuizos-do-bpc-afetam-os-mais-necessitados\/","og_site_name":"Estado de Minas - Em foco","article_published_time":"2025-03-01T20:00:23+00:00","article_modified_time":"2025-02-28T19:18:39+00:00","og_image":[{"width":1280,"height":720,"url":"https:\/\/www.em.com.br\/emfoco\/wp-content\/uploads\/2024\/12\/Aposentados_1733375697448.jpg","type":"image\/jpeg"}],"author":"Kelvin","twitter_card":"summary_large_image","twitter_misc":{"Escrito por":"Kelvin","Est. tempo de leitura":"1 minuto"},"schema":{"@context":"https:\/\/schema.org","@graph":[{"@type":"WebPage","@id":"https:\/\/www.em.com.br\/emfoco\/2025\/03\/01\/o-futuro-em-risco-como-os-prejuizos-do-bpc-afetam-os-mais-necessitados\/","url":"https:\/\/www.em.com.br\/emfoco\/2025\/03\/01\/o-futuro-em-risco-como-os-prejuizos-do-bpc-afetam-os-mais-necessitados\/","name":"O futuro em risco? Como os preju\u00edzos do BPC afetam os mais necessitados - Estado de Minas - Em foco","isPartOf":{"@id":"https:\/\/www.em.com.br\/emfoco\/#website"},"primaryImageOfPage":{"@id":"https:\/\/www.em.com.br\/emfoco\/2025\/03\/01\/o-futuro-em-risco-como-os-prejuizos-do-bpc-afetam-os-mais-necessitados\/#primaryimage"},"image":{"@id":"https:\/\/www.em.com.br\/emfoco\/2025\/03\/01\/o-futuro-em-risco-como-os-prejuizos-do-bpc-afetam-os-mais-necessitados\/#primaryimage"},"thumbnailUrl":"https:\/\/www.em.com.br\/emfoco\/wp-content\/uploads\/2024\/12\/Aposentados_1733375697448.jpg","datePublished":"2025-03-01T20:00:23+00:00","dateModified":"2025-02-28T19:18:39+00:00","author":{"@id":"https:\/\/www.em.com.br\/emfoco\/#\/schema\/person\/fb0a7f48c6fbb94b83f413a80f61917d"},"description":"Entenda o impacto bilion\u00e1rio das fraudes no BPC, as consequ\u00eancias para os benefici\u00e1rios e as medidas para evitar desvios.","breadcrumb":{"@id":"https:\/\/www.em.com.br\/emfoco\/2025\/03\/01\/o-futuro-em-risco-como-os-prejuizos-do-bpc-afetam-os-mais-necessitados\/#breadcrumb"},"inLanguage":"pt-BR","potentialAction":[{"@type":"ReadAction","target":["https:\/\/www.em.com.br\/emfoco\/2025\/03\/01\/o-futuro-em-risco-como-os-prejuizos-do-bpc-afetam-os-mais-necessitados\/"]}]},{"@type":"ImageObject","inLanguage":"pt-BR","@id":"https:\/\/www.em.com.br\/emfoco\/2025\/03\/01\/o-futuro-em-risco-como-os-prejuizos-do-bpc-afetam-os-mais-necessitados\/#primaryimage","url":"https:\/\/www.em.com.br\/emfoco\/wp-content\/uploads\/2024\/12\/Aposentados_1733375697448.jpg","contentUrl":"https:\/\/www.em.com.br\/emfoco\/wp-content\/uploads\/2024\/12\/Aposentados_1733375697448.jpg","width":1280,"height":720,"caption":"Aponsetado - Cr\u00e9ditos: depositphotos.com \/ NatashaFedorova"},{"@type":"BreadcrumbList","@id":"https:\/\/www.em.com.br\/emfoco\/2025\/03\/01\/o-futuro-em-risco-como-os-prejuizos-do-bpc-afetam-os-mais-necessitados\/#breadcrumb","itemListElement":[{"@type":"ListItem","position":1,"name":"In\u00edcio","item":"https:\/\/www.em.com.br\/emfoco\/"},{"@type":"ListItem","position":2,"name":"O futuro em risco? Como os preju\u00edzos do BPC afetam os mais necessitados"}]},{"@type":"WebSite","@id":"https:\/\/www.em.com.br\/emfoco\/#website","url":"https:\/\/www.em.com.br\/emfoco\/","name":"Estado de Minas - Em foco","description":"Acompanhe as \u00faltimas not\u00edcias e fique bem informado sobre tudo o que acontece em Minas Gerais, Brasil e no mundo.","potentialAction":[{"@type":"SearchAction","target":{"@type":"EntryPoint","urlTemplate":"https:\/\/www.em.com.br\/emfoco\/?s={search_term_string}"},"query-input":{"@type":"PropertyValueSpecification","valueRequired":true,"valueName":"search_term_string"}}],"inLanguage":"pt-BR"},{"@type":"Person","@id":"https:\/\/www.em.com.br\/emfoco\/#\/schema\/person\/fb0a7f48c6fbb94b83f413a80f61917d","name":"Kelvin","image":{"@type":"ImageObject","inLanguage":"pt-BR","@id":"https:\/\/www.em.com.br\/emfoco\/#\/schema\/person\/image\/","url":"https:\/\/secure.gravatar.com\/avatar\/e74f84337e6bf6c4c5e88fbdffa05270?s=96&d=mm&r=g","contentUrl":"https:\/\/secure.gravatar.com\/avatar\/e74f84337e6bf6c4c5e88fbdffa05270?s=96&d=mm&r=g","caption":"Kelvin"},"sameAs":["https:\/\/www.em.com.br\/emfoco"],"url":"https:\/\/www.em.com.br\/emfoco\/author\/kelvinmyth\/"}]}},"_links":{"self":[{"href":"https:\/\/www.em.com.br\/emfoco\/wp-json\/wp\/v2\/posts\/23947","targetHints":{"allow":["GET"]}}],"collection":[{"href":"https:\/\/www.em.com.br\/emfoco\/wp-json\/wp\/v2\/posts"}],"about":[{"href":"https:\/\/www.em.com.br\/emfoco\/wp-json\/wp\/v2\/types\/post"}],"author":[{"embeddable":true,"href":"https:\/\/www.em.com.br\/emfoco\/wp-json\/wp\/v2\/users\/7"}],"replies":[{"embeddable":true,"href":"https:\/\/www.em.com.br\/emfoco\/wp-json\/wp\/v2\/comments?post=23947"}],"version-history":[{"count":2,"href":"https:\/\/www.em.com.br\/emfoco\/wp-json\/wp\/v2\/posts\/23947\/revisions"}],"predecessor-version":[{"id":23953,"href":"https:\/\/www.em.com.br\/emfoco\/wp-json\/wp\/v2\/posts\/23947\/revisions\/23953"}],"wp:featuredmedia":[{"embeddable":true,"href":"https:\/\/www.em.com.br\/emfoco\/wp-json\/wp\/v2\/media\/3364"}],"wp:attachment":[{"href":"https:\/\/www.em.com.br\/emfoco\/wp-json\/wp\/v2\/media?parent=23947"}],"wp:term":[{"taxonomy":"category","embeddable":true,"href":"https:\/\/www.em.com.br\/emfoco\/wp-json\/wp\/v2\/categories?post=23947"},{"taxonomy":"post_tag","embeddable":true,"href":"https:\/\/www.em.com.br\/emfoco\/wp-json\/wp\/v2\/tags?post=23947"}],"curies":[{"name":"wp","href":"https:\/\/api.w.org\/{rel}","templated":true}]}}