{"id":23928,"date":"2025-03-01T09:40:02","date_gmt":"2025-03-01T12:40:02","guid":{"rendered":"https:\/\/www.em.com.br\/emfoco\/?p=23928"},"modified":"2025-03-01T02:51:11","modified_gmt":"2025-03-01T05:51:11","slug":"calendario-netflix-marco-2025-as-estreias-mais-aguardadas","status":"publish","type":"post","link":"https:\/\/www.em.com.br\/emfoco\/2025\/03\/01\/calendario-netflix-marco-2025-as-estreias-mais-aguardadas\/","title":{"rendered":"As estreias mais aguardadas no Netflix em Mar\u00e7o de 2025"},"content":{"rendered":"\n<p>O m\u00eas de mar\u00e7o de 2025 promete ser emocionante para os assinantes da <strong><a href=\"https:\/\/www.netflix.com\/br\/\" target=\"_blank\" rel=\"noreferrer noopener\">Netflix<\/a><\/strong>, com uma s\u00e9rie de lan\u00e7amentos aguardados que abrangem desde document\u00e1rios reveladores at\u00e9 aventuras de fic\u00e7\u00e3o cient\u00edfica. Entre os destaques est\u00e3o produ\u00e7\u00f5es estreladas por grandes nomes como Anitta e Millie Bobby Brown, que prometem capturar a aten\u00e7\u00e3o do <a href=\"https:\/\/www.em.com.br\/emfoco\/2025\/02\/26\/serie-aclamada-pelo-publico-dark-winds-tera-4a-temporada\/\" target=\"_blank\" rel=\"noreferrer noopener\">p\u00fablico <\/a>com suas hist\u00f3rias cativantes.<\/p>\n\n\n\n<p>Anitta, a ic\u00f4nica cantora brasileira, \u00e9 o foco do document\u00e1rio &#8220;Larissa: O Outro Lado de Anitta&#8221;, que estreia no dia 6 de mar\u00e7o. Este document\u00e1rio oferece uma vis\u00e3o \u00edntima da vida de <strong>Larissa de Macedo Machado<\/strong>, mostrando os desafios enfrentados por tr\u00e1s do sucesso de <strong>Anitta<\/strong>. J\u00e1<strong> Millie Bobby Brown<\/strong>, conhecida por seu papel em &#8220;Stranger Things&#8221;, estrela ao lado de <strong>Chris Pratt <\/strong>no filme &#8220;The Electric State&#8221;, uma aventura de fic\u00e7\u00e3o cient\u00edfica dirigida pelos renomados irm\u00e3os Russo.<\/p>\n\n\n\n<h2 class=\"wp-block-heading\">Quais s\u00e3o os principais lan\u00e7amentos de filmes na Netflix em mar\u00e7o de 2025?<\/h2>\n\n\n\n<p>O cat\u00e1logo de filmes da Netflix em mar\u00e7o de 2025 \u00e9 diversificado e promete agradar a todos os gostos. No dia 6, al\u00e9m do document\u00e1rio sobre Anitta, estreia &#8220;Caos: Os Crimes de Manson&#8221;, um document\u00e1rio que explora teorias de conspira\u00e7\u00e3o envolvendo a <strong>CIA <\/strong>e a <strong>Fam\u00edlia Manson<\/strong>. No mesmo dia, &#8220;Plankton: O Filme&#8221; traz uma abordagem divertida sobre os planos de domina\u00e7\u00e3o mundial de um personagem peculiar.<\/p>\n\n\n\n<p>No dia 14, &#8220;The Electric State&#8221; chega \u00e0 plataforma, ambientado em uma vers\u00e3o alternativa dos anos 1990, onde uma adolescente \u00f3rf\u00e3 busca seu irm\u00e3o mais novo em um mundo p\u00f3s-revolta dos rob\u00f4s. Este filme promete uma mistura de a\u00e7\u00e3o e emo\u00e7\u00e3o, com um elenco de peso. Outros lan\u00e7amentos incluem &#8220;Tornado: Joplin em Ru\u00ednas&#8221; no dia 19, que narra a devasta\u00e7\u00e3o causada por um tornado em Missouri, e &#8220;Pequena Sib\u00e9ria&#8221; no dia 21, que aborda o impacto de um meteorito em uma pequena cidade.<\/p>\n\n\n<div class=\"wp-block-image\">\n<figure class=\"aligncenter size-large\"><img loading=\"lazy\" decoding=\"async\" width=\"1024\" height=\"576\" src=\"https:\/\/www.em.com.br\/emfoco\/wp-content\/uploads\/2025\/01\/Netflix_1736769422266-1024x576.jpg\" alt=\"Calend\u00e1rio Netflix Mar\u00e7o 2025 as estreias mais aguardadas\" class=\"wp-image-10309\" srcset=\"https:\/\/www.em.com.br\/emfoco\/wp-content\/uploads\/2025\/01\/Netflix_1736769422266-1024x576.jpg 1024w, https:\/\/www.em.com.br\/emfoco\/wp-content\/uploads\/2025\/01\/Netflix_1736769422266-300x169.jpg 300w, https:\/\/www.em.com.br\/emfoco\/wp-content\/uploads\/2025\/01\/Netflix_1736769422266-768x432.jpg 768w, https:\/\/www.em.com.br\/emfoco\/wp-content\/uploads\/2025\/01\/Netflix_1736769422266-750x422.jpg 750w, https:\/\/www.em.com.br\/emfoco\/wp-content\/uploads\/2025\/01\/Netflix_1736769422266-1140x641.jpg 1140w, https:\/\/www.em.com.br\/emfoco\/wp-content\/uploads\/2025\/01\/Netflix_1736769422266.jpg 1280w\" sizes=\"auto, (max-width: 1024px) 100vw, 1024px\" \/><figcaption class=\"wp-element-caption\">Netflix &#8211; Cr\u00e9ditos: depositphotos.com \/ Info@vantagedrones.co.uk<\/figcaption><\/figure><\/div>\n\n\n<h2 class=\"wp-block-heading\">Quais s\u00e9ries estreiam na Netflix em mar\u00e7o de 2025?<\/h2>\n\n\n\n<p>O m\u00eas tamb\u00e9m traz novidades para os f\u00e3s de s\u00e9ries. No dia 5, estreia &#8220;O Leopardo&#8221;, uma s\u00e9rie \u00e9pica baseada em um cl\u00e1ssico da literatura italiana, ambientada na Sic\u00edlia dos anos 1860. No dia 7, a s\u00e9tima temporada de &#8220;F1: Dirigir para Viver&#8221; oferece aos f\u00e3s de automobilismo um olhar exclusivo sobre os bastidores do Campeonato Mundial de F\u00f3rmula 1 de 2023.<\/p>\n\n\n\n<p>Outras s\u00e9ries not\u00e1veis incluem &#8220;Aposta de Outro Mundo&#8221;, que estreia no dia 20, e &#8220;Assassinato na Casa Branca&#8221;, uma hist\u00f3ria policial intrigante. No dia 26, &#8220;Cilada&#8221; apresenta uma trama envolvente na Patag\u00f4nia argentina, enquanto &#8220;Sobrevivendo em Grande Estilo&#8221; retorna para sua segunda temporada no dia 27. Para fechar o m\u00eas, &#8220;A Dama de Companhia&#8221; estreia no dia 28, trazendo uma narrativa ambientada na Madri de 1880.<\/p>\n\n\n\n<h2 class=\"wp-block-heading\">O que esperar das produ\u00e7\u00f5es estreladas por Anitta e Millie Bobby Brown?<\/h2>\n\n\n\n<p>As produ\u00e7\u00f5es estreladas por <strong>Anitta <\/strong>e Millie Bobby Brown s\u00e3o, sem d\u00favida, dois dos lan\u00e7amentos mais aguardados deste m\u00eas. &#8220;Larissa: O Outro Lado de Anitta&#8221; promete revelar aspectos desconhecidos da vida pessoal da cantora, oferecendo uma nova perspectiva sobre sua jornada de autoconhecimento e os desafios do estrelato. Este document\u00e1rio \u00e9 uma oportunidade \u00fanica para os f\u00e3s conhecerem a verdadeira Larissa por tr\u00e1s da figura p\u00fablica de Anitta.<\/p>\n\n\n\n<p>Por outro lado, &#8220;The Electric State&#8221; \u00e9 uma aventura de fic\u00e7\u00e3o cient\u00edfica que combina a\u00e7\u00e3o e emo\u00e7\u00e3o. Millie Bobby Brown, ao lado de Chris Pratt, leva o p\u00fablico a uma jornada pelo oeste dos Estados Unidos em busca de um irm\u00e3o desaparecido, em um mundo onde a tecnologia e a humanidade se chocam. A dire\u00e7\u00e3o dos irm\u00e3os Russo garante uma experi\u00eancia cinematogr\u00e1fica de alta qualidade, prometendo cativar tanto os f\u00e3s de fic\u00e7\u00e3o cient\u00edfica quanto os admiradores do trabalho dos atores principais.<\/p>\n","protected":false},"excerpt":{"rendered":"<p>O m\u00eas de mar\u00e7o de 2025 promete ser emocionante para os assinantes da Netflix, com uma s\u00e9rie de lan\u00e7amentos aguardados que abrangem desde document\u00e1rios reveladores at\u00e9 aventuras de fic\u00e7\u00e3o cient\u00edfica. Entre os destaques est\u00e3o produ\u00e7\u00f5es estreladas por grandes nomes como Anitta e Millie Bobby Brown, que prometem capturar a aten\u00e7\u00e3o do p\u00fablico com suas hist\u00f3rias [&hellip;]<\/p>\n","protected":false},"author":7,"featured_media":14266,"comment_status":"open","ping_status":"open","sticky":false,"template":"","format":"standard","meta":{"jnews-multi-image_gallery":[],"jnews_single_post":{"format":"standard"},"jnews_primary_category":[],"jnews_social_meta":[],"jnews_override_counter":[],"footnotes":""},"categories":[29,137],"tags":[],"class_list":["post-23928","post","type-post","status-publish","format-standard","has-post-thumbnail","hentry","category-entretenimento","category-filmes"],"yoast_head":"<!-- This site is optimized with the Yoast SEO plugin v23.8 - https:\/\/yoast.com\/wordpress\/plugins\/seo\/ -->\n<title>As estreias mais aguardadas no Netflix em Mar\u00e7o de 2025 - Estado de Minas - Em foco<\/title>\n<meta name=\"description\" content=\"Descubra os lan\u00e7amentos imperd\u00edveis da Netflix em mar\u00e7o de 2025. Filmes, s\u00e9ries e document\u00e1rios para todos os gostos.\" \/>\n<meta name=\"robots\" content=\"index, follow, max-snippet:-1, max-image-preview:large, max-video-preview:-1\" \/>\n<link rel=\"canonical\" href=\"https:\/\/www.em.com.br\/emfoco\/2025\/03\/01\/calendario-netflix-marco-2025-as-estreias-mais-aguardadas\/\" \/>\n<meta property=\"og:locale\" content=\"pt_BR\" \/>\n<meta property=\"og:type\" content=\"article\" \/>\n<meta property=\"og:title\" content=\"As estreias mais aguardadas no Netflix em Mar\u00e7o de 2025 - Estado de Minas - Em foco\" \/>\n<meta property=\"og:description\" content=\"Descubra os lan\u00e7amentos imperd\u00edveis da Netflix em mar\u00e7o de 2025. Filmes, s\u00e9ries e document\u00e1rios para todos os gostos.\" \/>\n<meta property=\"og:url\" content=\"https:\/\/www.em.com.br\/emfoco\/2025\/03\/01\/calendario-netflix-marco-2025-as-estreias-mais-aguardadas\/\" \/>\n<meta property=\"og:site_name\" content=\"Estado de Minas - Em foco\" \/>\n<meta property=\"article:published_time\" content=\"2025-03-01T12:40:02+00:00\" \/>\n<meta property=\"article:modified_time\" content=\"2025-03-01T05:51:11+00:00\" \/>\n<meta property=\"og:image\" content=\"https:\/\/www.em.com.br\/emfoco\/wp-content\/uploads\/2025\/01\/Netflix_1738040956239.jpg\" \/>\n\t<meta property=\"og:image:width\" content=\"1280\" \/>\n\t<meta property=\"og:image:height\" content=\"720\" \/>\n\t<meta property=\"og:image:type\" content=\"image\/jpeg\" \/>\n<meta name=\"author\" content=\"Kelvin\" \/>\n<meta name=\"twitter:card\" content=\"summary_large_image\" \/>\n<meta name=\"twitter:label1\" content=\"Escrito por\" \/>\n\t<meta name=\"twitter:data1\" content=\"Kelvin\" \/>\n\t<meta name=\"twitter:label2\" content=\"Est. tempo de leitura\" \/>\n\t<meta name=\"twitter:data2\" content=\"4 minutos\" \/>\n<!-- \/ Yoast SEO plugin. -->","yoast_head_json":{"title":"As estreias mais aguardadas no Netflix em Mar\u00e7o de 2025 - Estado de Minas - Em foco","description":"Descubra os lan\u00e7amentos imperd\u00edveis da Netflix em mar\u00e7o de 2025. Filmes, s\u00e9ries e document\u00e1rios para todos os gostos.","robots":{"index":"index","follow":"follow","max-snippet":"max-snippet:-1","max-image-preview":"max-image-preview:large","max-video-preview":"max-video-preview:-1"},"canonical":"https:\/\/www.em.com.br\/emfoco\/2025\/03\/01\/calendario-netflix-marco-2025-as-estreias-mais-aguardadas\/","og_locale":"pt_BR","og_type":"article","og_title":"As estreias mais aguardadas no Netflix em Mar\u00e7o de 2025 - Estado de Minas - Em foco","og_description":"Descubra os lan\u00e7amentos imperd\u00edveis da Netflix em mar\u00e7o de 2025. Filmes, s\u00e9ries e document\u00e1rios para todos os gostos.","og_url":"https:\/\/www.em.com.br\/emfoco\/2025\/03\/01\/calendario-netflix-marco-2025-as-estreias-mais-aguardadas\/","og_site_name":"Estado de Minas - Em foco","article_published_time":"2025-03-01T12:40:02+00:00","article_modified_time":"2025-03-01T05:51:11+00:00","og_image":[{"width":1280,"height":720,"url":"https:\/\/www.em.com.br\/emfoco\/wp-content\/uploads\/2025\/01\/Netflix_1738040956239.jpg","type":"image\/jpeg"}],"author":"Kelvin","twitter_card":"summary_large_image","twitter_misc":{"Escrito por":"Kelvin","Est. tempo de leitura":"4 minutos"},"schema":{"@context":"https:\/\/schema.org","@graph":[{"@type":"WebPage","@id":"https:\/\/www.em.com.br\/emfoco\/2025\/03\/01\/calendario-netflix-marco-2025-as-estreias-mais-aguardadas\/","url":"https:\/\/www.em.com.br\/emfoco\/2025\/03\/01\/calendario-netflix-marco-2025-as-estreias-mais-aguardadas\/","name":"As estreias mais aguardadas no Netflix em Mar\u00e7o de 2025 - Estado de Minas - Em foco","isPartOf":{"@id":"https:\/\/www.em.com.br\/emfoco\/#website"},"primaryImageOfPage":{"@id":"https:\/\/www.em.com.br\/emfoco\/2025\/03\/01\/calendario-netflix-marco-2025-as-estreias-mais-aguardadas\/#primaryimage"},"image":{"@id":"https:\/\/www.em.com.br\/emfoco\/2025\/03\/01\/calendario-netflix-marco-2025-as-estreias-mais-aguardadas\/#primaryimage"},"thumbnailUrl":"https:\/\/www.em.com.br\/emfoco\/wp-content\/uploads\/2025\/01\/Netflix_1738040956239.jpg","datePublished":"2025-03-01T12:40:02+00:00","dateModified":"2025-03-01T05:51:11+00:00","author":{"@id":"https:\/\/www.em.com.br\/emfoco\/#\/schema\/person\/fb0a7f48c6fbb94b83f413a80f61917d"},"description":"Descubra os lan\u00e7amentos imperd\u00edveis da Netflix em mar\u00e7o de 2025. Filmes, s\u00e9ries e document\u00e1rios para todos os gostos.","breadcrumb":{"@id":"https:\/\/www.em.com.br\/emfoco\/2025\/03\/01\/calendario-netflix-marco-2025-as-estreias-mais-aguardadas\/#breadcrumb"},"inLanguage":"pt-BR","potentialAction":[{"@type":"ReadAction","target":["https:\/\/www.em.com.br\/emfoco\/2025\/03\/01\/calendario-netflix-marco-2025-as-estreias-mais-aguardadas\/"]}]},{"@type":"ImageObject","inLanguage":"pt-BR","@id":"https:\/\/www.em.com.br\/emfoco\/2025\/03\/01\/calendario-netflix-marco-2025-as-estreias-mais-aguardadas\/#primaryimage","url":"https:\/\/www.em.com.br\/emfoco\/wp-content\/uploads\/2025\/01\/Netflix_1738040956239.jpg","contentUrl":"https:\/\/www.em.com.br\/emfoco\/wp-content\/uploads\/2025\/01\/Netflix_1738040956239.jpg","width":1280,"height":720,"caption":"Netflix - Cr\u00e9ditos: depositphotos.com \/ sharafmaksumov"},{"@type":"BreadcrumbList","@id":"https:\/\/www.em.com.br\/emfoco\/2025\/03\/01\/calendario-netflix-marco-2025-as-estreias-mais-aguardadas\/#breadcrumb","itemListElement":[{"@type":"ListItem","position":1,"name":"In\u00edcio","item":"https:\/\/www.em.com.br\/emfoco\/"},{"@type":"ListItem","position":2,"name":"As estreias mais aguardadas no Netflix em Mar\u00e7o de 2025"}]},{"@type":"WebSite","@id":"https:\/\/www.em.com.br\/emfoco\/#website","url":"https:\/\/www.em.com.br\/emfoco\/","name":"Estado de Minas - Em foco","description":"Acompanhe as \u00faltimas not\u00edcias e fique bem informado sobre tudo o que acontece em Minas Gerais, Brasil e no mundo.","potentialAction":[{"@type":"SearchAction","target":{"@type":"EntryPoint","urlTemplate":"https:\/\/www.em.com.br\/emfoco\/?s={search_term_string}"},"query-input":{"@type":"PropertyValueSpecification","valueRequired":true,"valueName":"search_term_string"}}],"inLanguage":"pt-BR"},{"@type":"Person","@id":"https:\/\/www.em.com.br\/emfoco\/#\/schema\/person\/fb0a7f48c6fbb94b83f413a80f61917d","name":"Kelvin","image":{"@type":"ImageObject","inLanguage":"pt-BR","@id":"https:\/\/www.em.com.br\/emfoco\/#\/schema\/person\/image\/","url":"https:\/\/secure.gravatar.com\/avatar\/e74f84337e6bf6c4c5e88fbdffa05270?s=96&d=mm&r=g","contentUrl":"https:\/\/secure.gravatar.com\/avatar\/e74f84337e6bf6c4c5e88fbdffa05270?s=96&d=mm&r=g","caption":"Kelvin"},"sameAs":["https:\/\/www.em.com.br\/emfoco"],"url":"https:\/\/www.em.com.br\/emfoco\/author\/kelvinmyth\/"}]}},"_links":{"self":[{"href":"https:\/\/www.em.com.br\/emfoco\/wp-json\/wp\/v2\/posts\/23928","targetHints":{"allow":["GET"]}}],"collection":[{"href":"https:\/\/www.em.com.br\/emfoco\/wp-json\/wp\/v2\/posts"}],"about":[{"href":"https:\/\/www.em.com.br\/emfoco\/wp-json\/wp\/v2\/types\/post"}],"author":[{"embeddable":true,"href":"https:\/\/www.em.com.br\/emfoco\/wp-json\/wp\/v2\/users\/7"}],"replies":[{"embeddable":true,"href":"https:\/\/www.em.com.br\/emfoco\/wp-json\/wp\/v2\/comments?post=23928"}],"version-history":[{"count":3,"href":"https:\/\/www.em.com.br\/emfoco\/wp-json\/wp\/v2\/posts\/23928\/revisions"}],"predecessor-version":[{"id":24136,"href":"https:\/\/www.em.com.br\/emfoco\/wp-json\/wp\/v2\/posts\/23928\/revisions\/24136"}],"wp:featuredmedia":[{"embeddable":true,"href":"https:\/\/www.em.com.br\/emfoco\/wp-json\/wp\/v2\/media\/14266"}],"wp:attachment":[{"href":"https:\/\/www.em.com.br\/emfoco\/wp-json\/wp\/v2\/media?parent=23928"}],"wp:term":[{"taxonomy":"category","embeddable":true,"href":"https:\/\/www.em.com.br\/emfoco\/wp-json\/wp\/v2\/categories?post=23928"},{"taxonomy":"post_tag","embeddable":true,"href":"https:\/\/www.em.com.br\/emfoco\/wp-json\/wp\/v2\/tags?post=23928"}],"curies":[{"name":"wp","href":"https:\/\/api.w.org\/{rel}","templated":true}]}}