{"id":23916,"date":"2025-03-01T07:00:47","date_gmt":"2025-03-01T10:00:47","guid":{"rendered":"https:\/\/www.em.com.br\/emfoco\/?p=23916"},"modified":"2025-02-28T21:19:31","modified_gmt":"2025-03-01T00:19:31","slug":"byd-revoluciona-o-brasil-carros-eletricos-acessiveis","status":"publish","type":"post","link":"https:\/\/www.em.com.br\/emfoco\/2025\/03\/01\/byd-revoluciona-o-brasil-carros-eletricos-acessiveis\/","title":{"rendered":"BYD revoluciona o Brasil com carros el\u00e9tricos acess\u00edveis"},"content":{"rendered":"\n<p>A <strong>BYD<\/strong>, gigante chinesa do setor automotivo, est\u00e1 ampliando sua presen\u00e7a no <strong>Brasil <\/strong>com a <a href=\"https:\/\/www.em.com.br\/emfoco\/2024\/12\/12\/saiba-como-manter-seus-filhos-protegidos-e-saudaveis-com-a-chegada-do-verao\/\" target=\"_blank\" rel=\"noreferrer noopener\">chegada <\/a>de um novo carregamento de ve\u00edculos eletrificados. O navio cargueiro <strong>BYD Explorer N\u00ba1<\/strong> atracou recentemente no porto de Aracruz, Esp\u00edrito Santo, trazendo mais de 5 mil carros el\u00e9tricos e h\u00edbridos. Esta opera\u00e7\u00e3o faz parte de uma estrat\u00e9gia maior da empresa para consolidar sua marca no mercado brasileiro, que est\u00e1 cada vez mais receptivo as solu\u00e7\u00f5es de mobilidade sustent\u00e1vel.<\/p>\n\n\n\n<p>Com uma capacidade de transporte de at\u00e9 7 mil ve\u00edculos, o BYD Explorer N\u00ba1 trouxe unidades dos modelos <strong>Dolphin<\/strong>, <strong>Song <\/strong>e <strong>Yuan<\/strong>. Esses modelos foram cuidadosamente selecionados para atender \u00e0 crescente demanda por ve\u00edculos eletrificados no Brasil, enquanto a empresa se prepara para iniciar a produ\u00e7\u00e3o local em sua nova f\u00e1brica em Cama\u00e7ari, Bahia, prevista para come\u00e7ar em 2025.<\/p>\n\n\n\n<h2 class=\"wp-block-heading\">Qual \u00e9 o impacto da chegada dos ve\u00edculos BYD no mercado brasileiro?<\/h2>\n\n\n\n<p>A chegada dos ve\u00edculos <a href=\"https:\/\/www.byd.com\/br\" target=\"_blank\" rel=\"noreferrer noopener\">BYD <\/a>ao Brasil representa um marco significativo para o mercado automotivo local. Com a crescente preocupa\u00e7\u00e3o com a sustentabilidade e a busca por alternativas aos combust\u00edveis f\u00f3sseis, os carros el\u00e9tricos e h\u00edbridos est\u00e3o ganhando popularidade entre os consumidores brasileiros. A BYD, ao trazer uma quantidade significativa de ve\u00edculos, est\u00e1 posicionando-se estrategicamente para capturar uma fatia consider\u00e1vel deste mercado emergente.<\/p>\n\n\n\n<p>Al\u00e9m disso, a presen\u00e7a da BYD no Brasil pode incentivar outras montadoras a investirem em tecnologias mais limpas, acelerando a transi\u00e7\u00e3o para uma frota de ve\u00edculos mais sustent\u00e1vel. A produ\u00e7\u00e3o local na f\u00e1brica de Cama\u00e7ari tamb\u00e9m dever\u00e1 gerar empregos e impulsionar a economia regional, ao mesmo tempo em que reduz os custos de importa\u00e7\u00e3o e torna os ve\u00edculos mais acess\u00edveis ao consumidor final.<\/p>\n\n\n<div class=\"wp-block-image\">\n<figure class=\"aligncenter size-large\"><img loading=\"lazy\" decoding=\"async\" width=\"1024\" height=\"576\" src=\"https:\/\/www.em.com.br\/emfoco\/wp-content\/uploads\/2025\/02\/BYD-CARS_1739290526454-1024x576.jpg\" alt=\"BYD revoluciona o Brasil carros el\u00e9tricos acess\u00edveis\" class=\"wp-image-18730\" srcset=\"https:\/\/www.em.com.br\/emfoco\/wp-content\/uploads\/2025\/02\/BYD-CARS_1739290526454-1024x576.jpg 1024w, https:\/\/www.em.com.br\/emfoco\/wp-content\/uploads\/2025\/02\/BYD-CARS_1739290526454-300x169.jpg 300w, https:\/\/www.em.com.br\/emfoco\/wp-content\/uploads\/2025\/02\/BYD-CARS_1739290526454-768x432.jpg 768w, https:\/\/www.em.com.br\/emfoco\/wp-content\/uploads\/2025\/02\/BYD-CARS_1739290526454-750x422.jpg 750w, https:\/\/www.em.com.br\/emfoco\/wp-content\/uploads\/2025\/02\/BYD-CARS_1739290526454-1140x642.jpg 1140w, https:\/\/www.em.com.br\/emfoco\/wp-content\/uploads\/2025\/02\/BYD-CARS_1739290526454.jpg 1279w\" sizes=\"auto, (max-width: 1024px) 100vw, 1024px\" \/><figcaption class=\"wp-element-caption\">BYD &#8211; Cr\u00e9ditos: depositphotos.com \/ MingPhoto <\/figcaption><\/figure><\/div>\n\n\n<h2 class=\"wp-block-heading\">Como a BYD est\u00e1 se preparando para o futuro no Brasil?<\/h2>\n\n\n\n<p>A estrat\u00e9gia da BYD para o Brasil vai al\u00e9m da importa\u00e7\u00e3o de ve\u00edculos. A empresa est\u00e1 investindo na constru\u00e7\u00e3o de um complexo industrial em Cama\u00e7ari, que ser\u00e1 o maior fora da China. Este complexo ter\u00e1 uma capacidade inicial de produ\u00e7\u00e3o de 150 mil ve\u00edculos por ano, com potencial para expandir para 300 mil unidades em uma segunda fase. Essa infraestrutura permitir\u00e1 \u00e0 BYD atender \u00e0 demanda local de forma mais eficiente e sustent\u00e1vel.<\/p>\n\n\n\n<p>Enquanto a f\u00e1brica n\u00e3o entra em opera\u00e7\u00e3o, a BYD est\u00e1 utilizando sua frota de navios cargueiros para garantir que os consumidores brasileiros tenham acesso r\u00e1pido aos seus modelos. O BYD Explorer N\u00ba1 \u00e9 apenas o primeiro de oito navios planejados para trazer ve\u00edculos ao Brasil, evidenciando o compromisso da empresa com o mercado local.<\/p>\n\n\n\n<h2 class=\"wp-block-heading\">Quais s\u00e3o os desafios e oportunidades para a BYD no Brasil?<\/h2>\n\n\n\n<p>Embora a BYD esteja bem posicionada para capturar o mercado de ve\u00edculos el\u00e9tricos no Brasil, a empresa enfrenta desafios significativos. A infraestrutura de carregamento ainda \u00e9 limitada em muitas regi\u00f5es, o que pode restringir a ado\u00e7\u00e3o de ve\u00edculos el\u00e9tricos. Al\u00e9m disso, a concorr\u00eancia com outras montadoras que tamb\u00e9m est\u00e3o investindo em tecnologias sustent\u00e1veis pode ser intensa.<\/p>\n\n\n\n<p>No entanto, as oportunidades s\u00e3o igualmente promissoras. O Brasil est\u00e1 comprometido com a redu\u00e7\u00e3o de emiss\u00f5es de carbono e a promo\u00e7\u00e3o de energias renov\u00e1veis, o que cria um ambiente favor\u00e1vel para a expans\u00e3o de ve\u00edculos el\u00e9tricos. A BYD, com sua experi\u00eancia e capacidade de inova\u00e7\u00e3o, est\u00e1 bem posicionada para liderar essa transforma\u00e7\u00e3o no mercado automotivo brasileiro.<\/p>\n\n\n\n<p>Em resumo, a chegada dos ve\u00edculos BYD ao Brasil marca o in\u00edcio de uma nova era para a mobilidade sustent\u00e1vel no pa\u00eds. Com investimentos estrat\u00e9gicos e uma vis\u00e3o clara para o futuro, a empresa est\u00e1 pronta para enfrentar os desafios e aproveitar as oportunidades que o mercado brasileiro oferece.<\/p>\n","protected":false},"excerpt":{"rendered":"<p>A BYD, gigante chinesa do setor automotivo, est\u00e1 ampliando sua presen\u00e7a no Brasil com a chegada de um novo carregamento de ve\u00edculos eletrificados. O navio cargueiro BYD Explorer N\u00ba1 atracou recentemente no porto de Aracruz, Esp\u00edrito Santo, trazendo mais de 5 mil carros el\u00e9tricos e h\u00edbridos. Esta opera\u00e7\u00e3o faz parte de uma estrat\u00e9gia maior da [&hellip;]<\/p>\n","protected":false},"author":7,"featured_media":18735,"comment_status":"open","ping_status":"open","sticky":false,"template":"","format":"standard","meta":{"jnews-multi-image_gallery":[],"jnews_single_post":{"format":"standard"},"jnews_primary_category":[],"jnews_social_meta":[],"jnews_override_counter":[],"footnotes":""},"categories":[27],"tags":[158,2044,325,1160],"class_list":["post-23916","post","type-post","status-publish","format-standard","has-post-thumbnail","hentry","category-carros","tag-brasil","tag-byd","tag-sustentabilidade","tag-veiculos-eletricos"],"yoast_head":"<!-- This site is optimized with the Yoast SEO plugin v23.8 - https:\/\/yoast.com\/wordpress\/plugins\/seo\/ -->\n<title>BYD revoluciona o Brasil com carros el\u00e9tricos acess\u00edveis - Estado de Minas - Em foco<\/title>\n<meta name=\"description\" content=\"BYD expande no Brasil, trazendo carros el\u00e9tricos acess\u00edveis e tecnologia inovadora. Descubra a nova era da mobilidade sustent\u00e1vel.\" \/>\n<meta name=\"robots\" content=\"index, follow, max-snippet:-1, max-image-preview:large, max-video-preview:-1\" \/>\n<link rel=\"canonical\" href=\"https:\/\/www.em.com.br\/emfoco\/2025\/03\/01\/byd-revoluciona-o-brasil-carros-eletricos-acessiveis\/\" \/>\n<meta property=\"og:locale\" content=\"pt_BR\" \/>\n<meta property=\"og:type\" content=\"article\" \/>\n<meta property=\"og:title\" content=\"BYD revoluciona o Brasil com carros el\u00e9tricos acess\u00edveis - Estado de Minas - Em foco\" \/>\n<meta property=\"og:description\" content=\"BYD expande no Brasil, trazendo carros el\u00e9tricos acess\u00edveis e tecnologia inovadora. Descubra a nova era da mobilidade sustent\u00e1vel.\" \/>\n<meta property=\"og:url\" content=\"https:\/\/www.em.com.br\/emfoco\/2025\/03\/01\/byd-revoluciona-o-brasil-carros-eletricos-acessiveis\/\" \/>\n<meta property=\"og:site_name\" content=\"Estado de Minas - Em foco\" \/>\n<meta property=\"article:published_time\" content=\"2025-03-01T10:00:47+00:00\" \/>\n<meta property=\"article:modified_time\" content=\"2025-03-01T00:19:31+00:00\" \/>\n<meta property=\"og:image\" content=\"https:\/\/www.em.com.br\/emfoco\/wp-content\/uploads\/2025\/02\/BYD-CARS_1739290624401.jpg\" \/>\n\t<meta property=\"og:image:width\" content=\"1279\" \/>\n\t<meta property=\"og:image:height\" content=\"720\" \/>\n\t<meta property=\"og:image:type\" content=\"image\/jpeg\" \/>\n<meta name=\"author\" content=\"Kelvin\" \/>\n<meta name=\"twitter:card\" content=\"summary_large_image\" \/>\n<meta name=\"twitter:label1\" content=\"Escrito por\" \/>\n\t<meta name=\"twitter:data1\" content=\"Kelvin\" \/>\n\t<meta name=\"twitter:label2\" content=\"Est. tempo de leitura\" \/>\n\t<meta name=\"twitter:data2\" content=\"4 minutos\" \/>\n<!-- \/ Yoast SEO plugin. -->","yoast_head_json":{"title":"BYD revoluciona o Brasil com carros el\u00e9tricos acess\u00edveis - Estado de Minas - Em foco","description":"BYD expande no Brasil, trazendo carros el\u00e9tricos acess\u00edveis e tecnologia inovadora. Descubra a nova era da mobilidade sustent\u00e1vel.","robots":{"index":"index","follow":"follow","max-snippet":"max-snippet:-1","max-image-preview":"max-image-preview:large","max-video-preview":"max-video-preview:-1"},"canonical":"https:\/\/www.em.com.br\/emfoco\/2025\/03\/01\/byd-revoluciona-o-brasil-carros-eletricos-acessiveis\/","og_locale":"pt_BR","og_type":"article","og_title":"BYD revoluciona o Brasil com carros el\u00e9tricos acess\u00edveis - Estado de Minas - Em foco","og_description":"BYD expande no Brasil, trazendo carros el\u00e9tricos acess\u00edveis e tecnologia inovadora. Descubra a nova era da mobilidade sustent\u00e1vel.","og_url":"https:\/\/www.em.com.br\/emfoco\/2025\/03\/01\/byd-revoluciona-o-brasil-carros-eletricos-acessiveis\/","og_site_name":"Estado de Minas - Em foco","article_published_time":"2025-03-01T10:00:47+00:00","article_modified_time":"2025-03-01T00:19:31+00:00","og_image":[{"width":1279,"height":720,"url":"https:\/\/www.em.com.br\/emfoco\/wp-content\/uploads\/2025\/02\/BYD-CARS_1739290624401.jpg","type":"image\/jpeg"}],"author":"Kelvin","twitter_card":"summary_large_image","twitter_misc":{"Escrito por":"Kelvin","Est. tempo de leitura":"4 minutos"},"schema":{"@context":"https:\/\/schema.org","@graph":[{"@type":"WebPage","@id":"https:\/\/www.em.com.br\/emfoco\/2025\/03\/01\/byd-revoluciona-o-brasil-carros-eletricos-acessiveis\/","url":"https:\/\/www.em.com.br\/emfoco\/2025\/03\/01\/byd-revoluciona-o-brasil-carros-eletricos-acessiveis\/","name":"BYD revoluciona o Brasil com carros el\u00e9tricos acess\u00edveis - Estado de Minas - Em foco","isPartOf":{"@id":"https:\/\/www.em.com.br\/emfoco\/#website"},"primaryImageOfPage":{"@id":"https:\/\/www.em.com.br\/emfoco\/2025\/03\/01\/byd-revoluciona-o-brasil-carros-eletricos-acessiveis\/#primaryimage"},"image":{"@id":"https:\/\/www.em.com.br\/emfoco\/2025\/03\/01\/byd-revoluciona-o-brasil-carros-eletricos-acessiveis\/#primaryimage"},"thumbnailUrl":"https:\/\/www.em.com.br\/emfoco\/wp-content\/uploads\/2025\/02\/BYD-CARS_1739290624401.jpg","datePublished":"2025-03-01T10:00:47+00:00","dateModified":"2025-03-01T00:19:31+00:00","author":{"@id":"https:\/\/www.em.com.br\/emfoco\/#\/schema\/person\/fb0a7f48c6fbb94b83f413a80f61917d"},"description":"BYD expande no Brasil, trazendo carros el\u00e9tricos acess\u00edveis e tecnologia inovadora. Descubra a nova era da mobilidade sustent\u00e1vel.","breadcrumb":{"@id":"https:\/\/www.em.com.br\/emfoco\/2025\/03\/01\/byd-revoluciona-o-brasil-carros-eletricos-acessiveis\/#breadcrumb"},"inLanguage":"pt-BR","potentialAction":[{"@type":"ReadAction","target":["https:\/\/www.em.com.br\/emfoco\/2025\/03\/01\/byd-revoluciona-o-brasil-carros-eletricos-acessiveis\/"]}]},{"@type":"ImageObject","inLanguage":"pt-BR","@id":"https:\/\/www.em.com.br\/emfoco\/2025\/03\/01\/byd-revoluciona-o-brasil-carros-eletricos-acessiveis\/#primaryimage","url":"https:\/\/www.em.com.br\/emfoco\/wp-content\/uploads\/2025\/02\/BYD-CARS_1739290624401.jpg","contentUrl":"https:\/\/www.em.com.br\/emfoco\/wp-content\/uploads\/2025\/02\/BYD-CARS_1739290624401.jpg","width":1279,"height":720,"caption":"BYD - Cr\u00e9ditos: depositphotos.com \/ MingPhoto"},{"@type":"BreadcrumbList","@id":"https:\/\/www.em.com.br\/emfoco\/2025\/03\/01\/byd-revoluciona-o-brasil-carros-eletricos-acessiveis\/#breadcrumb","itemListElement":[{"@type":"ListItem","position":1,"name":"In\u00edcio","item":"https:\/\/www.em.com.br\/emfoco\/"},{"@type":"ListItem","position":2,"name":"BYD revoluciona o Brasil com carros el\u00e9tricos acess\u00edveis"}]},{"@type":"WebSite","@id":"https:\/\/www.em.com.br\/emfoco\/#website","url":"https:\/\/www.em.com.br\/emfoco\/","name":"Estado de Minas - Em foco","description":"Acompanhe as \u00faltimas not\u00edcias e fique bem informado sobre tudo o que acontece em Minas Gerais, Brasil e no mundo.","potentialAction":[{"@type":"SearchAction","target":{"@type":"EntryPoint","urlTemplate":"https:\/\/www.em.com.br\/emfoco\/?s={search_term_string}"},"query-input":{"@type":"PropertyValueSpecification","valueRequired":true,"valueName":"search_term_string"}}],"inLanguage":"pt-BR"},{"@type":"Person","@id":"https:\/\/www.em.com.br\/emfoco\/#\/schema\/person\/fb0a7f48c6fbb94b83f413a80f61917d","name":"Kelvin","image":{"@type":"ImageObject","inLanguage":"pt-BR","@id":"https:\/\/www.em.com.br\/emfoco\/#\/schema\/person\/image\/","url":"https:\/\/secure.gravatar.com\/avatar\/e74f84337e6bf6c4c5e88fbdffa05270?s=96&d=mm&r=g","contentUrl":"https:\/\/secure.gravatar.com\/avatar\/e74f84337e6bf6c4c5e88fbdffa05270?s=96&d=mm&r=g","caption":"Kelvin"},"sameAs":["https:\/\/www.em.com.br\/emfoco"],"url":"https:\/\/www.em.com.br\/emfoco\/author\/kelvinmyth\/"}]}},"_links":{"self":[{"href":"https:\/\/www.em.com.br\/emfoco\/wp-json\/wp\/v2\/posts\/23916","targetHints":{"allow":["GET"]}}],"collection":[{"href":"https:\/\/www.em.com.br\/emfoco\/wp-json\/wp\/v2\/posts"}],"about":[{"href":"https:\/\/www.em.com.br\/emfoco\/wp-json\/wp\/v2\/types\/post"}],"author":[{"embeddable":true,"href":"https:\/\/www.em.com.br\/emfoco\/wp-json\/wp\/v2\/users\/7"}],"replies":[{"embeddable":true,"href":"https:\/\/www.em.com.br\/emfoco\/wp-json\/wp\/v2\/comments?post=23916"}],"version-history":[{"count":3,"href":"https:\/\/www.em.com.br\/emfoco\/wp-json\/wp\/v2\/posts\/23916\/revisions"}],"predecessor-version":[{"id":24073,"href":"https:\/\/www.em.com.br\/emfoco\/wp-json\/wp\/v2\/posts\/23916\/revisions\/24073"}],"wp:featuredmedia":[{"embeddable":true,"href":"https:\/\/www.em.com.br\/emfoco\/wp-json\/wp\/v2\/media\/18735"}],"wp:attachment":[{"href":"https:\/\/www.em.com.br\/emfoco\/wp-json\/wp\/v2\/media?parent=23916"}],"wp:term":[{"taxonomy":"category","embeddable":true,"href":"https:\/\/www.em.com.br\/emfoco\/wp-json\/wp\/v2\/categories?post=23916"},{"taxonomy":"post_tag","embeddable":true,"href":"https:\/\/www.em.com.br\/emfoco\/wp-json\/wp\/v2\/tags?post=23916"}],"curies":[{"name":"wp","href":"https:\/\/api.w.org\/{rel}","templated":true}]}}