{"id":23861,"date":"2025-03-01T08:20:00","date_gmt":"2025-03-01T11:20:00","guid":{"rendered":"https:\/\/www.em.com.br\/emfoco\/?p=23861"},"modified":"2025-02-28T11:00:34","modified_gmt":"2025-02-28T14:00:34","slug":"marco-chegou-veja-o-que-os-astros-reservam-para-voce","status":"publish","type":"post","link":"https:\/\/www.em.com.br\/emfoco\/2025\/03\/01\/marco-chegou-veja-o-que-os-astros-reservam-para-voce\/","title":{"rendered":"Mar\u00e7o Chegou! Veja o que os astros reservam para voc\u00ea!"},"content":{"rendered":"\n<p><strong>Mar\u00e7o chegou, beb\u00ea!<\/strong> E com ele, novas oportunidades, novas <a href=\"https:\/\/www.em.com.br\/emfoco\/2025\/02\/26\/vem-de-vibes-espirituais-seu-horoscopo-diario\/\" target=\"_blank\" rel=\"noreferrer noopener\">vibes <\/a>e, claro, muito babado astrol\u00f3gico! A Lua m\u00edstica em Peixes t\u00e1 trazendo uma energia sens\u00edvel e intuitiva, enquanto o Sol em Peixes segue arrastando a gente para aquele mood sonhador. Ou seja, a realidade? S\u00f3 depois do caf\u00e9! \u2615\ud83d\udcab Vem ver o que os astros reservam para voc\u00ea hoje!<\/p>\n\n\n\n<h3 class=\"wp-block-heading\">\u2648 \u00c1ries \u2013 Fogar\u00e9u emocional \ud83d\udd25\ud83d\udca5<\/h3>\n\n\n\n<p>Amore, hoje sua paci\u00eancia pode estar mais curta que cropped de festival! A energia pisciana mexe com suas emo\u00e7\u00f5es, ent\u00e3o respira fundo antes de sair distribuindo patada. No amor, se rolar DR, foque na solu\u00e7\u00e3o e n\u00e3o no barraco, t\u00e1?<\/p>\n\n\n\n<h3 class=\"wp-block-heading\">\u2649 Touro \u2013 Paz e amor (ou quase isso) \ud83c\udf43\ud83d\udc96<\/h3>\n\n\n\n<p>O dia pede tranquilidade, mas ser\u00e1 que voc\u00ea consegue? Tente sair da teimosia e fluir um pouco mais com os acontecimentos. No amor, um crush pode surgir do nada e mexer com seu cora\u00e7\u00e3ozinho, ent\u00e3o esteja aberto \u00e0s surpresas!<\/p>\n\n\n\n<h3 class=\"wp-block-heading\">\u264a G\u00eameos \u2013 Fofoca intuitiva \ud83d\udcde\ud83d\udd2e<\/h3>\n\n\n\n<p>Hoje sua intui\u00e7\u00e3o t\u00e1 mais afiada que sua l\u00edngua! Voc\u00ea pode sentir coisas antes mesmo delas acontecerem. S\u00f3 cuidado pra n\u00e3o misturar realidade com paranoia, hein? No trabalho, boas ideias podem surgir \u2013 anota tudo!<\/p>\n\n\n\n<h3 class=\"wp-block-heading\">\u264b C\u00e2ncer \u2013 Sens\u00edvel, mas com limites \ud83e\udd80\ud83d\udc99<\/h3>\n\n\n\n<p>O clima pisciano te deixa ainda mais emotivo que o normal. Ent\u00e3o, se perceber que t\u00e1 absorvendo energia alheia, se protege, viu? No amor, o dia promete conex\u00f5es profundas, mas s\u00f3 se voc\u00ea n\u00e3o cair no drama desnecess\u00e1rio.<\/p>\n\n\n<div class=\"wp-block-image\">\n<figure class=\"aligncenter size-large\"><img loading=\"lazy\" decoding=\"async\" width=\"1024\" height=\"576\" src=\"https:\/\/www.em.com.br\/emfoco\/wp-content\/uploads\/2024\/12\/Horoscopo_Cancer-1024x576.jpg\" alt=\"Mar\u00e7o Chegou! Veja o que os astros reservam para voc\u00ea!\" class=\"wp-image-3772\" srcset=\"https:\/\/www.em.com.br\/emfoco\/wp-content\/uploads\/2024\/12\/Horoscopo_Cancer-1024x576.jpg 1024w, https:\/\/www.em.com.br\/emfoco\/wp-content\/uploads\/2024\/12\/Horoscopo_Cancer-300x169.jpg 300w, https:\/\/www.em.com.br\/emfoco\/wp-content\/uploads\/2024\/12\/Horoscopo_Cancer-768x432.jpg 768w, https:\/\/www.em.com.br\/emfoco\/wp-content\/uploads\/2024\/12\/Horoscopo_Cancer-750x422.jpg 750w, https:\/\/www.em.com.br\/emfoco\/wp-content\/uploads\/2024\/12\/Horoscopo_Cancer-1140x641.jpg 1140w, https:\/\/www.em.com.br\/emfoco\/wp-content\/uploads\/2024\/12\/Horoscopo_Cancer.jpg 1280w\" sizes=\"auto, (max-width: 1024px) 100vw, 1024px\" \/><figcaption class=\"wp-element-caption\">Hor\u00f3scopo_Cancer &#8211; Cr\u00e9ditos: depositphotos.com \/ HayDmitriy<\/figcaption><\/figure><\/div>\n\n\n<h3 class=\"wp-block-heading\">\u264c Le\u00e3o \u2013 Estrela sens\u00edvel \u2728\ud83c\udfad<\/h3>\n\n\n\n<p>Voc\u00ea ama brilhar, mas hoje pode estar mais introspectivo. E t\u00e1 tudo bem, viu? Aproveite esse momento pra se conectar consigo mesmo. No amor, clima rom\u00e2ntico no ar, perfeito pra um date mais \u00edntimo.<\/p>\n\n\n\n<h3 class=\"wp-block-heading\">\u264d Virgem \u2013 Sonhos organizados \ud83d\udccb\ud83c\udf19<\/h3>\n\n\n\n<p>O caos pisciano pode te deixar um pouco perdido, mas n\u00e3o surta! Tente se adaptar e confiar mais na sua intui\u00e7\u00e3o. No trabalho, sua criatividade pode surpreender. No amor, \u00e0s vezes soltar um pouco o controle faz bem!<\/p>\n\n\n\n<h3 class=\"wp-block-heading\">\u264e Libra \u2013 Cora\u00e7\u00e3o em modo rom\u00e2ntico \ud83d\udc95\ud83d\ude0c<\/h3>\n\n\n\n<p>Hoje o universo t\u00e1 pedindo que voc\u00ea se jogue no amor, mas sem perder o equil\u00edbrio. Pode rolar aquele clima de romance de cinema, mas lembre-se: a realidade nem sempre \u00e9 como nos filmes! Aproveite sem grandes expectativas.<\/p>\n\n\n\n<h3 class=\"wp-block-heading\">\u264f Escorpi\u00e3o \u2013 Sedu\u00e7\u00e3o misteriosa \ud83d\ude08\ud83d\udd2e<\/h3>\n\n\n\n<p>Voc\u00ea j\u00e1 tem um magnetismo natural, mas hoje isso t\u00e1 ainda mais forte. Se quiser conquistar, \u00e9 s\u00f3 olhar! Mas cuidado pra n\u00e3o testar o emocional alheio s\u00f3 por divers\u00e3o, viu? No trabalho, insights poderosos podem surgir.<\/p>\n\n\n\n<h3 class=\"wp-block-heading\">\u2650 Sagit\u00e1rio \u2013 Esp\u00edrito livre, mas com ju\u00edzo \ud83c\udf92\ud83d\udd25<\/h3>\n\n\n\n<p>A vibe sonhadora do dia pode te fazer querer largar tudo e viajar pelo mundo \u2013 mas calma, n\u00e9? Planeje antes de sair correndo! No amor, evite promessas que n\u00e3o pode cumprir. Seja sincero, sempre!<\/p>\n\n\n\n<h3 class=\"wp-block-heading\">\u2651 Capric\u00f3rnio \u2013 Descanso merecido \ud83d\udec0\ud83d\udc86\u200d\u2642\ufe0f<\/h3>\n\n\n\n<p>Voc\u00ea anda pegando pesado nas responsabilidades, e hoje o universo t\u00e1 pedindo que voc\u00ea desacelere. Tira um tempo pra voc\u00ea, cuida da mente, do corpo e da alma. No amor, dia ideal pra conversas profundas e sinceras.<\/p>\n\n\n\n<h3 class=\"wp-block-heading\">\u2652 Aqu\u00e1rio \u2013 Criatividade nas alturas \ud83d\ude80\ud83c\udfa8<\/h3>\n\n\n\n<p>Sua mente t\u00e1 borbulhando ideias! O dia \u00e9 perfeito pra projetos criativos, mas n\u00e3o se esque\u00e7a de colocar os p\u00e9s no ch\u00e3o. No amor, cuidado com promessas impulsivas \u2013 viva o momento sem criar obriga\u00e7\u00f5es.<\/p>\n\n\n\n<h3 class=\"wp-block-heading\">\u2653 Peixes \u2013 O protagonista do dia \ud83c\udfad\ud83d\udcab<\/h3>\n\n\n\n<p>A Lua no seu signo te deixa ainda mais pisciano que nunca! Sensibilidade, intui\u00e7\u00e3o e criatividade est\u00e3o a mil. Mas cuidado pra n\u00e3o fugir da realidade, t\u00e1? No amor, energia de romance e conex\u00e3o profunda no ar.<\/p>\n\n\n\n<hr class=\"wp-block-separator has-alpha-channel-opacity\"\/>\n\n\n\n<h3 class=\"wp-block-heading\">\u2728 Resumo do dia:<\/h3>\n\n\n\n<p>O dia t\u00e1 puro feeling! \ud83c\udf0a A energia pisciana traz sensibilidade e criatividade, mas tamb\u00e9m pode nos deixar meio avoados. A dica \u00e9 equilibrar sonho e realidade, se proteger das vibes ruins e curtir os momentos especiais.<\/p>\n","protected":false},"excerpt":{"rendered":"<p>Mar\u00e7o chegou, beb\u00ea! E com ele, novas oportunidades, novas vibes e, claro, muito babado astrol\u00f3gico! A Lua m\u00edstica em Peixes t\u00e1 trazendo uma energia sens\u00edvel e intuitiva, enquanto o Sol em Peixes segue arrastando a gente para aquele mood sonhador. Ou seja, a realidade? S\u00f3 depois do caf\u00e9! \u2615\ud83d\udcab Vem ver o que os astros [&hellip;]<\/p>\n","protected":false},"author":7,"featured_media":4231,"comment_status":"open","ping_status":"open","sticky":false,"template":"","format":"standard","meta":{"jnews-multi-image_gallery":[],"jnews_single_post":{"format":"standard"},"jnews_primary_category":[],"jnews_social_meta":[],"jnews_override_counter":[],"footnotes":""},"categories":[25],"tags":[297,868,171,1215,168],"class_list":["post-23861","post","type-post","status-publish","format-standard","has-post-thumbnail","hentry","category-signos","tag-astrologia","tag-energia","tag-horoscopo","tag-previsoes","tag-signos"],"yoast_head":"<!-- This site is optimized with the Yoast SEO plugin v23.8 - https:\/\/yoast.com\/wordpress\/plugins\/seo\/ -->\n<title>Mar\u00e7o Chegou! Veja o que os astros reservam para voc\u00ea! - Estado de Minas - Em foco<\/title>\n<meta name=\"description\" content=\"Mar\u00e7o come\u00e7ou com tudo! A energia pisciana traz intui\u00e7\u00e3o, sonhos e romance. Confira seu hor\u00f3scopo do dia e descubra o que os astros reservam para voc\u00ea!\" \/>\n<meta name=\"robots\" content=\"index, follow, max-snippet:-1, max-image-preview:large, max-video-preview:-1\" \/>\n<link rel=\"canonical\" href=\"https:\/\/www.em.com.br\/emfoco\/2025\/03\/01\/marco-chegou-veja-o-que-os-astros-reservam-para-voce\/\" \/>\n<meta property=\"og:locale\" content=\"pt_BR\" \/>\n<meta property=\"og:type\" content=\"article\" \/>\n<meta property=\"og:title\" content=\"Mar\u00e7o Chegou! Veja o que os astros reservam para voc\u00ea! - Estado de Minas - Em foco\" \/>\n<meta property=\"og:description\" content=\"Mar\u00e7o come\u00e7ou com tudo! A energia pisciana traz intui\u00e7\u00e3o, sonhos e romance. Confira seu hor\u00f3scopo do dia e descubra o que os astros reservam para voc\u00ea!\" \/>\n<meta property=\"og:url\" content=\"https:\/\/www.em.com.br\/emfoco\/2025\/03\/01\/marco-chegou-veja-o-que-os-astros-reservam-para-voce\/\" \/>\n<meta property=\"og:site_name\" content=\"Estado de Minas - Em foco\" \/>\n<meta property=\"article:published_time\" content=\"2025-03-01T11:20:00+00:00\" \/>\n<meta property=\"article:modified_time\" content=\"2025-02-28T14:00:34+00:00\" \/>\n<meta property=\"og:image\" content=\"https:\/\/www.em.com.br\/emfoco\/wp-content\/uploads\/2024\/12\/Zodiac_1733867372195.jpg\" \/>\n\t<meta property=\"og:image:width\" content=\"1280\" \/>\n\t<meta property=\"og:image:height\" content=\"720\" \/>\n\t<meta property=\"og:image:type\" content=\"image\/jpeg\" \/>\n<meta name=\"author\" content=\"Kelvin\" \/>\n<meta name=\"twitter:card\" content=\"summary_large_image\" \/>\n<meta name=\"twitter:label1\" content=\"Escrito por\" \/>\n\t<meta name=\"twitter:data1\" content=\"Kelvin\" \/>\n\t<meta name=\"twitter:label2\" content=\"Est. tempo de leitura\" \/>\n\t<meta name=\"twitter:data2\" content=\"4 minutos\" \/>\n<!-- \/ Yoast SEO plugin. -->","yoast_head_json":{"title":"Mar\u00e7o Chegou! Veja o que os astros reservam para voc\u00ea! - Estado de Minas - Em foco","description":"Mar\u00e7o come\u00e7ou com tudo! A energia pisciana traz intui\u00e7\u00e3o, sonhos e romance. Confira seu hor\u00f3scopo do dia e descubra o que os astros reservam para voc\u00ea!","robots":{"index":"index","follow":"follow","max-snippet":"max-snippet:-1","max-image-preview":"max-image-preview:large","max-video-preview":"max-video-preview:-1"},"canonical":"https:\/\/www.em.com.br\/emfoco\/2025\/03\/01\/marco-chegou-veja-o-que-os-astros-reservam-para-voce\/","og_locale":"pt_BR","og_type":"article","og_title":"Mar\u00e7o Chegou! Veja o que os astros reservam para voc\u00ea! - Estado de Minas - Em foco","og_description":"Mar\u00e7o come\u00e7ou com tudo! A energia pisciana traz intui\u00e7\u00e3o, sonhos e romance. Confira seu hor\u00f3scopo do dia e descubra o que os astros reservam para voc\u00ea!","og_url":"https:\/\/www.em.com.br\/emfoco\/2025\/03\/01\/marco-chegou-veja-o-que-os-astros-reservam-para-voce\/","og_site_name":"Estado de Minas - Em foco","article_published_time":"2025-03-01T11:20:00+00:00","article_modified_time":"2025-02-28T14:00:34+00:00","og_image":[{"width":1280,"height":720,"url":"https:\/\/www.em.com.br\/emfoco\/wp-content\/uploads\/2024\/12\/Zodiac_1733867372195.jpg","type":"image\/jpeg"}],"author":"Kelvin","twitter_card":"summary_large_image","twitter_misc":{"Escrito por":"Kelvin","Est. tempo de leitura":"4 minutos"},"schema":{"@context":"https:\/\/schema.org","@graph":[{"@type":"WebPage","@id":"https:\/\/www.em.com.br\/emfoco\/2025\/03\/01\/marco-chegou-veja-o-que-os-astros-reservam-para-voce\/","url":"https:\/\/www.em.com.br\/emfoco\/2025\/03\/01\/marco-chegou-veja-o-que-os-astros-reservam-para-voce\/","name":"Mar\u00e7o Chegou! Veja o que os astros reservam para voc\u00ea! - Estado de Minas - Em foco","isPartOf":{"@id":"https:\/\/www.em.com.br\/emfoco\/#website"},"primaryImageOfPage":{"@id":"https:\/\/www.em.com.br\/emfoco\/2025\/03\/01\/marco-chegou-veja-o-que-os-astros-reservam-para-voce\/#primaryimage"},"image":{"@id":"https:\/\/www.em.com.br\/emfoco\/2025\/03\/01\/marco-chegou-veja-o-que-os-astros-reservam-para-voce\/#primaryimage"},"thumbnailUrl":"https:\/\/www.em.com.br\/emfoco\/wp-content\/uploads\/2024\/12\/Zodiac_1733867372195.jpg","datePublished":"2025-03-01T11:20:00+00:00","dateModified":"2025-02-28T14:00:34+00:00","author":{"@id":"https:\/\/www.em.com.br\/emfoco\/#\/schema\/person\/fb0a7f48c6fbb94b83f413a80f61917d"},"description":"Mar\u00e7o come\u00e7ou com tudo! A energia pisciana traz intui\u00e7\u00e3o, sonhos e romance. Confira seu hor\u00f3scopo do dia e descubra o que os astros reservam para voc\u00ea!","breadcrumb":{"@id":"https:\/\/www.em.com.br\/emfoco\/2025\/03\/01\/marco-chegou-veja-o-que-os-astros-reservam-para-voce\/#breadcrumb"},"inLanguage":"pt-BR","potentialAction":[{"@type":"ReadAction","target":["https:\/\/www.em.com.br\/emfoco\/2025\/03\/01\/marco-chegou-veja-o-que-os-astros-reservam-para-voce\/"]}]},{"@type":"ImageObject","inLanguage":"pt-BR","@id":"https:\/\/www.em.com.br\/emfoco\/2025\/03\/01\/marco-chegou-veja-o-que-os-astros-reservam-para-voce\/#primaryimage","url":"https:\/\/www.em.com.br\/emfoco\/wp-content\/uploads\/2024\/12\/Zodiac_1733867372195.jpg","contentUrl":"https:\/\/www.em.com.br\/emfoco\/wp-content\/uploads\/2024\/12\/Zodiac_1733867372195.jpg","width":1280,"height":720,"caption":"Horoscopo - Cr\u00e9ditos: depositphotos.com \/ AndrewLozovyi"},{"@type":"BreadcrumbList","@id":"https:\/\/www.em.com.br\/emfoco\/2025\/03\/01\/marco-chegou-veja-o-que-os-astros-reservam-para-voce\/#breadcrumb","itemListElement":[{"@type":"ListItem","position":1,"name":"In\u00edcio","item":"https:\/\/www.em.com.br\/emfoco\/"},{"@type":"ListItem","position":2,"name":"Mar\u00e7o Chegou! Veja o que os astros reservam para voc\u00ea!"}]},{"@type":"WebSite","@id":"https:\/\/www.em.com.br\/emfoco\/#website","url":"https:\/\/www.em.com.br\/emfoco\/","name":"Estado de Minas - Em foco","description":"Acompanhe as \u00faltimas not\u00edcias e fique bem informado sobre tudo o que acontece em Minas Gerais, Brasil e no mundo.","potentialAction":[{"@type":"SearchAction","target":{"@type":"EntryPoint","urlTemplate":"https:\/\/www.em.com.br\/emfoco\/?s={search_term_string}"},"query-input":{"@type":"PropertyValueSpecification","valueRequired":true,"valueName":"search_term_string"}}],"inLanguage":"pt-BR"},{"@type":"Person","@id":"https:\/\/www.em.com.br\/emfoco\/#\/schema\/person\/fb0a7f48c6fbb94b83f413a80f61917d","name":"Kelvin","image":{"@type":"ImageObject","inLanguage":"pt-BR","@id":"https:\/\/www.em.com.br\/emfoco\/#\/schema\/person\/image\/","url":"https:\/\/secure.gravatar.com\/avatar\/e74f84337e6bf6c4c5e88fbdffa05270?s=96&d=mm&r=g","contentUrl":"https:\/\/secure.gravatar.com\/avatar\/e74f84337e6bf6c4c5e88fbdffa05270?s=96&d=mm&r=g","caption":"Kelvin"},"sameAs":["https:\/\/www.em.com.br\/emfoco"],"url":"https:\/\/www.em.com.br\/emfoco\/author\/kelvinmyth\/"}]}},"_links":{"self":[{"href":"https:\/\/www.em.com.br\/emfoco\/wp-json\/wp\/v2\/posts\/23861","targetHints":{"allow":["GET"]}}],"collection":[{"href":"https:\/\/www.em.com.br\/emfoco\/wp-json\/wp\/v2\/posts"}],"about":[{"href":"https:\/\/www.em.com.br\/emfoco\/wp-json\/wp\/v2\/types\/post"}],"author":[{"embeddable":true,"href":"https:\/\/www.em.com.br\/emfoco\/wp-json\/wp\/v2\/users\/7"}],"replies":[{"embeddable":true,"href":"https:\/\/www.em.com.br\/emfoco\/wp-json\/wp\/v2\/comments?post=23861"}],"version-history":[{"count":1,"href":"https:\/\/www.em.com.br\/emfoco\/wp-json\/wp\/v2\/posts\/23861\/revisions"}],"predecessor-version":[{"id":23871,"href":"https:\/\/www.em.com.br\/emfoco\/wp-json\/wp\/v2\/posts\/23861\/revisions\/23871"}],"wp:featuredmedia":[{"embeddable":true,"href":"https:\/\/www.em.com.br\/emfoco\/wp-json\/wp\/v2\/media\/4231"}],"wp:attachment":[{"href":"https:\/\/www.em.com.br\/emfoco\/wp-json\/wp\/v2\/media?parent=23861"}],"wp:term":[{"taxonomy":"category","embeddable":true,"href":"https:\/\/www.em.com.br\/emfoco\/wp-json\/wp\/v2\/categories?post=23861"},{"taxonomy":"post_tag","embeddable":true,"href":"https:\/\/www.em.com.br\/emfoco\/wp-json\/wp\/v2\/tags?post=23861"}],"curies":[{"name":"wp","href":"https:\/\/api.w.org\/{rel}","templated":true}]}}