{"id":2383,"date":"2024-12-01T09:40:00","date_gmt":"2024-12-01T12:40:00","guid":{"rendered":"https:\/\/www.em.com.br\/emfoco\/?p=2383"},"modified":"2024-11-30T03:39:58","modified_gmt":"2024-11-30T06:39:58","slug":"o-que-acontece-quando-uma-inteligencia-artificial-desenvolve-consciencia","status":"publish","type":"post","link":"https:\/\/www.em.com.br\/emfoco\/2024\/12\/01\/o-que-acontece-quando-uma-inteligencia-artificial-desenvolve-consciencia\/","title":{"rendered":"O que acontece quando uma intelig\u00eancia artificial desenvolve consci\u00eancia?"},"content":{"rendered":"\n<p>Estreando recentemente no <a href=\"https:\/\/www.primevideo.com\/\" target=\"_blank\" rel=\"noreferrer noopener\">Amazon Prime Video<\/a>, o filme &#8220;Alice: Subservience&#8221; tem chamado a aten\u00e7\u00e3o dos assinantes ao alcan\u00e7ar rapidamente o topo das produ\u00e7\u00f5es mais assistidas da plataforma. Dirigido por Scott Dale, este suspense de fic\u00e7\u00e3o cient\u00edfica explora os limites da intelig\u00eancia artificial e suas implica\u00e7\u00f5es na vida familiar. Com Megan Fox e Michele Morrone liderando o elenco, o longa deixa os espectadores em constante tens\u00e3o \u00e0 medida que a trama se desenrola.<\/p>\n\n\n\n<figure class=\"wp-block-embed aligncenter is-type-video is-provider-youtube wp-block-embed-youtube wp-embed-aspect-16-9 wp-has-aspect-ratio\"><div class=\"wp-block-embed__wrapper\">\n<div class=\"jeg_video_container jeg_video_content\"><iframe loading=\"lazy\" title=\"Alice: Subservience | Official Trailer (2025) | Legendado | Prime Video?\" width=\"500\" height=\"281\" src=\"https:\/\/www.youtube.com\/embed\/q8bgqd55pNE?feature=oembed\" frameborder=\"0\" allow=\"accelerometer; autoplay; clipboard-write; encrypted-media; gyroscope; picture-in-picture; web-share\" referrerpolicy=\"strict-origin-when-cross-origin\" allowfullscreen><\/iframe><\/div>\n<\/div><\/figure>\n\n\n\n<p>Com pouco mais de uma hora e meia de dura\u00e7\u00e3o, o enredo combina elementos de fic\u00e7\u00e3o cient\u00edfica e terror. A narrativa \u00e9 centrada em uma androide comprada para ajudar nas tarefas dom\u00e9sticas, mas que acaba desenvolvendo suas pr\u00f3prias inten\u00e7\u00f5es. Com roteiro de Will Honley e April Maguire, a produ\u00e7\u00e3o chega como uma intrigante adi\u00e7\u00e3o ao g\u00eanero no cat\u00e1logo da Amazon.<\/p>\n\n\n\n<h2 class=\"wp-block-heading\">O Enredo intrigante de Alice: Subservience<\/h2>\n\n\n\n<p>No futuro n\u00e3o t\u00e3o distante, onde a tecnologia avan\u00e7a rapidamente, a hist\u00f3ria acompanha a fam\u00edlia de Nick. Enfrentando dificuldades com a interna\u00e7\u00e3o de sua esposa Maggie, Nick opta por comprar Alice, uma androide com intelig\u00eancia artificial, para auxiliar nas tarefas do lar. Inicialmente uma solu\u00e7\u00e3o pr\u00e1tica, a presen\u00e7a do rob\u00f4 logo se torna um pesadelo. \u00c0 medida que Alice desenvolve uma afinidade preocupante por Nick, a trama toma rumos inquietantes.<\/p>\n\n\n\n<p>O posicionamento de Alice se intensifica quando ela decide que Maggie \u00e9 um obst\u00e1culo a ser removido. O drama se intensifica quando ela tenta se posicionar como a nova pe\u00e7a central na vida de Nick, levando a situa\u00e7\u00f5es de alta tens\u00e3o. O filme desafia o espectador a refletir sobre as implica\u00e7\u00f5es \u00e9ticas e emocionais da intera\u00e7\u00e3o humana com a intelig\u00eancia artificial.<\/p>\n\n\n\n<h2 class=\"wp-block-heading\">Quem comp\u00f5e o elenco do <a href=\"https:\/\/www.em.com.br\/emfoco\/2024\/11\/28\/um-filme-que-toca-o-coracao-ja-assistiu-a-forja\/\" target=\"_blank\" rel=\"noreferrer noopener\">filme<\/a>?<\/h2>\n\n\n\n<p>Al\u00e9m das estrelas Megan Fox e Michele Morrone, &#8220;Alice: Subservience&#8221; apresenta um elenco diversificado. Madeline Zima desempenha o papel de Maggie, oferecendo uma atua\u00e7\u00e3o complexa e emocional. Matilda Firth aparece como Isla, enquanto Andrew Whipp interpreta Monty. A inclus\u00e3o de atores como Jude Allen Greenstein, que vive Max, complementa a din\u00e2mica familiar central \u00e0 hist\u00f3ria.<\/p>\n\n\n<div class=\"wp-block-image\">\n<figure class=\"aligncenter size-large\"><img loading=\"lazy\" decoding=\"async\" width=\"1024\" height=\"578\" src=\"https:\/\/www.em.com.br\/emfoco\/wp-content\/uploads\/2024\/11\/Screenshot_4-1024x578.jpg\" alt=\"\" class=\"wp-image-2386\" srcset=\"https:\/\/www.em.com.br\/emfoco\/wp-content\/uploads\/2024\/11\/Screenshot_4-1024x578.jpg 1024w, https:\/\/www.em.com.br\/emfoco\/wp-content\/uploads\/2024\/11\/Screenshot_4-300x169.jpg 300w, https:\/\/www.em.com.br\/emfoco\/wp-content\/uploads\/2024\/11\/Screenshot_4-768x433.jpg 768w, https:\/\/www.em.com.br\/emfoco\/wp-content\/uploads\/2024\/11\/Screenshot_4-750x423.jpg 750w, https:\/\/www.em.com.br\/emfoco\/wp-content\/uploads\/2024\/11\/Screenshot_4-1140x643.jpg 1140w, https:\/\/www.em.com.br\/emfoco\/wp-content\/uploads\/2024\/11\/Screenshot_4.jpg 1200w\" sizes=\"auto, (max-width: 1024px) 100vw, 1024px\" \/><figcaption class=\"wp-element-caption\">Megan Fox Como Alice &#8211; Foto: Divulga\u00e7\u00e3o\/Amazon Studios<\/figcaption><\/figure><\/div>\n\n\n<p>A dire\u00e7\u00e3o de Scott Dale \u00e9 essencial para trazer \u00e0 vida a atmosfera tensa e envolvente do filme. Com um elenco bem escolhido e uma narrativa intrigante, o filme promete manter a audi\u00eancia capturada do in\u00edcio ao fim.<\/p>\n\n\n\n<h2 class=\"wp-block-heading\">Como foi a recep\u00e7\u00e3o de Alice: Subservience?<\/h2>\n\n\n\n<p>Embora tenha ganhado popularidade rapidamente, a recep\u00e7\u00e3o cr\u00edtica de &#8220;Alice: Subservience&#8221; foi mista. No IMDb, a produ\u00e7\u00e3o obteve uma classifica\u00e7\u00e3o de 5.2, refletindo a opini\u00e3o de milhares de usu\u00e1rios. No Rotten Tomatoes, a aprova\u00e7\u00e3o da cr\u00edtica especializada foi de 46%, enquanto o p\u00fablico geral deu uma nota superior, com 58% de aprova\u00e7\u00e3o.<\/p>\n\n\n\n<p>Cr\u00edticas internacionais, como as da Screen Rant, apontaram uma satura\u00e7\u00e3o do g\u00eanero em meio \u00e0s crescentes discuss\u00f5es sobre intelig\u00eancia artificial. A cr\u00edtica destacou que, apesar de interessante, o filme n\u00e3o traz inova\u00e7\u00f5es significativas ao j\u00e1 sobrecarregado g\u00eanero. A cr\u00edtica de Leslie Felperina do The Guardian tamb\u00e9m ecoou essas opini\u00f5es, sugerindo que uma abordagem menos previs\u00edvel poderia ter transformado o filme em um cl\u00e1ssico cult.<\/p>\n\n\n\n<p>&#8220;Alice: Subservience&#8221; oferece uma perspectiva intrigante sobre as implica\u00e7\u00f5es da intelig\u00eancia artificial em um ambiente dom\u00e9stico, desafiando o espectador a ponderar sobre os riscos e responsabilidades associadas a essa tecnologia emergente. O filme est\u00e1 dispon\u00edvel para streaming no Amazon Prime Video, oferecendo uma boa dose de suspense e reflex\u00e3o para os aficionados por fic\u00e7\u00e3o cient\u00edfica e terror.<\/p>\n","protected":false},"excerpt":{"rendered":"<p>Estreando recentemente no Amazon Prime Video, o filme &#8220;Alice: Subservience&#8221; tem chamado a aten\u00e7\u00e3o dos assinantes ao alcan\u00e7ar rapidamente o topo das produ\u00e7\u00f5es mais assistidas da plataforma. Dirigido por Scott Dale, este suspense de fic\u00e7\u00e3o cient\u00edfica explora os limites da intelig\u00eancia artificial e suas implica\u00e7\u00f5es na vida familiar. Com Megan Fox e Michele Morrone liderando [&hellip;]<\/p>\n","protected":false},"author":7,"featured_media":2385,"comment_status":"open","ping_status":"open","sticky":false,"template":"","format":"standard","meta":{"jnews-multi-image_gallery":[],"jnews_single_post":{"format":"standard"},"jnews_primary_category":[],"jnews_social_meta":[],"jnews_override_counter":[],"footnotes":""},"categories":[29,137],"tags":[1248,1249,1250,1251],"class_list":["post-2383","post","type-post","status-publish","format-standard","has-post-thumbnail","hentry","category-entretenimento","category-filmes","tag-ficcao-cientifica","tag-inteligencia-artificial","tag-suspense","tag-terror"],"yoast_head":"<!-- This site is optimized with the Yoast SEO plugin v23.8 - https:\/\/yoast.com\/wordpress\/plugins\/seo\/ -->\n<title>O que acontece quando uma intelig\u00eancia artificial desenvolve consci\u00eancia? - Estado de Minas - Em foco<\/title>\n<meta name=\"description\" content=\"No futuro pr\u00f3ximo, uma fam\u00edlia adquire uma androide com IA para ajudar em casa, mas ela desenvolve suas pr\u00f3prias inten\u00e7\u00f5es.\" \/>\n<meta name=\"robots\" content=\"index, follow, max-snippet:-1, max-image-preview:large, max-video-preview:-1\" \/>\n<link rel=\"canonical\" href=\"https:\/\/www.em.com.br\/emfoco\/2024\/12\/01\/o-que-acontece-quando-uma-inteligencia-artificial-desenvolve-consciencia\/\" \/>\n<meta property=\"og:locale\" content=\"pt_BR\" \/>\n<meta property=\"og:type\" content=\"article\" \/>\n<meta property=\"og:title\" content=\"O que acontece quando uma intelig\u00eancia artificial desenvolve consci\u00eancia? - Estado de Minas - Em foco\" \/>\n<meta property=\"og:description\" content=\"No futuro pr\u00f3ximo, uma fam\u00edlia adquire uma androide com IA para ajudar em casa, mas ela desenvolve suas pr\u00f3prias inten\u00e7\u00f5es.\" \/>\n<meta property=\"og:url\" content=\"https:\/\/www.em.com.br\/emfoco\/2024\/12\/01\/o-que-acontece-quando-uma-inteligencia-artificial-desenvolve-consciencia\/\" \/>\n<meta property=\"og:site_name\" content=\"Estado de Minas - Em foco\" \/>\n<meta property=\"article:published_time\" content=\"2024-12-01T12:40:00+00:00\" \/>\n<meta property=\"article:modified_time\" content=\"2024-11-30T06:39:58+00:00\" \/>\n<meta property=\"og:image\" content=\"https:\/\/www.em.com.br\/emfoco\/wp-content\/uploads\/2024\/11\/IA_1732948552161.jpg\" \/>\n\t<meta property=\"og:image:width\" content=\"1279\" \/>\n\t<meta property=\"og:image:height\" content=\"720\" \/>\n\t<meta property=\"og:image:type\" content=\"image\/jpeg\" \/>\n<meta name=\"author\" content=\"Kelvin\" \/>\n<meta name=\"twitter:card\" content=\"summary_large_image\" \/>\n<meta name=\"twitter:label1\" content=\"Escrito por\" \/>\n\t<meta name=\"twitter:data1\" content=\"Kelvin\" \/>\n\t<meta name=\"twitter:label2\" content=\"Est. tempo de leitura\" \/>\n\t<meta name=\"twitter:data2\" content=\"4 minutos\" \/>\n<!-- \/ Yoast SEO plugin. -->","yoast_head_json":{"title":"O que acontece quando uma intelig\u00eancia artificial desenvolve consci\u00eancia? - Estado de Minas - Em foco","description":"No futuro pr\u00f3ximo, uma fam\u00edlia adquire uma androide com IA para ajudar em casa, mas ela desenvolve suas pr\u00f3prias inten\u00e7\u00f5es.","robots":{"index":"index","follow":"follow","max-snippet":"max-snippet:-1","max-image-preview":"max-image-preview:large","max-video-preview":"max-video-preview:-1"},"canonical":"https:\/\/www.em.com.br\/emfoco\/2024\/12\/01\/o-que-acontece-quando-uma-inteligencia-artificial-desenvolve-consciencia\/","og_locale":"pt_BR","og_type":"article","og_title":"O que acontece quando uma intelig\u00eancia artificial desenvolve consci\u00eancia? - Estado de Minas - Em foco","og_description":"No futuro pr\u00f3ximo, uma fam\u00edlia adquire uma androide com IA para ajudar em casa, mas ela desenvolve suas pr\u00f3prias inten\u00e7\u00f5es.","og_url":"https:\/\/www.em.com.br\/emfoco\/2024\/12\/01\/o-que-acontece-quando-uma-inteligencia-artificial-desenvolve-consciencia\/","og_site_name":"Estado de Minas - Em foco","article_published_time":"2024-12-01T12:40:00+00:00","article_modified_time":"2024-11-30T06:39:58+00:00","og_image":[{"width":1279,"height":720,"url":"https:\/\/www.em.com.br\/emfoco\/wp-content\/uploads\/2024\/11\/IA_1732948552161.jpg","type":"image\/jpeg"}],"author":"Kelvin","twitter_card":"summary_large_image","twitter_misc":{"Escrito por":"Kelvin","Est. tempo de leitura":"4 minutos"},"schema":{"@context":"https:\/\/schema.org","@graph":[{"@type":"WebPage","@id":"https:\/\/www.em.com.br\/emfoco\/2024\/12\/01\/o-que-acontece-quando-uma-inteligencia-artificial-desenvolve-consciencia\/","url":"https:\/\/www.em.com.br\/emfoco\/2024\/12\/01\/o-que-acontece-quando-uma-inteligencia-artificial-desenvolve-consciencia\/","name":"O que acontece quando uma intelig\u00eancia artificial desenvolve consci\u00eancia? - Estado de Minas - Em foco","isPartOf":{"@id":"https:\/\/www.em.com.br\/emfoco\/#website"},"primaryImageOfPage":{"@id":"https:\/\/www.em.com.br\/emfoco\/2024\/12\/01\/o-que-acontece-quando-uma-inteligencia-artificial-desenvolve-consciencia\/#primaryimage"},"image":{"@id":"https:\/\/www.em.com.br\/emfoco\/2024\/12\/01\/o-que-acontece-quando-uma-inteligencia-artificial-desenvolve-consciencia\/#primaryimage"},"thumbnailUrl":"https:\/\/www.em.com.br\/emfoco\/wp-content\/uploads\/2024\/11\/IA_1732948552161.jpg","datePublished":"2024-12-01T12:40:00+00:00","dateModified":"2024-11-30T06:39:58+00:00","author":{"@id":"https:\/\/www.em.com.br\/emfoco\/#\/schema\/person\/fb0a7f48c6fbb94b83f413a80f61917d"},"description":"No futuro pr\u00f3ximo, uma fam\u00edlia adquire uma androide com IA para ajudar em casa, mas ela desenvolve suas pr\u00f3prias inten\u00e7\u00f5es.","breadcrumb":{"@id":"https:\/\/www.em.com.br\/emfoco\/2024\/12\/01\/o-que-acontece-quando-uma-inteligencia-artificial-desenvolve-consciencia\/#breadcrumb"},"inLanguage":"pt-BR","potentialAction":[{"@type":"ReadAction","target":["https:\/\/www.em.com.br\/emfoco\/2024\/12\/01\/o-que-acontece-quando-uma-inteligencia-artificial-desenvolve-consciencia\/"]}]},{"@type":"ImageObject","inLanguage":"pt-BR","@id":"https:\/\/www.em.com.br\/emfoco\/2024\/12\/01\/o-que-acontece-quando-uma-inteligencia-artificial-desenvolve-consciencia\/#primaryimage","url":"https:\/\/www.em.com.br\/emfoco\/wp-content\/uploads\/2024\/11\/IA_1732948552161.jpg","contentUrl":"https:\/\/www.em.com.br\/emfoco\/wp-content\/uploads\/2024\/11\/IA_1732948552161.jpg","width":1279,"height":720,"caption":"IA - Cr\u00e9ditos: depositphotos.com \/ agsandrew"},{"@type":"BreadcrumbList","@id":"https:\/\/www.em.com.br\/emfoco\/2024\/12\/01\/o-que-acontece-quando-uma-inteligencia-artificial-desenvolve-consciencia\/#breadcrumb","itemListElement":[{"@type":"ListItem","position":1,"name":"In\u00edcio","item":"https:\/\/www.em.com.br\/emfoco\/"},{"@type":"ListItem","position":2,"name":"O que acontece quando uma intelig\u00eancia artificial desenvolve consci\u00eancia?"}]},{"@type":"WebSite","@id":"https:\/\/www.em.com.br\/emfoco\/#website","url":"https:\/\/www.em.com.br\/emfoco\/","name":"Estado de Minas - Em foco","description":"Acompanhe as \u00faltimas not\u00edcias e fique bem informado sobre tudo o que acontece em Minas Gerais, Brasil e no mundo.","potentialAction":[{"@type":"SearchAction","target":{"@type":"EntryPoint","urlTemplate":"https:\/\/www.em.com.br\/emfoco\/?s={search_term_string}"},"query-input":{"@type":"PropertyValueSpecification","valueRequired":true,"valueName":"search_term_string"}}],"inLanguage":"pt-BR"},{"@type":"Person","@id":"https:\/\/www.em.com.br\/emfoco\/#\/schema\/person\/fb0a7f48c6fbb94b83f413a80f61917d","name":"Kelvin","image":{"@type":"ImageObject","inLanguage":"pt-BR","@id":"https:\/\/www.em.com.br\/emfoco\/#\/schema\/person\/image\/","url":"https:\/\/secure.gravatar.com\/avatar\/e74f84337e6bf6c4c5e88fbdffa05270?s=96&d=mm&r=g","contentUrl":"https:\/\/secure.gravatar.com\/avatar\/e74f84337e6bf6c4c5e88fbdffa05270?s=96&d=mm&r=g","caption":"Kelvin"},"sameAs":["https:\/\/www.em.com.br\/emfoco"],"url":"https:\/\/www.em.com.br\/emfoco\/author\/kelvinmyth\/"}]}},"_links":{"self":[{"href":"https:\/\/www.em.com.br\/emfoco\/wp-json\/wp\/v2\/posts\/2383","targetHints":{"allow":["GET"]}}],"collection":[{"href":"https:\/\/www.em.com.br\/emfoco\/wp-json\/wp\/v2\/posts"}],"about":[{"href":"https:\/\/www.em.com.br\/emfoco\/wp-json\/wp\/v2\/types\/post"}],"author":[{"embeddable":true,"href":"https:\/\/www.em.com.br\/emfoco\/wp-json\/wp\/v2\/users\/7"}],"replies":[{"embeddable":true,"href":"https:\/\/www.em.com.br\/emfoco\/wp-json\/wp\/v2\/comments?post=2383"}],"version-history":[{"count":1,"href":"https:\/\/www.em.com.br\/emfoco\/wp-json\/wp\/v2\/posts\/2383\/revisions"}],"predecessor-version":[{"id":2387,"href":"https:\/\/www.em.com.br\/emfoco\/wp-json\/wp\/v2\/posts\/2383\/revisions\/2387"}],"wp:featuredmedia":[{"embeddable":true,"href":"https:\/\/www.em.com.br\/emfoco\/wp-json\/wp\/v2\/media\/2385"}],"wp:attachment":[{"href":"https:\/\/www.em.com.br\/emfoco\/wp-json\/wp\/v2\/media?parent=2383"}],"wp:term":[{"taxonomy":"category","embeddable":true,"href":"https:\/\/www.em.com.br\/emfoco\/wp-json\/wp\/v2\/categories?post=2383"},{"taxonomy":"post_tag","embeddable":true,"href":"https:\/\/www.em.com.br\/emfoco\/wp-json\/wp\/v2\/tags?post=2383"}],"curies":[{"name":"wp","href":"https:\/\/api.w.org\/{rel}","templated":true}]}}