{"id":23728,"date":"2025-03-10T16:20:00","date_gmt":"2025-03-10T19:20:00","guid":{"rendered":"https:\/\/www.em.com.br\/emfoco\/?p=23728"},"modified":"2025-03-07T18:16:40","modified_gmt":"2025-03-07T21:16:40","slug":"compras-feitas-ate-o-dia-28-de-fevereiro-estao-concorrendo-ao-sorteio-de-marco","status":"publish","type":"post","link":"https:\/\/www.em.com.br\/emfoco\/2025\/03\/10\/compras-feitas-ate-o-dia-28-de-fevereiro-estao-concorrendo-ao-sorteio-de-marco\/","title":{"rendered":"Compras feitas at\u00e9 o dia 28 de fevereiro est\u00e3o concorrendo ao sorteio de mar\u00e7o!"},"content":{"rendered":"\n<p>A <strong><a href=\"https:\/\/www.npb.sefaz.ba.gov.br\/\" target=\"_blank\" rel=\"noreferrer noopener\">Nota Premiada Bahia<\/a><\/strong> \u00e9 uma campanha de cidadania fiscal promovida pelo <strong>Governo do Estado da Bahia<\/strong>, atrav\u00e9s da <strong>Secretaria da Fazenda do Estado (Sefaz-Ba)<\/strong>. O objetivo principal \u00e9 incentivar os consumidores a exigirem a nota fiscal em suas compras, contribuindo para o aumento da arrecada\u00e7\u00e3o fiscal e, ao mesmo tempo, oferecendo a chance de ganhar pr\u00eamios em dinheiro. A campanha distribui mensalmente 90 pr\u00eamios de R$ 10 mil e um pr\u00eamio de R$ 100 mil, al\u00e9m de um sorteio especial anual de R$ 1 milh\u00e3o.<\/p>\n\n\n\n<h2 class=\"wp-block-heading\">Como participar da Nota Premiada Bahia?<\/h2>\n\n\n\n<p>Para participar da Nota Premiada <strong><a href=\"https:\/\/www.em.com.br\/emfoco\/2025\/01\/16\/bahia-e-paraiba-lideram-ranking-de-destinos-mais-desejados\/\" target=\"_blank\" rel=\"noreferrer noopener\">Bahia<\/a><\/strong>, \u00e9 necess\u00e1rio realizar um cadastro no site oficial da campanha. O processo \u00e9 simples e requer que o participante insira seus dados pessoais e escolha at\u00e9 duas institui\u00e7\u00f5es filantr\u00f3picas cadastradas no programa &#8220;<strong>Sua Nota \u00e9 um Show de Solidariedade<\/strong>&#8220;. Ap\u00f3s o cadastro, basta incluir o CPF na nota fiscal ao realizar compras em estabelecimentos comerciais na Bahia. Cada compra gera bilhetes eletr\u00f4nicos que concorrem nos sorteios mensais e no sorteio especial anual.<\/p>\n\n\n\n<figure class=\"wp-block-image size-large\"><img loading=\"lazy\" decoding=\"async\" width=\"1024\" height=\"576\" src=\"https:\/\/www.em.com.br\/emfoco\/wp-content\/uploads\/2024\/12\/cpf_1735397994007-1024x576.jpg\" alt=\"Saiba como participar do CPF na Nota e concorrer a pr\u00eamios incr\u00edveis!\" class=\"wp-image-7270\" srcset=\"https:\/\/www.em.com.br\/emfoco\/wp-content\/uploads\/2024\/12\/cpf_1735397994007-1024x576.jpg 1024w, https:\/\/www.em.com.br\/emfoco\/wp-content\/uploads\/2024\/12\/cpf_1735397994007-300x169.jpg 300w, https:\/\/www.em.com.br\/emfoco\/wp-content\/uploads\/2024\/12\/cpf_1735397994007-768x432.jpg 768w, https:\/\/www.em.com.br\/emfoco\/wp-content\/uploads\/2024\/12\/cpf_1735397994007-750x422.jpg 750w, https:\/\/www.em.com.br\/emfoco\/wp-content\/uploads\/2024\/12\/cpf_1735397994007-1140x641.jpg 1140w, https:\/\/www.em.com.br\/emfoco\/wp-content\/uploads\/2024\/12\/cpf_1735397994007.jpg 1280w\" sizes=\"auto, (max-width: 1024px) 100vw, 1024px\" \/><figcaption class=\"wp-element-caption\">Imagem Ilustrativa de CPF &#8211; Cr\u00e9ditos: depositphotos.com \/ Mehaniq<\/figcaption><\/figure>\n\n\n\n<h2 class=\"wp-block-heading\">Quais s\u00e3o os benef\u00edcios de participar da campanha?<\/h2>\n\n\n\n<p>Al\u00e9m da possibilidade de ganhar pr\u00eamios em dinheiro, a participa\u00e7\u00e3o na Nota Premiada Bahia traz benef\u00edcios para a sociedade como um todo. Ao exigir a nota fiscal, o consumidor ajuda a combater a sonega\u00e7\u00e3o fiscal, contribuindo para o aumento da arrecada\u00e7\u00e3o de impostos que s\u00e3o revertidos em servi\u00e7os p\u00fablicos. Al\u00e9m disso, ao escolher institui\u00e7\u00f5es filantr\u00f3picas para apoiar, o participante tamb\u00e9m contribui para o fortalecimento de a\u00e7\u00f5es sociais no estado.<\/p>\n\n\n\n<h2 class=\"wp-block-heading\">Como funcionam os sorteios da Nota Premiada Bahia?<\/h2>\n\n\n\n<p>Os sorteios da Nota Premiada Bahia s\u00e3o realizados mensalmente, com base nos bilhetes gerados a partir das compras realizadas no m\u00eas anterior. Cada compra associada ao CPF cadastrado gera bilhetes eletr\u00f4nicos, que podem ser consultados no site da campanha. Os sorteios s\u00e3o realizados de forma eletr\u00f4nica e transparente, garantindo a igualdade de condi\u00e7\u00f5es para todos os participantes. Al\u00e9m dos sorteios mensais, h\u00e1 um sorteio especial anual que premia um \u00fanico ganhador com R$ 1 milh\u00e3o.<\/p>\n\n\n\n<h2 class=\"wp-block-heading\">Como a campanha impacta as institui\u00e7\u00f5es filantr\u00f3picas?<\/h2>\n\n\n\n<p>A Nota Premiada Bahia tamb\u00e9m tem um forte impacto social atrav\u00e9s do programa &#8220;Sua Nota \u00e9 um Show de Solidariedade&#8221;. Ao se cadastrar na campanha, o participante pode escolher at\u00e9 duas institui\u00e7\u00f5es filantr\u00f3picas para apoiar. Essas institui\u00e7\u00f5es recebem recursos financeiros com base na quantidade de notas fiscais associadas ao CPF dos participantes que as escolheram. Isso significa que, al\u00e9m de concorrer a pr\u00eamios, os participantes ajudam a fortalecer o trabalho de organiza\u00e7\u00f5es que atuam em diversas \u00e1reas sociais, como sa\u00fade, educa\u00e7\u00e3o e assist\u00eancia social.<\/p>\n","protected":false},"excerpt":{"rendered":"<p>A Nota Premiada Bahia \u00e9 uma campanha de cidadania fiscal promovida pelo Governo do Estado da Bahia, atrav\u00e9s da Secretaria da Fazenda do Estado (Sefaz-Ba). O objetivo principal \u00e9 incentivar os consumidores a exigirem a nota fiscal em suas compras, contribuindo para o aumento da arrecada\u00e7\u00e3o fiscal e, ao mesmo tempo, oferecendo a chance de [&hellip;]<\/p>\n","protected":false},"author":5,"featured_media":7330,"comment_status":"open","ping_status":"open","sticky":false,"template":"","format":"standard","meta":{"jnews-multi-image_gallery":[],"jnews_single_post":{"format":"standard"},"jnews_primary_category":[],"jnews_social_meta":[],"jnews_override_counter":[],"footnotes":""},"categories":[28,1],"tags":[1447,5003,5006,401],"class_list":["post-23728","post","type-post","status-publish","format-standard","has-post-thumbnail","hentry","category-economia","category-noticias","tag-bahia","tag-cidadania-fiscal","tag-premios-em-dinheiro","tag-sorteios"],"yoast_head":"<!-- This site is optimized with the Yoast SEO plugin v23.8 - https:\/\/yoast.com\/wordpress\/plugins\/seo\/ -->\n<title>Compras feitas at\u00e9 o dia 28 de fevereiro est\u00e3o concorrendo ao sorteio de mar\u00e7o! - Estado de Minas - Em foco<\/title>\n<meta name=\"description\" content=\"Conhe\u00e7a a nota premiada Bahia, uma campanha que premia consumidores e ajuda institui\u00e7\u00f5es filantr\u00f3picas. Veja como participar!\" \/>\n<meta name=\"robots\" content=\"index, follow, max-snippet:-1, max-image-preview:large, max-video-preview:-1\" \/>\n<link rel=\"canonical\" href=\"https:\/\/www.em.com.br\/emfoco\/2025\/03\/10\/compras-feitas-ate-o-dia-28-de-fevereiro-estao-concorrendo-ao-sorteio-de-marco\/\" \/>\n<meta property=\"og:locale\" content=\"pt_BR\" \/>\n<meta property=\"og:type\" content=\"article\" \/>\n<meta property=\"og:title\" content=\"Compras feitas at\u00e9 o dia 28 de fevereiro est\u00e3o concorrendo ao sorteio de mar\u00e7o! - Estado de Minas - Em foco\" \/>\n<meta property=\"og:description\" content=\"Conhe\u00e7a a nota premiada Bahia, uma campanha que premia consumidores e ajuda institui\u00e7\u00f5es filantr\u00f3picas. Veja como participar!\" \/>\n<meta property=\"og:url\" content=\"https:\/\/www.em.com.br\/emfoco\/2025\/03\/10\/compras-feitas-ate-o-dia-28-de-fevereiro-estao-concorrendo-ao-sorteio-de-marco\/\" \/>\n<meta property=\"og:site_name\" content=\"Estado de Minas - Em foco\" \/>\n<meta property=\"article:published_time\" content=\"2025-03-10T19:20:00+00:00\" \/>\n<meta property=\"article:modified_time\" content=\"2025-03-07T21:16:40+00:00\" \/>\n<meta property=\"og:image\" content=\"https:\/\/www.em.com.br\/emfoco\/wp-content\/uploads\/2024\/12\/mercado_1735411644997.jpg\" \/>\n\t<meta property=\"og:image:width\" content=\"1280\" \/>\n\t<meta property=\"og:image:height\" content=\"720\" \/>\n\t<meta property=\"og:image:type\" content=\"image\/jpeg\" \/>\n<meta name=\"author\" content=\"N\u00fabia Rangel\" \/>\n<meta name=\"twitter:card\" content=\"summary_large_image\" \/>\n<meta name=\"twitter:label1\" content=\"Escrito por\" \/>\n\t<meta name=\"twitter:data1\" content=\"N\u00fabia Rangel\" \/>\n\t<meta name=\"twitter:label2\" content=\"Est. tempo de leitura\" \/>\n\t<meta name=\"twitter:data2\" content=\"3 minutos\" \/>\n<!-- \/ Yoast SEO plugin. -->","yoast_head_json":{"title":"Compras feitas at\u00e9 o dia 28 de fevereiro est\u00e3o concorrendo ao sorteio de mar\u00e7o! - Estado de Minas - Em foco","description":"Conhe\u00e7a a nota premiada Bahia, uma campanha que premia consumidores e ajuda institui\u00e7\u00f5es filantr\u00f3picas. Veja como participar!","robots":{"index":"index","follow":"follow","max-snippet":"max-snippet:-1","max-image-preview":"max-image-preview:large","max-video-preview":"max-video-preview:-1"},"canonical":"https:\/\/www.em.com.br\/emfoco\/2025\/03\/10\/compras-feitas-ate-o-dia-28-de-fevereiro-estao-concorrendo-ao-sorteio-de-marco\/","og_locale":"pt_BR","og_type":"article","og_title":"Compras feitas at\u00e9 o dia 28 de fevereiro est\u00e3o concorrendo ao sorteio de mar\u00e7o! - Estado de Minas - Em foco","og_description":"Conhe\u00e7a a nota premiada Bahia, uma campanha que premia consumidores e ajuda institui\u00e7\u00f5es filantr\u00f3picas. Veja como participar!","og_url":"https:\/\/www.em.com.br\/emfoco\/2025\/03\/10\/compras-feitas-ate-o-dia-28-de-fevereiro-estao-concorrendo-ao-sorteio-de-marco\/","og_site_name":"Estado de Minas - Em foco","article_published_time":"2025-03-10T19:20:00+00:00","article_modified_time":"2025-03-07T21:16:40+00:00","og_image":[{"width":1280,"height":720,"url":"https:\/\/www.em.com.br\/emfoco\/wp-content\/uploads\/2024\/12\/mercado_1735411644997.jpg","type":"image\/jpeg"}],"author":"N\u00fabia Rangel","twitter_card":"summary_large_image","twitter_misc":{"Escrito por":"N\u00fabia Rangel","Est. tempo de leitura":"3 minutos"},"schema":{"@context":"https:\/\/schema.org","@graph":[{"@type":"WebPage","@id":"https:\/\/www.em.com.br\/emfoco\/2025\/03\/10\/compras-feitas-ate-o-dia-28-de-fevereiro-estao-concorrendo-ao-sorteio-de-marco\/","url":"https:\/\/www.em.com.br\/emfoco\/2025\/03\/10\/compras-feitas-ate-o-dia-28-de-fevereiro-estao-concorrendo-ao-sorteio-de-marco\/","name":"Compras feitas at\u00e9 o dia 28 de fevereiro est\u00e3o concorrendo ao sorteio de mar\u00e7o! - Estado de Minas - Em foco","isPartOf":{"@id":"https:\/\/www.em.com.br\/emfoco\/#website"},"primaryImageOfPage":{"@id":"https:\/\/www.em.com.br\/emfoco\/2025\/03\/10\/compras-feitas-ate-o-dia-28-de-fevereiro-estao-concorrendo-ao-sorteio-de-marco\/#primaryimage"},"image":{"@id":"https:\/\/www.em.com.br\/emfoco\/2025\/03\/10\/compras-feitas-ate-o-dia-28-de-fevereiro-estao-concorrendo-ao-sorteio-de-marco\/#primaryimage"},"thumbnailUrl":"https:\/\/www.em.com.br\/emfoco\/wp-content\/uploads\/2024\/12\/mercado_1735411644997.jpg","datePublished":"2025-03-10T19:20:00+00:00","dateModified":"2025-03-07T21:16:40+00:00","author":{"@id":"https:\/\/www.em.com.br\/emfoco\/#\/schema\/person\/524437ef54f8a5d32591b143307f2e20"},"description":"Conhe\u00e7a a nota premiada Bahia, uma campanha que premia consumidores e ajuda institui\u00e7\u00f5es filantr\u00f3picas. Veja como participar!","breadcrumb":{"@id":"https:\/\/www.em.com.br\/emfoco\/2025\/03\/10\/compras-feitas-ate-o-dia-28-de-fevereiro-estao-concorrendo-ao-sorteio-de-marco\/#breadcrumb"},"inLanguage":"pt-BR","potentialAction":[{"@type":"ReadAction","target":["https:\/\/www.em.com.br\/emfoco\/2025\/03\/10\/compras-feitas-ate-o-dia-28-de-fevereiro-estao-concorrendo-ao-sorteio-de-marco\/"]}]},{"@type":"ImageObject","inLanguage":"pt-BR","@id":"https:\/\/www.em.com.br\/emfoco\/2025\/03\/10\/compras-feitas-ate-o-dia-28-de-fevereiro-estao-concorrendo-ao-sorteio-de-marco\/#primaryimage","url":"https:\/\/www.em.com.br\/emfoco\/wp-content\/uploads\/2024\/12\/mercado_1735411644997.jpg","contentUrl":"https:\/\/www.em.com.br\/emfoco\/wp-content\/uploads\/2024\/12\/mercado_1735411644997.jpg","width":1280,"height":720,"caption":"Foto Ilustrativa de mercado - Cr\u00e9ditos: depositphotos.com \/ AndrewLozovyi"},{"@type":"BreadcrumbList","@id":"https:\/\/www.em.com.br\/emfoco\/2025\/03\/10\/compras-feitas-ate-o-dia-28-de-fevereiro-estao-concorrendo-ao-sorteio-de-marco\/#breadcrumb","itemListElement":[{"@type":"ListItem","position":1,"name":"In\u00edcio","item":"https:\/\/www.em.com.br\/emfoco\/"},{"@type":"ListItem","position":2,"name":"Compras feitas at\u00e9 o dia 28 de fevereiro est\u00e3o concorrendo ao sorteio de mar\u00e7o!"}]},{"@type":"WebSite","@id":"https:\/\/www.em.com.br\/emfoco\/#website","url":"https:\/\/www.em.com.br\/emfoco\/","name":"Estado de Minas - Em foco","description":"Acompanhe as \u00faltimas not\u00edcias e fique bem informado sobre tudo o que acontece em Minas Gerais, Brasil e no mundo.","potentialAction":[{"@type":"SearchAction","target":{"@type":"EntryPoint","urlTemplate":"https:\/\/www.em.com.br\/emfoco\/?s={search_term_string}"},"query-input":{"@type":"PropertyValueSpecification","valueRequired":true,"valueName":"search_term_string"}}],"inLanguage":"pt-BR"},{"@type":"Person","@id":"https:\/\/www.em.com.br\/emfoco\/#\/schema\/person\/524437ef54f8a5d32591b143307f2e20","name":"N\u00fabia Rangel","image":{"@type":"ImageObject","inLanguage":"pt-BR","@id":"https:\/\/www.em.com.br\/emfoco\/#\/schema\/person\/image\/","url":"https:\/\/secure.gravatar.com\/avatar\/47cff2827a5ba23c37e8068c86817ea4?s=96&d=mm&r=g","contentUrl":"https:\/\/secure.gravatar.com\/avatar\/47cff2827a5ba23c37e8068c86817ea4?s=96&d=mm&r=g","caption":"N\u00fabia Rangel"},"sameAs":["https:\/\/www.em.com.br\/emfoco\/"],"url":"https:\/\/www.em.com.br\/emfoco\/author\/nubiamyth\/"}]}},"_links":{"self":[{"href":"https:\/\/www.em.com.br\/emfoco\/wp-json\/wp\/v2\/posts\/23728","targetHints":{"allow":["GET"]}}],"collection":[{"href":"https:\/\/www.em.com.br\/emfoco\/wp-json\/wp\/v2\/posts"}],"about":[{"href":"https:\/\/www.em.com.br\/emfoco\/wp-json\/wp\/v2\/types\/post"}],"author":[{"embeddable":true,"href":"https:\/\/www.em.com.br\/emfoco\/wp-json\/wp\/v2\/users\/5"}],"replies":[{"embeddable":true,"href":"https:\/\/www.em.com.br\/emfoco\/wp-json\/wp\/v2\/comments?post=23728"}],"version-history":[{"count":3,"href":"https:\/\/www.em.com.br\/emfoco\/wp-json\/wp\/v2\/posts\/23728\/revisions"}],"predecessor-version":[{"id":23731,"href":"https:\/\/www.em.com.br\/emfoco\/wp-json\/wp\/v2\/posts\/23728\/revisions\/23731"}],"wp:featuredmedia":[{"embeddable":true,"href":"https:\/\/www.em.com.br\/emfoco\/wp-json\/wp\/v2\/media\/7330"}],"wp:attachment":[{"href":"https:\/\/www.em.com.br\/emfoco\/wp-json\/wp\/v2\/media?parent=23728"}],"wp:term":[{"taxonomy":"category","embeddable":true,"href":"https:\/\/www.em.com.br\/emfoco\/wp-json\/wp\/v2\/categories?post=23728"},{"taxonomy":"post_tag","embeddable":true,"href":"https:\/\/www.em.com.br\/emfoco\/wp-json\/wp\/v2\/tags?post=23728"}],"curies":[{"name":"wp","href":"https:\/\/api.w.org\/{rel}","templated":true}]}}