{"id":23639,"date":"2025-03-03T09:20:00","date_gmt":"2025-03-03T12:20:00","guid":{"rendered":"https:\/\/www.em.com.br\/emfoco\/?p=23639"},"modified":"2025-02-27T18:06:40","modified_gmt":"2025-02-27T21:06:40","slug":"aposentados-em-alerta-inss-divulga-calendario-de-pagamentos-para-2025","status":"publish","type":"post","link":"https:\/\/www.em.com.br\/emfoco\/2025\/03\/03\/aposentados-em-alerta-inss-divulga-calendario-de-pagamentos-para-2025\/","title":{"rendered":"Aposentados em alerta! INSS divulga calend\u00e1rio de pagamentos para 2025"},"content":{"rendered":"\n<p>Os aposentados e pensionistas do<strong> <a href=\"https:\/\/www.terra.com.br\/economia\/inss-entenda-por-que-aposentados-e-pensionistas-vao-receber-mais-tarde-do-que-o-habitual-em-marco,52bf38589c0fd633cc7d7898db718310zkoqzh7k.html\" target=\"_blank\" rel=\"noreferrer noopener\">Instituto Nacional do Seguro Social (INSS)<\/a><\/strong> j\u00e1 podem conferir as datas para o recebimento de seus benef\u00edcios em 2025. Os dep\u00f3sitos para quem ganha at\u00e9 um sal\u00e1rio m\u00ednimo come\u00e7am em 25 de mar\u00e7o e seguem at\u00e9 7 de abril.<\/p>\n\n\n\n<p>O pagamento \u00e9 organizado conforme o n\u00famero final do cart\u00e3o do benef\u00edcio, sem considerar o d\u00edgito verificador. J\u00e1 os segurados que recebem valores acima de R$ 1.518 ter\u00e3o seus pagamentos iniciados em 1\u00ba de abril.<\/p>\n\n\n\n<h2 class=\"wp-block-heading\">Como consultar os pagamentos do INSS sem internet<\/h2>\n\n\n\n<p>Os benefici\u00e1rios que n\u00e3o possuem acesso \u00e0 internet podem consultar informa\u00e7\u00f5es sobre seus pagamentos por meio da central telef\u00f4nica 135. O atendimento ocorre de segunda a s\u00e1bado, das 7h \u00e0s 22h, com hor\u00e1rios especiais durante o<strong> <a href=\"https:\/\/www.em.com.br\/emfoco\/2025\/02\/26\/proteja-se-de-golpes-e-curta-o-carnaval-em-paz\/\" target=\"_blank\" rel=\"noreferrer noopener\">Carnaval<\/a><\/strong>.<\/p>\n\n\n\n<p>Nesse per\u00edodo, o suporte humano funciona das 7h \u00e0s 18h no s\u00e1bado, segunda e ter\u00e7a-feira. Aos domingos, o atendimento humano n\u00e3o est\u00e1 dispon\u00edvel, mas na Quarta-feira de Cinzas, os hor\u00e1rios voltam ao normal.<\/p>\n\n\n\n<h2 class=\"wp-block-heading\">Datas de pagamento para benef\u00edcios de at\u00e9 um sal\u00e1rio m\u00ednimo<\/h2>\n\n\n\n<p>Os pagamentos para segurados que recebem at\u00e9 um sal\u00e1rio m\u00ednimo seguem o seguinte cronograma:<\/p>\n\n\n\n<ul class=\"wp-block-list\">\n<li>Final 1: 25 de mar\u00e7o<\/li>\n\n\n\n<li>Final 2: 26 de mar\u00e7o<\/li>\n\n\n\n<li>Final 3: 27 de mar\u00e7o<\/li>\n\n\n\n<li>Final 4: 28 de mar\u00e7o<\/li>\n\n\n\n<li>Final 5: 31 de mar\u00e7o<\/li>\n\n\n\n<li>Final 6: 1 de abril<\/li>\n\n\n\n<li>Final 7: 2 de abril<\/li>\n\n\n\n<li>Final 8: 3 de abril<\/li>\n\n\n\n<li>Final 9: 4 de abril<\/li>\n\n\n\n<li>Final 0: 7 de abril<\/li>\n<\/ul>\n\n\n\n<figure class=\"wp-block-image\"><img decoding=\"async\" src=\"https:\/\/www.em.com.br\/emfoco\/wp-content\/uploads\/2025\/01\/inss_1735903475263-1024x576.jpg\" alt=\"\"\/><figcaption class=\"wp-element-caption\">Imagem Ilustrativa do INSS &#8211; Cr\u00e9ditos: depositphotos.com \/ AngelaMacario<\/figcaption><\/figure>\n\n\n\n<h2 class=\"wp-block-heading\">Quando ser\u00e3o pagos os benef\u00edcios acima de um sal\u00e1rio m\u00ednimo<\/h2>\n\n\n\n<p>Para quem recebe mais de um sal\u00e1rio m\u00ednimo, o calend\u00e1rio de pagamentos segue as seguintes datas:<\/p>\n\n\n\n<ul class=\"wp-block-list\">\n<li>Finais 1 e 6: 1 de abril<\/li>\n\n\n\n<li>Finais 2 e 7: 2 de abril<\/li>\n\n\n\n<li>Finais 3 e 8: 3 de abril<\/li>\n\n\n\n<li>Finais 4 e 9: 4 de abril<\/li>\n\n\n\n<li>Finais 5 e 0: 7 de abril<\/li>\n<\/ul>\n\n\n\n<p>Esse cronograma permite que os segurados possam se organizar melhor financeiramente, garantindo mais seguran\u00e7a e previsibilidade para suas despesas.<\/p>\n\n\n\n<h2 class=\"wp-block-heading\">A import\u00e2ncia do planejamento financeiro para benefici\u00e1rios do INSS<\/h2>\n\n\n\n<p>Com as datas definidas, os aposentados e pensionistas do INSS podem se planejar com mais efici\u00eancia para o pagamento de contas e outras despesas. Esse controle \u00e9 ainda mais relevante considerando que grande parte dos benefici\u00e1rios n\u00e3o possui cart\u00e3o de cr\u00e9dito, tornando o acesso ao benef\u00edcio a principal fonte de renda para muitos.<\/p>\n\n\n\n<p>Ficar atento ao calend\u00e1rio e \u00e0s formas de consulta evita imprevistos e permite um melhor aproveitamento do benef\u00edcio. Dessa forma, manter-se informado \u00e9 essencial para garantir um planejamento financeiro s\u00f3lido e seguro ao longo do ano.<\/p>\n","protected":false},"excerpt":{"rendered":"<p>Os aposentados e pensionistas do Instituto Nacional do Seguro Social (INSS) j\u00e1 podem conferir as datas para o recebimento de seus benef\u00edcios em 2025. Os dep\u00f3sitos para quem ganha at\u00e9 um sal\u00e1rio m\u00ednimo come\u00e7am em 25 de mar\u00e7o e seguem at\u00e9 7 de abril. O pagamento \u00e9 organizado conforme o n\u00famero final do cart\u00e3o do [&hellip;]<\/p>\n","protected":false},"author":5,"featured_media":10348,"comment_status":"open","ping_status":"open","sticky":false,"template":"","format":"standard","meta":{"jnews-multi-image_gallery":[],"jnews_single_post":{"format":"standard"},"jnews_primary_category":[],"jnews_social_meta":[],"jnews_override_counter":[],"footnotes":""},"categories":[28,1],"tags":[259,256,174],"class_list":["post-23639","post","type-post","status-publish","format-standard","has-post-thumbnail","hentry","category-economia","category-noticias","tag-beneficio","tag-beneficios","tag-inss"],"yoast_head":"<!-- This site is optimized with the Yoast SEO plugin v23.8 - https:\/\/yoast.com\/wordpress\/plugins\/seo\/ -->\n<title>Aposentados em alerta! INSS divulga calend\u00e1rio de pagamentos para 2025 - Estado de Minas - Em foco<\/title>\n<meta name=\"description\" content=\"Dinheiro na conta! INSS divulga calend\u00e1rio de pagamentos para 2025. Saiba as datas e organize suas finan\u00e7as para um futuro mais seguro.\" \/>\n<meta name=\"robots\" content=\"index, follow, max-snippet:-1, max-image-preview:large, max-video-preview:-1\" \/>\n<link rel=\"canonical\" href=\"https:\/\/www.em.com.br\/emfoco\/2025\/03\/03\/aposentados-em-alerta-inss-divulga-calendario-de-pagamentos-para-2025\/\" \/>\n<meta property=\"og:locale\" content=\"pt_BR\" \/>\n<meta property=\"og:type\" content=\"article\" \/>\n<meta property=\"og:title\" content=\"Aposentados em alerta! INSS divulga calend\u00e1rio de pagamentos para 2025 - Estado de Minas - Em foco\" \/>\n<meta property=\"og:description\" content=\"Dinheiro na conta! INSS divulga calend\u00e1rio de pagamentos para 2025. Saiba as datas e organize suas finan\u00e7as para um futuro mais seguro.\" \/>\n<meta property=\"og:url\" content=\"https:\/\/www.em.com.br\/emfoco\/2025\/03\/03\/aposentados-em-alerta-inss-divulga-calendario-de-pagamentos-para-2025\/\" \/>\n<meta property=\"og:site_name\" content=\"Estado de Minas - Em foco\" \/>\n<meta property=\"article:published_time\" content=\"2025-03-03T12:20:00+00:00\" \/>\n<meta property=\"article:modified_time\" content=\"2025-02-27T21:06:40+00:00\" \/>\n<meta property=\"og:image\" content=\"https:\/\/www.em.com.br\/emfoco\/wp-content\/uploads\/2025\/01\/INSS_1736772502695.jpg\" \/>\n\t<meta property=\"og:image:width\" content=\"1280\" \/>\n\t<meta property=\"og:image:height\" content=\"720\" \/>\n\t<meta property=\"og:image:type\" content=\"image\/jpeg\" \/>\n<meta name=\"author\" content=\"N\u00fabia Rangel\" \/>\n<meta name=\"twitter:card\" content=\"summary_large_image\" \/>\n<meta name=\"twitter:label1\" content=\"Escrito por\" \/>\n\t<meta name=\"twitter:data1\" content=\"N\u00fabia Rangel\" \/>\n\t<meta name=\"twitter:label2\" content=\"Est. tempo de leitura\" \/>\n\t<meta name=\"twitter:data2\" content=\"3 minutos\" \/>\n<!-- \/ Yoast SEO plugin. -->","yoast_head_json":{"title":"Aposentados em alerta! INSS divulga calend\u00e1rio de pagamentos para 2025 - Estado de Minas - Em foco","description":"Dinheiro na conta! INSS divulga calend\u00e1rio de pagamentos para 2025. Saiba as datas e organize suas finan\u00e7as para um futuro mais seguro.","robots":{"index":"index","follow":"follow","max-snippet":"max-snippet:-1","max-image-preview":"max-image-preview:large","max-video-preview":"max-video-preview:-1"},"canonical":"https:\/\/www.em.com.br\/emfoco\/2025\/03\/03\/aposentados-em-alerta-inss-divulga-calendario-de-pagamentos-para-2025\/","og_locale":"pt_BR","og_type":"article","og_title":"Aposentados em alerta! INSS divulga calend\u00e1rio de pagamentos para 2025 - Estado de Minas - Em foco","og_description":"Dinheiro na conta! INSS divulga calend\u00e1rio de pagamentos para 2025. Saiba as datas e organize suas finan\u00e7as para um futuro mais seguro.","og_url":"https:\/\/www.em.com.br\/emfoco\/2025\/03\/03\/aposentados-em-alerta-inss-divulga-calendario-de-pagamentos-para-2025\/","og_site_name":"Estado de Minas - Em foco","article_published_time":"2025-03-03T12:20:00+00:00","article_modified_time":"2025-02-27T21:06:40+00:00","og_image":[{"width":1280,"height":720,"url":"https:\/\/www.em.com.br\/emfoco\/wp-content\/uploads\/2025\/01\/INSS_1736772502695.jpg","type":"image\/jpeg"}],"author":"N\u00fabia Rangel","twitter_card":"summary_large_image","twitter_misc":{"Escrito por":"N\u00fabia Rangel","Est. tempo de leitura":"3 minutos"},"schema":{"@context":"https:\/\/schema.org","@graph":[{"@type":"WebPage","@id":"https:\/\/www.em.com.br\/emfoco\/2025\/03\/03\/aposentados-em-alerta-inss-divulga-calendario-de-pagamentos-para-2025\/","url":"https:\/\/www.em.com.br\/emfoco\/2025\/03\/03\/aposentados-em-alerta-inss-divulga-calendario-de-pagamentos-para-2025\/","name":"Aposentados em alerta! INSS divulga calend\u00e1rio de pagamentos para 2025 - Estado de Minas - Em foco","isPartOf":{"@id":"https:\/\/www.em.com.br\/emfoco\/#website"},"primaryImageOfPage":{"@id":"https:\/\/www.em.com.br\/emfoco\/2025\/03\/03\/aposentados-em-alerta-inss-divulga-calendario-de-pagamentos-para-2025\/#primaryimage"},"image":{"@id":"https:\/\/www.em.com.br\/emfoco\/2025\/03\/03\/aposentados-em-alerta-inss-divulga-calendario-de-pagamentos-para-2025\/#primaryimage"},"thumbnailUrl":"https:\/\/www.em.com.br\/emfoco\/wp-content\/uploads\/2025\/01\/INSS_1736772502695.jpg","datePublished":"2025-03-03T12:20:00+00:00","dateModified":"2025-02-27T21:06:40+00:00","author":{"@id":"https:\/\/www.em.com.br\/emfoco\/#\/schema\/person\/524437ef54f8a5d32591b143307f2e20"},"description":"Dinheiro na conta! INSS divulga calend\u00e1rio de pagamentos para 2025. Saiba as datas e organize suas finan\u00e7as para um futuro mais seguro.","breadcrumb":{"@id":"https:\/\/www.em.com.br\/emfoco\/2025\/03\/03\/aposentados-em-alerta-inss-divulga-calendario-de-pagamentos-para-2025\/#breadcrumb"},"inLanguage":"pt-BR","potentialAction":[{"@type":"ReadAction","target":["https:\/\/www.em.com.br\/emfoco\/2025\/03\/03\/aposentados-em-alerta-inss-divulga-calendario-de-pagamentos-para-2025\/"]}]},{"@type":"ImageObject","inLanguage":"pt-BR","@id":"https:\/\/www.em.com.br\/emfoco\/2025\/03\/03\/aposentados-em-alerta-inss-divulga-calendario-de-pagamentos-para-2025\/#primaryimage","url":"https:\/\/www.em.com.br\/emfoco\/wp-content\/uploads\/2025\/01\/INSS_1736772502695.jpg","contentUrl":"https:\/\/www.em.com.br\/emfoco\/wp-content\/uploads\/2025\/01\/INSS_1736772502695.jpg","width":1280,"height":720,"caption":"Imagem Ilustrativa do INSS - Cr\u00e9ditos: depositphotos.com \/ AngelaMacario"},{"@type":"BreadcrumbList","@id":"https:\/\/www.em.com.br\/emfoco\/2025\/03\/03\/aposentados-em-alerta-inss-divulga-calendario-de-pagamentos-para-2025\/#breadcrumb","itemListElement":[{"@type":"ListItem","position":1,"name":"In\u00edcio","item":"https:\/\/www.em.com.br\/emfoco\/"},{"@type":"ListItem","position":2,"name":"Aposentados em alerta! INSS divulga calend\u00e1rio de pagamentos para 2025"}]},{"@type":"WebSite","@id":"https:\/\/www.em.com.br\/emfoco\/#website","url":"https:\/\/www.em.com.br\/emfoco\/","name":"Estado de Minas - Em foco","description":"Acompanhe as \u00faltimas not\u00edcias e fique bem informado sobre tudo o que acontece em Minas Gerais, Brasil e no mundo.","potentialAction":[{"@type":"SearchAction","target":{"@type":"EntryPoint","urlTemplate":"https:\/\/www.em.com.br\/emfoco\/?s={search_term_string}"},"query-input":{"@type":"PropertyValueSpecification","valueRequired":true,"valueName":"search_term_string"}}],"inLanguage":"pt-BR"},{"@type":"Person","@id":"https:\/\/www.em.com.br\/emfoco\/#\/schema\/person\/524437ef54f8a5d32591b143307f2e20","name":"N\u00fabia Rangel","image":{"@type":"ImageObject","inLanguage":"pt-BR","@id":"https:\/\/www.em.com.br\/emfoco\/#\/schema\/person\/image\/","url":"https:\/\/secure.gravatar.com\/avatar\/47cff2827a5ba23c37e8068c86817ea4?s=96&d=mm&r=g","contentUrl":"https:\/\/secure.gravatar.com\/avatar\/47cff2827a5ba23c37e8068c86817ea4?s=96&d=mm&r=g","caption":"N\u00fabia Rangel"},"sameAs":["https:\/\/www.em.com.br\/emfoco\/"],"url":"https:\/\/www.em.com.br\/emfoco\/author\/nubiamyth\/"}]}},"_links":{"self":[{"href":"https:\/\/www.em.com.br\/emfoco\/wp-json\/wp\/v2\/posts\/23639","targetHints":{"allow":["GET"]}}],"collection":[{"href":"https:\/\/www.em.com.br\/emfoco\/wp-json\/wp\/v2\/posts"}],"about":[{"href":"https:\/\/www.em.com.br\/emfoco\/wp-json\/wp\/v2\/types\/post"}],"author":[{"embeddable":true,"href":"https:\/\/www.em.com.br\/emfoco\/wp-json\/wp\/v2\/users\/5"}],"replies":[{"embeddable":true,"href":"https:\/\/www.em.com.br\/emfoco\/wp-json\/wp\/v2\/comments?post=23639"}],"version-history":[{"count":5,"href":"https:\/\/www.em.com.br\/emfoco\/wp-json\/wp\/v2\/posts\/23639\/revisions"}],"predecessor-version":[{"id":23680,"href":"https:\/\/www.em.com.br\/emfoco\/wp-json\/wp\/v2\/posts\/23639\/revisions\/23680"}],"wp:featuredmedia":[{"embeddable":true,"href":"https:\/\/www.em.com.br\/emfoco\/wp-json\/wp\/v2\/media\/10348"}],"wp:attachment":[{"href":"https:\/\/www.em.com.br\/emfoco\/wp-json\/wp\/v2\/media?parent=23639"}],"wp:term":[{"taxonomy":"category","embeddable":true,"href":"https:\/\/www.em.com.br\/emfoco\/wp-json\/wp\/v2\/categories?post=23639"},{"taxonomy":"post_tag","embeddable":true,"href":"https:\/\/www.em.com.br\/emfoco\/wp-json\/wp\/v2\/tags?post=23639"}],"curies":[{"name":"wp","href":"https:\/\/api.w.org\/{rel}","templated":true}]}}