{"id":23609,"date":"2025-03-10T11:20:00","date_gmt":"2025-03-10T14:20:00","guid":{"rendered":"https:\/\/www.em.com.br\/emfoco\/?p=23609"},"modified":"2025-03-07T18:11:34","modified_gmt":"2025-03-07T21:11:34","slug":"como-as-estimativas-de-pobreza-estao-impactando-o-bolsa-familia-em-2025","status":"publish","type":"post","link":"https:\/\/www.em.com.br\/emfoco\/2025\/03\/10\/como-as-estimativas-de-pobreza-estao-impactando-o-bolsa-familia-em-2025\/","title":{"rendered":"Como as estimativas de pobreza est\u00e3o impactando o bolsa fam\u00edlia em 2025"},"content":{"rendered":"\n<p>O <strong>Bolsa Fam\u00edlia<\/strong> \u00e9 um programa de assist\u00eancia social que tem sido fundamental na redu\u00e7\u00e3o da pobreza no <strong><a href=\"https:\/\/www.em.com.br\/emfoco\/2025\/02\/02\/o-paraiso-secreto-do-brasil-que-esta-conquistando-turistas-do-mundo-todo\/\" target=\"_blank\" rel=\"noreferrer noopener\">Brasil<\/a><\/strong>. Em 2025, o n\u00famero de benefici\u00e1rios superou as expectativas em muitos munic\u00edpios, levantando quest\u00f5es sobre a precis\u00e3o das estimativas de pobreza e a efic\u00e1cia do programa em alcan\u00e7ar seu p\u00fablico-alvo.<\/p>\n\n\n\n<p>O programa atende fam\u00edlias com renda mensal de at\u00e9 R$ 218 por pessoa, com o objetivo de proporcionar um al\u00edvio financeiro e melhorar suas condi\u00e7\u00f5es de vida. No entanto, a diferen\u00e7a entre o n\u00famero de benefici\u00e1rios e as estimativas sugere a necessidade de ajustes na administra\u00e7\u00e3o do programa.<\/p>\n\n\n\n<h2 class=\"wp-block-heading\">Como s\u00e3o calculadas as estimativas de pobreza?<\/h2>\n\n\n\n<p>As estimativas de pobreza s\u00e3o calculadas pelo <strong><a href=\"https:\/\/www.gov.br\/mds\/pt-br\/noticias-e-conteudos\/desenvolvimento-social\" target=\"_blank\" rel=\"noreferrer noopener\">Minist\u00e9rio do Desenvolvimento e Assist\u00eancia Social<\/a><\/strong>, com base em dados do <strong>Censo Demogr\u00e1fico e da Pesquisa Nacional por Amostra de Domic\u00edlios Cont\u00ednua<\/strong>. Essas estimativas refletem a situa\u00e7\u00e3o esperada para um determinado per\u00edodo e s\u00e3o comparadas com o n\u00famero de benefici\u00e1rios do Bolsa Fam\u00edlia.<\/p>\n\n\n\n<p>A metodologia considera n\u00e3o apenas as fam\u00edlias que vivem em pobreza cr\u00f4nica, mas tamb\u00e9m aquelas que podem enfrentar flutua\u00e7\u00f5es de renda. Isso \u00e9 importante para garantir que o programa alcance fam\u00edlias que, embora temporariamente acima do limite de renda, ainda necessitam de apoio.<\/p>\n\n\n\n<figure class=\"wp-block-image size-large\"><img loading=\"lazy\" decoding=\"async\" width=\"1024\" height=\"576\" src=\"https:\/\/www.em.com.br\/emfoco\/wp-content\/uploads\/2025\/02\/Bolsa-Familia_1740654969032-1024x576.jpg\" alt=\"Governo faz mudan\u00e7as no bolsa fam\u00edlia 2025 e milh\u00f5es ser\u00e3o afetados\" class=\"wp-image-23355\" srcset=\"https:\/\/www.em.com.br\/emfoco\/wp-content\/uploads\/2025\/02\/Bolsa-Familia_1740654969032-1024x576.jpg 1024w, https:\/\/www.em.com.br\/emfoco\/wp-content\/uploads\/2025\/02\/Bolsa-Familia_1740654969032-300x169.jpg 300w, https:\/\/www.em.com.br\/emfoco\/wp-content\/uploads\/2025\/02\/Bolsa-Familia_1740654969032-768x432.jpg 768w, https:\/\/www.em.com.br\/emfoco\/wp-content\/uploads\/2025\/02\/Bolsa-Familia_1740654969032-750x422.jpg 750w, https:\/\/www.em.com.br\/emfoco\/wp-content\/uploads\/2025\/02\/Bolsa-Familia_1740654969032-1140x641.jpg 1140w, https:\/\/www.em.com.br\/emfoco\/wp-content\/uploads\/2025\/02\/Bolsa-Familia_1740654969032.jpg 1280w\" sizes=\"auto, (max-width: 1024px) 100vw, 1024px\" \/><figcaption class=\"wp-element-caption\">Bolsa Familia &#8211; Cr\u00e9ditos: depositphotos.com \/ joasouza<\/figcaption><\/figure>\n\n\n\n<h2 class=\"wp-block-heading\">Por que existem diferen\u00e7as entre as estimativas e o n\u00famero de benefici\u00e1rios?<\/h2>\n\n\n\n<p>As diferen\u00e7as entre as estimativas de pobreza e o n\u00famero de benefici\u00e1rios podem ser atribu\u00eddas a v\u00e1rios fatores. Em alguns casos, o n\u00famero de benefici\u00e1rios \u00e9 maior do que o esperado, o que pode indicar problemas na gest\u00e3o dos cadastros. Em outros casos, a cobertura \u00e9 menor do que o necess\u00e1rio, sugerindo a necessidade de identificar melhor as fam\u00edlias eleg\u00edveis.<\/p>\n\n\n\n<p>As estimativas servem como um guia para o tamanho do programa, mas n\u00e3o s\u00e3o uma medida exata da qualidade do <strong>Cadastro \u00danico<\/strong>. Elas ajudam a direcionar os esfor\u00e7os do programa, mas n\u00e3o avaliam diretamente erros de inclus\u00e3o ou exclus\u00e3o de benefici\u00e1rios.<\/p>\n\n\n\n<h2 class=\"wp-block-heading\">Quais s\u00e3o as perspectivas futuras para o Bolsa Fam\u00edlia?<\/h2>\n\n\n\n<p>As novas estimativas t\u00eam implica\u00e7\u00f5es importantes para a distribui\u00e7\u00e3o de benef\u00edcios. Espera-se que haja um aumento na concess\u00e3o de benef\u00edcios em regi\u00f5es que estavam sub cobertas devido a estimativas anteriores desatualizadas. Isso \u00e9 particularmente relevante em \u00e1reas como o <strong>Nordeste<\/strong>, onde a necessidade de apoio \u00e9 maior.<\/p>\n\n\n\n<p>Al\u00e9m disso, o governo tem ajustado as proje\u00e7\u00f5es para incluir fam\u00edlias com renda de at\u00e9 meio sal\u00e1rio m\u00ednimo por pessoa, visando ampliar a cobertura do programa. Isso reflete um esfor\u00e7o para garantir que mais fam\u00edlias em situa\u00e7\u00e3o de vulnerabilidade sejam atendidas.<\/p>\n\n\n\n<h2 class=\"wp-block-heading\">Como o Bolsa Fam\u00edlia pode ser aprimorado?<\/h2>\n\n\n\n<p>Para aumentar a efic\u00e1cia do Bolsa Fam\u00edlia, \u00e9 essencial que as estimativas sejam atualizadas regularmente e que a gest\u00e3o dos cadastros seja precisa. A busca ativa deve ser intensificada em \u00e1reas onde a cobertura \u00e9 insuficiente, enquanto verifica\u00e7\u00f5es rigorosas s\u00e3o necess\u00e1rias em locais com poss\u00edveis irregularidades.<\/p>\n\n\n\n<p>Considerar o contexto regional \u00e9 crucial ao priorizar a concess\u00e3o de benef\u00edcios, garantindo que as \u00e1reas mais necessitadas recebam a aten\u00e7\u00e3o adequada. Com ajustes cont\u00ednuos e uma gest\u00e3o eficaz, o Bolsa Fam\u00edlia pode continuar a ser uma ferramenta vital na luta contra a pobreza no Brasil.<\/p>\n","protected":false},"excerpt":{"rendered":"<p>O Bolsa Fam\u00edlia \u00e9 um programa de assist\u00eancia social que tem sido fundamental na redu\u00e7\u00e3o da pobreza no Brasil. Em 2025, o n\u00famero de benefici\u00e1rios superou as expectativas em muitos munic\u00edpios, levantando quest\u00f5es sobre a precis\u00e3o das estimativas de pobreza e a efic\u00e1cia do programa em alcan\u00e7ar seu p\u00fablico-alvo. O programa atende fam\u00edlias com renda [&hellip;]<\/p>\n","protected":false},"author":5,"featured_media":14997,"comment_status":"open","ping_status":"open","sticky":false,"template":"","format":"standard","meta":{"jnews-multi-image_gallery":[],"jnews_single_post":{"format":"standard"},"jnews_primary_category":[],"jnews_social_meta":[],"jnews_override_counter":[],"footnotes":""},"categories":[28,1],"tags":[2318,209,158],"class_list":["post-23609","post","type-post","status-publish","format-standard","has-post-thumbnail","hentry","category-economia","category-noticias","tag-beneficio-governo","tag-bolsa-familia","tag-brasil"],"yoast_head":"<!-- This site is optimized with the Yoast SEO plugin v23.8 - https:\/\/yoast.com\/wordpress\/plugins\/seo\/ -->\n<title>Como as estimativas de pobreza est\u00e3o impactando o bolsa fam\u00edlia em 2025 - Estado de Minas - Em foco<\/title>\n<meta name=\"description\" content=\"Estimativas de pobreza e o n\u00famero de benefici\u00e1rios do bolsa fam\u00edlia apresentam diferen\u00e7as em 2025. Entenda o impacto!\" \/>\n<meta name=\"robots\" content=\"index, follow, max-snippet:-1, max-image-preview:large, max-video-preview:-1\" \/>\n<link rel=\"canonical\" href=\"https:\/\/www.em.com.br\/emfoco\/2025\/03\/10\/como-as-estimativas-de-pobreza-estao-impactando-o-bolsa-familia-em-2025\/\" \/>\n<meta property=\"og:locale\" content=\"pt_BR\" \/>\n<meta property=\"og:type\" content=\"article\" \/>\n<meta property=\"og:title\" content=\"Como as estimativas de pobreza est\u00e3o impactando o bolsa fam\u00edlia em 2025 - Estado de Minas - Em foco\" \/>\n<meta property=\"og:description\" content=\"Estimativas de pobreza e o n\u00famero de benefici\u00e1rios do bolsa fam\u00edlia apresentam diferen\u00e7as em 2025. Entenda o impacto!\" \/>\n<meta property=\"og:url\" content=\"https:\/\/www.em.com.br\/emfoco\/2025\/03\/10\/como-as-estimativas-de-pobreza-estao-impactando-o-bolsa-familia-em-2025\/\" \/>\n<meta property=\"og:site_name\" content=\"Estado de Minas - Em foco\" \/>\n<meta property=\"article:published_time\" content=\"2025-03-10T14:20:00+00:00\" \/>\n<meta property=\"article:modified_time\" content=\"2025-03-07T21:11:34+00:00\" \/>\n<meta property=\"og:image\" content=\"https:\/\/www.em.com.br\/emfoco\/wp-content\/uploads\/2025\/01\/bolsa-familia_1738271729523.jpg\" \/>\n\t<meta property=\"og:image:width\" content=\"1280\" \/>\n\t<meta property=\"og:image:height\" content=\"720\" \/>\n\t<meta property=\"og:image:type\" content=\"image\/jpeg\" \/>\n<meta name=\"author\" content=\"N\u00fabia Rangel\" \/>\n<meta name=\"twitter:card\" content=\"summary_large_image\" \/>\n<meta name=\"twitter:label1\" content=\"Escrito por\" \/>\n\t<meta name=\"twitter:data1\" content=\"N\u00fabia Rangel\" \/>\n\t<meta name=\"twitter:label2\" content=\"Est. tempo de leitura\" \/>\n\t<meta name=\"twitter:data2\" content=\"4 minutos\" \/>\n<!-- \/ Yoast SEO plugin. -->","yoast_head_json":{"title":"Como as estimativas de pobreza est\u00e3o impactando o bolsa fam\u00edlia em 2025 - Estado de Minas - Em foco","description":"Estimativas de pobreza e o n\u00famero de benefici\u00e1rios do bolsa fam\u00edlia apresentam diferen\u00e7as em 2025. Entenda o impacto!","robots":{"index":"index","follow":"follow","max-snippet":"max-snippet:-1","max-image-preview":"max-image-preview:large","max-video-preview":"max-video-preview:-1"},"canonical":"https:\/\/www.em.com.br\/emfoco\/2025\/03\/10\/como-as-estimativas-de-pobreza-estao-impactando-o-bolsa-familia-em-2025\/","og_locale":"pt_BR","og_type":"article","og_title":"Como as estimativas de pobreza est\u00e3o impactando o bolsa fam\u00edlia em 2025 - Estado de Minas - Em foco","og_description":"Estimativas de pobreza e o n\u00famero de benefici\u00e1rios do bolsa fam\u00edlia apresentam diferen\u00e7as em 2025. Entenda o impacto!","og_url":"https:\/\/www.em.com.br\/emfoco\/2025\/03\/10\/como-as-estimativas-de-pobreza-estao-impactando-o-bolsa-familia-em-2025\/","og_site_name":"Estado de Minas - Em foco","article_published_time":"2025-03-10T14:20:00+00:00","article_modified_time":"2025-03-07T21:11:34+00:00","og_image":[{"width":1280,"height":720,"url":"https:\/\/www.em.com.br\/emfoco\/wp-content\/uploads\/2025\/01\/bolsa-familia_1738271729523.jpg","type":"image\/jpeg"}],"author":"N\u00fabia Rangel","twitter_card":"summary_large_image","twitter_misc":{"Escrito por":"N\u00fabia Rangel","Est. tempo de leitura":"4 minutos"},"schema":{"@context":"https:\/\/schema.org","@graph":[{"@type":"WebPage","@id":"https:\/\/www.em.com.br\/emfoco\/2025\/03\/10\/como-as-estimativas-de-pobreza-estao-impactando-o-bolsa-familia-em-2025\/","url":"https:\/\/www.em.com.br\/emfoco\/2025\/03\/10\/como-as-estimativas-de-pobreza-estao-impactando-o-bolsa-familia-em-2025\/","name":"Como as estimativas de pobreza est\u00e3o impactando o bolsa fam\u00edlia em 2025 - Estado de Minas - Em foco","isPartOf":{"@id":"https:\/\/www.em.com.br\/emfoco\/#website"},"primaryImageOfPage":{"@id":"https:\/\/www.em.com.br\/emfoco\/2025\/03\/10\/como-as-estimativas-de-pobreza-estao-impactando-o-bolsa-familia-em-2025\/#primaryimage"},"image":{"@id":"https:\/\/www.em.com.br\/emfoco\/2025\/03\/10\/como-as-estimativas-de-pobreza-estao-impactando-o-bolsa-familia-em-2025\/#primaryimage"},"thumbnailUrl":"https:\/\/www.em.com.br\/emfoco\/wp-content\/uploads\/2025\/01\/bolsa-familia_1738271729523.jpg","datePublished":"2025-03-10T14:20:00+00:00","dateModified":"2025-03-07T21:11:34+00:00","author":{"@id":"https:\/\/www.em.com.br\/emfoco\/#\/schema\/person\/524437ef54f8a5d32591b143307f2e20"},"description":"Estimativas de pobreza e o n\u00famero de benefici\u00e1rios do bolsa fam\u00edlia apresentam diferen\u00e7as em 2025. Entenda o impacto!","breadcrumb":{"@id":"https:\/\/www.em.com.br\/emfoco\/2025\/03\/10\/como-as-estimativas-de-pobreza-estao-impactando-o-bolsa-familia-em-2025\/#breadcrumb"},"inLanguage":"pt-BR","potentialAction":[{"@type":"ReadAction","target":["https:\/\/www.em.com.br\/emfoco\/2025\/03\/10\/como-as-estimativas-de-pobreza-estao-impactando-o-bolsa-familia-em-2025\/"]}]},{"@type":"ImageObject","inLanguage":"pt-BR","@id":"https:\/\/www.em.com.br\/emfoco\/2025\/03\/10\/como-as-estimativas-de-pobreza-estao-impactando-o-bolsa-familia-em-2025\/#primaryimage","url":"https:\/\/www.em.com.br\/emfoco\/wp-content\/uploads\/2025\/01\/bolsa-familia_1738271729523.jpg","contentUrl":"https:\/\/www.em.com.br\/emfoco\/wp-content\/uploads\/2025\/01\/bolsa-familia_1738271729523.jpg","width":1280,"height":720,"caption":"Bolsa Familia - Cr\u00e9ditos: depositphotos.com \/ joasouza"},{"@type":"BreadcrumbList","@id":"https:\/\/www.em.com.br\/emfoco\/2025\/03\/10\/como-as-estimativas-de-pobreza-estao-impactando-o-bolsa-familia-em-2025\/#breadcrumb","itemListElement":[{"@type":"ListItem","position":1,"name":"In\u00edcio","item":"https:\/\/www.em.com.br\/emfoco\/"},{"@type":"ListItem","position":2,"name":"Como as estimativas de pobreza est\u00e3o impactando o bolsa fam\u00edlia em 2025"}]},{"@type":"WebSite","@id":"https:\/\/www.em.com.br\/emfoco\/#website","url":"https:\/\/www.em.com.br\/emfoco\/","name":"Estado de Minas - Em foco","description":"Acompanhe as \u00faltimas not\u00edcias e fique bem informado sobre tudo o que acontece em Minas Gerais, Brasil e no mundo.","potentialAction":[{"@type":"SearchAction","target":{"@type":"EntryPoint","urlTemplate":"https:\/\/www.em.com.br\/emfoco\/?s={search_term_string}"},"query-input":{"@type":"PropertyValueSpecification","valueRequired":true,"valueName":"search_term_string"}}],"inLanguage":"pt-BR"},{"@type":"Person","@id":"https:\/\/www.em.com.br\/emfoco\/#\/schema\/person\/524437ef54f8a5d32591b143307f2e20","name":"N\u00fabia Rangel","image":{"@type":"ImageObject","inLanguage":"pt-BR","@id":"https:\/\/www.em.com.br\/emfoco\/#\/schema\/person\/image\/","url":"https:\/\/secure.gravatar.com\/avatar\/47cff2827a5ba23c37e8068c86817ea4?s=96&d=mm&r=g","contentUrl":"https:\/\/secure.gravatar.com\/avatar\/47cff2827a5ba23c37e8068c86817ea4?s=96&d=mm&r=g","caption":"N\u00fabia Rangel"},"sameAs":["https:\/\/www.em.com.br\/emfoco\/"],"url":"https:\/\/www.em.com.br\/emfoco\/author\/nubiamyth\/"}]}},"_links":{"self":[{"href":"https:\/\/www.em.com.br\/emfoco\/wp-json\/wp\/v2\/posts\/23609","targetHints":{"allow":["GET"]}}],"collection":[{"href":"https:\/\/www.em.com.br\/emfoco\/wp-json\/wp\/v2\/posts"}],"about":[{"href":"https:\/\/www.em.com.br\/emfoco\/wp-json\/wp\/v2\/types\/post"}],"author":[{"embeddable":true,"href":"https:\/\/www.em.com.br\/emfoco\/wp-json\/wp\/v2\/users\/5"}],"replies":[{"embeddable":true,"href":"https:\/\/www.em.com.br\/emfoco\/wp-json\/wp\/v2\/comments?post=23609"}],"version-history":[{"count":3,"href":"https:\/\/www.em.com.br\/emfoco\/wp-json\/wp\/v2\/posts\/23609\/revisions"}],"predecessor-version":[{"id":23612,"href":"https:\/\/www.em.com.br\/emfoco\/wp-json\/wp\/v2\/posts\/23609\/revisions\/23612"}],"wp:featuredmedia":[{"embeddable":true,"href":"https:\/\/www.em.com.br\/emfoco\/wp-json\/wp\/v2\/media\/14997"}],"wp:attachment":[{"href":"https:\/\/www.em.com.br\/emfoco\/wp-json\/wp\/v2\/media?parent=23609"}],"wp:term":[{"taxonomy":"category","embeddable":true,"href":"https:\/\/www.em.com.br\/emfoco\/wp-json\/wp\/v2\/categories?post=23609"},{"taxonomy":"post_tag","embeddable":true,"href":"https:\/\/www.em.com.br\/emfoco\/wp-json\/wp\/v2\/tags?post=23609"}],"curies":[{"name":"wp","href":"https:\/\/api.w.org\/{rel}","templated":true}]}}