{"id":23508,"date":"2025-02-28T20:20:10","date_gmt":"2025-02-28T23:20:10","guid":{"rendered":"https:\/\/www.em.com.br\/emfoco\/?p=23508"},"modified":"2025-02-28T01:25:32","modified_gmt":"2025-02-28T04:25:32","slug":"novas-regras-para-declaracao-do-imposto-de-renda-de-idosos-do-inss","status":"publish","type":"post","link":"https:\/\/www.em.com.br\/emfoco\/2025\/02\/28\/novas-regras-para-declaracao-do-imposto-de-renda-de-idosos-do-inss\/","title":{"rendered":"Novas regras para declara\u00e7\u00e3o do Imposto de Renda de idosos do INSS"},"content":{"rendered":"\n<p>Em 2025, os benefici\u00e1rios do <strong>Instituto Nacional do Seguro Social (<a href=\"https:\/\/www.gov.br\/inss\/pt-br\" target=\"_blank\" rel=\"noreferrer noopener\">INSS<\/a>)<\/strong> devem estar atentos \u00e0s obriga\u00e7\u00f5es fiscais, especialmente no que diz <a href=\"https:\/\/www.em.com.br\/emfoco\/2025\/02\/27\/idosos-que-estao-acima-dos-60-anos-tem-direito-a-novo-beneficio-em-2025\/\" target=\"_blank\" rel=\"noreferrer noopener\">respeito <\/a>\u00e0 declara\u00e7\u00e3o do Imposto de Renda. A <strong>Receita Federal<\/strong> estipulou que o prazo para a entrega da declara\u00e7\u00e3o referente aos rendimentos de 2024 come\u00e7ar\u00e1 em 17 de mar\u00e7o. Essa data \u00e9 crucial para que os idosos do INSS possam se organizar e evitar problemas com o Fisco.<\/p>\n\n\n\n<p>Os segurados que receberam rendimentos tribut\u00e1veis superiores a R$ 30.639,90 no ano anterior s\u00e3o obrigados a declarar seus ganhos \u00e0 <strong>Receita Federal<\/strong>. Essa exig\u00eancia inclui n\u00e3o apenas aposentadorias, mas tamb\u00e9m alugu\u00e9is e servi\u00e7os aut\u00f4nomos. O prazo final para a entrega da declara\u00e7\u00e3o est\u00e1 previsto para 30 de maio, e o n\u00e3o cumprimento pode resultar em multa de 1% sobre o imposto devido, com um valor m\u00ednimo de R$ 165,74.<\/p>\n\n\n\n<h2 class=\"wp-block-heading\">Como os idosos do INSS podem consultar o extrato do imposto de renda?<\/h2>\n\n\n\n<p>Para facilitar o processo de declara\u00e7\u00e3o, o INSS disponibiliza um extrato espec\u00edfico que pode ser acessado pelos benefici\u00e1rios. Esse documento \u00e9 essencial para a organiza\u00e7\u00e3o financeira dos idosos e pode ser obtido de forma pr\u00e1tica atrav\u00e9s do site ou aplicativo <strong>Meu INSS<\/strong>. Ap\u00f3s realizar o login com <strong>CPF <\/strong>e senha do portal <a href=\"https:\/\/www.gov.br\/pt-br\" target=\"_blank\" rel=\"noreferrer noopener\">Gov.br<\/a>, o usu\u00e1rio deve selecionar &#8220;Outros servi\u00e7os&#8221; e, em seguida, &#8220;Meus benef\u00edcios&#8221;. Ao clicar no n\u00famero do benef\u00edcio ativo, \u00e9 poss\u00edvel baixar o &#8220;Extrato do IRPF&#8221;.<\/p>\n\n\n\n<p>O extrato de rendimento \u00e9 uma ferramenta valiosa, pois cont\u00e9m informa\u00e7\u00f5es detalhadas sobre os valores recebidos, incluindo rendimentos tribut\u00e1veis e isentos. Al\u00e9m disso, o documento apresenta o nome e CPF do segurado, bem como os dados da fonte pagadora. Essas informa\u00e7\u00f5es s\u00e3o fundamentais para o preenchimento correto da declara\u00e7\u00e3o do Imposto de Renda.<\/p>\n\n\n<div class=\"wp-block-image\">\n<figure class=\"aligncenter size-large\"><img loading=\"lazy\" decoding=\"async\" width=\"1024\" height=\"576\" src=\"https:\/\/www.em.com.br\/emfoco\/wp-content\/uploads\/2024\/11\/INSS_1732816980331-1024x576.jpg\" alt=\"Declara\u00e7\u00e3o do IR 2025 idosos do INSS fiquem atentos \u00e0s novas regras\" class=\"wp-image-1979\" srcset=\"https:\/\/www.em.com.br\/emfoco\/wp-content\/uploads\/2024\/11\/INSS_1732816980331-1024x576.jpg 1024w, https:\/\/www.em.com.br\/emfoco\/wp-content\/uploads\/2024\/11\/INSS_1732816980331-300x169.jpg 300w, https:\/\/www.em.com.br\/emfoco\/wp-content\/uploads\/2024\/11\/INSS_1732816980331-768x432.jpg 768w, https:\/\/www.em.com.br\/emfoco\/wp-content\/uploads\/2024\/11\/INSS_1732816980331-750x422.jpg 750w, https:\/\/www.em.com.br\/emfoco\/wp-content\/uploads\/2024\/11\/INSS_1732816980331-1140x641.jpg 1140w, https:\/\/www.em.com.br\/emfoco\/wp-content\/uploads\/2024\/11\/INSS_1732816980331.jpg 1280w\" sizes=\"auto, (max-width: 1024px) 100vw, 1024px\" \/><figcaption class=\"wp-element-caption\">INSS &#8211; Cr\u00e9ditos: depositphotos.com \/ joasouza<\/figcaption><\/figure><\/div>\n\n\n<h2 class=\"wp-block-heading\">Quais s\u00e3o as consequ\u00eancias de n\u00e3o declarar o imposto de renda?<\/h2>\n\n\n\n<p>Deixar de declarar o Imposto de Renda pode acarretar em s\u00e9rias consequ\u00eancias para os idosos do INSS. Al\u00e9m da multa m\u00ednima de R$ 165,74, a Receita Federal pode aplicar penalidades adicionais, dependendo da situa\u00e7\u00e3o. O atraso na entrega da declara\u00e7\u00e3o pode resultar em complica\u00e7\u00f5es financeiras e at\u00e9 mesmo em restri\u00e7\u00f5es no CPF do contribuinte.<\/p>\n\n\n\n<p>\u00c9 importante que os segurados do INSS mantenham suas obriga\u00e7\u00f5es fiscais em dia para evitar transtornos futuros. A organiza\u00e7\u00e3o pr\u00e9via e o uso de ferramentas como o extrato do IRPF s\u00e3o medidas eficazes para garantir que a declara\u00e7\u00e3o seja feita corretamente e dentro do prazo estipulado.<\/p>\n\n\n\n<h2 class=\"wp-block-heading\">Como os idosos podem se preparar para a declara\u00e7\u00e3o do imposto de renda?<\/h2>\n\n\n\n<p>Para se preparar adequadamente para a declara\u00e7\u00e3o do Imposto de Renda, os idosos do INSS devem seguir algumas etapas essenciais. Primeiramente, \u00e9 recomend\u00e1vel reunir todos os documentos necess\u00e1rios, como comprovantes de rendimentos, recibos de despesas m\u00e9dicas e informa\u00e7\u00f5es sobre bens e direitos. Al\u00e9m disso, \u00e9 importante revisar as regras de isen\u00e7\u00e3o e dedu\u00e7\u00f5es dispon\u00edveis para aposentados, pois isso pode impactar o valor final do imposto a ser pago.<\/p>\n\n\n\n<p>Outra dica valiosa \u00e9 buscar orienta\u00e7\u00e3o profissional, caso haja d\u00favidas sobre o preenchimento da declara\u00e7\u00e3o. Contadores e consultores fiscais podem oferecer suporte especializado, garantindo que todas as informa\u00e7\u00f5es sejam reportadas corretamente. Com planejamento e aten\u00e7\u00e3o aos detalhes, os idosos do INSS podem cumprir suas obriga\u00e7\u00f5es fiscais de forma tranquila e sem surpresas desagrad\u00e1veis.<\/p>\n","protected":false},"excerpt":{"rendered":"<p>Em 2025, os benefici\u00e1rios do Instituto Nacional do Seguro Social (INSS) devem estar atentos \u00e0s obriga\u00e7\u00f5es fiscais, especialmente no que diz respeito \u00e0 declara\u00e7\u00e3o do Imposto de Renda. A Receita Federal estipulou que o prazo para a entrega da declara\u00e7\u00e3o referente aos rendimentos de 2024 come\u00e7ar\u00e1 em 17 de mar\u00e7o. Essa data \u00e9 crucial para [&hellip;]<\/p>\n","protected":false},"author":7,"featured_media":4316,"comment_status":"open","ping_status":"open","sticky":false,"template":"","format":"standard","meta":{"jnews-multi-image_gallery":[],"jnews_single_post":{"format":"standard"},"jnews_primary_category":[],"jnews_social_meta":[],"jnews_override_counter":[],"footnotes":""},"categories":[28],"tags":[716,490,713,174],"class_list":["post-23508","post","type-post","status-publish","format-standard","has-post-thumbnail","hentry","category-economia","tag-declaracao","tag-idoso","tag-imposto-de-renda","tag-inss"],"yoast_head":"<!-- This site is optimized with the Yoast SEO plugin v23.8 - https:\/\/yoast.com\/wordpress\/plugins\/seo\/ -->\n<title>Novas regras para declara\u00e7\u00e3o do Imposto de Renda de idosos do INSS - Estado de Minas - Em foco<\/title>\n<meta name=\"description\" content=\"IRPF 2025: Idosos do INSS, saibam tudo sobre isen\u00e7\u00e3o, dedu\u00e7\u00f5es e como declarar. Guia completo com dicas e novidades.\" \/>\n<meta name=\"robots\" content=\"index, follow, max-snippet:-1, max-image-preview:large, max-video-preview:-1\" \/>\n<link rel=\"canonical\" href=\"https:\/\/www.em.com.br\/emfoco\/2025\/02\/28\/novas-regras-para-declaracao-do-imposto-de-renda-de-idosos-do-inss\/\" \/>\n<meta property=\"og:locale\" content=\"pt_BR\" \/>\n<meta property=\"og:type\" content=\"article\" \/>\n<meta property=\"og:title\" content=\"Novas regras para declara\u00e7\u00e3o do Imposto de Renda de idosos do INSS - Estado de Minas - Em foco\" \/>\n<meta property=\"og:description\" content=\"IRPF 2025: Idosos do INSS, saibam tudo sobre isen\u00e7\u00e3o, dedu\u00e7\u00f5es e como declarar. Guia completo com dicas e novidades.\" \/>\n<meta property=\"og:url\" content=\"https:\/\/www.em.com.br\/emfoco\/2025\/02\/28\/novas-regras-para-declaracao-do-imposto-de-renda-de-idosos-do-inss\/\" \/>\n<meta property=\"og:site_name\" content=\"Estado de Minas - Em foco\" \/>\n<meta property=\"article:published_time\" content=\"2025-02-28T23:20:10+00:00\" \/>\n<meta property=\"article:modified_time\" content=\"2025-02-28T04:25:32+00:00\" \/>\n<meta property=\"og:image\" content=\"https:\/\/www.em.com.br\/emfoco\/wp-content\/uploads\/2024\/12\/INSS_1733878558676.jpg\" \/>\n\t<meta property=\"og:image:width\" content=\"1280\" \/>\n\t<meta property=\"og:image:height\" content=\"720\" \/>\n\t<meta property=\"og:image:type\" content=\"image\/jpeg\" \/>\n<meta name=\"author\" content=\"Kelvin\" \/>\n<meta name=\"twitter:card\" content=\"summary_large_image\" \/>\n<meta name=\"twitter:label1\" content=\"Escrito por\" \/>\n\t<meta name=\"twitter:data1\" content=\"Kelvin\" \/>\n\t<meta name=\"twitter:label2\" content=\"Est. tempo de leitura\" \/>\n\t<meta name=\"twitter:data2\" content=\"4 minutos\" \/>\n<!-- \/ Yoast SEO plugin. -->","yoast_head_json":{"title":"Novas regras para declara\u00e7\u00e3o do Imposto de Renda de idosos do INSS - Estado de Minas - Em foco","description":"IRPF 2025: Idosos do INSS, saibam tudo sobre isen\u00e7\u00e3o, dedu\u00e7\u00f5es e como declarar. Guia completo com dicas e novidades.","robots":{"index":"index","follow":"follow","max-snippet":"max-snippet:-1","max-image-preview":"max-image-preview:large","max-video-preview":"max-video-preview:-1"},"canonical":"https:\/\/www.em.com.br\/emfoco\/2025\/02\/28\/novas-regras-para-declaracao-do-imposto-de-renda-de-idosos-do-inss\/","og_locale":"pt_BR","og_type":"article","og_title":"Novas regras para declara\u00e7\u00e3o do Imposto de Renda de idosos do INSS - Estado de Minas - Em foco","og_description":"IRPF 2025: Idosos do INSS, saibam tudo sobre isen\u00e7\u00e3o, dedu\u00e7\u00f5es e como declarar. Guia completo com dicas e novidades.","og_url":"https:\/\/www.em.com.br\/emfoco\/2025\/02\/28\/novas-regras-para-declaracao-do-imposto-de-renda-de-idosos-do-inss\/","og_site_name":"Estado de Minas - Em foco","article_published_time":"2025-02-28T23:20:10+00:00","article_modified_time":"2025-02-28T04:25:32+00:00","og_image":[{"width":1280,"height":720,"url":"https:\/\/www.em.com.br\/emfoco\/wp-content\/uploads\/2024\/12\/INSS_1733878558676.jpg","type":"image\/jpeg"}],"author":"Kelvin","twitter_card":"summary_large_image","twitter_misc":{"Escrito por":"Kelvin","Est. tempo de leitura":"4 minutos"},"schema":{"@context":"https:\/\/schema.org","@graph":[{"@type":"WebPage","@id":"https:\/\/www.em.com.br\/emfoco\/2025\/02\/28\/novas-regras-para-declaracao-do-imposto-de-renda-de-idosos-do-inss\/","url":"https:\/\/www.em.com.br\/emfoco\/2025\/02\/28\/novas-regras-para-declaracao-do-imposto-de-renda-de-idosos-do-inss\/","name":"Novas regras para declara\u00e7\u00e3o do Imposto de Renda de idosos do INSS - Estado de Minas - Em foco","isPartOf":{"@id":"https:\/\/www.em.com.br\/emfoco\/#website"},"primaryImageOfPage":{"@id":"https:\/\/www.em.com.br\/emfoco\/2025\/02\/28\/novas-regras-para-declaracao-do-imposto-de-renda-de-idosos-do-inss\/#primaryimage"},"image":{"@id":"https:\/\/www.em.com.br\/emfoco\/2025\/02\/28\/novas-regras-para-declaracao-do-imposto-de-renda-de-idosos-do-inss\/#primaryimage"},"thumbnailUrl":"https:\/\/www.em.com.br\/emfoco\/wp-content\/uploads\/2024\/12\/INSS_1733878558676.jpg","datePublished":"2025-02-28T23:20:10+00:00","dateModified":"2025-02-28T04:25:32+00:00","author":{"@id":"https:\/\/www.em.com.br\/emfoco\/#\/schema\/person\/fb0a7f48c6fbb94b83f413a80f61917d"},"description":"IRPF 2025: Idosos do INSS, saibam tudo sobre isen\u00e7\u00e3o, dedu\u00e7\u00f5es e como declarar. Guia completo com dicas e novidades.","breadcrumb":{"@id":"https:\/\/www.em.com.br\/emfoco\/2025\/02\/28\/novas-regras-para-declaracao-do-imposto-de-renda-de-idosos-do-inss\/#breadcrumb"},"inLanguage":"pt-BR","potentialAction":[{"@type":"ReadAction","target":["https:\/\/www.em.com.br\/emfoco\/2025\/02\/28\/novas-regras-para-declaracao-do-imposto-de-renda-de-idosos-do-inss\/"]}]},{"@type":"ImageObject","inLanguage":"pt-BR","@id":"https:\/\/www.em.com.br\/emfoco\/2025\/02\/28\/novas-regras-para-declaracao-do-imposto-de-renda-de-idosos-do-inss\/#primaryimage","url":"https:\/\/www.em.com.br\/emfoco\/wp-content\/uploads\/2024\/12\/INSS_1733878558676.jpg","contentUrl":"https:\/\/www.em.com.br\/emfoco\/wp-content\/uploads\/2024\/12\/INSS_1733878558676.jpg","width":1280,"height":720,"caption":"MEU INSS- Cr\u00e9ditos: depositphotos.com \/ rafapress"},{"@type":"BreadcrumbList","@id":"https:\/\/www.em.com.br\/emfoco\/2025\/02\/28\/novas-regras-para-declaracao-do-imposto-de-renda-de-idosos-do-inss\/#breadcrumb","itemListElement":[{"@type":"ListItem","position":1,"name":"In\u00edcio","item":"https:\/\/www.em.com.br\/emfoco\/"},{"@type":"ListItem","position":2,"name":"Novas regras para declara\u00e7\u00e3o do Imposto de Renda de idosos do INSS"}]},{"@type":"WebSite","@id":"https:\/\/www.em.com.br\/emfoco\/#website","url":"https:\/\/www.em.com.br\/emfoco\/","name":"Estado de Minas - Em foco","description":"Acompanhe as \u00faltimas not\u00edcias e fique bem informado sobre tudo o que acontece em Minas Gerais, Brasil e no mundo.","potentialAction":[{"@type":"SearchAction","target":{"@type":"EntryPoint","urlTemplate":"https:\/\/www.em.com.br\/emfoco\/?s={search_term_string}"},"query-input":{"@type":"PropertyValueSpecification","valueRequired":true,"valueName":"search_term_string"}}],"inLanguage":"pt-BR"},{"@type":"Person","@id":"https:\/\/www.em.com.br\/emfoco\/#\/schema\/person\/fb0a7f48c6fbb94b83f413a80f61917d","name":"Kelvin","image":{"@type":"ImageObject","inLanguage":"pt-BR","@id":"https:\/\/www.em.com.br\/emfoco\/#\/schema\/person\/image\/","url":"https:\/\/secure.gravatar.com\/avatar\/e74f84337e6bf6c4c5e88fbdffa05270?s=96&d=mm&r=g","contentUrl":"https:\/\/secure.gravatar.com\/avatar\/e74f84337e6bf6c4c5e88fbdffa05270?s=96&d=mm&r=g","caption":"Kelvin"},"sameAs":["https:\/\/www.em.com.br\/emfoco"],"url":"https:\/\/www.em.com.br\/emfoco\/author\/kelvinmyth\/"}]}},"_links":{"self":[{"href":"https:\/\/www.em.com.br\/emfoco\/wp-json\/wp\/v2\/posts\/23508","targetHints":{"allow":["GET"]}}],"collection":[{"href":"https:\/\/www.em.com.br\/emfoco\/wp-json\/wp\/v2\/posts"}],"about":[{"href":"https:\/\/www.em.com.br\/emfoco\/wp-json\/wp\/v2\/types\/post"}],"author":[{"embeddable":true,"href":"https:\/\/www.em.com.br\/emfoco\/wp-json\/wp\/v2\/users\/7"}],"replies":[{"embeddable":true,"href":"https:\/\/www.em.com.br\/emfoco\/wp-json\/wp\/v2\/comments?post=23508"}],"version-history":[{"count":4,"href":"https:\/\/www.em.com.br\/emfoco\/wp-json\/wp\/v2\/posts\/23508\/revisions"}],"predecessor-version":[{"id":23775,"href":"https:\/\/www.em.com.br\/emfoco\/wp-json\/wp\/v2\/posts\/23508\/revisions\/23775"}],"wp:featuredmedia":[{"embeddable":true,"href":"https:\/\/www.em.com.br\/emfoco\/wp-json\/wp\/v2\/media\/4316"}],"wp:attachment":[{"href":"https:\/\/www.em.com.br\/emfoco\/wp-json\/wp\/v2\/media?parent=23508"}],"wp:term":[{"taxonomy":"category","embeddable":true,"href":"https:\/\/www.em.com.br\/emfoco\/wp-json\/wp\/v2\/categories?post=23508"},{"taxonomy":"post_tag","embeddable":true,"href":"https:\/\/www.em.com.br\/emfoco\/wp-json\/wp\/v2\/tags?post=23508"}],"curies":[{"name":"wp","href":"https:\/\/api.w.org\/{rel}","templated":true}]}}