{"id":23504,"date":"2025-02-28T20:00:39","date_gmt":"2025-02-28T23:00:39","guid":{"rendered":"https:\/\/www.em.com.br\/emfoco\/?p=23504"},"modified":"2025-06-16T12:36:35","modified_gmt":"2025-06-16T15:36:35","slug":"montadora-revoluciona-mercado-com-novos-hibridos-plug-in","status":"publish","type":"post","link":"https:\/\/www.em.com.br\/emfoco\/2025\/02\/28\/montadora-revoluciona-mercado-com-novos-hibridos-plug-in\/","title":{"rendered":"Montadora revoluciona mercado com novos carros h\u00edbridos plug-in"},"content":{"rendered":"\n<p>A <strong><a href=\"https:\/\/caoachery.com.br\/\" target=\"_blank\" rel=\"noreferrer noopener\">Caoa Chery<\/a><\/strong> acaba de soltar no mercado duas novidades que est\u00e3o chamando aten\u00e7\u00e3o. S\u00e3o carros h\u00edbridos que voc\u00ea pode carregar na tomada de casa, mas que tamb\u00e9m rodam com gasolina quando precisa. \u00c9 como ter dois carros em um s\u00f3.<\/p>\n\n\n\n<p>Esses modelos chegam numa hora perfeita. Todo mundo quer economizar combust\u00edvel, mas ainda tem medo de ficar na m\u00e3o com carro el\u00e9trico. Os h\u00edbridos da <strong>Chery<\/strong> resolvem esse dilema de um jeito inteligente.<\/p>\n\n\n\n<h2 class=\"wp-block-heading\">Por que esses carros h\u00edbridos s\u00e3o diferentes?<\/h2>\n\n\n\n<p>Os novos <strong>Tiggo 7 Pro<\/strong> e <strong>Tiggo 8<\/strong> h\u00edbridos da <strong>Caoa Chery<\/strong> n\u00e3o s\u00e3o como aqueles <a href=\"https:\/\/www.em.com.br\/emfoco\/2024\/12\/27\/um-adeus-para-nunca-mais-confira\/\" target=\"_blank\" rel=\"noreferrer noopener\">h\u00edbridos <\/a>antigos que s\u00f3 economizavam um pouquinho. Esses voc\u00ea pode plugar na tomada e rodar v\u00e1rios quil\u00f4metros s\u00f3 no modo el\u00e9trico. Quando a bateria acaba, o motor a gasolina entra em a\u00e7\u00e3o.<\/p>\n\n\n\n<p>A diferen\u00e7a est\u00e1 na bateria maior. Ela guarda energia suficiente para voc\u00ea fazer o trajeto casa-trabalho s\u00f3 com eletricidade. No fim de semana, quando vai viajar, usa a gasolina normalmente. \u00c9 praticidade total para quem quer experimentar o mundo el\u00e9trico sem pressa.<\/p>\n\n\n\n<h2 class=\"wp-block-heading\">Como funciona o dia a dia com um carro h\u00edbrido plug-in?<\/h2>\n\n\n\n<p>No come\u00e7o pode parecer complicado, mas \u00e9 mais simples do que parece. Voc\u00ea chega em casa e pluga o carro na tomada, igual ao celular. Durante a noite, ele carrega. No outro dia, sai de casa com a bateria cheia para usar no tr\u00e2nsito da cidade.<\/p>\n\n\n\n<p>O legal \u00e9 que voc\u00ea nem precisa se preocupar muito. Se esquecer de carregar, o carro funciona normalmente com gasolina. Se a bateria acabar no meio do caminho, tamb\u00e9m n\u00e3o tem problema. O motor a combust\u00e3o assume e voc\u00ea continua dirigindo como se nada tivesse acontecido.<\/p>\n\n\n\n<h2 class=\"wp-block-heading\">Quanto custa manter um carro desses?<\/h2>\n\n\n\n<p>A manuten\u00e7\u00e3o \u00e9 um pouco diferente dos carros normais. Tem mais eletr\u00f4nica envolvida, ent\u00e3o precisa de oficina que entenda do assunto. Mas a <strong>Caoa Chery<\/strong> promete dar todo o suporte necess\u00e1rio para os donos.<\/p>\n\n\n\n<p>O lado bom \u00e9 a economia no combust\u00edvel. Se voc\u00ea conseguir rodar mais no modo el\u00e9trico, vai gastar muito menos no posto. A conta de luz pode subir um pouco, mas ainda sai mais barato que gasolina. Para quem anda muito na cidade, a economia pode ser bem significativa.<\/p>\n\n\n\n<h2 class=\"wp-block-heading\">Vale a pena comprar um h\u00edbrido plug-in agora?<\/h2>\n\n\n<div class=\"wp-block-image\">\n<figure class=\"aligncenter size-large\"><img loading=\"lazy\" decoding=\"async\" width=\"1024\" height=\"576\" src=\"https:\/\/www.em.com.br\/emfoco\/wp-content\/uploads\/2024\/12\/Carro-eletrico_1733203705518-1024x576.jpg\" alt=\"\" class=\"wp-image-2881\" srcset=\"https:\/\/www.em.com.br\/emfoco\/wp-content\/uploads\/2024\/12\/Carro-eletrico_1733203705518-1024x576.jpg 1024w, https:\/\/www.em.com.br\/emfoco\/wp-content\/uploads\/2024\/12\/Carro-eletrico_1733203705518-300x169.jpg 300w, https:\/\/www.em.com.br\/emfoco\/wp-content\/uploads\/2024\/12\/Carro-eletrico_1733203705518-768x432.jpg 768w, https:\/\/www.em.com.br\/emfoco\/wp-content\/uploads\/2024\/12\/Carro-eletrico_1733203705518-750x422.jpg 750w, https:\/\/www.em.com.br\/emfoco\/wp-content\/uploads\/2024\/12\/Carro-eletrico_1733203705518-1140x641.jpg 1140w, https:\/\/www.em.com.br\/emfoco\/wp-content\/uploads\/2024\/12\/Carro-eletrico_1733203705518.jpg 1280w\" sizes=\"auto, (max-width: 1024px) 100vw, 1024px\" \/><figcaption class=\"wp-element-caption\">Carro eletrico &#8211; Cr\u00e9ditos: depositphotos.com \/ kasto<\/figcaption><\/figure><\/div>\n\n\n<p>Se voc\u00ea est\u00e1 pensando em trocar de carro e quer experimentar algo novo, pode ser uma boa. Os h\u00edbridos plug-in s\u00e3o uma ponte entre o mundo dos carros normais e o futuro el\u00e9trico. Voc\u00ea testa a tecnologia sem correr muito risco.<\/p>\n\n\n\n<p>O pre\u00e7o ainda n\u00e3o \u00e9 dos mais baratos, mas est\u00e1 ficando mais acess\u00edvel. Al\u00e9m disso, alguns estados oferecem desconto no <strong>IPVA<\/strong> para carros h\u00edbridos. Na hora da revenda, esses carros tendem a manter valor melhor que os modelos convencionais.<\/p>\n\n\n\n<h2 class=\"wp-block-heading\">O que esperar do futuro dos carros h\u00edbridos?<\/h2>\n\n\n\n<p>A tend\u00eancia \u00e9 que mais marcas lancem modelos h\u00edbridos plug-in. \u00c9 uma tecnologia que faz sentido para o <strong>Brasil<\/strong>, onde ainda falta estrutura para carros 100% el\u00e9tricos. Os h\u00edbridos permitem que as pessoas se acostumem gradualmente com a ideia de carregar o carro em casa.<\/p>\n\n\n\n<p>A <strong>Caoa Chery<\/strong> est\u00e1 apostando forte nessa tecnologia. Se der certo, outras marcas chinesas devem seguir o mesmo caminho. Para o consumidor, isso significa mais op\u00e7\u00f5es e pre\u00e7os melhores. \u00c9 evolu\u00e7\u00e3o natural do mercado.<\/p>\n","protected":false},"excerpt":{"rendered":"<p>A Caoa Chery acaba de soltar no mercado duas novidades que est\u00e3o chamando aten\u00e7\u00e3o. S\u00e3o carros h\u00edbridos que voc\u00ea pode carregar na tomada de casa, mas que tamb\u00e9m rodam com gasolina quando precisa. \u00c9 como ter dois carros em um s\u00f3. Esses modelos chegam numa hora perfeita. Todo mundo quer economizar combust\u00edvel, mas ainda tem [&hellip;]<\/p>\n","protected":false},"author":7,"featured_media":8693,"comment_status":"open","ping_status":"open","sticky":false,"template":"","format":"standard","meta":{"jnews-multi-image_gallery":[],"jnews_single_post":{"format":"standard"},"jnews_primary_category":[],"jnews_social_meta":[],"jnews_override_counter":[],"footnotes":""},"categories":[27],"tags":[5706,5707,5708,2303],"class_list":["post-23504","post","type-post","status-publish","format-standard","has-post-thumbnail","hentry","category-carros","tag-phev","tag-tiggo-7-pro-plug-in-hybrid","tag-tiggo-8-phev","tag-veiculo-hibrido"],"yoast_head":"<!-- This site is optimized with the Yoast SEO plugin v23.8 - https:\/\/yoast.com\/wordpress\/plugins\/seo\/ -->\n<title>Montadora revoluciona mercado com novos carros h\u00edbridos plug-in - Estado de Minas - Em foco<\/title>\n<meta name=\"description\" content=\"Caoa Chery lan\u00e7a novos h\u00edbridos plug-in com tecnologia de ponta e design inovador. Descubra a nova era da mobilidade sustent\u00e1vel.\" \/>\n<meta name=\"robots\" content=\"index, follow, max-snippet:-1, max-image-preview:large, max-video-preview:-1\" \/>\n<link rel=\"canonical\" href=\"https:\/\/www.em.com.br\/emfoco\/2025\/02\/28\/montadora-revoluciona-mercado-com-novos-hibridos-plug-in\/\" \/>\n<meta property=\"og:locale\" content=\"pt_BR\" \/>\n<meta property=\"og:type\" content=\"article\" \/>\n<meta property=\"og:title\" content=\"Montadora revoluciona mercado com novos carros h\u00edbridos plug-in - Estado de Minas - Em foco\" \/>\n<meta property=\"og:description\" content=\"Caoa Chery lan\u00e7a novos h\u00edbridos plug-in com tecnologia de ponta e design inovador. Descubra a nova era da mobilidade sustent\u00e1vel.\" \/>\n<meta property=\"og:url\" content=\"https:\/\/www.em.com.br\/emfoco\/2025\/02\/28\/montadora-revoluciona-mercado-com-novos-hibridos-plug-in\/\" \/>\n<meta property=\"og:site_name\" content=\"Estado de Minas - Em foco\" \/>\n<meta property=\"article:published_time\" content=\"2025-02-28T23:00:39+00:00\" \/>\n<meta property=\"article:modified_time\" content=\"2025-06-16T15:36:35+00:00\" \/>\n<meta property=\"og:image\" content=\"https:\/\/www.em.com.br\/emfoco\/wp-content\/uploads\/2025\/01\/Cheap-Car_1736137604049.jpg\" \/>\n\t<meta property=\"og:image:width\" content=\"1280\" \/>\n\t<meta property=\"og:image:height\" content=\"720\" \/>\n\t<meta property=\"og:image:type\" content=\"image\/jpeg\" \/>\n<meta name=\"author\" content=\"Kelvin\" \/>\n<meta name=\"twitter:card\" content=\"summary_large_image\" \/>\n<meta name=\"twitter:label1\" content=\"Escrito por\" \/>\n\t<meta name=\"twitter:data1\" content=\"Kelvin\" \/>\n\t<meta name=\"twitter:label2\" content=\"Est. tempo de leitura\" \/>\n\t<meta name=\"twitter:data2\" content=\"4 minutos\" \/>\n<!-- \/ Yoast SEO plugin. -->","yoast_head_json":{"title":"Montadora revoluciona mercado com novos carros h\u00edbridos plug-in - Estado de Minas - Em foco","description":"Caoa Chery lan\u00e7a novos h\u00edbridos plug-in com tecnologia de ponta e design inovador. Descubra a nova era da mobilidade sustent\u00e1vel.","robots":{"index":"index","follow":"follow","max-snippet":"max-snippet:-1","max-image-preview":"max-image-preview:large","max-video-preview":"max-video-preview:-1"},"canonical":"https:\/\/www.em.com.br\/emfoco\/2025\/02\/28\/montadora-revoluciona-mercado-com-novos-hibridos-plug-in\/","og_locale":"pt_BR","og_type":"article","og_title":"Montadora revoluciona mercado com novos carros h\u00edbridos plug-in - Estado de Minas - Em foco","og_description":"Caoa Chery lan\u00e7a novos h\u00edbridos plug-in com tecnologia de ponta e design inovador. Descubra a nova era da mobilidade sustent\u00e1vel.","og_url":"https:\/\/www.em.com.br\/emfoco\/2025\/02\/28\/montadora-revoluciona-mercado-com-novos-hibridos-plug-in\/","og_site_name":"Estado de Minas - Em foco","article_published_time":"2025-02-28T23:00:39+00:00","article_modified_time":"2025-06-16T15:36:35+00:00","og_image":[{"width":1280,"height":720,"url":"https:\/\/www.em.com.br\/emfoco\/wp-content\/uploads\/2025\/01\/Cheap-Car_1736137604049.jpg","type":"image\/jpeg"}],"author":"Kelvin","twitter_card":"summary_large_image","twitter_misc":{"Escrito por":"Kelvin","Est. tempo de leitura":"4 minutos"},"schema":{"@context":"https:\/\/schema.org","@graph":[{"@type":"WebPage","@id":"https:\/\/www.em.com.br\/emfoco\/2025\/02\/28\/montadora-revoluciona-mercado-com-novos-hibridos-plug-in\/","url":"https:\/\/www.em.com.br\/emfoco\/2025\/02\/28\/montadora-revoluciona-mercado-com-novos-hibridos-plug-in\/","name":"Montadora revoluciona mercado com novos carros h\u00edbridos plug-in - Estado de Minas - Em foco","isPartOf":{"@id":"https:\/\/www.em.com.br\/emfoco\/#website"},"primaryImageOfPage":{"@id":"https:\/\/www.em.com.br\/emfoco\/2025\/02\/28\/montadora-revoluciona-mercado-com-novos-hibridos-plug-in\/#primaryimage"},"image":{"@id":"https:\/\/www.em.com.br\/emfoco\/2025\/02\/28\/montadora-revoluciona-mercado-com-novos-hibridos-plug-in\/#primaryimage"},"thumbnailUrl":"https:\/\/www.em.com.br\/emfoco\/wp-content\/uploads\/2025\/01\/Cheap-Car_1736137604049.jpg","datePublished":"2025-02-28T23:00:39+00:00","dateModified":"2025-06-16T15:36:35+00:00","author":{"@id":"https:\/\/www.em.com.br\/emfoco\/#\/schema\/person\/fb0a7f48c6fbb94b83f413a80f61917d"},"description":"Caoa Chery lan\u00e7a novos h\u00edbridos plug-in com tecnologia de ponta e design inovador. Descubra a nova era da mobilidade sustent\u00e1vel.","breadcrumb":{"@id":"https:\/\/www.em.com.br\/emfoco\/2025\/02\/28\/montadora-revoluciona-mercado-com-novos-hibridos-plug-in\/#breadcrumb"},"inLanguage":"pt-BR","potentialAction":[{"@type":"ReadAction","target":["https:\/\/www.em.com.br\/emfoco\/2025\/02\/28\/montadora-revoluciona-mercado-com-novos-hibridos-plug-in\/"]}]},{"@type":"ImageObject","inLanguage":"pt-BR","@id":"https:\/\/www.em.com.br\/emfoco\/2025\/02\/28\/montadora-revoluciona-mercado-com-novos-hibridos-plug-in\/#primaryimage","url":"https:\/\/www.em.com.br\/emfoco\/wp-content\/uploads\/2025\/01\/Cheap-Car_1736137604049.jpg","contentUrl":"https:\/\/www.em.com.br\/emfoco\/wp-content\/uploads\/2025\/01\/Cheap-Car_1736137604049.jpg","width":1280,"height":720,"caption":"Carros - Cr\u00e9ditos: depositphotos.com \/ natakot"},{"@type":"BreadcrumbList","@id":"https:\/\/www.em.com.br\/emfoco\/2025\/02\/28\/montadora-revoluciona-mercado-com-novos-hibridos-plug-in\/#breadcrumb","itemListElement":[{"@type":"ListItem","position":1,"name":"In\u00edcio","item":"https:\/\/www.em.com.br\/emfoco\/"},{"@type":"ListItem","position":2,"name":"Montadora revoluciona mercado com novos carros h\u00edbridos plug-in"}]},{"@type":"WebSite","@id":"https:\/\/www.em.com.br\/emfoco\/#website","url":"https:\/\/www.em.com.br\/emfoco\/","name":"Estado de Minas - Em foco","description":"Acompanhe as \u00faltimas not\u00edcias e fique bem informado sobre tudo o que acontece em Minas Gerais, Brasil e no mundo.","potentialAction":[{"@type":"SearchAction","target":{"@type":"EntryPoint","urlTemplate":"https:\/\/www.em.com.br\/emfoco\/?s={search_term_string}"},"query-input":{"@type":"PropertyValueSpecification","valueRequired":true,"valueName":"search_term_string"}}],"inLanguage":"pt-BR"},{"@type":"Person","@id":"https:\/\/www.em.com.br\/emfoco\/#\/schema\/person\/fb0a7f48c6fbb94b83f413a80f61917d","name":"Kelvin","image":{"@type":"ImageObject","inLanguage":"pt-BR","@id":"https:\/\/www.em.com.br\/emfoco\/#\/schema\/person\/image\/","url":"https:\/\/secure.gravatar.com\/avatar\/e74f84337e6bf6c4c5e88fbdffa05270?s=96&d=mm&r=g","contentUrl":"https:\/\/secure.gravatar.com\/avatar\/e74f84337e6bf6c4c5e88fbdffa05270?s=96&d=mm&r=g","caption":"Kelvin"},"sameAs":["https:\/\/www.em.com.br\/emfoco"],"url":"https:\/\/www.em.com.br\/emfoco\/author\/kelvinmyth\/"}]}},"_links":{"self":[{"href":"https:\/\/www.em.com.br\/emfoco\/wp-json\/wp\/v2\/posts\/23504","targetHints":{"allow":["GET"]}}],"collection":[{"href":"https:\/\/www.em.com.br\/emfoco\/wp-json\/wp\/v2\/posts"}],"about":[{"href":"https:\/\/www.em.com.br\/emfoco\/wp-json\/wp\/v2\/types\/post"}],"author":[{"embeddable":true,"href":"https:\/\/www.em.com.br\/emfoco\/wp-json\/wp\/v2\/users\/7"}],"replies":[{"embeddable":true,"href":"https:\/\/www.em.com.br\/emfoco\/wp-json\/wp\/v2\/comments?post=23504"}],"version-history":[{"count":5,"href":"https:\/\/www.em.com.br\/emfoco\/wp-json\/wp\/v2\/posts\/23504\/revisions"}],"predecessor-version":[{"id":61568,"href":"https:\/\/www.em.com.br\/emfoco\/wp-json\/wp\/v2\/posts\/23504\/revisions\/61568"}],"wp:featuredmedia":[{"embeddable":true,"href":"https:\/\/www.em.com.br\/emfoco\/wp-json\/wp\/v2\/media\/8693"}],"wp:attachment":[{"href":"https:\/\/www.em.com.br\/emfoco\/wp-json\/wp\/v2\/media?parent=23504"}],"wp:term":[{"taxonomy":"category","embeddable":true,"href":"https:\/\/www.em.com.br\/emfoco\/wp-json\/wp\/v2\/categories?post=23504"},{"taxonomy":"post_tag","embeddable":true,"href":"https:\/\/www.em.com.br\/emfoco\/wp-json\/wp\/v2\/tags?post=23504"}],"curies":[{"name":"wp","href":"https:\/\/api.w.org\/{rel}","templated":true}]}}