{"id":23475,"date":"2025-02-28T11:20:13","date_gmt":"2025-02-28T14:20:13","guid":{"rendered":"https:\/\/www.em.com.br\/emfoco\/?p=23475"},"modified":"2025-02-28T00:18:50","modified_gmt":"2025-02-28T03:18:50","slug":"o-programa-minha-casa-minha-vida-libera-mais-moradias-acessiveis","status":"publish","type":"post","link":"https:\/\/www.em.com.br\/emfoco\/2025\/02\/28\/o-programa-minha-casa-minha-vida-libera-mais-moradias-acessiveis\/","title":{"rendered":"O programa Minha Casa Minha Vida libera mais moradias acess\u00edveis"},"content":{"rendered":"\n<p>O programa <strong>Minha Casa, Minha Vida<\/strong> continua a desempenhar um papel crucial na promo\u00e7\u00e3o do acesso \u00e0 moradia no <strong>Brasil<\/strong>. Recentemente, o <strong>Minist\u00e9rio das Cidades <\/strong>anunciou a contrata\u00e7\u00e3o de 2 mil novas unidades habitacionais, que beneficiar\u00e3o moradores de 20 munic\u00edpios em diferentes estados. Este avan\u00e7o representa uma oportunidade significativa para milhares de fam\u00edlias realizarem o sonho da casa pr\u00f3pria.<\/p>\n\n\n\n<p>O objetivo do programa \u00e9 facilitar a aquisi\u00e7\u00e3o de <a href=\"https:\/\/www.em.com.br\/emfoco\/2025\/02\/14\/as-cidades-mais-caras-para-se-comprar-imoveis-no-brasil\/\" target=\"_blank\" rel=\"noreferrer noopener\">im\u00f3veis <\/a>para fam\u00edlias de baixa renda, oferecendo condi\u00e7\u00f5es especiais de financiamento. Com juros reduzidos e prazos de pagamento estendidos, o Minha Casa, Minha Vida busca tornar a moradia acess\u00edvel a um n\u00famero cada vez maior de brasileiros.<\/p>\n\n\n\n<h2 class=\"wp-block-heading\">Como o programa beneficia as fam\u00edlias?<\/h2>\n\n\n\n<p>O <em><a href=\"https:\/\/www.caixa.gov.br\/voce\/habitacao\/minha-casa-minha-vida\/Paginas\/default.aspx\" target=\"_blank\" rel=\"noreferrer noopener\">Minha Casa, Minha Vida<\/a><\/em> foi concebido para atender fam\u00edlias que enfrentam dificuldades em acessar o mercado imobili\u00e1rio tradicional. O programa oferece uma s\u00e9rie de vantagens, como subs\u00eddios governamentais e condi\u00e7\u00f5es de financiamento mais favor\u00e1veis. Essas medidas visam reduzir a carga financeira sobre as fam\u00edlias, permitindo que elas adquiram um im\u00f3vel com maior facilidade.<\/p>\n\n\n<div class=\"wp-block-image\">\n<figure class=\"aligncenter size-large\"><img loading=\"lazy\" decoding=\"async\" width=\"1024\" height=\"576\" src=\"https:\/\/www.em.com.br\/emfoco\/wp-content\/uploads\/2024\/12\/Casa_1734995654714-1024x576.jpg\" alt=\"Expans\u00e3o Minha Casa Minha Vida mais moradias acess\u00edveis\" class=\"wp-image-6344\" srcset=\"https:\/\/www.em.com.br\/emfoco\/wp-content\/uploads\/2024\/12\/Casa_1734995654714-1024x576.jpg 1024w, https:\/\/www.em.com.br\/emfoco\/wp-content\/uploads\/2024\/12\/Casa_1734995654714-300x169.jpg 300w, https:\/\/www.em.com.br\/emfoco\/wp-content\/uploads\/2024\/12\/Casa_1734995654714-768x432.jpg 768w, https:\/\/www.em.com.br\/emfoco\/wp-content\/uploads\/2024\/12\/Casa_1734995654714-750x422.jpg 750w, https:\/\/www.em.com.br\/emfoco\/wp-content\/uploads\/2024\/12\/Casa_1734995654714-1140x641.jpg 1140w, https:\/\/www.em.com.br\/emfoco\/wp-content\/uploads\/2024\/12\/Casa_1734995654714.jpg 1280w\" sizes=\"auto, (max-width: 1024px) 100vw, 1024px\" \/><figcaption class=\"wp-element-caption\">Minha Casa Minha Vida &#8211; Cr\u00e9ditos: depositphotos.com \/ HayDmitriy<\/figcaption><\/figure><\/div>\n\n\n<p>As novas unidades habitacionais ser\u00e3o constru\u00eddas em duas modalidades principais: Rural e Entidades. Ambas as modalidades s\u00e3o projetadas para atender diferentes necessidades habitacionais, seja em \u00e1reas urbanas ou rurais, garantindo que as moradias sejam adequadas ao contexto de cada fam\u00edlia beneficiada.<\/p>\n\n\n\n<h2 class=\"wp-block-heading\">Quais munic\u00edpios ser\u00e3o beneficiados?<\/h2>\n\n\n\n<p>O Minist\u00e9rio das Cidades divulgou uma lista de munic\u00edpios que receber\u00e3o as novas unidades habitacionais. A distribui\u00e7\u00e3o abrange diversas regi\u00f5es do pa\u00eds, com destaque para o Nordeste, que receber\u00e1 uma quantidade significativa de novas moradias.<\/p>\n\n\n\n<ul class=\"wp-block-list\">\n<li><strong>Nordeste:<\/strong> Fortaleza (CE) com 538 novas moradias; Bacabal, Cidel\u00e2ndia, Itapecuru Mirim, Jenipapo dos Vieiras, Nova Olinda e Pindar\u00e9-Mirim (MA) com 443 unidades; Lajes, S\u00e3o Jos\u00e9 do Campestre, Pureza e Umarizal (RN) com 250 unidades; Bayeux e Cuitegi (PB) com 243 unidades; Sim\u00e3o Dias (SE) com 100 unidades.<\/li>\n\n\n\n<li><strong>Centro-Oeste:<\/strong> Luzi\u00e2nia (GO) com 300 novas unidades.<\/li>\n\n\n\n<li><strong>Norte:<\/strong> Gurupi, Porto Alegre do Tocantins e Porto Nacional (TO) com 250 unidades.<\/li>\n\n\n\n<li><strong>Sudeste:<\/strong> Ribeir\u00e3o das Neves (MG) com 50 unidades; Santo Augusto (RS) com 25 unidades.<\/li>\n<\/ul>\n\n\n\n<h2 class=\"wp-block-heading\">Quais s\u00e3o as novas regras e modalidades?<\/h2>\n\n\n\n<p>Com a expans\u00e3o do programa, novas regras e modalidades foram introduzidas para otimizar o processo de aquisi\u00e7\u00e3o das moradias. Especialistas destacam que essas mudan\u00e7as visam tornar o programa mais inclusivo e eficiente, atendendo um p\u00fablico mais amplo e diversificado.<\/p>\n\n\n\n<p>Entre as altera\u00e7\u00f5es, est\u00e3o a amplia\u00e7\u00e3o dos crit\u00e9rios de elegibilidade e a introdu\u00e7\u00e3o de novas faixas de renda, permitindo que mais fam\u00edlias se qualifiquem para o programa. Al\u00e9m disso, h\u00e1 um foco crescente em garantir que as constru\u00e7\u00f5es sejam sustent\u00e1veis e adequadas \u00e0s necessidades das comunidades locais.<\/p>\n\n\n\n<h2 class=\"wp-block-heading\">O impacto social do programa<\/h2>\n\n\n\n<p>O <strong>Minha Casa, Minha Vida<\/strong> tem um impacto significativo na vida das fam\u00edlias beneficiadas, proporcionando n\u00e3o apenas um lar, mas tamb\u00e9m seguran\u00e7a e estabilidade. A aquisi\u00e7\u00e3o de uma casa pr\u00f3pria \u00e9 um passo importante para a melhoria da qualidade de vida, contribuindo para o desenvolvimento social e econ\u00f4mico das regi\u00f5es atendidas.<\/p>\n\n\n\n<p>Com a expans\u00e3o cont\u00ednua do programa, espera-se que mais brasileiros possam ter acesso a uma moradia digna, promovendo a inclus\u00e3o social e reduzindo as desigualdades habitacionais no pa\u00eds.<\/p>\n","protected":false},"excerpt":{"rendered":"<p>O programa Minha Casa, Minha Vida continua a desempenhar um papel crucial na promo\u00e7\u00e3o do acesso \u00e0 moradia no Brasil. Recentemente, o Minist\u00e9rio das Cidades anunciou a contrata\u00e7\u00e3o de 2 mil novas unidades habitacionais, que beneficiar\u00e3o moradores de 20 munic\u00edpios em diferentes estados. Este avan\u00e7o representa uma oportunidade significativa para milhares de fam\u00edlias realizarem o [&hellip;]<\/p>\n","protected":false},"author":7,"featured_media":5740,"comment_status":"open","ping_status":"open","sticky":false,"template":"","format":"standard","meta":{"jnews-multi-image_gallery":[],"jnews_single_post":{"format":"standard"},"jnews_primary_category":[],"jnews_social_meta":[],"jnews_override_counter":[],"footnotes":""},"categories":[28],"tags":[622,1217,166,1768],"class_list":["post-23475","post","type-post","status-publish","format-standard","has-post-thumbnail","hentry","category-economia","tag-governo-federal","tag-habitacao","tag-lula","tag-moradia"],"yoast_head":"<!-- This site is optimized with the Yoast SEO plugin v23.8 - https:\/\/yoast.com\/wordpress\/plugins\/seo\/ -->\n<title>O programa Minha Casa Minha Vida libera mais moradias acess\u00edveis - Estado de Minas - Em foco<\/title>\n<meta name=\"description\" content=\"Explore as novas oportunidades que o Minha Casa Minha Vida oferece para realizar o sonho da casa pr\u00f3pria. Confira!\" \/>\n<meta name=\"robots\" content=\"index, follow, max-snippet:-1, max-image-preview:large, max-video-preview:-1\" \/>\n<link rel=\"canonical\" href=\"https:\/\/www.em.com.br\/emfoco\/2025\/02\/28\/o-programa-minha-casa-minha-vida-libera-mais-moradias-acessiveis\/\" \/>\n<meta property=\"og:locale\" content=\"pt_BR\" \/>\n<meta property=\"og:type\" content=\"article\" \/>\n<meta property=\"og:title\" content=\"O programa Minha Casa Minha Vida libera mais moradias acess\u00edveis - Estado de Minas - Em foco\" \/>\n<meta property=\"og:description\" content=\"Explore as novas oportunidades que o Minha Casa Minha Vida oferece para realizar o sonho da casa pr\u00f3pria. Confira!\" \/>\n<meta property=\"og:url\" content=\"https:\/\/www.em.com.br\/emfoco\/2025\/02\/28\/o-programa-minha-casa-minha-vida-libera-mais-moradias-acessiveis\/\" \/>\n<meta property=\"og:site_name\" content=\"Estado de Minas - Em foco\" \/>\n<meta property=\"article:published_time\" content=\"2025-02-28T14:20:13+00:00\" \/>\n<meta property=\"article:modified_time\" content=\"2025-02-28T03:18:50+00:00\" \/>\n<meta property=\"og:image\" content=\"https:\/\/www.em.com.br\/emfoco\/wp-content\/uploads\/2024\/12\/Casa_1734626445562.jpg\" \/>\n\t<meta property=\"og:image:width\" content=\"1280\" \/>\n\t<meta property=\"og:image:height\" content=\"720\" \/>\n\t<meta property=\"og:image:type\" content=\"image\/jpeg\" \/>\n<meta name=\"author\" content=\"Kelvin\" \/>\n<meta name=\"twitter:card\" content=\"summary_large_image\" \/>\n<meta name=\"twitter:label1\" content=\"Escrito por\" \/>\n\t<meta name=\"twitter:data1\" content=\"Kelvin\" \/>\n\t<meta name=\"twitter:label2\" content=\"Est. tempo de leitura\" \/>\n\t<meta name=\"twitter:data2\" content=\"4 minutos\" \/>\n<!-- \/ Yoast SEO plugin. -->","yoast_head_json":{"title":"O programa Minha Casa Minha Vida libera mais moradias acess\u00edveis - Estado de Minas - Em foco","description":"Explore as novas oportunidades que o Minha Casa Minha Vida oferece para realizar o sonho da casa pr\u00f3pria. Confira!","robots":{"index":"index","follow":"follow","max-snippet":"max-snippet:-1","max-image-preview":"max-image-preview:large","max-video-preview":"max-video-preview:-1"},"canonical":"https:\/\/www.em.com.br\/emfoco\/2025\/02\/28\/o-programa-minha-casa-minha-vida-libera-mais-moradias-acessiveis\/","og_locale":"pt_BR","og_type":"article","og_title":"O programa Minha Casa Minha Vida libera mais moradias acess\u00edveis - Estado de Minas - Em foco","og_description":"Explore as novas oportunidades que o Minha Casa Minha Vida oferece para realizar o sonho da casa pr\u00f3pria. Confira!","og_url":"https:\/\/www.em.com.br\/emfoco\/2025\/02\/28\/o-programa-minha-casa-minha-vida-libera-mais-moradias-acessiveis\/","og_site_name":"Estado de Minas - Em foco","article_published_time":"2025-02-28T14:20:13+00:00","article_modified_time":"2025-02-28T03:18:50+00:00","og_image":[{"width":1280,"height":720,"url":"https:\/\/www.em.com.br\/emfoco\/wp-content\/uploads\/2024\/12\/Casa_1734626445562.jpg","type":"image\/jpeg"}],"author":"Kelvin","twitter_card":"summary_large_image","twitter_misc":{"Escrito por":"Kelvin","Est. tempo de leitura":"4 minutos"},"schema":{"@context":"https:\/\/schema.org","@graph":[{"@type":"WebPage","@id":"https:\/\/www.em.com.br\/emfoco\/2025\/02\/28\/o-programa-minha-casa-minha-vida-libera-mais-moradias-acessiveis\/","url":"https:\/\/www.em.com.br\/emfoco\/2025\/02\/28\/o-programa-minha-casa-minha-vida-libera-mais-moradias-acessiveis\/","name":"O programa Minha Casa Minha Vida libera mais moradias acess\u00edveis - Estado de Minas - Em foco","isPartOf":{"@id":"https:\/\/www.em.com.br\/emfoco\/#website"},"primaryImageOfPage":{"@id":"https:\/\/www.em.com.br\/emfoco\/2025\/02\/28\/o-programa-minha-casa-minha-vida-libera-mais-moradias-acessiveis\/#primaryimage"},"image":{"@id":"https:\/\/www.em.com.br\/emfoco\/2025\/02\/28\/o-programa-minha-casa-minha-vida-libera-mais-moradias-acessiveis\/#primaryimage"},"thumbnailUrl":"https:\/\/www.em.com.br\/emfoco\/wp-content\/uploads\/2024\/12\/Casa_1734626445562.jpg","datePublished":"2025-02-28T14:20:13+00:00","dateModified":"2025-02-28T03:18:50+00:00","author":{"@id":"https:\/\/www.em.com.br\/emfoco\/#\/schema\/person\/fb0a7f48c6fbb94b83f413a80f61917d"},"description":"Explore as novas oportunidades que o Minha Casa Minha Vida oferece para realizar o sonho da casa pr\u00f3pria. Confira!","breadcrumb":{"@id":"https:\/\/www.em.com.br\/emfoco\/2025\/02\/28\/o-programa-minha-casa-minha-vida-libera-mais-moradias-acessiveis\/#breadcrumb"},"inLanguage":"pt-BR","potentialAction":[{"@type":"ReadAction","target":["https:\/\/www.em.com.br\/emfoco\/2025\/02\/28\/o-programa-minha-casa-minha-vida-libera-mais-moradias-acessiveis\/"]}]},{"@type":"ImageObject","inLanguage":"pt-BR","@id":"https:\/\/www.em.com.br\/emfoco\/2025\/02\/28\/o-programa-minha-casa-minha-vida-libera-mais-moradias-acessiveis\/#primaryimage","url":"https:\/\/www.em.com.br\/emfoco\/wp-content\/uploads\/2024\/12\/Casa_1734626445562.jpg","contentUrl":"https:\/\/www.em.com.br\/emfoco\/wp-content\/uploads\/2024\/12\/Casa_1734626445562.jpg","width":1280,"height":720,"caption":"Minha Casa - Cr\u00e9ditos: depositphotos.com \/ AntonMatyukha"},{"@type":"BreadcrumbList","@id":"https:\/\/www.em.com.br\/emfoco\/2025\/02\/28\/o-programa-minha-casa-minha-vida-libera-mais-moradias-acessiveis\/#breadcrumb","itemListElement":[{"@type":"ListItem","position":1,"name":"In\u00edcio","item":"https:\/\/www.em.com.br\/emfoco\/"},{"@type":"ListItem","position":2,"name":"O programa Minha Casa Minha Vida libera mais moradias acess\u00edveis"}]},{"@type":"WebSite","@id":"https:\/\/www.em.com.br\/emfoco\/#website","url":"https:\/\/www.em.com.br\/emfoco\/","name":"Estado de Minas - Em foco","description":"Acompanhe as \u00faltimas not\u00edcias e fique bem informado sobre tudo o que acontece em Minas Gerais, Brasil e no mundo.","potentialAction":[{"@type":"SearchAction","target":{"@type":"EntryPoint","urlTemplate":"https:\/\/www.em.com.br\/emfoco\/?s={search_term_string}"},"query-input":{"@type":"PropertyValueSpecification","valueRequired":true,"valueName":"search_term_string"}}],"inLanguage":"pt-BR"},{"@type":"Person","@id":"https:\/\/www.em.com.br\/emfoco\/#\/schema\/person\/fb0a7f48c6fbb94b83f413a80f61917d","name":"Kelvin","image":{"@type":"ImageObject","inLanguage":"pt-BR","@id":"https:\/\/www.em.com.br\/emfoco\/#\/schema\/person\/image\/","url":"https:\/\/secure.gravatar.com\/avatar\/e74f84337e6bf6c4c5e88fbdffa05270?s=96&d=mm&r=g","contentUrl":"https:\/\/secure.gravatar.com\/avatar\/e74f84337e6bf6c4c5e88fbdffa05270?s=96&d=mm&r=g","caption":"Kelvin"},"sameAs":["https:\/\/www.em.com.br\/emfoco"],"url":"https:\/\/www.em.com.br\/emfoco\/author\/kelvinmyth\/"}]}},"_links":{"self":[{"href":"https:\/\/www.em.com.br\/emfoco\/wp-json\/wp\/v2\/posts\/23475","targetHints":{"allow":["GET"]}}],"collection":[{"href":"https:\/\/www.em.com.br\/emfoco\/wp-json\/wp\/v2\/posts"}],"about":[{"href":"https:\/\/www.em.com.br\/emfoco\/wp-json\/wp\/v2\/types\/post"}],"author":[{"embeddable":true,"href":"https:\/\/www.em.com.br\/emfoco\/wp-json\/wp\/v2\/users\/7"}],"replies":[{"embeddable":true,"href":"https:\/\/www.em.com.br\/emfoco\/wp-json\/wp\/v2\/comments?post=23475"}],"version-history":[{"count":3,"href":"https:\/\/www.em.com.br\/emfoco\/wp-json\/wp\/v2\/posts\/23475\/revisions"}],"predecessor-version":[{"id":23762,"href":"https:\/\/www.em.com.br\/emfoco\/wp-json\/wp\/v2\/posts\/23475\/revisions\/23762"}],"wp:featuredmedia":[{"embeddable":true,"href":"https:\/\/www.em.com.br\/emfoco\/wp-json\/wp\/v2\/media\/5740"}],"wp:attachment":[{"href":"https:\/\/www.em.com.br\/emfoco\/wp-json\/wp\/v2\/media?parent=23475"}],"wp:term":[{"taxonomy":"category","embeddable":true,"href":"https:\/\/www.em.com.br\/emfoco\/wp-json\/wp\/v2\/categories?post=23475"},{"taxonomy":"post_tag","embeddable":true,"href":"https:\/\/www.em.com.br\/emfoco\/wp-json\/wp\/v2\/tags?post=23475"}],"curies":[{"name":"wp","href":"https:\/\/api.w.org\/{rel}","templated":true}]}}