{"id":23464,"date":"2025-02-28T09:40:55","date_gmt":"2025-02-28T12:40:55","guid":{"rendered":"https:\/\/www.em.com.br\/emfoco\/?p=23464"},"modified":"2025-06-21T20:15:38","modified_gmt":"2025-06-21T23:15:38","slug":"conheca-os-filmes-que-vao-competir-com-ainda-estou-aqui-no-oscar-2025","status":"publish","type":"post","link":"https:\/\/www.em.com.br\/emfoco\/2025\/02\/28\/conheca-os-filmes-que-vao-competir-com-ainda-estou-aqui-no-oscar-2025\/","title":{"rendered":"Conhe\u00e7a os filmes que v\u00e3o competir com \u201cAinda Estou Aqui\u201d no Oscar 2025"},"content":{"rendered":"\n<p>O sucesso internacional do cinema brasileiro atingiu um patamar hist\u00f3rico em 2025, com tr\u00eas indica\u00e7\u00f5es ao <strong>Oscar<\/strong> para <strong><a href=\"https:\/\/www.youtube.com\/watch?v=_NzqP0jmk3o\" target=\"_blank\" rel=\"noreferrer noopener\">&#8220;Ainda Estou Aqui&#8221;<\/a><\/strong> &#8211; incluindo a in\u00e9dita categoria de <strong><a href=\"https:\/\/www.em.com.br\/emfoco\/2025\/02\/05\/filme-emocionante-com-95-de-aprovacao-chega-a-netflix-uma-historia-que-vai-tocar-sua-alma\/\" target=\"_blank\" rel=\"noreferrer noopener\">Melhor Filme<\/a><\/strong>. Esta conquista representa mais do que reconhecimento art\u00edstico: simboliza a maturidade de uma ind\u00fastria que h\u00e1 d\u00e9cadas luta por visibilidade global. A trajet\u00f3ria de <strong>Fernanda Torres<\/strong>, indicada \u00e0 categoria de <strong>Melhor Atriz<\/strong>, ecoa a jornada de sua m\u00e3e <strong>Fernanda Montenegro<\/strong> em <strong>1999<\/strong>, criando uma narrativa cinematogr\u00e1fica que transcende gera\u00e7\u00f5es.<\/p>\n\n\n\n<p>A produ\u00e7\u00e3o dirigida por <strong>Walter Salles<\/strong> n\u00e3o apenas conquistou cr\u00edtica internacional, mas tamb\u00e9m demonstrou que narrativas profundamente brasileiras podem ressoar universalmente. Com mais de quatro milh\u00f5es de espectadores nacionais e reconhecimento em festivais como <strong>Veneza<\/strong> e <strong>Toronto<\/strong>, o filme estabelece novos paradigmas para a proje\u00e7\u00e3o internacional do cinema nacional.<\/p>\n\n\n\n<h2 class=\"wp-block-heading\"><strong>Como as indica\u00e7\u00f5es hist\u00f3ricas transformam a percep\u00e7\u00e3o global do cinema brasileiro?<\/strong><\/h2>\n\n\n\n<p>A indica\u00e7\u00e3o em <strong>Melhor Filme<\/strong> marca a primeira vez na hist\u00f3ria que uma produ\u00e7\u00e3o brasileira concorre na principal categoria do <strong>Oscar<\/strong>, anteriormente alcan\u00e7ada apenas por <strong>&#8220;O Beijo da Mulher Aranha&#8221;<\/strong> em <strong>1985<\/strong>. Esta conquista representa um salto qualitativo na percep\u00e7\u00e3o internacional sobre a capacidade t\u00e9cnica e narrativa dos cineastas brasileiros. <strong>Andrea Gavazzi<\/strong>, diretor de fotografia \u00edtalo-brasileiro, tamb\u00e9m representa o pa\u00eds na categoria de <strong>Melhor Curta-Metragem<\/strong> com <strong>&#8220;A Lien&#8221;<\/strong>, demonstrando que o reconhecimento abrange diferentes formatos e especialidades.<\/p>\n\n\n\n<p>A campanha internacional conduzida pela <strong>Sony Pictures<\/strong> posicionou estrategicamente <strong>Fernanda Torres<\/strong> em publica\u00e7\u00f5es especializadas e programas de alta audi\u00eancia americana. A estrat\u00e9gia diferenciada incluiu apari\u00e7\u00f5es em eventos da <strong>Academia<\/strong> e entrevistas exclusivas, criando momentum que culminou no reconhecimento hist\u00f3rico. Esta abordagem profissional demonstra como o cinema brasileiro est\u00e1 aprendendo a navegar eficientemente no complexo sistema de premia\u00e7\u00f5es internacional.<\/p>\n\n\n<div class=\"wp-block-image\">\n<figure class=\"aligncenter size-large\"><img loading=\"lazy\" decoding=\"async\" width=\"1024\" height=\"488\" src=\"https:\/\/www.em.com.br\/emfoco\/wp-content\/uploads\/2024\/12\/Screenshot_78-1024x488.jpg\" alt=\"Oscar 2025! A diversidade como protagonista, um Oscar para todos os gostos\" class=\"wp-image-7716\" srcset=\"https:\/\/www.em.com.br\/emfoco\/wp-content\/uploads\/2024\/12\/Screenshot_78-1024x488.jpg 1024w, https:\/\/www.em.com.br\/emfoco\/wp-content\/uploads\/2024\/12\/Screenshot_78-300x143.jpg 300w, https:\/\/www.em.com.br\/emfoco\/wp-content\/uploads\/2024\/12\/Screenshot_78-768x366.jpg 768w, https:\/\/www.em.com.br\/emfoco\/wp-content\/uploads\/2024\/12\/Screenshot_78-750x358.jpg 750w, https:\/\/www.em.com.br\/emfoco\/wp-content\/uploads\/2024\/12\/Screenshot_78-1140x543.jpg 1140w, https:\/\/www.em.com.br\/emfoco\/wp-content\/uploads\/2024\/12\/Screenshot_78.jpg 1200w\" sizes=\"auto, (max-width: 1024px) 100vw, 1024px\" \/><figcaption class=\"wp-element-caption\">Ainda Estou Aqui &#8211; Divulga\u00e7\u00e3o\/Trailer<\/figcaption><\/figure><\/div>\n\n\n<h2 class=\"wp-block-heading\"><strong>Qual o impacto real dessas conquistas para a ind\u00fastria cinematogr\u00e1fica nacional?<\/strong><\/h2>\n\n\n\n<p>O reconhecimento internacional gera efeitos cascata que transcendem prest\u00edgio simb\u00f3lico. Produtores internacionais passam a considerar co-produ\u00e7\u00f5es com talentos brasileiros, criando oportunidades de financiamento antes inimagin\u00e1veis. <strong>Wagner Moura<\/strong>, que simultaneamente promove <strong>&#8220;Ladr\u00f5es de Drogas&#8221;<\/strong> na <strong>Apple TV+<\/strong>, exemplifica como atores brasileiros est\u00e3o consolidando carreiras globais sem abandonar projetos nacionais.<\/p>\n\n\n\n<p>A visibilidade tamb\u00e9m impulsiona o turismo cinematogr\u00e1fico e fortalece a <strong>Ancine<\/strong> em negocia\u00e7\u00f5es internacionais sobre cotas de tela e incentivos fiscais. Segundo dados oficiais, o <strong>Brasil<\/strong> atingiu em <strong>2024<\/strong> a marca de <strong>3.481<\/strong> salas ativas, tr\u00eas a mais que o recorde anterior de <strong>2019<\/strong>, demonstrando recupera\u00e7\u00e3o p\u00f3s-pandemia. Este crescimento infraestrutural coincide com o reconhecimento art\u00edstico, criando condi\u00e7\u00f5es ideais para expans\u00e3o sustent\u00e1vel.<\/p>\n\n\n\n<h2 class=\"wp-block-heading\"><strong>Por que a abordagem intimista sobre ditadura militar ressoa internacionalmente?<\/strong><\/h2>\n\n\n\n<p><strong>&#8220;Ainda Estou Aqui&#8221;<\/strong> aborda a ditadura militar brasileira atrav\u00e9s da perspectiva familiar de <strong>Eunice Paiva<\/strong>, evitando exposi\u00e7\u00e3o gr\u00e1fica da viol\u00eancia para focar no impacto emocional do autoritarismo. Esta estrat\u00e9gia narrativa permite que audi\u00eancias internacionais compreendam universalmente os efeitos psicol\u00f3gicos de regimes repressivos, independente de contexto hist\u00f3rico espec\u00edfico. <strong>Selton Mello<\/strong> e <strong>Fernanda Torres<\/strong> constru\u00edram personagens que humanizam estat\u00edsticas hist\u00f3ricas.<\/p>\n\n\n\n<p>A escolha de <strong>Walter Salles<\/strong> de priorizar drama \u00edntimo sobre espetaculariza\u00e7\u00e3o pol\u00edtica provou ser acertada para penetra\u00e7\u00e3o global. Cr\u00edticos internacionais destacaram como o filme evita manique\u00edsmos para explorar nuances do trauma familiar, tema universal que transcende fronteiras culturais. Esta abordagem diferencia a produ\u00e7\u00e3o de outros filmes sobre ditaduras que frequentemente privilegiam den\u00fancia sobre desenvolvimento emocional.<\/p>\n\n\n\n<h2 class=\"wp-block-heading\"><strong>Quais desafios ainda persistem para consolida\u00e7\u00e3o internacional permanente?<\/strong><\/h2>\n\n\n\n<p>Apesar do sucesso de <strong>&#8220;Ainda Estou Aqui&#8221;<\/strong>, o cinema brasileiro enfrenta obst\u00e1culos estruturais para sustentabilidade internacional. A depend\u00eancia de editais governamentais cria instabilidade que dificulta planejamento de m\u00e9dio prazo para produ\u00e7\u00f5es ambiciosas. Distribuidoras internacionais ainda hesitam em investir massivamente em produ\u00e7\u00f5es nacionais, preferindo co-produ\u00e7\u00f5es que dividem riscos financeiros.<\/p>\n\n\n\n<p>A barreira lingu\u00edstica continua limitando alcance global, mesmo com legendagem de qualidade. Plataformas de streaming brasileiras precisam desenvolver estrat\u00e9gias mais agressivas para exporta\u00e7\u00e3o de conte\u00fado, competindo com gigantes americanos que dominam algoritmos de recomenda\u00e7\u00e3o internacional. O desenvolvimento de talentos t\u00e9cnicos especializados em p\u00f3s-produ\u00e7\u00e3o para padr\u00f5es globais tamb\u00e9m demanda investimento educacional sist\u00eamico.<\/p>\n\n\n\n<h2 class=\"wp-block-heading\"><strong>Como o mercado internacional est\u00e1 respondendo ao cinema brasileiro contempor\u00e2neo?<\/strong><\/h2>\n\n\n\n<p>Festivais internacionais demonstram crescente interesse por narrativas brasileiras que equilibram identidade nacional com temas universais. <strong>Kleber Mendon\u00e7a Filho<\/strong> e <strong>Wagner Moura<\/strong> foram premiados em <strong>Cannes 2025<\/strong> com <strong>&#8220;O Agente Secreto&#8221;<\/strong>, indicando que o reconhecimento transcende produ\u00e7\u00f5es isoladas para abranger movimento cinematogr\u00e1fico mais amplo. Esta diversifica\u00e7\u00e3o de talentos reconhecidos fortalece a percep\u00e7\u00e3o de maturidade art\u00edstica nacional.<\/p>\n\n\n\n<p>Distribuidoras internacionais come\u00e7am a desenvolver estrat\u00e9gias espec\u00edficas para cinema brasileiro, reconhecendo potencial comercial antes subestimado. A <strong>Sony Pictures<\/strong> investiu significativamente na campanha de <strong>&#8220;Ainda Estou Aqui&#8221;<\/strong>, demonstrando confian\u00e7a no retorno financeiro de produ\u00e7\u00f5es nacionais bem posicionadas. Este interesse comercial representa mudan\u00e7a paradigm\u00e1tica na percep\u00e7\u00e3o sobre viabilidade econ\u00f4mica do cinema brasileiro.<\/p>\n","protected":false},"excerpt":{"rendered":"<p>O sucesso internacional do cinema brasileiro atingiu um patamar hist\u00f3rico em 2025, com tr\u00eas indica\u00e7\u00f5es ao Oscar para &#8220;Ainda Estou Aqui&#8221; &#8211; incluindo a in\u00e9dita categoria de Melhor Filme. Esta conquista representa mais do que reconhecimento art\u00edstico: simboliza a maturidade de uma ind\u00fastria que h\u00e1 d\u00e9cadas luta por visibilidade global. A trajet\u00f3ria de Fernanda Torres, [&hellip;]<\/p>\n","protected":false},"author":7,"featured_media":10519,"comment_status":"open","ping_status":"open","sticky":false,"template":"","format":"standard","meta":{"jnews-multi-image_gallery":[],"jnews_single_post":{"format":"standard"},"jnews_primary_category":[],"jnews_social_meta":[],"jnews_override_counter":[],"footnotes":""},"categories":[29,137],"tags":[637,837,727,995],"class_list":["post-23464","post","type-post","status-publish","format-standard","has-post-thumbnail","hentry","category-entretenimento","category-filmes","tag-cinema","tag-diversidade","tag-filmes","tag-oscar"],"yoast_head":"<!-- This site is optimized with the Yoast SEO plugin v23.8 - https:\/\/yoast.com\/wordpress\/plugins\/seo\/ -->\n<title>Conhe\u00e7a os filmes que v\u00e3o competir com \u201cAinda Estou Aqui\u201d no Oscar 2025 - Estado de Minas - Em foco<\/title>\n<meta name=\"description\" content=\"Oscar 2025 celebra a diversidade no cinema mundial. Descubra os filmes e artistas que marcaram o ano em uma premia\u00e7\u00e3o hist\u00f3rica.\" \/>\n<meta name=\"robots\" content=\"index, follow, max-snippet:-1, max-image-preview:large, max-video-preview:-1\" \/>\n<link rel=\"canonical\" href=\"https:\/\/www.em.com.br\/emfoco\/2025\/02\/28\/conheca-os-filmes-que-vao-competir-com-ainda-estou-aqui-no-oscar-2025\/\" \/>\n<meta property=\"og:locale\" content=\"pt_BR\" \/>\n<meta property=\"og:type\" content=\"article\" \/>\n<meta property=\"og:title\" content=\"Conhe\u00e7a os filmes que v\u00e3o competir com \u201cAinda Estou Aqui\u201d no Oscar 2025 - Estado de Minas - Em foco\" \/>\n<meta property=\"og:description\" content=\"Oscar 2025 celebra a diversidade no cinema mundial. Descubra os filmes e artistas que marcaram o ano em uma premia\u00e7\u00e3o hist\u00f3rica.\" \/>\n<meta property=\"og:url\" content=\"https:\/\/www.em.com.br\/emfoco\/2025\/02\/28\/conheca-os-filmes-que-vao-competir-com-ainda-estou-aqui-no-oscar-2025\/\" \/>\n<meta property=\"og:site_name\" content=\"Estado de Minas - Em foco\" \/>\n<meta property=\"article:published_time\" content=\"2025-02-28T12:40:55+00:00\" \/>\n<meta property=\"article:modified_time\" content=\"2025-06-21T23:15:38+00:00\" \/>\n<meta property=\"og:image\" content=\"https:\/\/www.em.com.br\/emfoco\/wp-content\/uploads\/2025\/01\/Oscar_1736828785597.jpg\" \/>\n\t<meta property=\"og:image:width\" content=\"1280\" \/>\n\t<meta property=\"og:image:height\" content=\"720\" \/>\n\t<meta property=\"og:image:type\" content=\"image\/jpeg\" \/>\n<meta name=\"author\" content=\"Kelvin\" \/>\n<meta name=\"twitter:card\" content=\"summary_large_image\" \/>\n<meta name=\"twitter:label1\" content=\"Escrito por\" \/>\n\t<meta name=\"twitter:data1\" content=\"Kelvin\" \/>\n\t<meta name=\"twitter:label2\" content=\"Est. tempo de leitura\" \/>\n\t<meta name=\"twitter:data2\" content=\"5 minutos\" \/>\n<!-- \/ Yoast SEO plugin. -->","yoast_head_json":{"title":"Conhe\u00e7a os filmes que v\u00e3o competir com \u201cAinda Estou Aqui\u201d no Oscar 2025 - Estado de Minas - Em foco","description":"Oscar 2025 celebra a diversidade no cinema mundial. Descubra os filmes e artistas que marcaram o ano em uma premia\u00e7\u00e3o hist\u00f3rica.","robots":{"index":"index","follow":"follow","max-snippet":"max-snippet:-1","max-image-preview":"max-image-preview:large","max-video-preview":"max-video-preview:-1"},"canonical":"https:\/\/www.em.com.br\/emfoco\/2025\/02\/28\/conheca-os-filmes-que-vao-competir-com-ainda-estou-aqui-no-oscar-2025\/","og_locale":"pt_BR","og_type":"article","og_title":"Conhe\u00e7a os filmes que v\u00e3o competir com \u201cAinda Estou Aqui\u201d no Oscar 2025 - Estado de Minas - Em foco","og_description":"Oscar 2025 celebra a diversidade no cinema mundial. Descubra os filmes e artistas que marcaram o ano em uma premia\u00e7\u00e3o hist\u00f3rica.","og_url":"https:\/\/www.em.com.br\/emfoco\/2025\/02\/28\/conheca-os-filmes-que-vao-competir-com-ainda-estou-aqui-no-oscar-2025\/","og_site_name":"Estado de Minas - Em foco","article_published_time":"2025-02-28T12:40:55+00:00","article_modified_time":"2025-06-21T23:15:38+00:00","og_image":[{"width":1280,"height":720,"url":"https:\/\/www.em.com.br\/emfoco\/wp-content\/uploads\/2025\/01\/Oscar_1736828785597.jpg","type":"image\/jpeg"}],"author":"Kelvin","twitter_card":"summary_large_image","twitter_misc":{"Escrito por":"Kelvin","Est. tempo de leitura":"5 minutos"},"schema":{"@context":"https:\/\/schema.org","@graph":[{"@type":"WebPage","@id":"https:\/\/www.em.com.br\/emfoco\/2025\/02\/28\/conheca-os-filmes-que-vao-competir-com-ainda-estou-aqui-no-oscar-2025\/","url":"https:\/\/www.em.com.br\/emfoco\/2025\/02\/28\/conheca-os-filmes-que-vao-competir-com-ainda-estou-aqui-no-oscar-2025\/","name":"Conhe\u00e7a os filmes que v\u00e3o competir com \u201cAinda Estou Aqui\u201d no Oscar 2025 - Estado de Minas - Em foco","isPartOf":{"@id":"https:\/\/www.em.com.br\/emfoco\/#website"},"primaryImageOfPage":{"@id":"https:\/\/www.em.com.br\/emfoco\/2025\/02\/28\/conheca-os-filmes-que-vao-competir-com-ainda-estou-aqui-no-oscar-2025\/#primaryimage"},"image":{"@id":"https:\/\/www.em.com.br\/emfoco\/2025\/02\/28\/conheca-os-filmes-que-vao-competir-com-ainda-estou-aqui-no-oscar-2025\/#primaryimage"},"thumbnailUrl":"https:\/\/www.em.com.br\/emfoco\/wp-content\/uploads\/2025\/01\/Oscar_1736828785597.jpg","datePublished":"2025-02-28T12:40:55+00:00","dateModified":"2025-06-21T23:15:38+00:00","author":{"@id":"https:\/\/www.em.com.br\/emfoco\/#\/schema\/person\/fb0a7f48c6fbb94b83f413a80f61917d"},"description":"Oscar 2025 celebra a diversidade no cinema mundial. Descubra os filmes e artistas que marcaram o ano em uma premia\u00e7\u00e3o hist\u00f3rica.","breadcrumb":{"@id":"https:\/\/www.em.com.br\/emfoco\/2025\/02\/28\/conheca-os-filmes-que-vao-competir-com-ainda-estou-aqui-no-oscar-2025\/#breadcrumb"},"inLanguage":"pt-BR","potentialAction":[{"@type":"ReadAction","target":["https:\/\/www.em.com.br\/emfoco\/2025\/02\/28\/conheca-os-filmes-que-vao-competir-com-ainda-estou-aqui-no-oscar-2025\/"]}]},{"@type":"ImageObject","inLanguage":"pt-BR","@id":"https:\/\/www.em.com.br\/emfoco\/2025\/02\/28\/conheca-os-filmes-que-vao-competir-com-ainda-estou-aqui-no-oscar-2025\/#primaryimage","url":"https:\/\/www.em.com.br\/emfoco\/wp-content\/uploads\/2025\/01\/Oscar_1736828785597.jpg","contentUrl":"https:\/\/www.em.com.br\/emfoco\/wp-content\/uploads\/2025\/01\/Oscar_1736828785597.jpg","width":1280,"height":720,"caption":"Oscar - Cr\u00e9ditos: depositphotos.com \/ AndrewLozovyi"},{"@type":"BreadcrumbList","@id":"https:\/\/www.em.com.br\/emfoco\/2025\/02\/28\/conheca-os-filmes-que-vao-competir-com-ainda-estou-aqui-no-oscar-2025\/#breadcrumb","itemListElement":[{"@type":"ListItem","position":1,"name":"In\u00edcio","item":"https:\/\/www.em.com.br\/emfoco\/"},{"@type":"ListItem","position":2,"name":"Conhe\u00e7a os filmes que v\u00e3o competir com \u201cAinda Estou Aqui\u201d no Oscar 2025"}]},{"@type":"WebSite","@id":"https:\/\/www.em.com.br\/emfoco\/#website","url":"https:\/\/www.em.com.br\/emfoco\/","name":"Estado de Minas - Em foco","description":"Acompanhe as \u00faltimas not\u00edcias e fique bem informado sobre tudo o que acontece em Minas Gerais, Brasil e no mundo.","potentialAction":[{"@type":"SearchAction","target":{"@type":"EntryPoint","urlTemplate":"https:\/\/www.em.com.br\/emfoco\/?s={search_term_string}"},"query-input":{"@type":"PropertyValueSpecification","valueRequired":true,"valueName":"search_term_string"}}],"inLanguage":"pt-BR"},{"@type":"Person","@id":"https:\/\/www.em.com.br\/emfoco\/#\/schema\/person\/fb0a7f48c6fbb94b83f413a80f61917d","name":"Kelvin","image":{"@type":"ImageObject","inLanguage":"pt-BR","@id":"https:\/\/www.em.com.br\/emfoco\/#\/schema\/person\/image\/","url":"https:\/\/secure.gravatar.com\/avatar\/e74f84337e6bf6c4c5e88fbdffa05270?s=96&d=mm&r=g","contentUrl":"https:\/\/secure.gravatar.com\/avatar\/e74f84337e6bf6c4c5e88fbdffa05270?s=96&d=mm&r=g","caption":"Kelvin"},"sameAs":["https:\/\/www.em.com.br\/emfoco"],"url":"https:\/\/www.em.com.br\/emfoco\/author\/kelvinmyth\/"}]}},"_links":{"self":[{"href":"https:\/\/www.em.com.br\/emfoco\/wp-json\/wp\/v2\/posts\/23464","targetHints":{"allow":["GET"]}}],"collection":[{"href":"https:\/\/www.em.com.br\/emfoco\/wp-json\/wp\/v2\/posts"}],"about":[{"href":"https:\/\/www.em.com.br\/emfoco\/wp-json\/wp\/v2\/types\/post"}],"author":[{"embeddable":true,"href":"https:\/\/www.em.com.br\/emfoco\/wp-json\/wp\/v2\/users\/7"}],"replies":[{"embeddable":true,"href":"https:\/\/www.em.com.br\/emfoco\/wp-json\/wp\/v2\/comments?post=23464"}],"version-history":[{"count":5,"href":"https:\/\/www.em.com.br\/emfoco\/wp-json\/wp\/v2\/posts\/23464\/revisions"}],"predecessor-version":[{"id":65061,"href":"https:\/\/www.em.com.br\/emfoco\/wp-json\/wp\/v2\/posts\/23464\/revisions\/65061"}],"wp:featuredmedia":[{"embeddable":true,"href":"https:\/\/www.em.com.br\/emfoco\/wp-json\/wp\/v2\/media\/10519"}],"wp:attachment":[{"href":"https:\/\/www.em.com.br\/emfoco\/wp-json\/wp\/v2\/media?parent=23464"}],"wp:term":[{"taxonomy":"category","embeddable":true,"href":"https:\/\/www.em.com.br\/emfoco\/wp-json\/wp\/v2\/categories?post=23464"},{"taxonomy":"post_tag","embeddable":true,"href":"https:\/\/www.em.com.br\/emfoco\/wp-json\/wp\/v2\/tags?post=23464"}],"curies":[{"name":"wp","href":"https:\/\/api.w.org\/{rel}","templated":true}]}}