{"id":23447,"date":"2025-02-28T08:00:55","date_gmt":"2025-02-28T11:00:55","guid":{"rendered":"https:\/\/www.em.com.br\/emfoco\/?p=23447"},"modified":"2025-02-28T00:14:18","modified_gmt":"2025-02-28T03:14:18","slug":"adeus-formula-antiga-o-novo-calculo-do-salario-minimo-e-seus-impactos-no-brasil","status":"publish","type":"post","link":"https:\/\/www.em.com.br\/emfoco\/2025\/02\/28\/adeus-formula-antiga-o-novo-calculo-do-salario-minimo-e-seus-impactos-no-brasil\/","title":{"rendered":"O novo sal\u00e1rio m\u00ednimo e o impacto nos trabalhadores"},"content":{"rendered":"\n<p>O <strong>sal\u00e1rio m\u00ednimo <\/strong>no <strong>Brasil <\/strong>passou por uma mudan\u00e7a significativa em sua f\u00f3rmula de <a href=\"https:\/\/www.em.com.br\/emfoco\/2024\/12\/02\/fim-do-bpc-para-muitos-novas-regras-de-calculo-da-renda-podem-reduzir-o-numero-de-beneficiarios\/\" target=\"_blank\" rel=\"noreferrer noopener\">c\u00e1lculo<\/a>. Essa altera\u00e7\u00e3o visa controlar os gastos p\u00fablicos e garantir um reajuste que seja sustent\u00e1vel para a economia do pa\u00eds. Em 2025, o valor do sal\u00e1rio m\u00ednimo foi estabelecido em R$ 1.518, representando um aumento de R$ 106 em rela\u00e7\u00e3o ao ano anterior. Este reajuste de 7,5% supera a infla\u00e7\u00e3o do per\u00edodo, o que gera impactos importantes na economia e na vida dos trabalhadores.<\/p>\n\n\n\n<p>Historicamente, o c\u00e1lculo do sal\u00e1rio m\u00ednimo era baseado na reposi\u00e7\u00e3o da infla\u00e7\u00e3o, medida pelo <strong>\u00cdndice Nacional de Pre\u00e7os ao Consumidor (INPC)<\/strong>, e na varia\u00e7\u00e3o do <strong>Produto Interno Bruto (<a href=\"https:\/\/pt.wikipedia.org\/wiki\/Produto_interno_bruto\" target=\"_blank\" rel=\"noreferrer noopener\">PIB<\/a>)<\/strong>. No entanto, a nova f\u00f3rmula introduziu um teto de aumento de despesas de 2,5%, mesmo que o PIB apresente um crescimento superior. Essa mudan\u00e7a busca equilibrar as contas p\u00fablicas e evitar aumentos excessivos que possam comprometer o or\u00e7amento.<\/p>\n\n\n\n<h2 class=\"wp-block-heading\">Como a nova f\u00f3rmula afeta o reajuste do Sal\u00e1rio M\u00ednimo?<\/h2>\n\n\n\n<p>A nova regra de c\u00e1lculo do sal\u00e1rio m\u00ednimo adiciona uma camada de complexidade ao processo de reajuste. Antes, a f\u00f3rmula considerava apenas a infla\u00e7\u00e3o e o crescimento do <strong>PIB<\/strong>. Agora, mesmo que o PIB cres\u00e7a 3,2%, o aumento aplicado ser\u00e1 limitado a 2,5%. Essa medida foi implementada para controlar o impacto fiscal e garantir que o aumento do sal\u00e1rio m\u00ednimo n\u00e3o gere um descompasso nas finan\u00e7as p\u00fablicas.<\/p>\n\n\n\n<p>Essa mudan\u00e7a \u00e9 especialmente relevante para os benefici\u00e1rios do <strong>Instituto Nacional do Seguro Social (INSS)<\/strong> e para aqueles que dependem de benef\u00edcios sociais atrelados ao sal\u00e1rio m\u00ednimo. O governo tem se mostrado preocupado com os efeitos que aumentos abruptos poderiam ter no or\u00e7amento, especialmente em tempos de conten\u00e7\u00e3o de despesas.<\/p>\n\n\n<div class=\"wp-block-image\">\n<figure class=\"aligncenter size-large\"><img loading=\"lazy\" decoding=\"async\" width=\"1024\" height=\"576\" src=\"https:\/\/www.em.com.br\/emfoco\/wp-content\/uploads\/2024\/12\/Brazilian-money_1733790876699-1024x576.jpg\" alt=\"Adeus, f\u00f3rmula antiga! O novo c\u00e1lculo do sal\u00e1rio m\u00ednimo e seus impactos no Brasil\" class=\"wp-image-4050\" srcset=\"https:\/\/www.em.com.br\/emfoco\/wp-content\/uploads\/2024\/12\/Brazilian-money_1733790876699-1024x576.jpg 1024w, https:\/\/www.em.com.br\/emfoco\/wp-content\/uploads\/2024\/12\/Brazilian-money_1733790876699-300x169.jpg 300w, https:\/\/www.em.com.br\/emfoco\/wp-content\/uploads\/2024\/12\/Brazilian-money_1733790876699-768x432.jpg 768w, https:\/\/www.em.com.br\/emfoco\/wp-content\/uploads\/2024\/12\/Brazilian-money_1733790876699-750x422.jpg 750w, https:\/\/www.em.com.br\/emfoco\/wp-content\/uploads\/2024\/12\/Brazilian-money_1733790876699-1140x641.jpg 1140w, https:\/\/www.em.com.br\/emfoco\/wp-content\/uploads\/2024\/12\/Brazilian-money_1733790876699.jpg 1280w\" sizes=\"auto, (max-width: 1024px) 100vw, 1024px\" \/><figcaption class=\"wp-element-caption\">Salario Minimo &#8211; Cr\u00e9ditos: depositphotos.com \/ rafapress<\/figcaption><\/figure><\/div>\n\n\n<h2 class=\"wp-block-heading\">Quais s\u00e3o os impactos econ\u00f4micos do Novo C\u00e1lculo?<\/h2>\n\n\n\n<p>O reajuste do sal\u00e1rio m\u00ednimo acima da infla\u00e7\u00e3o traz benef\u00edcios imediatos para os trabalhadores, aumentando seu poder de compra. No entanto, o impacto econ\u00f4mico dessa medida \u00e9 complexo. Por um lado, pode estimular o consumo e impulsionar a economia. Por outro, h\u00e1 o risco de aumentar os custos para empregadores e pressionar a infla\u00e7\u00e3o.<\/p>\n\n\n\n<p>Al\u00e9m disso, o novo c\u00e1lculo pode afetar a sustentabilidade de programas sociais e aposentadorias, uma vez que o sal\u00e1rio m\u00ednimo serve como base para diversos benef\u00edcios. O governo precisa equilibrar esses fatores para garantir que o reajuste n\u00e3o comprometa a estabilidade econ\u00f4mica do pa\u00eds.<\/p>\n\n\n\n<h2 class=\"wp-block-heading\">O que esperar para o futuro do Sal\u00e1rio M\u00ednimo?<\/h2>\n\n\n\n<p>Com a introdu\u00e7\u00e3o da nova f\u00f3rmula, o futuro do sal\u00e1rio m\u00ednimo no Brasil depender\u00e1 de uma s\u00e9rie de fatores econ\u00f4micos e pol\u00edticos. O governo precisar\u00e1 monitorar de perto os efeitos dessa mudan\u00e7a e ajustar as pol\u00edticas conforme necess\u00e1rio para garantir que o sal\u00e1rio m\u00ednimo continue a cumprir seu papel de prote\u00e7\u00e3o social sem comprometer a sa\u00fade fiscal do pa\u00eds.<\/p>\n\n\n\n<p>Em resumo, a nova regra de c\u00e1lculo do sal\u00e1rio m\u00ednimo busca um equil\u00edbrio entre a necessidade de reajuste para os trabalhadores e a sustentabilidade fiscal. O impacto dessa mudan\u00e7a ser\u00e1 observado nos pr\u00f3ximos anos, \u00e0 medida que o Brasil navega por um cen\u00e1rio econ\u00f4mico desafiador.<\/p>\n","protected":false},"excerpt":{"rendered":"<p>O sal\u00e1rio m\u00ednimo no Brasil passou por uma mudan\u00e7a significativa em sua f\u00f3rmula de c\u00e1lculo. Essa altera\u00e7\u00e3o visa controlar os gastos p\u00fablicos e garantir um reajuste que seja sustent\u00e1vel para a economia do pa\u00eds. Em 2025, o valor do sal\u00e1rio m\u00ednimo foi estabelecido em R$ 1.518, representando um aumento de R$ 106 em rela\u00e7\u00e3o ao [&hellip;]<\/p>\n","protected":false},"author":7,"featured_media":7535,"comment_status":"open","ping_status":"open","sticky":false,"template":"","format":"standard","meta":{"jnews-multi-image_gallery":[],"jnews_single_post":{"format":"standard"},"jnews_primary_category":[],"jnews_social_meta":[],"jnews_override_counter":[],"footnotes":""},"categories":[28],"tags":[1176,1437,717],"class_list":["post-23447","post","type-post","status-publish","format-standard","has-post-thumbnail","hentry","category-economia","tag-economia-brasileira","tag-reajuste-salarial","tag-salario-minimo"],"yoast_head":"<!-- This site is optimized with the Yoast SEO plugin v23.8 - https:\/\/yoast.com\/wordpress\/plugins\/seo\/ -->\n<title>O novo sal\u00e1rio m\u00ednimo e o impacto nos trabalhadores - Estado de Minas - Em foco<\/title>\n<meta name=\"description\" content=\"Sal\u00e1rio m\u00ednimo atualizado! Veja como o novo c\u00e1lculo influencia seus rendimentos e fique por dentro das \u00faltimas mudan\u00e7as.\" \/>\n<meta name=\"robots\" content=\"index, follow, max-snippet:-1, max-image-preview:large, max-video-preview:-1\" \/>\n<link rel=\"canonical\" href=\"https:\/\/www.em.com.br\/emfoco\/2025\/02\/28\/adeus-formula-antiga-o-novo-calculo-do-salario-minimo-e-seus-impactos-no-brasil\/\" \/>\n<meta property=\"og:locale\" content=\"pt_BR\" \/>\n<meta property=\"og:type\" content=\"article\" \/>\n<meta property=\"og:title\" content=\"O novo sal\u00e1rio m\u00ednimo e o impacto nos trabalhadores - Estado de Minas - Em foco\" \/>\n<meta property=\"og:description\" content=\"Sal\u00e1rio m\u00ednimo atualizado! Veja como o novo c\u00e1lculo influencia seus rendimentos e fique por dentro das \u00faltimas mudan\u00e7as.\" \/>\n<meta property=\"og:url\" content=\"https:\/\/www.em.com.br\/emfoco\/2025\/02\/28\/adeus-formula-antiga-o-novo-calculo-do-salario-minimo-e-seus-impactos-no-brasil\/\" \/>\n<meta property=\"og:site_name\" content=\"Estado de Minas - Em foco\" \/>\n<meta property=\"article:published_time\" content=\"2025-02-28T11:00:55+00:00\" \/>\n<meta property=\"article:modified_time\" content=\"2025-02-28T03:14:18+00:00\" \/>\n<meta property=\"og:image\" content=\"https:\/\/www.em.com.br\/emfoco\/wp-content\/uploads\/2024\/12\/Salario_1735507983909.jpg\" \/>\n\t<meta property=\"og:image:width\" content=\"1280\" \/>\n\t<meta property=\"og:image:height\" content=\"720\" \/>\n\t<meta property=\"og:image:type\" content=\"image\/jpeg\" \/>\n<meta name=\"author\" content=\"Kelvin\" \/>\n<meta name=\"twitter:card\" content=\"summary_large_image\" \/>\n<meta name=\"twitter:label1\" content=\"Escrito por\" \/>\n\t<meta name=\"twitter:data1\" content=\"Kelvin\" \/>\n\t<meta name=\"twitter:label2\" content=\"Est. tempo de leitura\" \/>\n\t<meta name=\"twitter:data2\" content=\"4 minutos\" \/>\n<!-- \/ Yoast SEO plugin. -->","yoast_head_json":{"title":"O novo sal\u00e1rio m\u00ednimo e o impacto nos trabalhadores - Estado de Minas - Em foco","description":"Sal\u00e1rio m\u00ednimo atualizado! Veja como o novo c\u00e1lculo influencia seus rendimentos e fique por dentro das \u00faltimas mudan\u00e7as.","robots":{"index":"index","follow":"follow","max-snippet":"max-snippet:-1","max-image-preview":"max-image-preview:large","max-video-preview":"max-video-preview:-1"},"canonical":"https:\/\/www.em.com.br\/emfoco\/2025\/02\/28\/adeus-formula-antiga-o-novo-calculo-do-salario-minimo-e-seus-impactos-no-brasil\/","og_locale":"pt_BR","og_type":"article","og_title":"O novo sal\u00e1rio m\u00ednimo e o impacto nos trabalhadores - Estado de Minas - Em foco","og_description":"Sal\u00e1rio m\u00ednimo atualizado! Veja como o novo c\u00e1lculo influencia seus rendimentos e fique por dentro das \u00faltimas mudan\u00e7as.","og_url":"https:\/\/www.em.com.br\/emfoco\/2025\/02\/28\/adeus-formula-antiga-o-novo-calculo-do-salario-minimo-e-seus-impactos-no-brasil\/","og_site_name":"Estado de Minas - Em foco","article_published_time":"2025-02-28T11:00:55+00:00","article_modified_time":"2025-02-28T03:14:18+00:00","og_image":[{"width":1280,"height":720,"url":"https:\/\/www.em.com.br\/emfoco\/wp-content\/uploads\/2024\/12\/Salario_1735507983909.jpg","type":"image\/jpeg"}],"author":"Kelvin","twitter_card":"summary_large_image","twitter_misc":{"Escrito por":"Kelvin","Est. tempo de leitura":"4 minutos"},"schema":{"@context":"https:\/\/schema.org","@graph":[{"@type":"WebPage","@id":"https:\/\/www.em.com.br\/emfoco\/2025\/02\/28\/adeus-formula-antiga-o-novo-calculo-do-salario-minimo-e-seus-impactos-no-brasil\/","url":"https:\/\/www.em.com.br\/emfoco\/2025\/02\/28\/adeus-formula-antiga-o-novo-calculo-do-salario-minimo-e-seus-impactos-no-brasil\/","name":"O novo sal\u00e1rio m\u00ednimo e o impacto nos trabalhadores - Estado de Minas - Em foco","isPartOf":{"@id":"https:\/\/www.em.com.br\/emfoco\/#website"},"primaryImageOfPage":{"@id":"https:\/\/www.em.com.br\/emfoco\/2025\/02\/28\/adeus-formula-antiga-o-novo-calculo-do-salario-minimo-e-seus-impactos-no-brasil\/#primaryimage"},"image":{"@id":"https:\/\/www.em.com.br\/emfoco\/2025\/02\/28\/adeus-formula-antiga-o-novo-calculo-do-salario-minimo-e-seus-impactos-no-brasil\/#primaryimage"},"thumbnailUrl":"https:\/\/www.em.com.br\/emfoco\/wp-content\/uploads\/2024\/12\/Salario_1735507983909.jpg","datePublished":"2025-02-28T11:00:55+00:00","dateModified":"2025-02-28T03:14:18+00:00","author":{"@id":"https:\/\/www.em.com.br\/emfoco\/#\/schema\/person\/fb0a7f48c6fbb94b83f413a80f61917d"},"description":"Sal\u00e1rio m\u00ednimo atualizado! Veja como o novo c\u00e1lculo influencia seus rendimentos e fique por dentro das \u00faltimas mudan\u00e7as.","breadcrumb":{"@id":"https:\/\/www.em.com.br\/emfoco\/2025\/02\/28\/adeus-formula-antiga-o-novo-calculo-do-salario-minimo-e-seus-impactos-no-brasil\/#breadcrumb"},"inLanguage":"pt-BR","potentialAction":[{"@type":"ReadAction","target":["https:\/\/www.em.com.br\/emfoco\/2025\/02\/28\/adeus-formula-antiga-o-novo-calculo-do-salario-minimo-e-seus-impactos-no-brasil\/"]}]},{"@type":"ImageObject","inLanguage":"pt-BR","@id":"https:\/\/www.em.com.br\/emfoco\/2025\/02\/28\/adeus-formula-antiga-o-novo-calculo-do-salario-minimo-e-seus-impactos-no-brasil\/#primaryimage","url":"https:\/\/www.em.com.br\/emfoco\/wp-content\/uploads\/2024\/12\/Salario_1735507983909.jpg","contentUrl":"https:\/\/www.em.com.br\/emfoco\/wp-content\/uploads\/2024\/12\/Salario_1735507983909.jpg","width":1280,"height":720,"caption":"13 Salario - Cr\u00e9ditos: depositphotos.com \/ rodrigobellizzi"},{"@type":"BreadcrumbList","@id":"https:\/\/www.em.com.br\/emfoco\/2025\/02\/28\/adeus-formula-antiga-o-novo-calculo-do-salario-minimo-e-seus-impactos-no-brasil\/#breadcrumb","itemListElement":[{"@type":"ListItem","position":1,"name":"In\u00edcio","item":"https:\/\/www.em.com.br\/emfoco\/"},{"@type":"ListItem","position":2,"name":"O novo sal\u00e1rio m\u00ednimo e o impacto nos trabalhadores"}]},{"@type":"WebSite","@id":"https:\/\/www.em.com.br\/emfoco\/#website","url":"https:\/\/www.em.com.br\/emfoco\/","name":"Estado de Minas - Em foco","description":"Acompanhe as \u00faltimas not\u00edcias e fique bem informado sobre tudo o que acontece em Minas Gerais, Brasil e no mundo.","potentialAction":[{"@type":"SearchAction","target":{"@type":"EntryPoint","urlTemplate":"https:\/\/www.em.com.br\/emfoco\/?s={search_term_string}"},"query-input":{"@type":"PropertyValueSpecification","valueRequired":true,"valueName":"search_term_string"}}],"inLanguage":"pt-BR"},{"@type":"Person","@id":"https:\/\/www.em.com.br\/emfoco\/#\/schema\/person\/fb0a7f48c6fbb94b83f413a80f61917d","name":"Kelvin","image":{"@type":"ImageObject","inLanguage":"pt-BR","@id":"https:\/\/www.em.com.br\/emfoco\/#\/schema\/person\/image\/","url":"https:\/\/secure.gravatar.com\/avatar\/e74f84337e6bf6c4c5e88fbdffa05270?s=96&d=mm&r=g","contentUrl":"https:\/\/secure.gravatar.com\/avatar\/e74f84337e6bf6c4c5e88fbdffa05270?s=96&d=mm&r=g","caption":"Kelvin"},"sameAs":["https:\/\/www.em.com.br\/emfoco"],"url":"https:\/\/www.em.com.br\/emfoco\/author\/kelvinmyth\/"}]}},"_links":{"self":[{"href":"https:\/\/www.em.com.br\/emfoco\/wp-json\/wp\/v2\/posts\/23447","targetHints":{"allow":["GET"]}}],"collection":[{"href":"https:\/\/www.em.com.br\/emfoco\/wp-json\/wp\/v2\/posts"}],"about":[{"href":"https:\/\/www.em.com.br\/emfoco\/wp-json\/wp\/v2\/types\/post"}],"author":[{"embeddable":true,"href":"https:\/\/www.em.com.br\/emfoco\/wp-json\/wp\/v2\/users\/7"}],"replies":[{"embeddable":true,"href":"https:\/\/www.em.com.br\/emfoco\/wp-json\/wp\/v2\/comments?post=23447"}],"version-history":[{"count":3,"href":"https:\/\/www.em.com.br\/emfoco\/wp-json\/wp\/v2\/posts\/23447\/revisions"}],"predecessor-version":[{"id":23755,"href":"https:\/\/www.em.com.br\/emfoco\/wp-json\/wp\/v2\/posts\/23447\/revisions\/23755"}],"wp:featuredmedia":[{"embeddable":true,"href":"https:\/\/www.em.com.br\/emfoco\/wp-json\/wp\/v2\/media\/7535"}],"wp:attachment":[{"href":"https:\/\/www.em.com.br\/emfoco\/wp-json\/wp\/v2\/media?parent=23447"}],"wp:term":[{"taxonomy":"category","embeddable":true,"href":"https:\/\/www.em.com.br\/emfoco\/wp-json\/wp\/v2\/categories?post=23447"},{"taxonomy":"post_tag","embeddable":true,"href":"https:\/\/www.em.com.br\/emfoco\/wp-json\/wp\/v2\/tags?post=23447"}],"curies":[{"name":"wp","href":"https:\/\/api.w.org\/{rel}","templated":true}]}}