{"id":23442,"date":"2025-02-28T07:20:55","date_gmt":"2025-02-28T10:20:55","guid":{"rendered":"https:\/\/www.em.com.br\/emfoco\/?p=23442"},"modified":"2025-02-27T11:41:22","modified_gmt":"2025-02-27T14:41:22","slug":"bolsa-familia-turbinado-o-que-muda-com-a-proposta-da-parcela-extra","status":"publish","type":"post","link":"https:\/\/www.em.com.br\/emfoco\/2025\/02\/28\/bolsa-familia-turbinado-o-que-muda-com-a-proposta-da-parcela-extra\/","title":{"rendered":"Bolsa Fam\u00edlia turbinado? O que muda com a proposta da parcela extra?"},"content":{"rendered":"\n<p>O <strong><a href=\"https:\/\/www.gov.br\/mds\/pt-br\/acoes-e-programas\/bolsa-familia\" target=\"_blank\" rel=\"noreferrer noopener\">Bolsa Fam\u00edlia<\/a><\/strong>, um dos programas sociais mais importantes do <strong><a href=\"https:\/\/www.em.com.br\/emfoco\/2025\/02\/27\/como-esta-cidade-brasileira-esta-revolucionando-o-planejamento-urbano\/\" target=\"_blank\" rel=\"noreferrer noopener\">Brasil<\/a><\/strong>, pode passar por uma mudan\u00e7a significativa caso um novo projeto de lei seja aprovado. A proposta, atualmente em an\u00e1lise na <strong>C\u00e2mara dos Deputados<\/strong>, sugere a introdu\u00e7\u00e3o de uma parcela extra no final do ano para os benefici\u00e1rios do programa. Este abono natalino, como est\u00e1 sendo chamado, visa oferecer um al\u00edvio financeiro adicional \u00e0s fam\u00edlias atendidas.<\/p>\n\n\n\n<p>O projeto, apresentado pelo deputado <strong>Delegado \u00c9der Mauro (PL-PA)<\/strong>, busca conceder um pagamento adicional que seria equivalente ao valor mensal j\u00e1 recebido pelos benefici\u00e1rios. Se aprovado, este abono poderia ser visto como uma esp\u00e9cie de d\u00e9cimo terceiro sal\u00e1rio para os participantes do programa, algo que n\u00e3o existe atualmente.<\/p>\n\n\n\n<h2 class=\"wp-block-heading\">Detalhes do projeto de lei para o Bolsa Fam\u00edlia<\/h2>\n\n\n\n<p>O Projeto de Lei 4156\/24, que prop\u00f5e o abono natalino, est\u00e1 em tramita\u00e7\u00e3o e precisa passar por v\u00e1rias comiss\u00f5es antes de ser aprovado. Entre as comiss\u00f5es que analisar\u00e3o o projeto est\u00e3o as de <strong>Previd\u00eancia, Assist\u00eancia Social, Inf\u00e2ncia<\/strong>, <strong>Adolesc\u00eancia e Fam\u00edlia<\/strong>; <strong>de Finan\u00e7as e Tributa\u00e7\u00e3o<\/strong>;<strong> e de Constitui\u00e7\u00e3o e Justi\u00e7a e de Cidadania<\/strong>. A viabilidade do projeto tamb\u00e9m depende da disponibilidade de recursos no or\u00e7amento federal.<\/p>\n\n\n\n<p>Atualmente, o governo gasta cerca de R$ 13,8 bilh\u00f5es mensais com o Bolsa Fam\u00edlia. A implementa\u00e7\u00e3o de uma parcela extra exigiria ajustes no or\u00e7amento para acomodar o aumento nos gastos, garantindo que todos os benefici\u00e1rios possam receber o abono proposto.<\/p>\n\n\n<div class=\"wp-block-image\">\n<figure class=\"aligncenter size-large\"><img loading=\"lazy\" decoding=\"async\" width=\"1024\" height=\"576\" src=\"https:\/\/www.em.com.br\/emfoco\/wp-content\/uploads\/2024\/12\/Banco-do-Brasil_1734461359873-1024x576.jpg\" alt=\"Bolsa Fam\u00edlia turbinado? O que muda com a proposta da parcela extra?\" class=\"wp-image-5452\" srcset=\"https:\/\/www.em.com.br\/emfoco\/wp-content\/uploads\/2024\/12\/Banco-do-Brasil_1734461359873-1024x576.jpg 1024w, https:\/\/www.em.com.br\/emfoco\/wp-content\/uploads\/2024\/12\/Banco-do-Brasil_1734461359873-300x169.jpg 300w, https:\/\/www.em.com.br\/emfoco\/wp-content\/uploads\/2024\/12\/Banco-do-Brasil_1734461359873-768x432.jpg 768w, https:\/\/www.em.com.br\/emfoco\/wp-content\/uploads\/2024\/12\/Banco-do-Brasil_1734461359873-750x422.jpg 750w, https:\/\/www.em.com.br\/emfoco\/wp-content\/uploads\/2024\/12\/Banco-do-Brasil_1734461359873-1140x641.jpg 1140w, https:\/\/www.em.com.br\/emfoco\/wp-content\/uploads\/2024\/12\/Banco-do-Brasil_1734461359873.jpg 1280w\" sizes=\"auto, (max-width: 1024px) 100vw, 1024px\" \/><figcaption class=\"wp-element-caption\">Dinheiro Extra &#8211; Cr\u00e9ditos: depositphotos.com \/ rmcarvalhobsb<\/figcaption><\/figure><\/div>\n\n\n<h2 class=\"wp-block-heading\">Composi\u00e7\u00e3o dos benef\u00edcios do Bolsa Fam\u00edlia em 2025<\/h2>\n\n\n\n<p>Para o ano de 2025, o valor do Bolsa Fam\u00edlia deve permanecer inalterado, com o m\u00ednimo de R$ 600 por fam\u00edlia. Este valor \u00e9 composto por diferentes benef\u00edcios, cada um destinado a atender necessidades espec\u00edficas das fam\u00edlias:<\/p>\n\n\n\n<ul class=\"wp-block-list\">\n<li><strong>Benef\u00edcio de Renda de Cidadania (BRC):<\/strong> R$ 142 por pessoa da fam\u00edlia.<\/li>\n\n\n\n<li><strong>Benef\u00edcio Complementar (BCO):<\/strong> Complemento que assegura o m\u00ednimo de R$ 600 por fam\u00edlia.<\/li>\n\n\n\n<li><strong>Benef\u00edcio Primeira Inf\u00e2ncia (BPI):<\/strong> R$ 150 adicionais por crian\u00e7a de at\u00e9 sete anos.<\/li>\n\n\n\n<li><strong>Benef\u00edcio Vari\u00e1vel Familiar Nutriz (BVN):<\/strong> R$ 50 adicionais por membro da fam\u00edlia com at\u00e9 sete meses.<\/li>\n\n\n\n<li><strong>Benef\u00edcio Vari\u00e1vel Familiar (BVF):<\/strong> R$ 50 adicionais para gestantes e crian\u00e7as\/adolescentes entre 7 e 18 anos.<\/li>\n\n\n\n<li><strong>Benef\u00edcio Extraordin\u00e1rio de Transi\u00e7\u00e3o (BET):<\/strong> Garantia de que nenhum benefici\u00e1rio receba menos do que no programa anterior.<\/li>\n<\/ul>\n\n\n\n<h2 class=\"wp-block-heading\">Calend\u00e1rio de pagamentos do Bolsa Fam\u00edlia em mar\u00e7o<\/h2>\n\n\n\n<p>Os pagamentos do Bolsa Fam\u00edlia s\u00e3o realizados mensalmente, seguindo um cronograma baseado no \u00faltimo d\u00edgito do N\u00famero de Identifica\u00e7\u00e3o Social (NIS) dos benefici\u00e1rios. Em mar\u00e7o, as datas de pagamento s\u00e3o distribu\u00eddas da seguinte forma:<\/p>\n\n\n\n<ol class=\"wp-block-list\">\n<li>NIS final 1: 18 de mar\u00e7o<\/li>\n\n\n\n<li>NIS final 2: 19 de mar\u00e7o<\/li>\n\n\n\n<li>NIS final 3: 20 de mar\u00e7o<\/li>\n\n\n\n<li>NIS final 4: 21 de mar\u00e7o<\/li>\n\n\n\n<li>NIS final 5: 24 de mar\u00e7o<\/li>\n\n\n\n<li>NIS final 6: 25 de mar\u00e7o<\/li>\n\n\n\n<li>NIS final 7: 26 de mar\u00e7o<\/li>\n\n\n\n<li>NIS final 8: 27 de mar\u00e7o<\/li>\n\n\n\n<li>NIS final 9: 28 de mar\u00e7o<\/li>\n\n\n\n<li>NIS final 0: 31 de mar\u00e7o<\/li>\n<\/ol>\n\n\n\n<p>O abono natalino, caso seja aprovado, ser\u00e1 pago apenas no final do ano. At\u00e9 l\u00e1, os benefici\u00e1rios continuar\u00e3o a receber os valores regulares conforme o calend\u00e1rio mensal. A proposta ainda precisa superar v\u00e1rias etapas antes de se tornar realidade, mas representa uma potencial melhoria para as fam\u00edlias que dependem do Bolsa Fam\u00edlia.<\/p>\n","protected":false},"excerpt":{"rendered":"<p>O Bolsa Fam\u00edlia, um dos programas sociais mais importantes do Brasil, pode passar por uma mudan\u00e7a significativa caso um novo projeto de lei seja aprovado. A proposta, atualmente em an\u00e1lise na C\u00e2mara dos Deputados, sugere a introdu\u00e7\u00e3o de uma parcela extra no final do ano para os benefici\u00e1rios do programa. Este abono natalino, como est\u00e1 [&hellip;]<\/p>\n","protected":false},"author":7,"featured_media":19669,"comment_status":"open","ping_status":"open","sticky":false,"template":"","format":"standard","meta":{"jnews-multi-image_gallery":[],"jnews_single_post":{"format":"standard"},"jnews_primary_category":[],"jnews_social_meta":[],"jnews_override_counter":[],"footnotes":""},"categories":[28],"tags":[1548,158,720,2512],"class_list":["post-23442","post","type-post","status-publish","format-standard","has-post-thumbnail","hentry","category-economia","tag-abono-natalino","tag-brasil","tag-politicas-sociais","tag-programa-social"],"yoast_head":"<!-- This site is optimized with the Yoast SEO plugin v23.8 - https:\/\/yoast.com\/wordpress\/plugins\/seo\/ -->\n<title>Bolsa Fam\u00edlia turbinado? O que muda com a proposta da parcela extra? - Estado de Minas - Em foco<\/title>\n<meta name=\"description\" content=\"Descubra a proposta da parcela extra no Bolsa Fam\u00edlia. Veja detalhes e o que est\u00e1 em discuss\u00e3o para benefici\u00e1rios do programa.\" \/>\n<meta name=\"robots\" content=\"index, follow, max-snippet:-1, max-image-preview:large, max-video-preview:-1\" \/>\n<link rel=\"canonical\" href=\"https:\/\/www.em.com.br\/emfoco\/2025\/02\/28\/bolsa-familia-turbinado-o-que-muda-com-a-proposta-da-parcela-extra\/\" \/>\n<meta property=\"og:locale\" content=\"pt_BR\" \/>\n<meta property=\"og:type\" content=\"article\" \/>\n<meta property=\"og:title\" content=\"Bolsa Fam\u00edlia turbinado? O que muda com a proposta da parcela extra? - Estado de Minas - Em foco\" \/>\n<meta property=\"og:description\" content=\"Descubra a proposta da parcela extra no Bolsa Fam\u00edlia. Veja detalhes e o que est\u00e1 em discuss\u00e3o para benefici\u00e1rios do programa.\" \/>\n<meta property=\"og:url\" content=\"https:\/\/www.em.com.br\/emfoco\/2025\/02\/28\/bolsa-familia-turbinado-o-que-muda-com-a-proposta-da-parcela-extra\/\" \/>\n<meta property=\"og:site_name\" content=\"Estado de Minas - Em foco\" \/>\n<meta property=\"article:published_time\" content=\"2025-02-28T10:20:55+00:00\" \/>\n<meta property=\"article:modified_time\" content=\"2025-02-27T14:41:22+00:00\" \/>\n<meta property=\"og:image\" content=\"https:\/\/www.em.com.br\/emfoco\/wp-content\/uploads\/2025\/02\/auxilio_1739545252404.jpg\" \/>\n\t<meta property=\"og:image:width\" content=\"1280\" \/>\n\t<meta property=\"og:image:height\" content=\"720\" \/>\n\t<meta property=\"og:image:type\" content=\"image\/jpeg\" \/>\n<meta name=\"author\" content=\"Kelvin\" \/>\n<meta name=\"twitter:card\" content=\"summary_large_image\" \/>\n<meta name=\"twitter:label1\" content=\"Escrito por\" \/>\n\t<meta name=\"twitter:data1\" content=\"Kelvin\" \/>\n\t<meta name=\"twitter:label2\" content=\"Est. tempo de leitura\" \/>\n\t<meta name=\"twitter:data2\" content=\"4 minutos\" \/>\n<!-- \/ Yoast SEO plugin. -->","yoast_head_json":{"title":"Bolsa Fam\u00edlia turbinado? O que muda com a proposta da parcela extra? - Estado de Minas - Em foco","description":"Descubra a proposta da parcela extra no Bolsa Fam\u00edlia. Veja detalhes e o que est\u00e1 em discuss\u00e3o para benefici\u00e1rios do programa.","robots":{"index":"index","follow":"follow","max-snippet":"max-snippet:-1","max-image-preview":"max-image-preview:large","max-video-preview":"max-video-preview:-1"},"canonical":"https:\/\/www.em.com.br\/emfoco\/2025\/02\/28\/bolsa-familia-turbinado-o-que-muda-com-a-proposta-da-parcela-extra\/","og_locale":"pt_BR","og_type":"article","og_title":"Bolsa Fam\u00edlia turbinado? O que muda com a proposta da parcela extra? - Estado de Minas - Em foco","og_description":"Descubra a proposta da parcela extra no Bolsa Fam\u00edlia. Veja detalhes e o que est\u00e1 em discuss\u00e3o para benefici\u00e1rios do programa.","og_url":"https:\/\/www.em.com.br\/emfoco\/2025\/02\/28\/bolsa-familia-turbinado-o-que-muda-com-a-proposta-da-parcela-extra\/","og_site_name":"Estado de Minas - Em foco","article_published_time":"2025-02-28T10:20:55+00:00","article_modified_time":"2025-02-27T14:41:22+00:00","og_image":[{"width":1280,"height":720,"url":"https:\/\/www.em.com.br\/emfoco\/wp-content\/uploads\/2025\/02\/auxilio_1739545252404.jpg","type":"image\/jpeg"}],"author":"Kelvin","twitter_card":"summary_large_image","twitter_misc":{"Escrito por":"Kelvin","Est. tempo de leitura":"4 minutos"},"schema":{"@context":"https:\/\/schema.org","@graph":[{"@type":"WebPage","@id":"https:\/\/www.em.com.br\/emfoco\/2025\/02\/28\/bolsa-familia-turbinado-o-que-muda-com-a-proposta-da-parcela-extra\/","url":"https:\/\/www.em.com.br\/emfoco\/2025\/02\/28\/bolsa-familia-turbinado-o-que-muda-com-a-proposta-da-parcela-extra\/","name":"Bolsa Fam\u00edlia turbinado? O que muda com a proposta da parcela extra? - Estado de Minas - Em foco","isPartOf":{"@id":"https:\/\/www.em.com.br\/emfoco\/#website"},"primaryImageOfPage":{"@id":"https:\/\/www.em.com.br\/emfoco\/2025\/02\/28\/bolsa-familia-turbinado-o-que-muda-com-a-proposta-da-parcela-extra\/#primaryimage"},"image":{"@id":"https:\/\/www.em.com.br\/emfoco\/2025\/02\/28\/bolsa-familia-turbinado-o-que-muda-com-a-proposta-da-parcela-extra\/#primaryimage"},"thumbnailUrl":"https:\/\/www.em.com.br\/emfoco\/wp-content\/uploads\/2025\/02\/auxilio_1739545252404.jpg","datePublished":"2025-02-28T10:20:55+00:00","dateModified":"2025-02-27T14:41:22+00:00","author":{"@id":"https:\/\/www.em.com.br\/emfoco\/#\/schema\/person\/fb0a7f48c6fbb94b83f413a80f61917d"},"description":"Descubra a proposta da parcela extra no Bolsa Fam\u00edlia. Veja detalhes e o que est\u00e1 em discuss\u00e3o para benefici\u00e1rios do programa.","breadcrumb":{"@id":"https:\/\/www.em.com.br\/emfoco\/2025\/02\/28\/bolsa-familia-turbinado-o-que-muda-com-a-proposta-da-parcela-extra\/#breadcrumb"},"inLanguage":"pt-BR","potentialAction":[{"@type":"ReadAction","target":["https:\/\/www.em.com.br\/emfoco\/2025\/02\/28\/bolsa-familia-turbinado-o-que-muda-com-a-proposta-da-parcela-extra\/"]}]},{"@type":"ImageObject","inLanguage":"pt-BR","@id":"https:\/\/www.em.com.br\/emfoco\/2025\/02\/28\/bolsa-familia-turbinado-o-que-muda-com-a-proposta-da-parcela-extra\/#primaryimage","url":"https:\/\/www.em.com.br\/emfoco\/wp-content\/uploads\/2025\/02\/auxilio_1739545252404.jpg","contentUrl":"https:\/\/www.em.com.br\/emfoco\/wp-content\/uploads\/2025\/02\/auxilio_1739545252404.jpg","width":1280,"height":720,"caption":"Auxillio - Cr\u00e9ditos: depositphotos.com \/ rafapress"},{"@type":"BreadcrumbList","@id":"https:\/\/www.em.com.br\/emfoco\/2025\/02\/28\/bolsa-familia-turbinado-o-que-muda-com-a-proposta-da-parcela-extra\/#breadcrumb","itemListElement":[{"@type":"ListItem","position":1,"name":"In\u00edcio","item":"https:\/\/www.em.com.br\/emfoco\/"},{"@type":"ListItem","position":2,"name":"Bolsa Fam\u00edlia turbinado? O que muda com a proposta da parcela extra?"}]},{"@type":"WebSite","@id":"https:\/\/www.em.com.br\/emfoco\/#website","url":"https:\/\/www.em.com.br\/emfoco\/","name":"Estado de Minas - Em foco","description":"Acompanhe as \u00faltimas not\u00edcias e fique bem informado sobre tudo o que acontece em Minas Gerais, Brasil e no mundo.","potentialAction":[{"@type":"SearchAction","target":{"@type":"EntryPoint","urlTemplate":"https:\/\/www.em.com.br\/emfoco\/?s={search_term_string}"},"query-input":{"@type":"PropertyValueSpecification","valueRequired":true,"valueName":"search_term_string"}}],"inLanguage":"pt-BR"},{"@type":"Person","@id":"https:\/\/www.em.com.br\/emfoco\/#\/schema\/person\/fb0a7f48c6fbb94b83f413a80f61917d","name":"Kelvin","image":{"@type":"ImageObject","inLanguage":"pt-BR","@id":"https:\/\/www.em.com.br\/emfoco\/#\/schema\/person\/image\/","url":"https:\/\/secure.gravatar.com\/avatar\/e74f84337e6bf6c4c5e88fbdffa05270?s=96&d=mm&r=g","contentUrl":"https:\/\/secure.gravatar.com\/avatar\/e74f84337e6bf6c4c5e88fbdffa05270?s=96&d=mm&r=g","caption":"Kelvin"},"sameAs":["https:\/\/www.em.com.br\/emfoco"],"url":"https:\/\/www.em.com.br\/emfoco\/author\/kelvinmyth\/"}]}},"_links":{"self":[{"href":"https:\/\/www.em.com.br\/emfoco\/wp-json\/wp\/v2\/posts\/23442","targetHints":{"allow":["GET"]}}],"collection":[{"href":"https:\/\/www.em.com.br\/emfoco\/wp-json\/wp\/v2\/posts"}],"about":[{"href":"https:\/\/www.em.com.br\/emfoco\/wp-json\/wp\/v2\/types\/post"}],"author":[{"embeddable":true,"href":"https:\/\/www.em.com.br\/emfoco\/wp-json\/wp\/v2\/users\/7"}],"replies":[{"embeddable":true,"href":"https:\/\/www.em.com.br\/emfoco\/wp-json\/wp\/v2\/comments?post=23442"}],"version-history":[{"count":2,"href":"https:\/\/www.em.com.br\/emfoco\/wp-json\/wp\/v2\/posts\/23442\/revisions"}],"predecessor-version":[{"id":23446,"href":"https:\/\/www.em.com.br\/emfoco\/wp-json\/wp\/v2\/posts\/23442\/revisions\/23446"}],"wp:featuredmedia":[{"embeddable":true,"href":"https:\/\/www.em.com.br\/emfoco\/wp-json\/wp\/v2\/media\/19669"}],"wp:attachment":[{"href":"https:\/\/www.em.com.br\/emfoco\/wp-json\/wp\/v2\/media?parent=23442"}],"wp:term":[{"taxonomy":"category","embeddable":true,"href":"https:\/\/www.em.com.br\/emfoco\/wp-json\/wp\/v2\/categories?post=23442"},{"taxonomy":"post_tag","embeddable":true,"href":"https:\/\/www.em.com.br\/emfoco\/wp-json\/wp\/v2\/tags?post=23442"}],"curies":[{"name":"wp","href":"https:\/\/api.w.org\/{rel}","templated":true}]}}